{"id":22124,"date":"2021-05-05T00:41:36","date_gmt":"2021-05-04T22:41:36","guid":{"rendered":"https:\/\/www.apfelpatient.de\/?p=22124"},"modified":"2021-05-05T00:41:37","modified_gmt":"2021-05-04T22:41:37","slug":"apple-extends-standard-applecare-plans-for-apple-tv","status":"publish","type":"post","link":"https:\/\/www.apfelpatient.de\/en\/news\/apple-verlaengert-standard-applecare-plaene-fuer-apple-tv","title":{"rendered":"Apple extends standard AppleCare plans for Apple TV"},"content":{"rendered":"<p class=\"has-drop-cap\"><strong>Apple today emailed customers who purchased a standard AppleCare plan for their Apple TV devices to inform them that coverage has been extended from two years to three years.<\/strong><\/p>\n\n\n\n<p>Customers who purchased AppleCare for Apple TV will now receive a total of three years of coverage, based on the date they originally purchased the plan (via <a href=\"https:\/\/www.macrumors.com\/2021\/05\/04\/apple-extends-applecare-for-apple-tv\/\" target=\"_blank\" rel=\"noreferrer noopener\">MacRumors<\/a>). The end date of AppleCare for Apple TV will be adjusted automatically. In the emails, Apple does not specify why it is extending AppleCare plans for Apple TV.<\/p>\n\n\n\n<h3 class=\"wp-block-heading\" id=\"h-applecare-f-r-apple-tv-fortan-erh-ltlich\">AppleCare+ for Apple TV now available<\/h3>\n\n\n\n\n\n\n\n<p>But it could be related to the transition to AppleCare+ for Apple TV that Cupertino made available along with the launch of the second generation Apple TV 4K. AppleCare+ for Apple TV offers three years of protection as well as coverage for two accidental damages. However, the existing AppleCare plans that are currently being renewed do not include coverage for accidental damages. AppleCare+ for Apple TV costs 29 euros - a monthly policy is not currently available. (Image: Apple)<\/p>\n\n\n\n<ul class=\"wp-block-list\"><li><a href=\"https:\/\/www.apfelpatient.de\/en\/news\/apple-tv-gets-optional-applecare-coverage\">Apple TV gets optional AppleCare+ coverage<\/a><\/li><\/ul>\n\n\n\n<h6 class=\"wp-block-heading translation-block\" id=\"h-kennt-ihr-schon-unsere-amazon-storefront-dort-findet-ihr-eine-handverlesene-auswahl-von-diversen-produkten-f-r-euer-iphone-und-co-viel-spa-beim-st-bern\"><em>Have you already visited our Amazon Storefront? There you&#039;ll find a hand-picked selection of various products for your iPhone and other devices \u2013 <span class=\"has-inline-color has-vivid-red-color\"><a href=\"https:\/\/www.amazon.de\/shop\/apfelpatientofficial\" class=\"ek-link\" data-wpel-link=\"exclude\" rel=\"follow noopener\" target=\"_self\"><span style=\"text-decoration: underline\" class=\"ek-underline\">enjoy browsing<\/span><\/a> !<\/span><\/em><\/h6>\n\n\n\n<h6 class=\"wp-block-heading translation-block\" id=\"h-der-beitrag-enthalt-partnerlinks\">This post contains <a data-type=\"URL\" data-id=\"https:\/\/www.apfelpatient.de\/partnerprogramm\" href=\"https:\/\/www.apfelpatient.de\/en\/partner-program\" data-wpel-link=\"internal\" target=\"_self\">affiliate links<\/a>.<\/h6>","protected":false},"excerpt":{"rendered":"<p>Apple informs: Customers who have purchased AppleCare for the Apple TV now receive a total of three years of insurance coverage.<\/p>","protected":false},"author":2,"featured_media":21646,"comment_status":"closed","ping_status":"closed","sticky":false,"template":"","format":"standard","meta":{"jnews-multi-image_gallery":[],"jnews_single_post":{"subtitle":"","format":"standard","video":"","gallery":"","source_name":"","source_url":"","via_name":"","via_url":"","override":[{"single_blog_custom":"","sidebar":"","second_sidebar":"","share_position":"","share_float_style":"","post_date_format":"","post_date_format_custom":"","post_reading_time_wpm":"","zoom_button_out_step":"1","zoom_button_in_step":"1","number_popup_post":"1"}],"image_override":[{"single_post_thumbnail_size":"","single_post_gallery_size":""}],"trending_post_position":"","trending_post_label":"","sponsored_post_label":"","sponsored_post_name":"","sponsored_post_url":"","sponsored_post_logo":"","sponsored_post_desc":""},"jnews_primary_category":{"id":"9"},"footnotes":""},"categories":[9],"tags":[156],"class_list":["post-22124","post","type-post","status-publish","format-standard","has-post-thumbnail","hentry","category-news","tag-apple-tv"],"yoast_head":"<!-- This site is optimized with the Yoast SEO Premium plugin v27.5 (Yoast SEO v27.5) - https:\/\/yoast.com\/product\/yoast-seo-premium-wordpress\/ -->\n<title>Apple verl\u00e4ngert Standard AppleCare-Pl\u00e4ne f\u00fcr Apple TV Apfelpatient<\/title>\n<meta name=\"description\" content=\"Apple informiert: Kunden, die AppleCare f\u00fcr den Apple TV erworben haben, erhalten nun insgesamt drei Jahre Versicherungsschutz.\" \/>\n<meta name=\"robots\" content=\"index, follow, max-snippet:-1, max-image-preview:large, max-video-preview:-1\" \/>\n<link rel=\"canonical\" href=\"https:\/\/www.apfelpatient.de\/en\/news\/apple-extends-standard-applecare-plans-for-apple-tv\" \/>\n<meta property=\"og:locale\" content=\"en_US\" \/>\n<meta property=\"og:type\" content=\"article\" \/>\n<meta property=\"og:title\" content=\"Apple verl\u00e4ngert Standard AppleCare-Pl\u00e4ne f\u00fcr Apple TV\" \/>\n<meta property=\"og:description\" content=\"Apple informiert: Kunden, die AppleCare f\u00fcr den Apple TV erworben haben, erhalten nun insgesamt drei Jahre Versicherungsschutz.\" \/>\n<meta property=\"og:url\" content=\"https:\/\/www.apfelpatient.de\/en\/news\/apple-extends-standard-applecare-plans-for-apple-tv\" \/>\n<meta property=\"og:site_name\" content=\"Apfelpatient\" \/>\n<meta property=\"article:publisher\" content=\"https:\/\/www.facebook.com\/apfelpatientOfficial\" \/>\n<meta property=\"article:author\" content=\"https:\/\/www.facebook.com\/apfelpatientOfficial\" \/>\n<meta property=\"article:published_time\" content=\"2021-05-04T22:41:36+00:00\" \/>\n<meta property=\"article:modified_time\" content=\"2021-05-04T22:41:37+00:00\" \/>\n<meta property=\"og:image\" content=\"https:\/\/www.apfelpatient.de\/wp-content\/uploads\/2021\/04\/Apple_unveils-the-next-gen-of-AppleTV4K_042021-1.jpg\" \/>\n\t<meta property=\"og:image:width\" content=\"1960\" \/>\n\t<meta property=\"og:image:height\" content=\"1102\" \/>\n\t<meta property=\"og:image:type\" content=\"image\/jpeg\" \/>\n<meta name=\"author\" content=\"Milan\" \/>\n<meta name=\"twitter:card\" content=\"summary_large_image\" \/>\n<meta name=\"twitter:description\" content=\"Apple informiert: Kunden, die AppleCare f\u00fcr den Apple TV erworben haben, erhalten nun insgesamt drei Jahre Versicherungsschutz.\" \/>\n<meta name=\"twitter:label1\" content=\"Written by\" \/>\n\t<meta name=\"twitter:data1\" content=\"Milan\" \/>\n\t<meta name=\"twitter:label2\" content=\"Est. reading time\" \/>\n\t<meta name=\"twitter:data2\" content=\"1 minute\" \/>\n<script type=\"application\/ld+json\" class=\"yoast-schema-graph\">{\"@context\":\"https:\\\/\\\/schema.org\",\"@graph\":[{\"@type\":\"NewsArticle\",\"@id\":\"https:\\\/\\\/www.apfelpatient.de\\\/news\\\/apple-verlaengert-standard-applecare-plaene-fuer-apple-tv#article\",\"isPartOf\":{\"@id\":\"https:\\\/\\\/www.apfelpatient.de\\\/news\\\/apple-verlaengert-standard-applecare-plaene-fuer-apple-tv\"},\"author\":{\"@type\":\"Organization\",\"@id\":\"https:\\\/\\\/www.apfelpatient.de\\\/en\\\/#organization\",\"name\":\"Apfelpatient\",\"url\":\"https:\\\/\\\/www.apfelpatient.de\\\/en\\\/\"},\"headline\":\"Apple verl\u00e4ngert Standard AppleCare-Pl\u00e4ne f\u00fcr Apple TV\",\"datePublished\":\"2021-05-04T22:41:36+00:00\",\"dateModified\":\"2021-05-04T22:41:37+00:00\",\"mainEntityOfPage\":{\"@id\":\"https:\\\/\\\/www.apfelpatient.de\\\/news\\\/apple-verlaengert-standard-applecare-plaene-fuer-apple-tv\"},\"wordCount\":207,\"publisher\":{\"@type\":\"Organization\",\"@id\":\"https:\\\/\\\/www.apfelpatient.de\\\/en\\\/#organization\",\"name\":\"Apfelpatient\",\"url\":\"https:\\\/\\\/www.apfelpatient.de\\\/en\\\/\"},\"image\":{\"@id\":\"https:\\\/\\\/www.apfelpatient.de\\\/news\\\/apple-verlaengert-standard-applecare-plaene-fuer-apple-tv#primaryimage\"},\"thumbnailUrl\":\"https:\\\/\\\/www.apfelpatient.de\\\/wp-content\\\/uploads\\\/2021\\\/04\\\/Apple_unveils-the-next-gen-of-AppleTV4K_042021-1.jpg\",\"keywords\":[\"Apple TV\"],\"articleSection\":\"News\",\"inLanguage\":\"en-US\",\"copyrightYear\":\"2021\",\"copyrightHolder\":{\"@id\":\"https:\\\/\\\/www.apfelpatient.de\\\/en\\\/#organization\"}},{\"@type\":\"WebPage\",\"@id\":\"https:\\\/\\\/www.apfelpatient.de\\\/news\\\/apple-verlaengert-standard-applecare-plaene-fuer-apple-tv\",\"url\":\"https:\\\/\\\/www.apfelpatient.de\\\/news\\\/apple-verlaengert-standard-applecare-plaene-fuer-apple-tv\",\"name\":\"Apple verl\u00e4ngert Standard AppleCare-Pl\u00e4ne f\u00fcr Apple TV Apfelpatient\",\"isPartOf\":{\"@id\":\"https:\\\/\\\/www.apfelpatient.de\\\/#website\"},\"primaryImageOfPage\":{\"@id\":\"https:\\\/\\\/www.apfelpatient.de\\\/news\\\/apple-verlaengert-standard-applecare-plaene-fuer-apple-tv#primaryimage\"},\"image\":{\"@id\":\"https:\\\/\\\/www.apfelpatient.de\\\/news\\\/apple-verlaengert-standard-applecare-plaene-fuer-apple-tv#primaryimage\"},\"thumbnailUrl\":\"https:\\\/\\\/www.apfelpatient.de\\\/wp-content\\\/uploads\\\/2021\\\/04\\\/Apple_unveils-the-next-gen-of-AppleTV4K_042021-1.jpg\",\"datePublished\":\"2021-05-04T22:41:36+00:00\",\"dateModified\":\"2021-05-04T22:41:37+00:00\",\"description\":\"Apple informiert: Kunden, die AppleCare f\u00fcr den Apple TV erworben haben, erhalten nun insgesamt drei Jahre Versicherungsschutz.\",\"breadcrumb\":{\"@id\":\"https:\\\/\\\/www.apfelpatient.de\\\/news\\\/apple-verlaengert-standard-applecare-plaene-fuer-apple-tv#breadcrumb\"},\"inLanguage\":\"en-US\",\"potentialAction\":[{\"@type\":\"ReadAction\",\"target\":[\"https:\\\/\\\/www.apfelpatient.de\\\/news\\\/apple-verlaengert-standard-applecare-plaene-fuer-apple-tv\"]}]},{\"@type\":\"ImageObject\",\"inLanguage\":\"en-US\",\"@id\":\"https:\\\/\\\/www.apfelpatient.de\\\/news\\\/apple-verlaengert-standard-applecare-plaene-fuer-apple-tv#primaryimage\",\"url\":\"https:\\\/\\\/www.apfelpatient.de\\\/wp-content\\\/uploads\\\/2021\\\/04\\\/Apple_unveils-the-next-gen-of-AppleTV4K_042021-1.jpg\",\"contentUrl\":\"https:\\\/\\\/www.apfelpatient.de\\\/wp-content\\\/uploads\\\/2021\\\/04\\\/Apple_unveils-the-next-gen-of-AppleTV4K_042021-1.jpg\",\"width\":1960,\"height\":1102,\"caption\":\"Bild: Apple\"},{\"@type\":\"BreadcrumbList\",\"@id\":\"https:\\\/\\\/www.apfelpatient.de\\\/news\\\/apple-verlaengert-standard-applecare-plaene-fuer-apple-tv#breadcrumb\",\"itemListElement\":[{\"@type\":\"ListItem\",\"position\":1,\"name\":\"Startseite\",\"item\":\"https:\\\/\\\/www.apfelpatient.de\\\/\"},{\"@type\":\"ListItem\",\"position\":2,\"name\":\"Apple verl\u00e4ngert Standard AppleCare-Pl\u00e4ne f\u00fcr Apple TV\"}]},{\"@type\":\"WebSite\",\"@id\":\"https:\\\/\\\/www.apfelpatient.de\\\/#website\",\"url\":\"https:\\\/\\\/www.apfelpatient.de\\\/\",\"name\":\"Apfelpatient\",\"description\":\"Alles rund um Apple!\",\"publisher\":{\"@type\":\"Organization\",\"@id\":\"https:\\\/\\\/www.apfelpatient.de\\\/en\\\/#organization\",\"name\":\"Apfelpatient\",\"url\":\"https:\\\/\\\/www.apfelpatient.de\\\/en\\\/\"},\"alternateName\":\"Apfelpatient\",\"potentialAction\":[{\"@type\":\"SearchAction\",\"target\":{\"@type\":\"EntryPoint\",\"urlTemplate\":\"https:\\\/\\\/www.apfelpatient.de\\\/?s={search_term_string}\"},\"query-input\":{\"@type\":\"PropertyValueSpecification\",\"valueRequired\":true,\"valueName\":\"search_term_string\"}}],\"inLanguage\":\"en-US\"},{\"@type\":[\"Person\",\"Organization\"],\"@id\":\"https:\\\/\\\/www.apfelpatient.de\\\/#\\\/schema\\\/person\\\/7dc56ad6c8e9824b76d2c08d4c140e13\",\"name\":\"Milan\",\"logo\":{\"@id\":\"https:\\\/\\\/www.apfelpatient.de\\\/#\\\/schema\\\/person\\\/image\\\/\"},\"description\":\"Hallo und herzlich willkommen auf meinem Technik-Blog! Als gro\u00dfer Apple-Fan berichte ich hier \u00fcber alles, was mit Apple zu tun hat: von den neuesten News und spannenden Ger\u00fcchten \u00fcber hilfreiche Tipps und Tricks bis hin zu ausf\u00fchrlichen Produkttests. Wenn du genauso technikbegeistert bist wie ich, bist du hier genau richtig!\",\"sameAs\":[\"https:\\\/\\\/www.facebook.com\\\/apfelpatientOfficial\",\"https:\\\/\\\/www.linkedin.com\\\/in\\\/milan-jovicic-42aa0231b\"],\"url\":\"https:\\\/\\\/www.apfelpatient.de\\\/en\\\/author\\\/apfeladmin\"}]}<\/script>\n<!-- \/ Yoast SEO Premium plugin. -->","yoast_head_json":{"title":"Apple extends standard AppleCare plans for Apple TV Apfelpatient","description":"Apple informs: Customers who have purchased AppleCare for the Apple TV now receive a total of three years of insurance coverage.","robots":{"index":"index","follow":"follow","max-snippet":"max-snippet:-1","max-image-preview":"max-image-preview:large","max-video-preview":"max-video-preview:-1"},"canonical":"https:\/\/www.apfelpatient.de\/en\/news\/apple-extends-standard-applecare-plans-for-apple-tv","og_locale":"en_US","og_type":"article","og_title":"Apple verl\u00e4ngert Standard AppleCare-Pl\u00e4ne f\u00fcr Apple TV","og_description":"Apple informiert: Kunden, die AppleCare f\u00fcr den Apple TV erworben haben, erhalten nun insgesamt drei Jahre Versicherungsschutz.","og_url":"https:\/\/www.apfelpatient.de\/en\/news\/apple-extends-standard-applecare-plans-for-apple-tv","og_site_name":"Apfelpatient","article_publisher":"https:\/\/www.facebook.com\/apfelpatientOfficial","article_author":"https:\/\/www.facebook.com\/apfelpatientOfficial","article_published_time":"2021-05-04T22:41:36+00:00","article_modified_time":"2021-05-04T22:41:37+00:00","og_image":[{"width":1960,"height":1102,"url":"https:\/\/www.apfelpatient.de\/wp-content\/uploads\/2021\/04\/Apple_unveils-the-next-gen-of-AppleTV4K_042021-1.jpg","type":"image\/jpeg"}],"author":"Milan","twitter_card":"summary_large_image","twitter_description":"Apple informiert: Kunden, die AppleCare f\u00fcr den Apple TV erworben haben, erhalten nun insgesamt drei Jahre Versicherungsschutz.","twitter_misc":{"Written by":"Milan","Est. reading time":"1 minute"},"schema":{"@context":"https:\/\/schema.org","@graph":[{"@type":"NewsArticle","@id":"https:\/\/www.apfelpatient.de\/news\/apple-verlaengert-standard-applecare-plaene-fuer-apple-tv#article","isPartOf":{"@id":"https:\/\/www.apfelpatient.de\/news\/apple-verlaengert-standard-applecare-plaene-fuer-apple-tv"},"author":{"@type":"Organization","@id":"https:\/\/www.apfelpatient.de\/en\/#organization","name":"Apfelpatient","url":"https:\/\/www.apfelpatient.de\/en\/"},"headline":"Apple verl\u00e4ngert Standard AppleCare-Pl\u00e4ne f\u00fcr Apple TV","datePublished":"2021-05-04T22:41:36+00:00","dateModified":"2021-05-04T22:41:37+00:00","mainEntityOfPage":{"@id":"https:\/\/www.apfelpatient.de\/news\/apple-verlaengert-standard-applecare-plaene-fuer-apple-tv"},"wordCount":207,"publisher":{"@type":"Organization","@id":"https:\/\/www.apfelpatient.de\/en\/#organization","name":"Apfelpatient","url":"https:\/\/www.apfelpatient.de\/en\/"},"image":{"@id":"https:\/\/www.apfelpatient.de\/news\/apple-verlaengert-standard-applecare-plaene-fuer-apple-tv#primaryimage"},"thumbnailUrl":"https:\/\/www.apfelpatient.de\/wp-content\/uploads\/2021\/04\/Apple_unveils-the-next-gen-of-AppleTV4K_042021-1.jpg","keywords":["Apple TV"],"articleSection":"News","inLanguage":"en-US","copyrightYear":"2021","copyrightHolder":{"@id":"https:\/\/www.apfelpatient.de\/en\/#organization"}},{"@type":"WebPage","@id":"https:\/\/www.apfelpatient.de\/news\/apple-verlaengert-standard-applecare-plaene-fuer-apple-tv","url":"https:\/\/www.apfelpatient.de\/news\/apple-verlaengert-standard-applecare-plaene-fuer-apple-tv","name":"Apple extends standard AppleCare plans for Apple TV Apfelpatient","isPartOf":{"@id":"https:\/\/www.apfelpatient.de\/#website"},"primaryImageOfPage":{"@id":"https:\/\/www.apfelpatient.de\/news\/apple-verlaengert-standard-applecare-plaene-fuer-apple-tv#primaryimage"},"image":{"@id":"https:\/\/www.apfelpatient.de\/news\/apple-verlaengert-standard-applecare-plaene-fuer-apple-tv#primaryimage"},"thumbnailUrl":"https:\/\/www.apfelpatient.de\/wp-content\/uploads\/2021\/04\/Apple_unveils-the-next-gen-of-AppleTV4K_042021-1.jpg","datePublished":"2021-05-04T22:41:36+00:00","dateModified":"2021-05-04T22:41:37+00:00","description":"Apple informs: Customers who have purchased AppleCare for the Apple TV now receive a total of three years of insurance coverage.","breadcrumb":{"@id":"https:\/\/www.apfelpatient.de\/news\/apple-verlaengert-standard-applecare-plaene-fuer-apple-tv#breadcrumb"},"inLanguage":"en-US","potentialAction":[{"@type":"ReadAction","target":["https:\/\/www.apfelpatient.de\/news\/apple-verlaengert-standard-applecare-plaene-fuer-apple-tv"]}]},{"@type":"ImageObject","inLanguage":"en-US","@id":"https:\/\/www.apfelpatient.de\/news\/apple-verlaengert-standard-applecare-plaene-fuer-apple-tv#primaryimage","url":"https:\/\/www.apfelpatient.de\/wp-content\/uploads\/2021\/04\/Apple_unveils-the-next-gen-of-AppleTV4K_042021-1.jpg","contentUrl":"https:\/\/www.apfelpatient.de\/wp-content\/uploads\/2021\/04\/Apple_unveils-the-next-gen-of-AppleTV4K_042021-1.jpg","width":1960,"height":1102,"caption":"Bild: Apple"},{"@type":"BreadcrumbList","@id":"https:\/\/www.apfelpatient.de\/news\/apple-verlaengert-standard-applecare-plaene-fuer-apple-tv#breadcrumb","itemListElement":[{"@type":"ListItem","position":1,"name":"Startseite","item":"https:\/\/www.apfelpatient.de\/"},{"@type":"ListItem","position":2,"name":"Apple verl\u00e4ngert Standard AppleCare-Pl\u00e4ne f\u00fcr Apple TV"}]},{"@type":"WebSite","@id":"https:\/\/www.apfelpatient.de\/#website","url":"https:\/\/www.apfelpatient.de\/","name":"apple patient","description":"Everything about Apple!","publisher":{"@type":"Organization","@id":"https:\/\/www.apfelpatient.de\/en\/#organization","name":"Apfelpatient","url":"https:\/\/www.apfelpatient.de\/en\/"},"alternateName":"Apfelpatient","potentialAction":[{"@type":"SearchAction","target":{"@type":"EntryPoint","urlTemplate":"https:\/\/www.apfelpatient.de\/?s={search_term_string}"},"query-input":{"@type":"PropertyValueSpecification","valueRequired":true,"valueName":"search_term_string"}}],"inLanguage":"en-US"},{"@type":["Person","Organization"],"@id":"https:\/\/www.apfelpatient.de\/#\/schema\/person\/7dc56ad6c8e9824b76d2c08d4c140e13","name":"Milan","logo":{"@id":"https:\/\/www.apfelpatient.de\/#\/schema\/person\/image\/"},"description":"Hello and welcome to my technology blog! As a big Apple fan, I report on everything to do with Apple: from the latest news and exciting rumors to helpful tips and tricks and detailed product tests. If you are as enthusiastic about technology as I am, you have come to the right place!","sameAs":["https:\/\/www.facebook.com\/apfelpatientOfficial","https:\/\/www.linkedin.com\/in\/milan-jovicic-42aa0231b"],"url":"https:\/\/www.apfelpatient.de\/en\/author\/apfeladmin"}]}},"_links":{"self":[{"href":"https:\/\/www.apfelpatient.de\/en\/wp-json\/wp\/v2\/posts\/22124","targetHints":{"allow":["GET"]}}],"collection":[{"href":"https:\/\/www.apfelpatient.de\/en\/wp-json\/wp\/v2\/posts"}],"about":[{"href":"https:\/\/www.apfelpatient.de\/en\/wp-json\/wp\/v2\/types\/post"}],"author":[{"embeddable":true,"href":"https:\/\/www.apfelpatient.de\/en\/wp-json\/wp\/v2\/users\/2"}],"replies":[{"embeddable":true,"href":"https:\/\/www.apfelpatient.de\/en\/wp-json\/wp\/v2\/comments?post=22124"}],"version-history":[{"count":0,"href":"https:\/\/www.apfelpatient.de\/en\/wp-json\/wp\/v2\/posts\/22124\/revisions"}],"wp:featuredmedia":[{"embeddable":true,"href":"https:\/\/www.apfelpatient.de\/en\/wp-json\/wp\/v2\/media\/21646"}],"wp:attachment":[{"href":"https:\/\/www.apfelpatient.de\/en\/wp-json\/wp\/v2\/media?parent=22124"}],"wp:term":[{"taxonomy":"category","embeddable":true,"href":"https:\/\/www.apfelpatient.de\/en\/wp-json\/wp\/v2\/categories?post=22124"},{"taxonomy":"post_tag","embeddable":true,"href":"https:\/\/www.apfelpatient.de\/en\/wp-json\/wp\/v2\/tags?post=22124"}],"curies":[{"name":"wp","href":"https:\/\/api.w.org\/{rel}","templated":true}]}}