{"id":22066,"date":"2021-05-03T18:25:11","date_gmt":"2021-05-03T16:25:11","guid":{"rendered":"https:\/\/www.apfelpatient.de\/?p=22066"},"modified":"2021-05-03T18:25:13","modified_gmt":"2021-05-03T16:25:13","slug":"macbook-pro-2021-mini-led-production-to-improve","status":"publish","type":"post","link":"https:\/\/www.apfelpatient.de\/en\/rumors\/macbook-pro-2021-mini-led-produktion-soll-sich-verbessern","title":{"rendered":"MacBook Pro 2021: Mini-LED production to improve"},"content":{"rendered":"<p class=\"has-drop-cap\"><strong>Apple supplier TSMT, which is heavily involved in the production of the mini-LED displays in the newly announced 12.9-inch iPad Pro, has overcome the technical challenges of producing the mini-LED displays to be used in the upcoming, redesigned 14- and 16-inch MacBook Pro models.<\/strong><\/p>\n\n\n\n<p>Like DigiTimes <a href=\"https:\/\/www.digitimes.com\/news\/a20210503PD203.html\" target=\"_blank\" rel=\"noreferrer noopener\">reported<\/a>, TSMT initially struggled with production limitations in the circuit board and adhesive materials of the mini-LED displays for the upcoming MacBook Pro models. However, after TSMT adapted its techniques, the production yield was increased to over 95%.<\/p>\n\n\n\n<blockquote class=\"wp-block-quote is-layout-flow wp-block-quote-is-layout-flow\"><p>TSMT is the exclusive SMT service provider for the MiniLED backlight of the recently launched 12.9-inch iPad Pro and is expected to do the same for the two upcoming MacBook models with MiniLED backlights. Due to issues with PCBs and adhesive materials, TSMT&#039;s surface mount yield for MiniLED backlights was originally not high enough, the sources said. After changing the PCB and adhesive supplier, TSMT has increased the yield to over 95% currently.<\/p><\/blockquote>\n\n\n\n<h3 class=\"wp-block-heading\" id=\"h-macbook-pro-2021-neues-design-mehr-anschl-sse-keine-touch-bar\">MacBook Pro 2021: New design, more ports, no Touch Bar<\/h3>\n\n\n\n\n\n\n\n<p>The redesigned 14- and 16-inch MacBook Pro models are expected to feature next-generation Apple silicon chips, remove the Touch Bar, return the magnetic MagSafe power cable, and feature an overall new design with an HDMI port and SD card slot. Excitement around these new MacBook Pro models, which will target high-end professional customers, has been building since the M1 chip was unveiled in November. The next chip, possibly bearing the M1X or M2 branding, is expected to feature significantly faster performance and greatly improved power efficiency. (Photo by Yurolaitsalbert \/ Bigstockphoto)<\/p>\n\n\n\n<ul class=\"wp-block-list\"><li><a href=\"https:\/\/www.apfelpatient.de\/en\/rumors\/new-macbooks-apple-m2-chip-goes-into-mass-production\">New MacBooks: Apple M2 chip goes into mass production<\/a><\/li><\/ul>\n\n\n\n<h6 class=\"wp-block-heading translation-block\" id=\"h-kennt-ihr-schon-unsere-amazon-storefront-dort-findet-ihr-eine-handverlesene-auswahl-von-diversen-produkten-f-r-euer-iphone-und-co-viel-spa-beim-st-bern\"><em>Have you already visited our Amazon Storefront? There you&#039;ll find a hand-picked selection of various products for your iPhone and other devices \u2013 <span class=\"has-inline-color has-vivid-red-color\"><a href=\"https:\/\/www.amazon.de\/shop\/apfelpatientofficial\" class=\"ek-link\" data-wpel-link=\"exclude\" rel=\"follow noopener\" target=\"_self\"><span style=\"text-decoration: underline\" class=\"ek-underline\">enjoy browsing<\/span><\/a> !<\/span><\/em><\/h6>\n\n\n\n<h6 class=\"wp-block-heading translation-block\" id=\"h-der-beitrag-enthalt-partnerlinks\">This post contains <a data-type=\"URL\" data-id=\"https:\/\/www.apfelpatient.de\/partnerprogramm\" href=\"https:\/\/www.apfelpatient.de\/en\/partner-program\" data-wpel-link=\"internal\" target=\"_self\">affiliate links<\/a>.<\/h6>","protected":false},"excerpt":{"rendered":"<p>TSMT initially struggled with production limitations of the mini-LED displays for the upcoming MacBook Pro models.<\/p>","protected":false},"author":2,"featured_media":22067,"comment_status":"closed","ping_status":"closed","sticky":false,"template":"","format":"standard","meta":{"jnews-multi-image_gallery":[],"jnews_single_post":{"subtitle":"","format":"standard","video":"","gallery":"","source_name":"","source_url":"","via_name":"","via_url":"","override":[{"single_blog_custom":"","sidebar":"","second_sidebar":"","share_position":"","share_float_style":"","post_date_format":"","post_date_format_custom":"","post_reading_time_wpm":"","zoom_button_out_step":"1","zoom_button_in_step":"1","number_popup_post":"1"}],"image_override":[{"single_post_thumbnail_size":"","single_post_gallery_size":""}],"trending_post_position":"","trending_post_label":"","sponsored_post_label":"","sponsored_post_name":"","sponsored_post_url":"","sponsored_post_logo":"","sponsored_post_desc":""},"jnews_primary_category":{"id":"25"},"footnotes":""},"categories":[25],"tags":[40],"class_list":["post-22066","post","type-post","status-publish","format-standard","has-post-thumbnail","hentry","category-rumors","tag-mac"],"yoast_head":"<!-- This site is optimized with the Yoast SEO Premium plugin v27.5 (Yoast SEO v27.5) - https:\/\/yoast.com\/product\/yoast-seo-premium-wordpress\/ -->\n<title>MacBook Pro 2021: Mini-LED-Produktion soll sich verbessern<\/title>\n<meta name=\"description\" content=\"TSMT hatte anfangs mit Produktionseinschr\u00e4nkungen der Mini-LED-Displays f\u00fcr die kommenden MacBook Pro Modelle zu k\u00e4mpfen.\" \/>\n<meta name=\"robots\" content=\"index, follow, max-snippet:-1, max-image-preview:large, max-video-preview:-1\" \/>\n<link rel=\"canonical\" href=\"https:\/\/www.apfelpatient.de\/en\/rumors\/macbook-pro-2021-mini-led-production-to-improve\" \/>\n<meta property=\"og:locale\" content=\"en_US\" \/>\n<meta property=\"og:type\" content=\"article\" \/>\n<meta property=\"og:title\" content=\"MacBook Pro 2021: Mini-LED-Produktion soll sich verbessern\" \/>\n<meta property=\"og:description\" content=\"TSMT hatte anfangs mit Produktionseinschr\u00e4nkungen der Mini-LED-Displays f\u00fcr die kommenden MacBook Pro Modelle zu k\u00e4mpfen.\" \/>\n<meta property=\"og:url\" content=\"https:\/\/www.apfelpatient.de\/en\/rumors\/macbook-pro-2021-mini-led-production-to-improve\" \/>\n<meta property=\"og:site_name\" content=\"Apfelpatient\" \/>\n<meta property=\"article:publisher\" content=\"https:\/\/www.facebook.com\/apfelpatientOfficial\" \/>\n<meta property=\"article:author\" content=\"https:\/\/www.facebook.com\/apfelpatientOfficial\" \/>\n<meta property=\"article:published_time\" content=\"2021-05-03T16:25:11+00:00\" \/>\n<meta property=\"article:modified_time\" content=\"2021-05-03T16:25:13+00:00\" \/>\n<meta property=\"og:image\" content=\"https:\/\/www.apfelpatient.de\/wp-content\/uploads\/2021\/05\/bigstock-Belarus-Minsk-July-398742719.jpg\" \/>\n\t<meta property=\"og:image:width\" content=\"1600\" \/>\n\t<meta property=\"og:image:height\" content=\"1067\" \/>\n\t<meta property=\"og:image:type\" content=\"image\/jpeg\" \/>\n<meta name=\"author\" content=\"Milan\" \/>\n<meta name=\"twitter:card\" content=\"summary_large_image\" \/>\n<meta name=\"twitter:description\" content=\"TSMT hatte anfangs mit Produktionseinschr\u00e4nkungen der Mini-LED-Displays f\u00fcr die kommenden MacBook Pro Modelle zu k\u00e4mpfen.\" \/>\n<meta name=\"twitter:label1\" content=\"Written by\" \/>\n\t<meta name=\"twitter:data1\" content=\"Milan\" \/>\n\t<meta name=\"twitter:label2\" content=\"Est. reading time\" \/>\n\t<meta name=\"twitter:data2\" content=\"2 minutes\" \/>\n<script type=\"application\/ld+json\" class=\"yoast-schema-graph\">{\"@context\":\"https:\\\/\\\/schema.org\",\"@graph\":[{\"@type\":\"NewsArticle\",\"@id\":\"https:\\\/\\\/www.apfelpatient.de\\\/rumors\\\/macbook-pro-2021-mini-led-produktion-soll-sich-verbessern#article\",\"isPartOf\":{\"@id\":\"https:\\\/\\\/www.apfelpatient.de\\\/rumors\\\/macbook-pro-2021-mini-led-produktion-soll-sich-verbessern\"},\"author\":{\"@type\":\"Organization\",\"@id\":\"https:\\\/\\\/www.apfelpatient.de\\\/en\\\/#organization\",\"name\":\"Apfelpatient\",\"url\":\"https:\\\/\\\/www.apfelpatient.de\\\/en\\\/\"},\"headline\":\"MacBook Pro 2021: Mini-LED-Produktion soll sich verbessern\",\"datePublished\":\"2021-05-03T16:25:11+00:00\",\"dateModified\":\"2021-05-03T16:25:13+00:00\",\"mainEntityOfPage\":{\"@id\":\"https:\\\/\\\/www.apfelpatient.de\\\/rumors\\\/macbook-pro-2021-mini-led-produktion-soll-sich-verbessern\"},\"wordCount\":293,\"publisher\":{\"@type\":\"Organization\",\"@id\":\"https:\\\/\\\/www.apfelpatient.de\\\/en\\\/#organization\",\"name\":\"Apfelpatient\",\"url\":\"https:\\\/\\\/www.apfelpatient.de\\\/en\\\/\"},\"image\":{\"@id\":\"https:\\\/\\\/www.apfelpatient.de\\\/rumors\\\/macbook-pro-2021-mini-led-produktion-soll-sich-verbessern#primaryimage\"},\"thumbnailUrl\":\"https:\\\/\\\/www.apfelpatient.de\\\/wp-content\\\/uploads\\\/2021\\\/05\\\/bigstock-Belarus-Minsk-July-398742719.jpg\",\"keywords\":[\"Mac\"],\"articleSection\":\"Rumors\",\"inLanguage\":\"en-US\",\"copyrightYear\":\"2021\",\"copyrightHolder\":{\"@id\":\"https:\\\/\\\/www.apfelpatient.de\\\/en\\\/#organization\"}},{\"@type\":\"WebPage\",\"@id\":\"https:\\\/\\\/www.apfelpatient.de\\\/rumors\\\/macbook-pro-2021-mini-led-produktion-soll-sich-verbessern\",\"url\":\"https:\\\/\\\/www.apfelpatient.de\\\/rumors\\\/macbook-pro-2021-mini-led-produktion-soll-sich-verbessern\",\"name\":\"MacBook Pro 2021: Mini-LED-Produktion soll sich verbessern\",\"isPartOf\":{\"@id\":\"https:\\\/\\\/www.apfelpatient.de\\\/#website\"},\"primaryImageOfPage\":{\"@id\":\"https:\\\/\\\/www.apfelpatient.de\\\/rumors\\\/macbook-pro-2021-mini-led-produktion-soll-sich-verbessern#primaryimage\"},\"image\":{\"@id\":\"https:\\\/\\\/www.apfelpatient.de\\\/rumors\\\/macbook-pro-2021-mini-led-produktion-soll-sich-verbessern#primaryimage\"},\"thumbnailUrl\":\"https:\\\/\\\/www.apfelpatient.de\\\/wp-content\\\/uploads\\\/2021\\\/05\\\/bigstock-Belarus-Minsk-July-398742719.jpg\",\"datePublished\":\"2021-05-03T16:25:11+00:00\",\"dateModified\":\"2021-05-03T16:25:13+00:00\",\"description\":\"TSMT hatte anfangs mit Produktionseinschr\u00e4nkungen der Mini-LED-Displays f\u00fcr die kommenden MacBook Pro Modelle zu k\u00e4mpfen.\",\"breadcrumb\":{\"@id\":\"https:\\\/\\\/www.apfelpatient.de\\\/rumors\\\/macbook-pro-2021-mini-led-produktion-soll-sich-verbessern#breadcrumb\"},\"inLanguage\":\"en-US\",\"potentialAction\":[{\"@type\":\"ReadAction\",\"target\":[\"https:\\\/\\\/www.apfelpatient.de\\\/rumors\\\/macbook-pro-2021-mini-led-produktion-soll-sich-verbessern\"]}]},{\"@type\":\"ImageObject\",\"inLanguage\":\"en-US\",\"@id\":\"https:\\\/\\\/www.apfelpatient.de\\\/rumors\\\/macbook-pro-2021-mini-led-produktion-soll-sich-verbessern#primaryimage\",\"url\":\"https:\\\/\\\/www.apfelpatient.de\\\/wp-content\\\/uploads\\\/2021\\\/05\\\/bigstock-Belarus-Minsk-July-398742719.jpg\",\"contentUrl\":\"https:\\\/\\\/www.apfelpatient.de\\\/wp-content\\\/uploads\\\/2021\\\/05\\\/bigstock-Belarus-Minsk-July-398742719.jpg\",\"width\":1600,\"height\":1067,\"caption\":\"Belarus, Minsk - July 13, 2020: Apple Inc. product design Space gray Macbook Pro. Photo with a copy-space.\"},{\"@type\":\"BreadcrumbList\",\"@id\":\"https:\\\/\\\/www.apfelpatient.de\\\/rumors\\\/macbook-pro-2021-mini-led-produktion-soll-sich-verbessern#breadcrumb\",\"itemListElement\":[{\"@type\":\"ListItem\",\"position\":1,\"name\":\"Startseite\",\"item\":\"https:\\\/\\\/www.apfelpatient.de\\\/\"},{\"@type\":\"ListItem\",\"position\":2,\"name\":\"MacBook Pro 2021: Mini-LED-Produktion soll sich verbessern\"}]},{\"@type\":\"WebSite\",\"@id\":\"https:\\\/\\\/www.apfelpatient.de\\\/#website\",\"url\":\"https:\\\/\\\/www.apfelpatient.de\\\/\",\"name\":\"Apfelpatient\",\"description\":\"Alles rund um Apple!\",\"publisher\":{\"@type\":\"Organization\",\"@id\":\"https:\\\/\\\/www.apfelpatient.de\\\/en\\\/#organization\",\"name\":\"Apfelpatient\",\"url\":\"https:\\\/\\\/www.apfelpatient.de\\\/en\\\/\"},\"alternateName\":\"Apfelpatient\",\"potentialAction\":[{\"@type\":\"SearchAction\",\"target\":{\"@type\":\"EntryPoint\",\"urlTemplate\":\"https:\\\/\\\/www.apfelpatient.de\\\/?s={search_term_string}\"},\"query-input\":{\"@type\":\"PropertyValueSpecification\",\"valueRequired\":true,\"valueName\":\"search_term_string\"}}],\"inLanguage\":\"en-US\"},{\"@type\":[\"Person\",\"Organization\"],\"@id\":\"https:\\\/\\\/www.apfelpatient.de\\\/#\\\/schema\\\/person\\\/35b3ddba5832f2bfc7fff5206d4f6b7b\",\"name\":\"Milan\",\"logo\":{\"@id\":\"https:\\\/\\\/www.apfelpatient.de\\\/#\\\/schema\\\/person\\\/image\\\/\"},\"description\":\"Hallo und herzlich willkommen auf meinem Technik-Blog! Als gro\u00dfer Apple-Fan berichte ich hier \u00fcber alles, was mit Apple zu tun hat: von den neuesten News und spannenden Ger\u00fcchten \u00fcber hilfreiche Tipps und Tricks bis hin zu ausf\u00fchrlichen Produkttests. Wenn du genauso technikbegeistert bist wie ich, bist du hier genau richtig!\",\"sameAs\":[\"https:\\\/\\\/www.facebook.com\\\/apfelpatientOfficial\",\"https:\\\/\\\/www.linkedin.com\\\/in\\\/milan-jovicic-42aa0231b\"],\"url\":\"https:\\\/\\\/www.apfelpatient.de\\\/en\\\/author\\\/apfeladmin\"}]}<\/script>\n<!-- \/ Yoast SEO Premium plugin. -->","yoast_head_json":{"title":"MacBook Pro 2021: Mini-LED production to improve","description":"TSMT initially struggled with production limitations of the mini-LED displays for the upcoming MacBook Pro models.","robots":{"index":"index","follow":"follow","max-snippet":"max-snippet:-1","max-image-preview":"max-image-preview:large","max-video-preview":"max-video-preview:-1"},"canonical":"https:\/\/www.apfelpatient.de\/en\/rumors\/macbook-pro-2021-mini-led-production-to-improve","og_locale":"en_US","og_type":"article","og_title":"MacBook Pro 2021: Mini-LED-Produktion soll sich verbessern","og_description":"TSMT hatte anfangs mit Produktionseinschr\u00e4nkungen der Mini-LED-Displays f\u00fcr die kommenden MacBook Pro Modelle zu k\u00e4mpfen.","og_url":"https:\/\/www.apfelpatient.de\/en\/rumors\/macbook-pro-2021-mini-led-production-to-improve","og_site_name":"Apfelpatient","article_publisher":"https:\/\/www.facebook.com\/apfelpatientOfficial","article_author":"https:\/\/www.facebook.com\/apfelpatientOfficial","article_published_time":"2021-05-03T16:25:11+00:00","article_modified_time":"2021-05-03T16:25:13+00:00","og_image":[{"width":1600,"height":1067,"url":"https:\/\/www.apfelpatient.de\/wp-content\/uploads\/2021\/05\/bigstock-Belarus-Minsk-July-398742719.jpg","type":"image\/jpeg"}],"author":"Milan","twitter_card":"summary_large_image","twitter_description":"TSMT hatte anfangs mit Produktionseinschr\u00e4nkungen der Mini-LED-Displays f\u00fcr die kommenden MacBook Pro Modelle zu k\u00e4mpfen.","twitter_misc":{"Written by":"Milan","Est. reading time":"2 minutes"},"schema":{"@context":"https:\/\/schema.org","@graph":[{"@type":"NewsArticle","@id":"https:\/\/www.apfelpatient.de\/rumors\/macbook-pro-2021-mini-led-produktion-soll-sich-verbessern#article","isPartOf":{"@id":"https:\/\/www.apfelpatient.de\/rumors\/macbook-pro-2021-mini-led-produktion-soll-sich-verbessern"},"author":{"@type":"Organization","@id":"https:\/\/www.apfelpatient.de\/en\/#organization","name":"Apfelpatient","url":"https:\/\/www.apfelpatient.de\/en\/"},"headline":"MacBook Pro 2021: Mini-LED-Produktion soll sich verbessern","datePublished":"2021-05-03T16:25:11+00:00","dateModified":"2021-05-03T16:25:13+00:00","mainEntityOfPage":{"@id":"https:\/\/www.apfelpatient.de\/rumors\/macbook-pro-2021-mini-led-produktion-soll-sich-verbessern"},"wordCount":293,"publisher":{"@type":"Organization","@id":"https:\/\/www.apfelpatient.de\/en\/#organization","name":"Apfelpatient","url":"https:\/\/www.apfelpatient.de\/en\/"},"image":{"@id":"https:\/\/www.apfelpatient.de\/rumors\/macbook-pro-2021-mini-led-produktion-soll-sich-verbessern#primaryimage"},"thumbnailUrl":"https:\/\/www.apfelpatient.de\/wp-content\/uploads\/2021\/05\/bigstock-Belarus-Minsk-July-398742719.jpg","keywords":["Mac"],"articleSection":"Rumors","inLanguage":"en-US","copyrightYear":"2021","copyrightHolder":{"@id":"https:\/\/www.apfelpatient.de\/en\/#organization"}},{"@type":"WebPage","@id":"https:\/\/www.apfelpatient.de\/rumors\/macbook-pro-2021-mini-led-produktion-soll-sich-verbessern","url":"https:\/\/www.apfelpatient.de\/rumors\/macbook-pro-2021-mini-led-produktion-soll-sich-verbessern","name":"MacBook Pro 2021: Mini-LED production to improve","isPartOf":{"@id":"https:\/\/www.apfelpatient.de\/#website"},"primaryImageOfPage":{"@id":"https:\/\/www.apfelpatient.de\/rumors\/macbook-pro-2021-mini-led-produktion-soll-sich-verbessern#primaryimage"},"image":{"@id":"https:\/\/www.apfelpatient.de\/rumors\/macbook-pro-2021-mini-led-produktion-soll-sich-verbessern#primaryimage"},"thumbnailUrl":"https:\/\/www.apfelpatient.de\/wp-content\/uploads\/2021\/05\/bigstock-Belarus-Minsk-July-398742719.jpg","datePublished":"2021-05-03T16:25:11+00:00","dateModified":"2021-05-03T16:25:13+00:00","description":"TSMT initially struggled with production limitations of the mini-LED displays for the upcoming MacBook Pro models.","breadcrumb":{"@id":"https:\/\/www.apfelpatient.de\/rumors\/macbook-pro-2021-mini-led-produktion-soll-sich-verbessern#breadcrumb"},"inLanguage":"en-US","potentialAction":[{"@type":"ReadAction","target":["https:\/\/www.apfelpatient.de\/rumors\/macbook-pro-2021-mini-led-produktion-soll-sich-verbessern"]}]},{"@type":"ImageObject","inLanguage":"en-US","@id":"https:\/\/www.apfelpatient.de\/rumors\/macbook-pro-2021-mini-led-produktion-soll-sich-verbessern#primaryimage","url":"https:\/\/www.apfelpatient.de\/wp-content\/uploads\/2021\/05\/bigstock-Belarus-Minsk-July-398742719.jpg","contentUrl":"https:\/\/www.apfelpatient.de\/wp-content\/uploads\/2021\/05\/bigstock-Belarus-Minsk-July-398742719.jpg","width":1600,"height":1067,"caption":"Belarus, Minsk - July 13, 2020: Apple Inc. product design Space gray Macbook Pro. Photo with a copy-space."},{"@type":"BreadcrumbList","@id":"https:\/\/www.apfelpatient.de\/rumors\/macbook-pro-2021-mini-led-produktion-soll-sich-verbessern#breadcrumb","itemListElement":[{"@type":"ListItem","position":1,"name":"Startseite","item":"https:\/\/www.apfelpatient.de\/"},{"@type":"ListItem","position":2,"name":"MacBook Pro 2021: Mini-LED-Produktion soll sich verbessern"}]},{"@type":"WebSite","@id":"https:\/\/www.apfelpatient.de\/#website","url":"https:\/\/www.apfelpatient.de\/","name":"apple patient","description":"Everything about Apple!","publisher":{"@type":"Organization","@id":"https:\/\/www.apfelpatient.de\/en\/#organization","name":"Apfelpatient","url":"https:\/\/www.apfelpatient.de\/en\/"},"alternateName":"Apfelpatient","potentialAction":[{"@type":"SearchAction","target":{"@type":"EntryPoint","urlTemplate":"https:\/\/www.apfelpatient.de\/?s={search_term_string}"},"query-input":{"@type":"PropertyValueSpecification","valueRequired":true,"valueName":"search_term_string"}}],"inLanguage":"en-US"},{"@type":["Person","Organization"],"@id":"https:\/\/www.apfelpatient.de\/#\/schema\/person\/35b3ddba5832f2bfc7fff5206d4f6b7b","name":"Milan","logo":{"@id":"https:\/\/www.apfelpatient.de\/#\/schema\/person\/image\/"},"description":"Hello and welcome to my technology blog! As a big Apple fan, I report on everything to do with Apple: from the latest news and exciting rumors to helpful tips and tricks and detailed product tests. If you are as enthusiastic about technology as I am, you have come to the right place!","sameAs":["https:\/\/www.facebook.com\/apfelpatientOfficial","https:\/\/www.linkedin.com\/in\/milan-jovicic-42aa0231b"],"url":"https:\/\/www.apfelpatient.de\/en\/author\/apfeladmin"}]}},"_links":{"self":[{"href":"https:\/\/www.apfelpatient.de\/en\/wp-json\/wp\/v2\/posts\/22066","targetHints":{"allow":["GET"]}}],"collection":[{"href":"https:\/\/www.apfelpatient.de\/en\/wp-json\/wp\/v2\/posts"}],"about":[{"href":"https:\/\/www.apfelpatient.de\/en\/wp-json\/wp\/v2\/types\/post"}],"author":[{"embeddable":true,"href":"https:\/\/www.apfelpatient.de\/en\/wp-json\/wp\/v2\/users\/2"}],"replies":[{"embeddable":true,"href":"https:\/\/www.apfelpatient.de\/en\/wp-json\/wp\/v2\/comments?post=22066"}],"version-history":[{"count":0,"href":"https:\/\/www.apfelpatient.de\/en\/wp-json\/wp\/v2\/posts\/22066\/revisions"}],"wp:featuredmedia":[{"embeddable":true,"href":"https:\/\/www.apfelpatient.de\/en\/wp-json\/wp\/v2\/media\/22067"}],"wp:attachment":[{"href":"https:\/\/www.apfelpatient.de\/en\/wp-json\/wp\/v2\/media?parent=22066"}],"wp:term":[{"taxonomy":"category","embeddable":true,"href":"https:\/\/www.apfelpatient.de\/en\/wp-json\/wp\/v2\/categories?post=22066"},{"taxonomy":"post_tag","embeddable":true,"href":"https:\/\/www.apfelpatient.de\/en\/wp-json\/wp\/v2\/tags?post=22066"}],"curies":[{"name":"wp","href":"https:\/\/api.w.org\/{rel}","templated":true}]}}