{"id":21977,"date":"2021-05-01T16:57:03","date_gmt":"2021-05-01T14:57:03","guid":{"rendered":"https:\/\/www.apfelpatient.de\/?p=21977"},"modified":"2021-05-03T14:58:47","modified_gmt":"2021-05-03T12:58:47","slug":"ipad-pro-12-9-with-m1-how-expensive-is-the-repair-without-applecare","status":"publish","type":"post","link":"https:\/\/www.apfelpatient.de\/en\/news\/ipad-pro-12-9-mit-m1-so-teuer-ist-die-reparatur-ohne-applecare","title":{"rendered":"iPad Pro 12.9\u2033 with M1: How expensive is the repair without AppleCare+"},"content":{"rendered":"<p class=\"has-drop-cap\"><strong>The iPad Pro 2021 series can be pre-ordered since yesterday. Apple has now published prices for service and repairs - without AppleCare+ it will be expensive.<\/strong><\/p>\n\n\n\n<p>Apple has now officially released the price list for iPad repairs <a href=\"https:\/\/support.apple.com\/de-de\/ipad\/repair\/service\" target=\"_blank\" rel=\"noreferrer noopener\">updated<\/a>. At up to 750.90 euros, a repair for the new fifth-generation iPad Pro 12.9\u2033 is around 60 euros more expensive than for the previous model. The additional costs are probably due to the new mini-LED display, which is only available on the 12.9-inch iPad Pro. However, the repair fee of 750.90 euros only applies if the user does not have AppleCare+. If the new iPad is damaged and has AppleCare+, the service fee is 49 euros, with two repairs for accidental damage possible every 12 months.<\/p>\n\n\n\n<h3 class=\"wp-block-heading\" id=\"h-ipad-pro-2021-applecare-abdeckung-wird-empfohlen\">iPad Pro 2021: AppleCare+ coverage is recommended<\/h3>\n\n\n\n\n\n\n\n<p>Of course, users don&#039;t have to pay a fee if there is a manufacturing problem, as problems caused by Apple are covered by the standard one-year warranty. But if the warranty has expired and there is no AppleCare+, Apple charges the 750.90 euros. The price applies to all damage to the 12.9-inch iPad Pro, including a broken display. With repair costs so high, AppleCare+ coverage is definitely recommended. This costs around 159 euros and is valid for two years. Alternatively, the whole thing is also available as a monthly policy for 8.49 euros. Anyone who purchases the new device can book AppleCare+ directly or take out a policy online up to 60 days after purchase. (Image: Apple)<\/p>\n\n\n\n<ul class=\"wp-block-list\"><li><a href=\"https:\/\/www.apfelpatient.de\/en\/news\/imac-ipad-pro-apple-tv-4k-pre-order-now-from-apple\">iMac, iPad Pro &amp; Apple TV 4K: Pre-order now from Apple<\/a><\/li><\/ul>\n\n\n\n<h6 class=\"wp-block-heading translation-block\" id=\"h-kennt-ihr-schon-unsere-amazon-storefront-dort-findet-ihr-eine-handverlesene-auswahl-von-diversen-produkten-f-r-euer-iphone-und-co-viel-spa-beim-st-bern\"><em>Have you already visited our Amazon Storefront? There you&#039;ll find a hand-picked selection of various products for your iPhone and other devices \u2013 <span class=\"has-inline-color has-vivid-red-color\"><a href=\"https:\/\/www.amazon.de\/shop\/apfelpatientofficial\" class=\"ek-link\" data-wpel-link=\"exclude\" rel=\"follow noopener\" target=\"_self\"><span style=\"text-decoration: underline\" class=\"ek-underline\">enjoy browsing<\/span><\/a> !<\/span><\/em><\/h6>\n\n\n\n<h6 class=\"wp-block-heading translation-block\" id=\"h-der-beitrag-enthalt-partnerlinks\">This post contains <a data-type=\"URL\" data-id=\"https:\/\/www.apfelpatient.de\/partnerprogramm\" href=\"https:\/\/www.apfelpatient.de\/en\/partner-program\" data-wpel-link=\"internal\" target=\"_self\">affiliate links<\/a>.<\/h6>","protected":false},"excerpt":{"rendered":"<p>The iPad Pro 2021 series can be pre-ordered since yesterday. Apple has now published prices for service and repairs.<\/p>","protected":false},"author":2,"featured_media":21578,"comment_status":"closed","ping_status":"closed","sticky":false,"template":"","format":"standard","meta":{"jnews-multi-image_gallery":[],"jnews_single_post":{"subtitle":"","format":"standard","video":"","gallery":"","source_name":"","source_url":"","via_name":"","via_url":"","override":[{"single_blog_custom":"","sidebar":"","second_sidebar":"","share_position":"","share_float_style":"","post_date_format":"","post_date_format_custom":"","post_reading_time_wpm":"","zoom_button_out_step":"1","zoom_button_in_step":"1","number_popup_post":"1"}],"image_override":[{"single_post_thumbnail_size":"","single_post_gallery_size":""}],"trending_post_position":"","trending_post_label":"","sponsored_post_label":"","sponsored_post_name":"","sponsored_post_url":"","sponsored_post_logo":"","sponsored_post_desc":""},"jnews_primary_category":{"id":"9"},"footnotes":""},"categories":[9],"tags":[18],"class_list":["post-21977","post","type-post","status-publish","format-standard","has-post-thumbnail","hentry","category-news","tag-ipad"],"yoast_head":"<!-- This site is optimized with the Yoast SEO Premium plugin v27.5 (Yoast SEO v27.5) - https:\/\/yoast.com\/product\/yoast-seo-premium-wordpress\/ -->\n<title>iPad Pro 12.9&quot; mit M1: So teuer ist die Reparatur ohne AppleCare+<\/title>\n<meta name=\"description\" content=\"Seit gestern kann die iPad Pro 2021 Reihe vorbestellt werden. Nun hat Apple Preise f\u00fcr den Service und die Reparatur ver\u00f6ffentlicht.\" \/>\n<meta name=\"robots\" content=\"index, follow, max-snippet:-1, max-image-preview:large, max-video-preview:-1\" \/>\n<link rel=\"canonical\" href=\"https:\/\/www.apfelpatient.de\/en\/news\/ipad-pro-12-9-with-m1-how-expensive-is-the-repair-without-applecare\" \/>\n<meta property=\"og:locale\" content=\"en_US\" \/>\n<meta property=\"og:type\" content=\"article\" \/>\n<meta property=\"og:title\" content=\"iPad Pro 12.9&quot; mit M1: So teuer ist die Reparatur ohne AppleCare+\" \/>\n<meta property=\"og:description\" content=\"Seit gestern kann die iPad Pro 2021 Reihe vorbestellt werden. Nun hat Apple Preise f\u00fcr den Service und die Reparatur ver\u00f6ffentlicht.\" \/>\n<meta property=\"og:url\" content=\"https:\/\/www.apfelpatient.de\/en\/news\/ipad-pro-12-9-with-m1-how-expensive-is-the-repair-without-applecare\" \/>\n<meta property=\"og:site_name\" content=\"Apfelpatient\" \/>\n<meta property=\"article:publisher\" content=\"https:\/\/www.facebook.com\/apfelpatientOfficial\" \/>\n<meta property=\"article:author\" content=\"https:\/\/www.facebook.com\/apfelpatientOfficial\" \/>\n<meta property=\"article:published_time\" content=\"2021-05-01T14:57:03+00:00\" \/>\n<meta property=\"article:modified_time\" content=\"2021-05-03T12:58:47+00:00\" \/>\n<meta property=\"og:image\" content=\"https:\/\/www.apfelpatient.de\/wp-content\/uploads\/2021\/04\/1B867E14-C7AA-45BF-A37D-F6353701021B.png\" \/>\n\t<meta property=\"og:image:width\" content=\"1200\" \/>\n\t<meta property=\"og:image:height\" content=\"675\" \/>\n\t<meta property=\"og:image:type\" content=\"image\/png\" \/>\n<meta name=\"author\" content=\"Milan\" \/>\n<meta name=\"twitter:card\" content=\"summary_large_image\" \/>\n<meta name=\"twitter:description\" content=\"Seit gestern kann die iPad Pro 2021 Reihe vorbestellt werden. Nun hat Apple Preise f\u00fcr den Service und die Reparatur ver\u00f6ffentlicht.\" \/>\n<meta name=\"twitter:label1\" content=\"Written by\" \/>\n\t<meta name=\"twitter:data1\" content=\"Milan\" \/>\n\t<meta name=\"twitter:label2\" content=\"Est. reading time\" \/>\n\t<meta name=\"twitter:data2\" content=\"2 minutes\" \/>\n<script type=\"application\/ld+json\" class=\"yoast-schema-graph\">{\"@context\":\"https:\\\/\\\/schema.org\",\"@graph\":[{\"@type\":\"NewsArticle\",\"@id\":\"https:\\\/\\\/www.apfelpatient.de\\\/news\\\/ipad-pro-12-9-mit-m1-so-teuer-ist-die-reparatur-ohne-applecare#article\",\"isPartOf\":{\"@id\":\"https:\\\/\\\/www.apfelpatient.de\\\/news\\\/ipad-pro-12-9-mit-m1-so-teuer-ist-die-reparatur-ohne-applecare\"},\"author\":{\"@type\":\"Organization\",\"@id\":\"https:\\\/\\\/www.apfelpatient.de\\\/en\\\/#organization\",\"name\":\"Apfelpatient\",\"url\":\"https:\\\/\\\/www.apfelpatient.de\\\/en\\\/\"},\"headline\":\"iPad Pro 12.9&#8243; mit M1: So teuer ist die Reparatur ohne AppleCare+\",\"datePublished\":\"2021-05-01T14:57:03+00:00\",\"dateModified\":\"2021-05-03T12:58:47+00:00\",\"mainEntityOfPage\":{\"@id\":\"https:\\\/\\\/www.apfelpatient.de\\\/news\\\/ipad-pro-12-9-mit-m1-so-teuer-ist-die-reparatur-ohne-applecare\"},\"wordCount\":279,\"publisher\":{\"@type\":\"Organization\",\"@id\":\"https:\\\/\\\/www.apfelpatient.de\\\/en\\\/#organization\",\"name\":\"Apfelpatient\",\"url\":\"https:\\\/\\\/www.apfelpatient.de\\\/en\\\/\"},\"image\":{\"@id\":\"https:\\\/\\\/www.apfelpatient.de\\\/news\\\/ipad-pro-12-9-mit-m1-so-teuer-ist-die-reparatur-ohne-applecare#primaryimage\"},\"thumbnailUrl\":\"https:\\\/\\\/www.apfelpatient.de\\\/wp-content\\\/uploads\\\/2021\\\/04\\\/1B867E14-C7AA-45BF-A37D-F6353701021B.png\",\"keywords\":[\"iPad\"],\"articleSection\":\"News\",\"inLanguage\":\"en-US\",\"copyrightYear\":\"2021\",\"copyrightHolder\":{\"@id\":\"https:\\\/\\\/www.apfelpatient.de\\\/en\\\/#organization\"}},{\"@type\":\"WebPage\",\"@id\":\"https:\\\/\\\/www.apfelpatient.de\\\/news\\\/ipad-pro-12-9-mit-m1-so-teuer-ist-die-reparatur-ohne-applecare\",\"url\":\"https:\\\/\\\/www.apfelpatient.de\\\/news\\\/ipad-pro-12-9-mit-m1-so-teuer-ist-die-reparatur-ohne-applecare\",\"name\":\"iPad Pro 12.9\\\" mit M1: So teuer ist die Reparatur ohne AppleCare+\",\"isPartOf\":{\"@id\":\"https:\\\/\\\/www.apfelpatient.de\\\/#website\"},\"primaryImageOfPage\":{\"@id\":\"https:\\\/\\\/www.apfelpatient.de\\\/news\\\/ipad-pro-12-9-mit-m1-so-teuer-ist-die-reparatur-ohne-applecare#primaryimage\"},\"image\":{\"@id\":\"https:\\\/\\\/www.apfelpatient.de\\\/news\\\/ipad-pro-12-9-mit-m1-so-teuer-ist-die-reparatur-ohne-applecare#primaryimage\"},\"thumbnailUrl\":\"https:\\\/\\\/www.apfelpatient.de\\\/wp-content\\\/uploads\\\/2021\\\/04\\\/1B867E14-C7AA-45BF-A37D-F6353701021B.png\",\"datePublished\":\"2021-05-01T14:57:03+00:00\",\"dateModified\":\"2021-05-03T12:58:47+00:00\",\"description\":\"Seit gestern kann die iPad Pro 2021 Reihe vorbestellt werden. Nun hat Apple Preise f\u00fcr den Service und die Reparatur ver\u00f6ffentlicht.\",\"breadcrumb\":{\"@id\":\"https:\\\/\\\/www.apfelpatient.de\\\/news\\\/ipad-pro-12-9-mit-m1-so-teuer-ist-die-reparatur-ohne-applecare#breadcrumb\"},\"inLanguage\":\"en-US\",\"potentialAction\":[{\"@type\":\"ReadAction\",\"target\":[\"https:\\\/\\\/www.apfelpatient.de\\\/news\\\/ipad-pro-12-9-mit-m1-so-teuer-ist-die-reparatur-ohne-applecare\"]}]},{\"@type\":\"ImageObject\",\"inLanguage\":\"en-US\",\"@id\":\"https:\\\/\\\/www.apfelpatient.de\\\/news\\\/ipad-pro-12-9-mit-m1-so-teuer-ist-die-reparatur-ohne-applecare#primaryimage\",\"url\":\"https:\\\/\\\/www.apfelpatient.de\\\/wp-content\\\/uploads\\\/2021\\\/04\\\/1B867E14-C7AA-45BF-A37D-F6353701021B.png\",\"contentUrl\":\"https:\\\/\\\/www.apfelpatient.de\\\/wp-content\\\/uploads\\\/2021\\\/04\\\/1B867E14-C7AA-45BF-A37D-F6353701021B.png\",\"width\":1200,\"height\":675,\"caption\":\"Bild: Apple\"},{\"@type\":\"BreadcrumbList\",\"@id\":\"https:\\\/\\\/www.apfelpatient.de\\\/news\\\/ipad-pro-12-9-mit-m1-so-teuer-ist-die-reparatur-ohne-applecare#breadcrumb\",\"itemListElement\":[{\"@type\":\"ListItem\",\"position\":1,\"name\":\"Startseite\",\"item\":\"https:\\\/\\\/www.apfelpatient.de\\\/\"},{\"@type\":\"ListItem\",\"position\":2,\"name\":\"iPad Pro 12.9&#8243; mit M1: So teuer ist die Reparatur ohne AppleCare+\"}]},{\"@type\":\"WebSite\",\"@id\":\"https:\\\/\\\/www.apfelpatient.de\\\/#website\",\"url\":\"https:\\\/\\\/www.apfelpatient.de\\\/\",\"name\":\"Apfelpatient\",\"description\":\"Alles rund um Apple!\",\"publisher\":{\"@type\":\"Organization\",\"@id\":\"https:\\\/\\\/www.apfelpatient.de\\\/en\\\/#organization\",\"name\":\"Apfelpatient\",\"url\":\"https:\\\/\\\/www.apfelpatient.de\\\/en\\\/\"},\"alternateName\":\"Apfelpatient\",\"potentialAction\":[{\"@type\":\"SearchAction\",\"target\":{\"@type\":\"EntryPoint\",\"urlTemplate\":\"https:\\\/\\\/www.apfelpatient.de\\\/?s={search_term_string}\"},\"query-input\":{\"@type\":\"PropertyValueSpecification\",\"valueRequired\":true,\"valueName\":\"search_term_string\"}}],\"inLanguage\":\"en-US\"},{\"@type\":[\"Person\",\"Organization\"],\"@id\":\"https:\\\/\\\/www.apfelpatient.de\\\/#\\\/schema\\\/person\\\/35b3ddba5832f2bfc7fff5206d4f6b7b\",\"name\":\"Milan\",\"logo\":{\"@id\":\"https:\\\/\\\/www.apfelpatient.de\\\/#\\\/schema\\\/person\\\/image\\\/\"},\"description\":\"Hallo und herzlich willkommen auf meinem Technik-Blog! Als gro\u00dfer Apple-Fan berichte ich hier \u00fcber alles, was mit Apple zu tun hat: von den neuesten News und spannenden Ger\u00fcchten \u00fcber hilfreiche Tipps und Tricks bis hin zu ausf\u00fchrlichen Produkttests. Wenn du genauso technikbegeistert bist wie ich, bist du hier genau richtig!\",\"sameAs\":[\"https:\\\/\\\/www.facebook.com\\\/apfelpatientOfficial\",\"https:\\\/\\\/www.linkedin.com\\\/in\\\/milan-jovicic-42aa0231b\"],\"url\":\"https:\\\/\\\/www.apfelpatient.de\\\/en\\\/author\\\/apfeladmin\"}]}<\/script>\n<!-- \/ Yoast SEO Premium plugin. -->","yoast_head_json":{"title":"iPad Pro 12.9&quot; with M1: This is how expensive the repair is without AppleCare+","description":"The iPad Pro 2021 series can be pre-ordered since yesterday. Apple has now published prices for service and repairs.","robots":{"index":"index","follow":"follow","max-snippet":"max-snippet:-1","max-image-preview":"max-image-preview:large","max-video-preview":"max-video-preview:-1"},"canonical":"https:\/\/www.apfelpatient.de\/en\/news\/ipad-pro-12-9-with-m1-how-expensive-is-the-repair-without-applecare","og_locale":"en_US","og_type":"article","og_title":"iPad Pro 12.9\" mit M1: So teuer ist die Reparatur ohne AppleCare+","og_description":"Seit gestern kann die iPad Pro 2021 Reihe vorbestellt werden. Nun hat Apple Preise f\u00fcr den Service und die Reparatur ver\u00f6ffentlicht.","og_url":"https:\/\/www.apfelpatient.de\/en\/news\/ipad-pro-12-9-with-m1-how-expensive-is-the-repair-without-applecare","og_site_name":"Apfelpatient","article_publisher":"https:\/\/www.facebook.com\/apfelpatientOfficial","article_author":"https:\/\/www.facebook.com\/apfelpatientOfficial","article_published_time":"2021-05-01T14:57:03+00:00","article_modified_time":"2021-05-03T12:58:47+00:00","og_image":[{"width":1200,"height":675,"url":"https:\/\/www.apfelpatient.de\/wp-content\/uploads\/2021\/04\/1B867E14-C7AA-45BF-A37D-F6353701021B.png","type":"image\/png"}],"author":"Milan","twitter_card":"summary_large_image","twitter_description":"Seit gestern kann die iPad Pro 2021 Reihe vorbestellt werden. Nun hat Apple Preise f\u00fcr den Service und die Reparatur ver\u00f6ffentlicht.","twitter_misc":{"Written by":"Milan","Est. reading time":"2 minutes"},"schema":{"@context":"https:\/\/schema.org","@graph":[{"@type":"NewsArticle","@id":"https:\/\/www.apfelpatient.de\/news\/ipad-pro-12-9-mit-m1-so-teuer-ist-die-reparatur-ohne-applecare#article","isPartOf":{"@id":"https:\/\/www.apfelpatient.de\/news\/ipad-pro-12-9-mit-m1-so-teuer-ist-die-reparatur-ohne-applecare"},"author":{"@type":"Organization","@id":"https:\/\/www.apfelpatient.de\/en\/#organization","name":"Apfelpatient","url":"https:\/\/www.apfelpatient.de\/en\/"},"headline":"iPad Pro 12.9&#8243; mit M1: So teuer ist die Reparatur ohne AppleCare+","datePublished":"2021-05-01T14:57:03+00:00","dateModified":"2021-05-03T12:58:47+00:00","mainEntityOfPage":{"@id":"https:\/\/www.apfelpatient.de\/news\/ipad-pro-12-9-mit-m1-so-teuer-ist-die-reparatur-ohne-applecare"},"wordCount":279,"publisher":{"@type":"Organization","@id":"https:\/\/www.apfelpatient.de\/en\/#organization","name":"Apfelpatient","url":"https:\/\/www.apfelpatient.de\/en\/"},"image":{"@id":"https:\/\/www.apfelpatient.de\/news\/ipad-pro-12-9-mit-m1-so-teuer-ist-die-reparatur-ohne-applecare#primaryimage"},"thumbnailUrl":"https:\/\/www.apfelpatient.de\/wp-content\/uploads\/2021\/04\/1B867E14-C7AA-45BF-A37D-F6353701021B.png","keywords":["iPad"],"articleSection":"News","inLanguage":"en-US","copyrightYear":"2021","copyrightHolder":{"@id":"https:\/\/www.apfelpatient.de\/en\/#organization"}},{"@type":"WebPage","@id":"https:\/\/www.apfelpatient.de\/news\/ipad-pro-12-9-mit-m1-so-teuer-ist-die-reparatur-ohne-applecare","url":"https:\/\/www.apfelpatient.de\/news\/ipad-pro-12-9-mit-m1-so-teuer-ist-die-reparatur-ohne-applecare","name":"iPad Pro 12.9&quot; with M1: This is how expensive the repair is without AppleCare+","isPartOf":{"@id":"https:\/\/www.apfelpatient.de\/#website"},"primaryImageOfPage":{"@id":"https:\/\/www.apfelpatient.de\/news\/ipad-pro-12-9-mit-m1-so-teuer-ist-die-reparatur-ohne-applecare#primaryimage"},"image":{"@id":"https:\/\/www.apfelpatient.de\/news\/ipad-pro-12-9-mit-m1-so-teuer-ist-die-reparatur-ohne-applecare#primaryimage"},"thumbnailUrl":"https:\/\/www.apfelpatient.de\/wp-content\/uploads\/2021\/04\/1B867E14-C7AA-45BF-A37D-F6353701021B.png","datePublished":"2021-05-01T14:57:03+00:00","dateModified":"2021-05-03T12:58:47+00:00","description":"The iPad Pro 2021 series can be pre-ordered since yesterday. Apple has now published prices for service and repairs.","breadcrumb":{"@id":"https:\/\/www.apfelpatient.de\/news\/ipad-pro-12-9-mit-m1-so-teuer-ist-die-reparatur-ohne-applecare#breadcrumb"},"inLanguage":"en-US","potentialAction":[{"@type":"ReadAction","target":["https:\/\/www.apfelpatient.de\/news\/ipad-pro-12-9-mit-m1-so-teuer-ist-die-reparatur-ohne-applecare"]}]},{"@type":"ImageObject","inLanguage":"en-US","@id":"https:\/\/www.apfelpatient.de\/news\/ipad-pro-12-9-mit-m1-so-teuer-ist-die-reparatur-ohne-applecare#primaryimage","url":"https:\/\/www.apfelpatient.de\/wp-content\/uploads\/2021\/04\/1B867E14-C7AA-45BF-A37D-F6353701021B.png","contentUrl":"https:\/\/www.apfelpatient.de\/wp-content\/uploads\/2021\/04\/1B867E14-C7AA-45BF-A37D-F6353701021B.png","width":1200,"height":675,"caption":"Bild: Apple"},{"@type":"BreadcrumbList","@id":"https:\/\/www.apfelpatient.de\/news\/ipad-pro-12-9-mit-m1-so-teuer-ist-die-reparatur-ohne-applecare#breadcrumb","itemListElement":[{"@type":"ListItem","position":1,"name":"Startseite","item":"https:\/\/www.apfelpatient.de\/"},{"@type":"ListItem","position":2,"name":"iPad Pro 12.9&#8243; mit M1: So teuer ist die Reparatur ohne AppleCare+"}]},{"@type":"WebSite","@id":"https:\/\/www.apfelpatient.de\/#website","url":"https:\/\/www.apfelpatient.de\/","name":"apple patient","description":"Everything about Apple!","publisher":{"@type":"Organization","@id":"https:\/\/www.apfelpatient.de\/en\/#organization","name":"Apfelpatient","url":"https:\/\/www.apfelpatient.de\/en\/"},"alternateName":"Apfelpatient","potentialAction":[{"@type":"SearchAction","target":{"@type":"EntryPoint","urlTemplate":"https:\/\/www.apfelpatient.de\/?s={search_term_string}"},"query-input":{"@type":"PropertyValueSpecification","valueRequired":true,"valueName":"search_term_string"}}],"inLanguage":"en-US"},{"@type":["Person","Organization"],"@id":"https:\/\/www.apfelpatient.de\/#\/schema\/person\/35b3ddba5832f2bfc7fff5206d4f6b7b","name":"Milan","logo":{"@id":"https:\/\/www.apfelpatient.de\/#\/schema\/person\/image\/"},"description":"Hello and welcome to my technology blog! As a big Apple fan, I report on everything to do with Apple: from the latest news and exciting rumors to helpful tips and tricks and detailed product tests. If you are as enthusiastic about technology as I am, you have come to the right place!","sameAs":["https:\/\/www.facebook.com\/apfelpatientOfficial","https:\/\/www.linkedin.com\/in\/milan-jovicic-42aa0231b"],"url":"https:\/\/www.apfelpatient.de\/en\/author\/apfeladmin"}]}},"_links":{"self":[{"href":"https:\/\/www.apfelpatient.de\/en\/wp-json\/wp\/v2\/posts\/21977","targetHints":{"allow":["GET"]}}],"collection":[{"href":"https:\/\/www.apfelpatient.de\/en\/wp-json\/wp\/v2\/posts"}],"about":[{"href":"https:\/\/www.apfelpatient.de\/en\/wp-json\/wp\/v2\/types\/post"}],"author":[{"embeddable":true,"href":"https:\/\/www.apfelpatient.de\/en\/wp-json\/wp\/v2\/users\/2"}],"replies":[{"embeddable":true,"href":"https:\/\/www.apfelpatient.de\/en\/wp-json\/wp\/v2\/comments?post=21977"}],"version-history":[{"count":0,"href":"https:\/\/www.apfelpatient.de\/en\/wp-json\/wp\/v2\/posts\/21977\/revisions"}],"wp:featuredmedia":[{"embeddable":true,"href":"https:\/\/www.apfelpatient.de\/en\/wp-json\/wp\/v2\/media\/21578"}],"wp:attachment":[{"href":"https:\/\/www.apfelpatient.de\/en\/wp-json\/wp\/v2\/media?parent=21977"}],"wp:term":[{"taxonomy":"category","embeddable":true,"href":"https:\/\/www.apfelpatient.de\/en\/wp-json\/wp\/v2\/categories?post=21977"},{"taxonomy":"post_tag","embeddable":true,"href":"https:\/\/www.apfelpatient.de\/en\/wp-json\/wp\/v2\/tags?post=21977"}],"curies":[{"name":"wp","href":"https:\/\/api.w.org\/{rel}","templated":true}]}}