{"id":21950,"date":"2021-04-30T18:22:14","date_gmt":"2021-04-30T16:22:14","guid":{"rendered":"https:\/\/www.apfelpatient.de\/?p=21950"},"modified":"2021-04-30T18:22:15","modified_gmt":"2021-04-30T16:22:15","slug":"airtag-packaging-revealed-delivery-was-already-ready-in-2019","status":"publish","type":"post","link":"https:\/\/www.apfelpatient.de\/en\/news\/airtag-verpackung-enthuellt-auslieferung-bereits-2019-bereit-gewesen","title":{"rendered":"AirTag packaging revealed: Delivery was already ready in 2019"},"content":{"rendered":"<p class=\"has-drop-cap\"><strong>AirTags were one of the most discussed Apple products of recent years until their official announcement earlier this month. The first reports about an Apple item tracker appeared in 2019. Since then, we have been regularly accompanied by reports on the topic.<\/strong><\/p>\n\n\n\n<p>Last week, FCC documents revealed that Apple began applying for regulatory approval and certification for AirTags in 2019, with testing taking place in the second half of the year. Now that AirTags have arrived with customers around the world, new evidence confirms that AirTags have been ready for launch for quite some time. Images of safety instructions included in the box for Apple&#039;s AirTag keychains, shared by Apple YouTuber ZONEofTECH on Twitter <a href=\"https:\/\/twitter.com\/ZONEofTECH\/status\/1388089312802115584\" target=\"_blank\" rel=\"noreferrer noopener\">divided<\/a> show that the year &quot;2019&quot; is listed for regulatory and trademark purposes. However, the AirTags packaging itself lists the year 2020. Both writings clearly indicate that Apple could have announced and shipped the AirTags as early as 2019. But why did Apple wait so long? The reason for this may remain a mystery forever - but there is a theory.<\/p>\n\n\n\n<figure class=\"wp-block-image size-large\"><img decoding=\"async\" width=\"1024\" height=\"565\" src=\"https:\/\/www.apfelpatient.de\/wp-content\/uploads\/2021\/04\/Bildschirmfoto-2021-04-30-um-18.18.49-1024x565.png\" alt=\"AirTags\" class=\"wp-image-21949\" srcset=\"https:\/\/www.apfelpatient.de\/wp-content\/uploads\/2021\/04\/Bildschirmfoto-2021-04-30-um-18.18.49-1024x565.png 1024w, https:\/\/www.apfelpatient.de\/wp-content\/uploads\/2021\/04\/Bildschirmfoto-2021-04-30-um-18.18.49-300x165.png 300w, https:\/\/www.apfelpatient.de\/wp-content\/uploads\/2021\/04\/Bildschirmfoto-2021-04-30-um-18.18.49-768x423.png 768w, https:\/\/www.apfelpatient.de\/wp-content\/uploads\/2021\/04\/Bildschirmfoto-2021-04-30-um-18.18.49-750x414.png 750w, https:\/\/www.apfelpatient.de\/wp-content\/uploads\/2021\/04\/Bildschirmfoto-2021-04-30-um-18.18.49.png 1110w\" sizes=\"(max-width: 1024px) 100vw, 1024px\" \/><figcaption>via ZONEofTECH \/ Twitter<\/figcaption><\/figure>\n\n\n\n<h3 class=\"wp-block-heading\" id=\"h-airtags-wollte-apple-wettbewerbsfeindliche-anschuldigungen-vermeiden\">AirTags: Did Apple want to avoid anti-competitive accusations?<\/h3>\n\n\n\n\n\n\n\n<p>At the time, companies like Tile didn&#039;t really have a platform or network on Apple devices that would make their item trackers mainstream or particularly easy to use compared to an Apple-made accessory. That changed earlier this month when Apple announced it would open up the Find My network to third-party accessory makers. AirTag is built on the Find My network, which consists of more than a billion Apple devices that use encrypted signals to track the location of other Find My-compatible devices and items. By opening up the network to third-party makers before the launch of AirTags, Apple may have felt it would avoid scrutiny and anti-competitive accusations because its own item tracker on Apple devices would no longer have an advantage over those of other companies. (Image: Apple)<\/p>\n\n\n\n<ul class=\"wp-block-list\"><li><a href=\"https:\/\/www.apfelpatient.de\/en\/tips-tricks\/find-my-network-apple-airtag-setup-how-to-do-it\">&quot;Find My&quot; network: How to set up Apple AirTag<\/a><\/li><\/ul>\n\n\n\n<h6 class=\"wp-block-heading translation-block\" id=\"h-kennt-ihr-schon-unsere-amazon-storefront-dort-findet-ihr-eine-handverlesene-auswahl-von-diversen-produkten-f-r-euer-iphone-und-co-viel-spa-beim-st-bern\"><em>Have you already visited our Amazon Storefront? There you&#039;ll find a hand-picked selection of various products for your iPhone and other devices \u2013 <span class=\"has-inline-color has-vivid-red-color\"><a href=\"https:\/\/www.amazon.de\/shop\/apfelpatientofficial\" class=\"ek-link\" data-wpel-link=\"exclude\" rel=\"follow noopener\" target=\"_self\"><span style=\"text-decoration: underline\" class=\"ek-underline\">enjoy browsing<\/span><\/a> !<\/span><\/em><\/h6>\n\n\n\n<h6 class=\"wp-block-heading translation-block\" id=\"h-der-beitrag-enthalt-partnerlinks\">This post contains <a data-type=\"URL\" data-id=\"https:\/\/www.apfelpatient.de\/partnerprogramm\" href=\"https:\/\/www.apfelpatient.de\/en\/partner-program\" data-wpel-link=\"internal\" target=\"_self\">affiliate links<\/a>.<\/h6>","protected":false},"excerpt":{"rendered":"<p>AirTags were one of the most talked about Apple products in recent years until their official announcement earlier this month.<\/p>","protected":false},"author":2,"featured_media":21475,"comment_status":"closed","ping_status":"closed","sticky":false,"template":"","format":"standard","meta":{"jnews-multi-image_gallery":[],"jnews_single_post":{"subtitle":"","format":"standard","video":"","gallery":"","source_name":"","source_url":"","via_name":"","via_url":"","override":[{"single_blog_custom":"","sidebar":"","second_sidebar":"","share_position":"","share_float_style":"","post_date_format":"","post_date_format_custom":"","post_reading_time_wpm":"","zoom_button_out_step":"1","zoom_button_in_step":"1","number_popup_post":"1"}],"image_override":[{"single_post_thumbnail_size":"","single_post_gallery_size":""}],"trending_post_position":"","trending_post_label":"","sponsored_post_label":"","sponsored_post_name":"","sponsored_post_url":"","sponsored_post_logo":"","sponsored_post_desc":""},"jnews_primary_category":{"id":"9"},"footnotes":""},"categories":[9],"tags":[328],"class_list":["post-21950","post","type-post","status-publish","format-standard","has-post-thumbnail","hentry","category-news","tag-airtag"],"yoast_head":"<!-- This site is optimized with the Yoast SEO Premium plugin v27.5 (Yoast SEO v27.5) - https:\/\/yoast.com\/product\/yoast-seo-premium-wordpress\/ -->\n<title>AirTag Verpackung enth\u00fcllt: Auslieferung bereits 2019 bereit gewesen<\/title>\n<meta name=\"description\" content=\"AirTags waren bis zu ihrer offiziellen Ank\u00fcndigung Anfang des Monats eines der am meist diskutiertesten Apple-Produkte der letzten Jahre.\" \/>\n<meta name=\"robots\" content=\"index, follow, max-snippet:-1, max-image-preview:large, max-video-preview:-1\" \/>\n<link rel=\"canonical\" href=\"https:\/\/www.apfelpatient.de\/en\/news\/airtag-packaging-revealed-delivery-was-already-ready-in-2019\" \/>\n<meta property=\"og:locale\" content=\"en_US\" \/>\n<meta property=\"og:type\" content=\"article\" \/>\n<meta property=\"og:title\" content=\"AirTag Verpackung enth\u00fcllt: Auslieferung bereits 2019 bereit gewesen\" \/>\n<meta property=\"og:description\" content=\"AirTags waren bis zu ihrer offiziellen Ank\u00fcndigung Anfang des Monats eines der am meist diskutiertesten Apple-Produkte der letzten Jahre.\" \/>\n<meta property=\"og:url\" content=\"https:\/\/www.apfelpatient.de\/en\/news\/airtag-packaging-revealed-delivery-was-already-ready-in-2019\" \/>\n<meta property=\"og:site_name\" content=\"Apfelpatient\" \/>\n<meta property=\"article:publisher\" content=\"https:\/\/www.facebook.com\/apfelpatientOfficial\" \/>\n<meta property=\"article:author\" content=\"https:\/\/www.facebook.com\/apfelpatientOfficial\" \/>\n<meta property=\"article:published_time\" content=\"2021-04-30T16:22:14+00:00\" \/>\n<meta property=\"article:modified_time\" content=\"2021-04-30T16:22:15+00:00\" \/>\n<meta property=\"og:image\" content=\"https:\/\/www.apfelpatient.de\/wp-content\/uploads\/2021\/04\/Apple_airtag-front-and-back-emoji-2up_042021.jpg\" \/>\n\t<meta property=\"og:image:width\" content=\"1960\" \/>\n\t<meta property=\"og:image:height\" content=\"1102\" \/>\n\t<meta property=\"og:image:type\" content=\"image\/jpeg\" \/>\n<meta name=\"author\" content=\"Milan\" \/>\n<meta name=\"twitter:card\" content=\"summary_large_image\" \/>\n<meta name=\"twitter:description\" content=\"AirTags waren bis zu ihrer offiziellen Ank\u00fcndigung Anfang des Monats eines der am meist diskutiertesten Apple-Produkte der letzten Jahre.\" \/>\n<meta name=\"twitter:label1\" content=\"Written by\" \/>\n\t<meta name=\"twitter:data1\" content=\"Milan\" \/>\n\t<meta name=\"twitter:label2\" content=\"Est. reading time\" \/>\n\t<meta name=\"twitter:data2\" content=\"2 minutes\" \/>\n<script type=\"application\/ld+json\" class=\"yoast-schema-graph\">{\"@context\":\"https:\\\/\\\/schema.org\",\"@graph\":[{\"@type\":\"NewsArticle\",\"@id\":\"https:\\\/\\\/www.apfelpatient.de\\\/news\\\/airtag-verpackung-enthuellt-auslieferung-bereits-2019-bereit-gewesen#article\",\"isPartOf\":{\"@id\":\"https:\\\/\\\/www.apfelpatient.de\\\/news\\\/airtag-verpackung-enthuellt-auslieferung-bereits-2019-bereit-gewesen\"},\"author\":{\"@type\":\"Organization\",\"@id\":\"https:\\\/\\\/www.apfelpatient.de\\\/en\\\/#organization\",\"name\":\"Apfelpatient\",\"url\":\"https:\\\/\\\/www.apfelpatient.de\\\/en\\\/\"},\"headline\":\"AirTag Verpackung enth\u00fcllt: Auslieferung bereits 2019 bereit gewesen\",\"datePublished\":\"2021-04-30T16:22:14+00:00\",\"dateModified\":\"2021-04-30T16:22:15+00:00\",\"mainEntityOfPage\":{\"@id\":\"https:\\\/\\\/www.apfelpatient.de\\\/news\\\/airtag-verpackung-enthuellt-auslieferung-bereits-2019-bereit-gewesen\"},\"wordCount\":365,\"publisher\":{\"@type\":\"Organization\",\"@id\":\"https:\\\/\\\/www.apfelpatient.de\\\/en\\\/#organization\",\"name\":\"Apfelpatient\",\"url\":\"https:\\\/\\\/www.apfelpatient.de\\\/en\\\/\"},\"image\":{\"@id\":\"https:\\\/\\\/www.apfelpatient.de\\\/news\\\/airtag-verpackung-enthuellt-auslieferung-bereits-2019-bereit-gewesen#primaryimage\"},\"thumbnailUrl\":\"https:\\\/\\\/www.apfelpatient.de\\\/wp-content\\\/uploads\\\/2021\\\/04\\\/Apple_airtag-front-and-back-emoji-2up_042021.jpg\",\"keywords\":[\"AirTags\"],\"articleSection\":\"News\",\"inLanguage\":\"en-US\",\"copyrightYear\":\"2021\",\"copyrightHolder\":{\"@id\":\"https:\\\/\\\/www.apfelpatient.de\\\/en\\\/#organization\"}},{\"@type\":\"WebPage\",\"@id\":\"https:\\\/\\\/www.apfelpatient.de\\\/news\\\/airtag-verpackung-enthuellt-auslieferung-bereits-2019-bereit-gewesen\",\"url\":\"https:\\\/\\\/www.apfelpatient.de\\\/news\\\/airtag-verpackung-enthuellt-auslieferung-bereits-2019-bereit-gewesen\",\"name\":\"AirTag Verpackung enth\u00fcllt: Auslieferung bereits 2019 bereit gewesen\",\"isPartOf\":{\"@id\":\"https:\\\/\\\/www.apfelpatient.de\\\/#website\"},\"primaryImageOfPage\":{\"@id\":\"https:\\\/\\\/www.apfelpatient.de\\\/news\\\/airtag-verpackung-enthuellt-auslieferung-bereits-2019-bereit-gewesen#primaryimage\"},\"image\":{\"@id\":\"https:\\\/\\\/www.apfelpatient.de\\\/news\\\/airtag-verpackung-enthuellt-auslieferung-bereits-2019-bereit-gewesen#primaryimage\"},\"thumbnailUrl\":\"https:\\\/\\\/www.apfelpatient.de\\\/wp-content\\\/uploads\\\/2021\\\/04\\\/Apple_airtag-front-and-back-emoji-2up_042021.jpg\",\"datePublished\":\"2021-04-30T16:22:14+00:00\",\"dateModified\":\"2021-04-30T16:22:15+00:00\",\"description\":\"AirTags waren bis zu ihrer offiziellen Ank\u00fcndigung Anfang des Monats eines der am meist diskutiertesten Apple-Produkte der letzten Jahre.\",\"breadcrumb\":{\"@id\":\"https:\\\/\\\/www.apfelpatient.de\\\/news\\\/airtag-verpackung-enthuellt-auslieferung-bereits-2019-bereit-gewesen#breadcrumb\"},\"inLanguage\":\"en-US\",\"potentialAction\":[{\"@type\":\"ReadAction\",\"target\":[\"https:\\\/\\\/www.apfelpatient.de\\\/news\\\/airtag-verpackung-enthuellt-auslieferung-bereits-2019-bereit-gewesen\"]}]},{\"@type\":\"ImageObject\",\"inLanguage\":\"en-US\",\"@id\":\"https:\\\/\\\/www.apfelpatient.de\\\/news\\\/airtag-verpackung-enthuellt-auslieferung-bereits-2019-bereit-gewesen#primaryimage\",\"url\":\"https:\\\/\\\/www.apfelpatient.de\\\/wp-content\\\/uploads\\\/2021\\\/04\\\/Apple_airtag-front-and-back-emoji-2up_042021.jpg\",\"contentUrl\":\"https:\\\/\\\/www.apfelpatient.de\\\/wp-content\\\/uploads\\\/2021\\\/04\\\/Apple_airtag-front-and-back-emoji-2up_042021.jpg\",\"width\":1960,\"height\":1102,\"caption\":\"Bild: Apple\"},{\"@type\":\"BreadcrumbList\",\"@id\":\"https:\\\/\\\/www.apfelpatient.de\\\/news\\\/airtag-verpackung-enthuellt-auslieferung-bereits-2019-bereit-gewesen#breadcrumb\",\"itemListElement\":[{\"@type\":\"ListItem\",\"position\":1,\"name\":\"Startseite\",\"item\":\"https:\\\/\\\/www.apfelpatient.de\\\/\"},{\"@type\":\"ListItem\",\"position\":2,\"name\":\"AirTag Verpackung enth\u00fcllt: Auslieferung bereits 2019 bereit gewesen\"}]},{\"@type\":\"WebSite\",\"@id\":\"https:\\\/\\\/www.apfelpatient.de\\\/#website\",\"url\":\"https:\\\/\\\/www.apfelpatient.de\\\/\",\"name\":\"Apfelpatient\",\"description\":\"Alles rund um Apple!\",\"publisher\":{\"@type\":\"Organization\",\"@id\":\"https:\\\/\\\/www.apfelpatient.de\\\/en\\\/#organization\",\"name\":\"Apfelpatient\",\"url\":\"https:\\\/\\\/www.apfelpatient.de\\\/en\\\/\"},\"alternateName\":\"Apfelpatient\",\"potentialAction\":[{\"@type\":\"SearchAction\",\"target\":{\"@type\":\"EntryPoint\",\"urlTemplate\":\"https:\\\/\\\/www.apfelpatient.de\\\/?s={search_term_string}\"},\"query-input\":{\"@type\":\"PropertyValueSpecification\",\"valueRequired\":true,\"valueName\":\"search_term_string\"}}],\"inLanguage\":\"en-US\"},{\"@type\":[\"Person\",\"Organization\"],\"@id\":\"https:\\\/\\\/www.apfelpatient.de\\\/#\\\/schema\\\/person\\\/7dc56ad6c8e9824b76d2c08d4c140e13\",\"name\":\"Milan\",\"logo\":{\"@id\":\"https:\\\/\\\/www.apfelpatient.de\\\/#\\\/schema\\\/person\\\/image\\\/\"},\"description\":\"Hallo und herzlich willkommen auf meinem Technik-Blog! Als gro\u00dfer Apple-Fan berichte ich hier \u00fcber alles, was mit Apple zu tun hat: von den neuesten News und spannenden Ger\u00fcchten \u00fcber hilfreiche Tipps und Tricks bis hin zu ausf\u00fchrlichen Produkttests. Wenn du genauso technikbegeistert bist wie ich, bist du hier genau richtig!\",\"sameAs\":[\"https:\\\/\\\/www.facebook.com\\\/apfelpatientOfficial\",\"https:\\\/\\\/www.linkedin.com\\\/in\\\/milan-jovicic-42aa0231b\"],\"url\":\"https:\\\/\\\/www.apfelpatient.de\\\/en\\\/author\\\/apfeladmin\"}]}<\/script>\n<!-- \/ Yoast SEO Premium plugin. -->","yoast_head_json":{"title":"AirTag packaging revealed: Delivery was already ready in 2019","description":"AirTags were one of the most talked about Apple products in recent years until their official announcement earlier this month.","robots":{"index":"index","follow":"follow","max-snippet":"max-snippet:-1","max-image-preview":"max-image-preview:large","max-video-preview":"max-video-preview:-1"},"canonical":"https:\/\/www.apfelpatient.de\/en\/news\/airtag-packaging-revealed-delivery-was-already-ready-in-2019","og_locale":"en_US","og_type":"article","og_title":"AirTag Verpackung enth\u00fcllt: Auslieferung bereits 2019 bereit gewesen","og_description":"AirTags waren bis zu ihrer offiziellen Ank\u00fcndigung Anfang des Monats eines der am meist diskutiertesten Apple-Produkte der letzten Jahre.","og_url":"https:\/\/www.apfelpatient.de\/en\/news\/airtag-packaging-revealed-delivery-was-already-ready-in-2019","og_site_name":"Apfelpatient","article_publisher":"https:\/\/www.facebook.com\/apfelpatientOfficial","article_author":"https:\/\/www.facebook.com\/apfelpatientOfficial","article_published_time":"2021-04-30T16:22:14+00:00","article_modified_time":"2021-04-30T16:22:15+00:00","og_image":[{"width":1960,"height":1102,"url":"https:\/\/www.apfelpatient.de\/wp-content\/uploads\/2021\/04\/Apple_airtag-front-and-back-emoji-2up_042021.jpg","type":"image\/jpeg"}],"author":"Milan","twitter_card":"summary_large_image","twitter_description":"AirTags waren bis zu ihrer offiziellen Ank\u00fcndigung Anfang des Monats eines der am meist diskutiertesten Apple-Produkte der letzten Jahre.","twitter_misc":{"Written by":"Milan","Est. reading time":"2 minutes"},"schema":{"@context":"https:\/\/schema.org","@graph":[{"@type":"NewsArticle","@id":"https:\/\/www.apfelpatient.de\/news\/airtag-verpackung-enthuellt-auslieferung-bereits-2019-bereit-gewesen#article","isPartOf":{"@id":"https:\/\/www.apfelpatient.de\/news\/airtag-verpackung-enthuellt-auslieferung-bereits-2019-bereit-gewesen"},"author":{"@type":"Organization","@id":"https:\/\/www.apfelpatient.de\/en\/#organization","name":"Apfelpatient","url":"https:\/\/www.apfelpatient.de\/en\/"},"headline":"AirTag Verpackung enth\u00fcllt: Auslieferung bereits 2019 bereit gewesen","datePublished":"2021-04-30T16:22:14+00:00","dateModified":"2021-04-30T16:22:15+00:00","mainEntityOfPage":{"@id":"https:\/\/www.apfelpatient.de\/news\/airtag-verpackung-enthuellt-auslieferung-bereits-2019-bereit-gewesen"},"wordCount":365,"publisher":{"@type":"Organization","@id":"https:\/\/www.apfelpatient.de\/en\/#organization","name":"Apfelpatient","url":"https:\/\/www.apfelpatient.de\/en\/"},"image":{"@id":"https:\/\/www.apfelpatient.de\/news\/airtag-verpackung-enthuellt-auslieferung-bereits-2019-bereit-gewesen#primaryimage"},"thumbnailUrl":"https:\/\/www.apfelpatient.de\/wp-content\/uploads\/2021\/04\/Apple_airtag-front-and-back-emoji-2up_042021.jpg","keywords":["AirTags"],"articleSection":"News","inLanguage":"en-US","copyrightYear":"2021","copyrightHolder":{"@id":"https:\/\/www.apfelpatient.de\/en\/#organization"}},{"@type":"WebPage","@id":"https:\/\/www.apfelpatient.de\/news\/airtag-verpackung-enthuellt-auslieferung-bereits-2019-bereit-gewesen","url":"https:\/\/www.apfelpatient.de\/news\/airtag-verpackung-enthuellt-auslieferung-bereits-2019-bereit-gewesen","name":"AirTag packaging revealed: Delivery was already ready in 2019","isPartOf":{"@id":"https:\/\/www.apfelpatient.de\/#website"},"primaryImageOfPage":{"@id":"https:\/\/www.apfelpatient.de\/news\/airtag-verpackung-enthuellt-auslieferung-bereits-2019-bereit-gewesen#primaryimage"},"image":{"@id":"https:\/\/www.apfelpatient.de\/news\/airtag-verpackung-enthuellt-auslieferung-bereits-2019-bereit-gewesen#primaryimage"},"thumbnailUrl":"https:\/\/www.apfelpatient.de\/wp-content\/uploads\/2021\/04\/Apple_airtag-front-and-back-emoji-2up_042021.jpg","datePublished":"2021-04-30T16:22:14+00:00","dateModified":"2021-04-30T16:22:15+00:00","description":"AirTags were one of the most talked about Apple products in recent years until their official announcement earlier this month.","breadcrumb":{"@id":"https:\/\/www.apfelpatient.de\/news\/airtag-verpackung-enthuellt-auslieferung-bereits-2019-bereit-gewesen#breadcrumb"},"inLanguage":"en-US","potentialAction":[{"@type":"ReadAction","target":["https:\/\/www.apfelpatient.de\/news\/airtag-verpackung-enthuellt-auslieferung-bereits-2019-bereit-gewesen"]}]},{"@type":"ImageObject","inLanguage":"en-US","@id":"https:\/\/www.apfelpatient.de\/news\/airtag-verpackung-enthuellt-auslieferung-bereits-2019-bereit-gewesen#primaryimage","url":"https:\/\/www.apfelpatient.de\/wp-content\/uploads\/2021\/04\/Apple_airtag-front-and-back-emoji-2up_042021.jpg","contentUrl":"https:\/\/www.apfelpatient.de\/wp-content\/uploads\/2021\/04\/Apple_airtag-front-and-back-emoji-2up_042021.jpg","width":1960,"height":1102,"caption":"Bild: Apple"},{"@type":"BreadcrumbList","@id":"https:\/\/www.apfelpatient.de\/news\/airtag-verpackung-enthuellt-auslieferung-bereits-2019-bereit-gewesen#breadcrumb","itemListElement":[{"@type":"ListItem","position":1,"name":"Startseite","item":"https:\/\/www.apfelpatient.de\/"},{"@type":"ListItem","position":2,"name":"AirTag Verpackung enth\u00fcllt: Auslieferung bereits 2019 bereit gewesen"}]},{"@type":"WebSite","@id":"https:\/\/www.apfelpatient.de\/#website","url":"https:\/\/www.apfelpatient.de\/","name":"apple patient","description":"Everything about Apple!","publisher":{"@type":"Organization","@id":"https:\/\/www.apfelpatient.de\/en\/#organization","name":"Apfelpatient","url":"https:\/\/www.apfelpatient.de\/en\/"},"alternateName":"Apfelpatient","potentialAction":[{"@type":"SearchAction","target":{"@type":"EntryPoint","urlTemplate":"https:\/\/www.apfelpatient.de\/?s={search_term_string}"},"query-input":{"@type":"PropertyValueSpecification","valueRequired":true,"valueName":"search_term_string"}}],"inLanguage":"en-US"},{"@type":["Person","Organization"],"@id":"https:\/\/www.apfelpatient.de\/#\/schema\/person\/7dc56ad6c8e9824b76d2c08d4c140e13","name":"Milan","logo":{"@id":"https:\/\/www.apfelpatient.de\/#\/schema\/person\/image\/"},"description":"Hello and welcome to my technology blog! As a big Apple fan, I report on everything to do with Apple: from the latest news and exciting rumors to helpful tips and tricks and detailed product tests. If you are as enthusiastic about technology as I am, you have come to the right place!","sameAs":["https:\/\/www.facebook.com\/apfelpatientOfficial","https:\/\/www.linkedin.com\/in\/milan-jovicic-42aa0231b"],"url":"https:\/\/www.apfelpatient.de\/en\/author\/apfeladmin"}]}},"_links":{"self":[{"href":"https:\/\/www.apfelpatient.de\/en\/wp-json\/wp\/v2\/posts\/21950","targetHints":{"allow":["GET"]}}],"collection":[{"href":"https:\/\/www.apfelpatient.de\/en\/wp-json\/wp\/v2\/posts"}],"about":[{"href":"https:\/\/www.apfelpatient.de\/en\/wp-json\/wp\/v2\/types\/post"}],"author":[{"embeddable":true,"href":"https:\/\/www.apfelpatient.de\/en\/wp-json\/wp\/v2\/users\/2"}],"replies":[{"embeddable":true,"href":"https:\/\/www.apfelpatient.de\/en\/wp-json\/wp\/v2\/comments?post=21950"}],"version-history":[{"count":0,"href":"https:\/\/www.apfelpatient.de\/en\/wp-json\/wp\/v2\/posts\/21950\/revisions"}],"wp:featuredmedia":[{"embeddable":true,"href":"https:\/\/www.apfelpatient.de\/en\/wp-json\/wp\/v2\/media\/21475"}],"wp:attachment":[{"href":"https:\/\/www.apfelpatient.de\/en\/wp-json\/wp\/v2\/media?parent=21950"}],"wp:term":[{"taxonomy":"category","embeddable":true,"href":"https:\/\/www.apfelpatient.de\/en\/wp-json\/wp\/v2\/categories?post=21950"},{"taxonomy":"post_tag","embeddable":true,"href":"https:\/\/www.apfelpatient.de\/en\/wp-json\/wp\/v2\/tags?post=21950"}],"curies":[{"name":"wp","href":"https:\/\/api.w.org\/{rel}","templated":true}]}}