{"id":21908,"date":"2021-04-29T18:25:09","date_gmt":"2021-04-29T16:25:09","guid":{"rendered":"https:\/\/www.apfelpatient.de\/?p=21908"},"modified":"2021-04-29T18:25:10","modified_gmt":"2021-04-29T16:25:10","slug":"imac-2021-not-every-color-option-is-available-in-the-store","status":"publish","type":"post","link":"https:\/\/www.apfelpatient.de\/en\/news\/imac-2021-nicht-jede-farboption-ist-im-store-erhaeltlich","title":{"rendered":"iMac 2021: Not every color option is available in the store"},"content":{"rendered":"<p class=\"has-drop-cap\"><strong>Apple released a press release today to remind customers that the iPad Pro, the brand new iMac and Apple TV 4K will be available for pre-order starting tomorrow.<\/strong><\/p>\n\n\n\n<p>In addition to the reminder of pre-orders, the <a href=\"https:\/\/www.apple.com\/newsroom\/2021\/04\/all-new-imac-ipad-pro-and-apple-tv-4k-orders-start-tomorrow\/\" target=\"_blank\" rel=\"noreferrer noopener\">press release<\/a> Also interesting information is that not all seven iMac colors will be available to buy or try out in Apple Stores. According to Apple, only the green, pink, blue and silver iMac versions will be available in Apple Stores. If you want the orange, yellow or purple iMac, you will have to order it directly from the Apple Online Store.<\/p>\n\n\n\n<h3 class=\"wp-block-heading\" id=\"h-imac-2021-auch-das-zubeh-r-wird-farblich-abgestimmt\">iMac 2021: The accessories are also color-coordinated<\/h3>\n\n\n\n\n\n\n\n<blockquote class=\"wp-block-quote is-layout-flow wp-block-quote-is-layout-flow\"><p>With a stunning design in a spectrum of vibrant colors, the groundbreaking M1 chip, and a brilliant 4.5K Retina display, the new iMac is much more compact and fits in even more places, transforming any room into anything the user needs. iMac configurations in green, pink, blue, and silver will be available to buy directly from apple.com and Apple Stores, and all seven colors will be available on apple.com.<\/p><\/blockquote>\n\n\n\n<p>In theory, this also means that buyers will not be able to see all seven iMacs in person before deciding on a color. In addition to the iMac itself, which will be available in seven colors, all of Apple&#039;s iMac accessories will also be color-coordinated. This means that the Magic Keyboard, Magic Mouse and Magic Trackpad that come with an iMac will match the color of the iMac it comes with. So anyone who wants to pre-order a device can do so online in this country from 2 p.m. tomorrow. (Image: Apple)<\/p>\n\n\n\n<ul class=\"wp-block-list\"><li><a href=\"https:\/\/www.apfelpatient.de\/en\/news\/ipad-pro-imac-apple-tv-4k-apple-accidentally-confirms-delivery-date\">iPad Pro, iMac &amp; Apple TV 4K: Apple accidentally confirms delivery date<\/a><\/li><\/ul>\n\n\n\n<h6 class=\"wp-block-heading translation-block\" id=\"h-kennt-ihr-schon-unsere-amazon-storefront-dort-findet-ihr-eine-handverlesene-auswahl-von-diversen-produkten-f-r-euer-iphone-und-co-viel-spa-beim-st-bern\"><em>Have you already visited our Amazon Storefront? There you&#039;ll find a hand-picked selection of various products for your iPhone and other devices \u2013 <span class=\"has-inline-color has-vivid-red-color\"><a href=\"https:\/\/www.amazon.de\/shop\/apfelpatientofficial\" class=\"ek-link\" data-wpel-link=\"exclude\" rel=\"follow noopener\" target=\"_self\"><span style=\"text-decoration: underline\" class=\"ek-underline\">enjoy browsing<\/span><\/a> !<\/span><\/em><\/h6>\n\n\n\n<h6 class=\"wp-block-heading translation-block\" id=\"h-der-beitrag-enthalt-partnerlinks\">This post contains <a data-type=\"URL\" data-id=\"https:\/\/www.apfelpatient.de\/partnerprogramm\" href=\"https:\/\/www.apfelpatient.de\/en\/partner-program\" data-wpel-link=\"internal\" target=\"_self\">affiliate links<\/a>.<\/h6>","protected":false},"excerpt":{"rendered":"<p>Apple today reminded customers that the iPad Pro, iMac and Apple TV 4K can be pre-ordered starting tomorrow.<\/p>","protected":false},"author":2,"featured_media":21899,"comment_status":"closed","ping_status":"closed","sticky":false,"template":"","format":"standard","meta":{"jnews-multi-image_gallery":[],"jnews_single_post":{"subtitle":"","format":"standard","video":"","gallery":"","source_name":"","source_url":"","via_name":"","via_url":"","override":[{"single_blog_custom":"","sidebar":"","second_sidebar":"","share_position":"","share_float_style":"","post_date_format":"","post_date_format_custom":"","post_reading_time_wpm":"","zoom_button_out_step":"1","zoom_button_in_step":"1","number_popup_post":"1"}],"image_override":[{"single_post_thumbnail_size":"","single_post_gallery_size":""}],"trending_post_position":"","trending_post_label":"","sponsored_post_label":"","sponsored_post_name":"","sponsored_post_url":"","sponsored_post_logo":"","sponsored_post_desc":""},"jnews_primary_category":{"id":"9"},"footnotes":""},"categories":[9],"tags":[40],"class_list":["post-21908","post","type-post","status-publish","format-standard","has-post-thumbnail","hentry","category-news","tag-mac"],"yoast_head":"<!-- This site is optimized with the Yoast SEO Premium plugin v27.5 (Yoast SEO v27.5) - https:\/\/yoast.com\/product\/yoast-seo-premium-wordpress\/ -->\n<title>iMac 2021: Nicht jede Farboption ist im Store erh\u00e4ltlich Apfelpatient<\/title>\n<meta name=\"description\" content=\"Apple hat heute Kunden daran erinnert, dass ab morgen das iPad Pro, der iMac sowie Apple TV 4K vorbestellt werden k\u00f6nnen.\" \/>\n<meta name=\"robots\" content=\"index, follow, max-snippet:-1, max-image-preview:large, max-video-preview:-1\" \/>\n<link rel=\"canonical\" href=\"https:\/\/www.apfelpatient.de\/en\/news\/imac-2021-not-every-color-option-is-available-in-the-store\" \/>\n<meta property=\"og:locale\" content=\"en_US\" \/>\n<meta property=\"og:type\" content=\"article\" \/>\n<meta property=\"og:title\" content=\"iMac 2021: Nicht jede Farboption ist im Store erh\u00e4ltlich\" \/>\n<meta property=\"og:description\" content=\"Apple hat heute Kunden daran erinnert, dass ab morgen das iPad Pro, der iMac sowie Apple TV 4K vorbestellt werden k\u00f6nnen.\" \/>\n<meta property=\"og:url\" content=\"https:\/\/www.apfelpatient.de\/en\/news\/imac-2021-not-every-color-option-is-available-in-the-store\" \/>\n<meta property=\"og:site_name\" content=\"Apfelpatient\" \/>\n<meta property=\"article:publisher\" content=\"https:\/\/www.facebook.com\/apfelpatientOfficial\" \/>\n<meta property=\"article:author\" content=\"https:\/\/www.facebook.com\/apfelpatientOfficial\" \/>\n<meta property=\"article:published_time\" content=\"2021-04-29T16:25:09+00:00\" \/>\n<meta property=\"article:modified_time\" content=\"2021-04-29T16:25:10+00:00\" \/>\n<meta property=\"og:image\" content=\"https:\/\/www.apfelpatient.de\/wp-content\/uploads\/2021\/04\/apple_product-availability-spring21_imac-blue_04292021-scaled.jpg\" \/>\n\t<meta property=\"og:image:width\" content=\"2560\" \/>\n\t<meta property=\"og:image:height\" content=\"1439\" \/>\n\t<meta property=\"og:image:type\" content=\"image\/jpeg\" \/>\n<meta name=\"author\" content=\"Milan\" \/>\n<meta name=\"twitter:card\" content=\"summary_large_image\" \/>\n<meta name=\"twitter:description\" content=\"Apple hat heute Kunden daran erinnert, dass ab morgen das iPad Pro, der iMac sowie Apple TV 4K vorbestellt werden k\u00f6nnen.\" \/>\n<meta name=\"twitter:label1\" content=\"Written by\" \/>\n\t<meta name=\"twitter:data1\" content=\"Milan\" \/>\n\t<meta name=\"twitter:label2\" content=\"Est. reading time\" \/>\n\t<meta name=\"twitter:data2\" content=\"2 minutes\" \/>\n<script type=\"application\/ld+json\" class=\"yoast-schema-graph\">{\"@context\":\"https:\\\/\\\/schema.org\",\"@graph\":[{\"@type\":\"NewsArticle\",\"@id\":\"https:\\\/\\\/www.apfelpatient.de\\\/news\\\/imac-2021-nicht-jede-farboption-ist-im-store-erhaeltlich#article\",\"isPartOf\":{\"@id\":\"https:\\\/\\\/www.apfelpatient.de\\\/news\\\/imac-2021-nicht-jede-farboption-ist-im-store-erhaeltlich\"},\"author\":{\"@type\":\"Organization\",\"@id\":\"https:\\\/\\\/www.apfelpatient.de\\\/en\\\/#organization\",\"name\":\"Apfelpatient\",\"url\":\"https:\\\/\\\/www.apfelpatient.de\\\/en\\\/\"},\"headline\":\"iMac 2021: Nicht jede Farboption ist im Store erh\u00e4ltlich\",\"datePublished\":\"2021-04-29T16:25:09+00:00\",\"dateModified\":\"2021-04-29T16:25:10+00:00\",\"mainEntityOfPage\":{\"@id\":\"https:\\\/\\\/www.apfelpatient.de\\\/news\\\/imac-2021-nicht-jede-farboption-ist-im-store-erhaeltlich\"},\"wordCount\":308,\"publisher\":{\"@type\":\"Organization\",\"@id\":\"https:\\\/\\\/www.apfelpatient.de\\\/en\\\/#organization\",\"name\":\"Apfelpatient\",\"url\":\"https:\\\/\\\/www.apfelpatient.de\\\/en\\\/\"},\"image\":{\"@id\":\"https:\\\/\\\/www.apfelpatient.de\\\/news\\\/imac-2021-nicht-jede-farboption-ist-im-store-erhaeltlich#primaryimage\"},\"thumbnailUrl\":\"https:\\\/\\\/www.apfelpatient.de\\\/wp-content\\\/uploads\\\/2021\\\/04\\\/apple_product-availability-spring21_imac-blue_04292021-scaled.jpg\",\"keywords\":[\"Mac\"],\"articleSection\":\"News\",\"inLanguage\":\"en-US\",\"copyrightYear\":\"2021\",\"copyrightHolder\":{\"@id\":\"https:\\\/\\\/www.apfelpatient.de\\\/en\\\/#organization\"}},{\"@type\":\"WebPage\",\"@id\":\"https:\\\/\\\/www.apfelpatient.de\\\/news\\\/imac-2021-nicht-jede-farboption-ist-im-store-erhaeltlich\",\"url\":\"https:\\\/\\\/www.apfelpatient.de\\\/news\\\/imac-2021-nicht-jede-farboption-ist-im-store-erhaeltlich\",\"name\":\"iMac 2021: Nicht jede Farboption ist im Store erh\u00e4ltlich Apfelpatient\",\"isPartOf\":{\"@id\":\"https:\\\/\\\/www.apfelpatient.de\\\/#website\"},\"primaryImageOfPage\":{\"@id\":\"https:\\\/\\\/www.apfelpatient.de\\\/news\\\/imac-2021-nicht-jede-farboption-ist-im-store-erhaeltlich#primaryimage\"},\"image\":{\"@id\":\"https:\\\/\\\/www.apfelpatient.de\\\/news\\\/imac-2021-nicht-jede-farboption-ist-im-store-erhaeltlich#primaryimage\"},\"thumbnailUrl\":\"https:\\\/\\\/www.apfelpatient.de\\\/wp-content\\\/uploads\\\/2021\\\/04\\\/apple_product-availability-spring21_imac-blue_04292021-scaled.jpg\",\"datePublished\":\"2021-04-29T16:25:09+00:00\",\"dateModified\":\"2021-04-29T16:25:10+00:00\",\"description\":\"Apple hat heute Kunden daran erinnert, dass ab morgen das iPad Pro, der iMac sowie Apple TV 4K vorbestellt werden k\u00f6nnen.\",\"breadcrumb\":{\"@id\":\"https:\\\/\\\/www.apfelpatient.de\\\/news\\\/imac-2021-nicht-jede-farboption-ist-im-store-erhaeltlich#breadcrumb\"},\"inLanguage\":\"en-US\",\"potentialAction\":[{\"@type\":\"ReadAction\",\"target\":[\"https:\\\/\\\/www.apfelpatient.de\\\/news\\\/imac-2021-nicht-jede-farboption-ist-im-store-erhaeltlich\"]}]},{\"@type\":\"ImageObject\",\"inLanguage\":\"en-US\",\"@id\":\"https:\\\/\\\/www.apfelpatient.de\\\/news\\\/imac-2021-nicht-jede-farboption-ist-im-store-erhaeltlich#primaryimage\",\"url\":\"https:\\\/\\\/www.apfelpatient.de\\\/wp-content\\\/uploads\\\/2021\\\/04\\\/apple_product-availability-spring21_imac-blue_04292021-scaled.jpg\",\"contentUrl\":\"https:\\\/\\\/www.apfelpatient.de\\\/wp-content\\\/uploads\\\/2021\\\/04\\\/apple_product-availability-spring21_imac-blue_04292021-scaled.jpg\",\"width\":2560,\"height\":1439,\"caption\":\"Bild: Apple\"},{\"@type\":\"BreadcrumbList\",\"@id\":\"https:\\\/\\\/www.apfelpatient.de\\\/news\\\/imac-2021-nicht-jede-farboption-ist-im-store-erhaeltlich#breadcrumb\",\"itemListElement\":[{\"@type\":\"ListItem\",\"position\":1,\"name\":\"Startseite\",\"item\":\"https:\\\/\\\/www.apfelpatient.de\\\/\"},{\"@type\":\"ListItem\",\"position\":2,\"name\":\"iMac 2021: Nicht jede Farboption ist im Store erh\u00e4ltlich\"}]},{\"@type\":\"WebSite\",\"@id\":\"https:\\\/\\\/www.apfelpatient.de\\\/#website\",\"url\":\"https:\\\/\\\/www.apfelpatient.de\\\/\",\"name\":\"Apfelpatient\",\"description\":\"Alles rund um Apple!\",\"publisher\":{\"@type\":\"Organization\",\"@id\":\"https:\\\/\\\/www.apfelpatient.de\\\/en\\\/#organization\",\"name\":\"Apfelpatient\",\"url\":\"https:\\\/\\\/www.apfelpatient.de\\\/en\\\/\"},\"alternateName\":\"Apfelpatient\",\"potentialAction\":[{\"@type\":\"SearchAction\",\"target\":{\"@type\":\"EntryPoint\",\"urlTemplate\":\"https:\\\/\\\/www.apfelpatient.de\\\/?s={search_term_string}\"},\"query-input\":{\"@type\":\"PropertyValueSpecification\",\"valueRequired\":true,\"valueName\":\"search_term_string\"}}],\"inLanguage\":\"en-US\"},{\"@type\":[\"Person\",\"Organization\"],\"@id\":\"https:\\\/\\\/www.apfelpatient.de\\\/#\\\/schema\\\/person\\\/7dc56ad6c8e9824b76d2c08d4c140e13\",\"name\":\"Milan\",\"logo\":{\"@id\":\"https:\\\/\\\/www.apfelpatient.de\\\/#\\\/schema\\\/person\\\/image\\\/\"},\"description\":\"Hallo und herzlich willkommen auf meinem Technik-Blog! Als gro\u00dfer Apple-Fan berichte ich hier \u00fcber alles, was mit Apple zu tun hat: von den neuesten News und spannenden Ger\u00fcchten \u00fcber hilfreiche Tipps und Tricks bis hin zu ausf\u00fchrlichen Produkttests. Wenn du genauso technikbegeistert bist wie ich, bist du hier genau richtig!\",\"sameAs\":[\"https:\\\/\\\/www.facebook.com\\\/apfelpatientOfficial\",\"https:\\\/\\\/www.linkedin.com\\\/in\\\/milan-jovicic-42aa0231b\"],\"url\":\"https:\\\/\\\/www.apfelpatient.de\\\/en\\\/author\\\/apfeladmin\"}]}<\/script>\n<!-- \/ Yoast SEO Premium plugin. -->","yoast_head_json":{"title":"iMac 2021: Not every color option is available in the store Apfelpatient","description":"Apple today reminded customers that the iPad Pro, iMac and Apple TV 4K can be pre-ordered starting tomorrow.","robots":{"index":"index","follow":"follow","max-snippet":"max-snippet:-1","max-image-preview":"max-image-preview:large","max-video-preview":"max-video-preview:-1"},"canonical":"https:\/\/www.apfelpatient.de\/en\/news\/imac-2021-not-every-color-option-is-available-in-the-store","og_locale":"en_US","og_type":"article","og_title":"iMac 2021: Nicht jede Farboption ist im Store erh\u00e4ltlich","og_description":"Apple hat heute Kunden daran erinnert, dass ab morgen das iPad Pro, der iMac sowie Apple TV 4K vorbestellt werden k\u00f6nnen.","og_url":"https:\/\/www.apfelpatient.de\/en\/news\/imac-2021-not-every-color-option-is-available-in-the-store","og_site_name":"Apfelpatient","article_publisher":"https:\/\/www.facebook.com\/apfelpatientOfficial","article_author":"https:\/\/www.facebook.com\/apfelpatientOfficial","article_published_time":"2021-04-29T16:25:09+00:00","article_modified_time":"2021-04-29T16:25:10+00:00","og_image":[{"width":2560,"height":1439,"url":"https:\/\/www.apfelpatient.de\/wp-content\/uploads\/2021\/04\/apple_product-availability-spring21_imac-blue_04292021-scaled.jpg","type":"image\/jpeg"}],"author":"Milan","twitter_card":"summary_large_image","twitter_description":"Apple hat heute Kunden daran erinnert, dass ab morgen das iPad Pro, der iMac sowie Apple TV 4K vorbestellt werden k\u00f6nnen.","twitter_misc":{"Written by":"Milan","Est. reading time":"2 minutes"},"schema":{"@context":"https:\/\/schema.org","@graph":[{"@type":"NewsArticle","@id":"https:\/\/www.apfelpatient.de\/news\/imac-2021-nicht-jede-farboption-ist-im-store-erhaeltlich#article","isPartOf":{"@id":"https:\/\/www.apfelpatient.de\/news\/imac-2021-nicht-jede-farboption-ist-im-store-erhaeltlich"},"author":{"@type":"Organization","@id":"https:\/\/www.apfelpatient.de\/en\/#organization","name":"Apfelpatient","url":"https:\/\/www.apfelpatient.de\/en\/"},"headline":"iMac 2021: Nicht jede Farboption ist im Store erh\u00e4ltlich","datePublished":"2021-04-29T16:25:09+00:00","dateModified":"2021-04-29T16:25:10+00:00","mainEntityOfPage":{"@id":"https:\/\/www.apfelpatient.de\/news\/imac-2021-nicht-jede-farboption-ist-im-store-erhaeltlich"},"wordCount":308,"publisher":{"@type":"Organization","@id":"https:\/\/www.apfelpatient.de\/en\/#organization","name":"Apfelpatient","url":"https:\/\/www.apfelpatient.de\/en\/"},"image":{"@id":"https:\/\/www.apfelpatient.de\/news\/imac-2021-nicht-jede-farboption-ist-im-store-erhaeltlich#primaryimage"},"thumbnailUrl":"https:\/\/www.apfelpatient.de\/wp-content\/uploads\/2021\/04\/apple_product-availability-spring21_imac-blue_04292021-scaled.jpg","keywords":["Mac"],"articleSection":"News","inLanguage":"en-US","copyrightYear":"2021","copyrightHolder":{"@id":"https:\/\/www.apfelpatient.de\/en\/#organization"}},{"@type":"WebPage","@id":"https:\/\/www.apfelpatient.de\/news\/imac-2021-nicht-jede-farboption-ist-im-store-erhaeltlich","url":"https:\/\/www.apfelpatient.de\/news\/imac-2021-nicht-jede-farboption-ist-im-store-erhaeltlich","name":"iMac 2021: Not every color option is available in the store Apfelpatient","isPartOf":{"@id":"https:\/\/www.apfelpatient.de\/#website"},"primaryImageOfPage":{"@id":"https:\/\/www.apfelpatient.de\/news\/imac-2021-nicht-jede-farboption-ist-im-store-erhaeltlich#primaryimage"},"image":{"@id":"https:\/\/www.apfelpatient.de\/news\/imac-2021-nicht-jede-farboption-ist-im-store-erhaeltlich#primaryimage"},"thumbnailUrl":"https:\/\/www.apfelpatient.de\/wp-content\/uploads\/2021\/04\/apple_product-availability-spring21_imac-blue_04292021-scaled.jpg","datePublished":"2021-04-29T16:25:09+00:00","dateModified":"2021-04-29T16:25:10+00:00","description":"Apple today reminded customers that the iPad Pro, iMac and Apple TV 4K can be pre-ordered starting tomorrow.","breadcrumb":{"@id":"https:\/\/www.apfelpatient.de\/news\/imac-2021-nicht-jede-farboption-ist-im-store-erhaeltlich#breadcrumb"},"inLanguage":"en-US","potentialAction":[{"@type":"ReadAction","target":["https:\/\/www.apfelpatient.de\/news\/imac-2021-nicht-jede-farboption-ist-im-store-erhaeltlich"]}]},{"@type":"ImageObject","inLanguage":"en-US","@id":"https:\/\/www.apfelpatient.de\/news\/imac-2021-nicht-jede-farboption-ist-im-store-erhaeltlich#primaryimage","url":"https:\/\/www.apfelpatient.de\/wp-content\/uploads\/2021\/04\/apple_product-availability-spring21_imac-blue_04292021-scaled.jpg","contentUrl":"https:\/\/www.apfelpatient.de\/wp-content\/uploads\/2021\/04\/apple_product-availability-spring21_imac-blue_04292021-scaled.jpg","width":2560,"height":1439,"caption":"Bild: Apple"},{"@type":"BreadcrumbList","@id":"https:\/\/www.apfelpatient.de\/news\/imac-2021-nicht-jede-farboption-ist-im-store-erhaeltlich#breadcrumb","itemListElement":[{"@type":"ListItem","position":1,"name":"Startseite","item":"https:\/\/www.apfelpatient.de\/"},{"@type":"ListItem","position":2,"name":"iMac 2021: Nicht jede Farboption ist im Store erh\u00e4ltlich"}]},{"@type":"WebSite","@id":"https:\/\/www.apfelpatient.de\/#website","url":"https:\/\/www.apfelpatient.de\/","name":"apple patient","description":"Everything about Apple!","publisher":{"@type":"Organization","@id":"https:\/\/www.apfelpatient.de\/en\/#organization","name":"Apfelpatient","url":"https:\/\/www.apfelpatient.de\/en\/"},"alternateName":"Apfelpatient","potentialAction":[{"@type":"SearchAction","target":{"@type":"EntryPoint","urlTemplate":"https:\/\/www.apfelpatient.de\/?s={search_term_string}"},"query-input":{"@type":"PropertyValueSpecification","valueRequired":true,"valueName":"search_term_string"}}],"inLanguage":"en-US"},{"@type":["Person","Organization"],"@id":"https:\/\/www.apfelpatient.de\/#\/schema\/person\/7dc56ad6c8e9824b76d2c08d4c140e13","name":"Milan","logo":{"@id":"https:\/\/www.apfelpatient.de\/#\/schema\/person\/image\/"},"description":"Hello and welcome to my technology blog! As a big Apple fan, I report on everything to do with Apple: from the latest news and exciting rumors to helpful tips and tricks and detailed product tests. If you are as enthusiastic about technology as I am, you have come to the right place!","sameAs":["https:\/\/www.facebook.com\/apfelpatientOfficial","https:\/\/www.linkedin.com\/in\/milan-jovicic-42aa0231b"],"url":"https:\/\/www.apfelpatient.de\/en\/author\/apfeladmin"}]}},"_links":{"self":[{"href":"https:\/\/www.apfelpatient.de\/en\/wp-json\/wp\/v2\/posts\/21908","targetHints":{"allow":["GET"]}}],"collection":[{"href":"https:\/\/www.apfelpatient.de\/en\/wp-json\/wp\/v2\/posts"}],"about":[{"href":"https:\/\/www.apfelpatient.de\/en\/wp-json\/wp\/v2\/types\/post"}],"author":[{"embeddable":true,"href":"https:\/\/www.apfelpatient.de\/en\/wp-json\/wp\/v2\/users\/2"}],"replies":[{"embeddable":true,"href":"https:\/\/www.apfelpatient.de\/en\/wp-json\/wp\/v2\/comments?post=21908"}],"version-history":[{"count":0,"href":"https:\/\/www.apfelpatient.de\/en\/wp-json\/wp\/v2\/posts\/21908\/revisions"}],"wp:featuredmedia":[{"embeddable":true,"href":"https:\/\/www.apfelpatient.de\/en\/wp-json\/wp\/v2\/media\/21899"}],"wp:attachment":[{"href":"https:\/\/www.apfelpatient.de\/en\/wp-json\/wp\/v2\/media?parent=21908"}],"wp:term":[{"taxonomy":"category","embeddable":true,"href":"https:\/\/www.apfelpatient.de\/en\/wp-json\/wp\/v2\/categories?post=21908"},{"taxonomy":"post_tag","embeddable":true,"href":"https:\/\/www.apfelpatient.de\/en\/wp-json\/wp\/v2\/tags?post=21908"}],"curies":[{"name":"wp","href":"https:\/\/api.w.org\/{rel}","templated":true}]}}