{"id":2190,"date":"2018-10-01T11:47:14","date_gmt":"2018-10-01T09:47:14","guid":{"rendered":"https:\/\/www.apfelpatient.de\/?p=2190"},"modified":"2018-10-01T11:47:14","modified_gmt":"2018-10-01T09:47:14","slug":"iphone-xs-max-problems-with-charging","status":"publish","type":"post","link":"https:\/\/www.apfelpatient.de\/en\/news\/iphone-xs-max-probleme-mit-dem-laden","title":{"rendered":"iPhone Xs Max: Charging problems"},"content":{"rendered":"<p><strong>There seems to be a new problem emerging. This time it affects the charging process. A few iPhone Xs and iPhone Xs Max devices seem to be affected.<\/strong><\/p>\n\n<p>Is now next to \u201c<em>Selfiegate<\/em>&quot; a &quot;<em>Chargegate<\/em>\u201c to be expected? Users of the new devices are complaining about charging difficulties. Many report in Apple&#039;s official support form that their iPhone Xs Max cannot be charged when locked. In isolated cases, the Xs models and older devices are also affected. The error occurs regardless of the cable. Affected devices must be connected while awake for the charging process to be activated. The problem does not occur with iPhones that are charged wirelessly.<\/p>\n<p><strong>Software bug or hardware error?<\/strong><\/p>\n<p>There are currently two possible causes for the error. Apple has identified the \u201c<em>USB Restricted Mode<\/em>\u201c was introduced with iOS 11.4.1. This is intended to make the work of tools such as GrayKey or similar tools for unlocking iPhones significantly more difficult.<\/p>\n\n<p>If an iPhone is not unlocked within an hour, the connection is completely deactivated. It is suspected that this is precisely where a bug is occurring that is currently preventing charging in sleep mode. Another theory is actually a hardware error. Some of those affected have already exchanged their iPhone, but then had the problem again. Due to this fact, a software problem is increasingly likely. Apple itself has not yet commented on this. It remains to be seen whether the next software update will resolve the problem.<\/p>\n<p><strong>Enable USB Restricted Mode<\/strong><\/p>\n\n<p>As soon as a device has been updated to iOS 11.4.1, the mode activates automatically. You can find it in the settings under &quot;Touch ID &amp; Passcode&quot; (iPhone X &quot;Face ID &amp; Passcode&quot;). The switch is deactivated by default, so the iPhone must first be unlocked so that USB accessories can connect if the iPhone has been locked for more than an hour. Charging the battery should always be possible.<\/p>","protected":false},"excerpt":{"rendered":"<p>Es scheint sich ein neues Problem anzubahnen. Dieses Mal betrifft es den Auflade-Prozess. Betroffen scheinen vereinzelte iPhone Xs sowie iPhone Xs Max Ger\u00e4te zu sein. Ist nun neben \u201eSelfiegate\u201c ein \u201cChargegate\u201c zu erwarten? Nutzer der neuen Ger\u00e4te beklagen sich \u00fcber Ladeschwierigkeiten. Viele berichten in Apples offiziellem Supportform das ihr iPhone Xs Max sich nicht im [&hellip;]<\/p>\n","protected":false},"author":2,"featured_media":2031,"comment_status":"open","ping_status":"open","sticky":false,"template":"","format":"standard","meta":{"jnews-multi-image_gallery":[],"jnews_single_post":[],"jnews_primary_category":[],"footnotes":""},"categories":[9],"tags":[3,30,8,135,148],"class_list":["post-2190","post","type-post","status-publish","format-standard","has-post-thumbnail","hentry","category-news","tag-ios","tag-ios-12","tag-iphone","tag-iphone-xs","tag-iphone-xs-max"],"yoast_head":"<!-- This site is optimized with the Yoast SEO Premium plugin v27.5 (Yoast SEO v27.5) - https:\/\/yoast.com\/product\/yoast-seo-premium-wordpress\/ -->\n<title>iPhone Xs Max: Probleme mit dem Laden Apfelpatient<\/title>\n<meta name=\"description\" content=\"Es scheint sich ein neues Problem anzubahnen. Dieses Mal betrifft es den Auflade-Prozess. Betroffen scheinen vereinzelte iPhone Xs sowie iPhone Xs Max\" \/>\n<meta name=\"robots\" content=\"index, follow, max-snippet:-1, max-image-preview:large, max-video-preview:-1\" \/>\n<link rel=\"canonical\" href=\"https:\/\/www.apfelpatient.de\/en\/news\/iphone-xs-max-problems-with-charging\" \/>\n<meta property=\"og:locale\" content=\"en_US\" \/>\n<meta property=\"og:type\" content=\"article\" \/>\n<meta property=\"og:title\" content=\"iPhone Xs Max: Probleme mit dem Laden\" \/>\n<meta property=\"og:description\" content=\"Es scheint sich ein neues Problem anzubahnen. Dieses Mal betrifft es den Auflade-Prozess. Betroffen scheinen vereinzelte iPhone Xs sowie iPhone Xs Max\" \/>\n<meta property=\"og:url\" content=\"https:\/\/www.apfelpatient.de\/en\/news\/iphone-xs-max-problems-with-charging\" \/>\n<meta property=\"og:site_name\" content=\"Apfelpatient\" \/>\n<meta property=\"article:publisher\" content=\"https:\/\/www.facebook.com\/apfelpatientOfficial\" \/>\n<meta property=\"article:author\" content=\"https:\/\/www.facebook.com\/apfelpatientOfficial\" \/>\n<meta property=\"article:published_time\" content=\"2018-10-01T09:47:14+00:00\" \/>\n<meta property=\"og:image\" content=\"https:\/\/www.apfelpatient.de\/wp-content\/uploads\/2018\/09\/Apple-Keynote_Directive-Games-Atli-Sveinsson_09122018.jpg\" \/>\n\t<meta property=\"og:image:width\" content=\"1632\" \/>\n\t<meta property=\"og:image:height\" content=\"1088\" \/>\n\t<meta property=\"og:image:type\" content=\"image\/jpeg\" \/>\n<meta name=\"author\" content=\"Milan\" \/>\n<meta name=\"twitter:card\" content=\"summary_large_image\" \/>\n<meta name=\"twitter:label1\" content=\"Written by\" \/>\n\t<meta name=\"twitter:data1\" content=\"Milan\" \/>\n\t<meta name=\"twitter:label2\" content=\"Est. reading time\" \/>\n\t<meta name=\"twitter:data2\" content=\"2 minutes\" \/>\n<script type=\"application\/ld+json\" class=\"yoast-schema-graph\">{\"@context\":\"https:\\\/\\\/schema.org\",\"@graph\":[{\"@type\":\"NewsArticle\",\"@id\":\"https:\\\/\\\/www.apfelpatient.de\\\/news\\\/iphone-xs-max-probleme-mit-dem-laden#article\",\"isPartOf\":{\"@id\":\"https:\\\/\\\/www.apfelpatient.de\\\/news\\\/iphone-xs-max-probleme-mit-dem-laden\"},\"author\":{\"@type\":\"Organization\",\"@id\":\"https:\\\/\\\/www.apfelpatient.de\\\/en\\\/#organization\",\"name\":\"Apfelpatient\",\"url\":\"https:\\\/\\\/www.apfelpatient.de\\\/en\\\/\"},\"headline\":\"iPhone Xs Max: Probleme mit dem Laden\",\"datePublished\":\"2018-10-01T09:47:14+00:00\",\"mainEntityOfPage\":{\"@id\":\"https:\\\/\\\/www.apfelpatient.de\\\/news\\\/iphone-xs-max-probleme-mit-dem-laden\"},\"wordCount\":323,\"commentCount\":0,\"publisher\":{\"@type\":\"Organization\",\"@id\":\"https:\\\/\\\/www.apfelpatient.de\\\/en\\\/#organization\",\"name\":\"Apfelpatient\",\"url\":\"https:\\\/\\\/www.apfelpatient.de\\\/en\\\/\"},\"image\":{\"@id\":\"https:\\\/\\\/www.apfelpatient.de\\\/news\\\/iphone-xs-max-probleme-mit-dem-laden#primaryimage\"},\"thumbnailUrl\":\"https:\\\/\\\/www.apfelpatient.de\\\/wp-content\\\/uploads\\\/2018\\\/09\\\/Apple-Keynote_Directive-Games-Atli-Sveinsson_09122018.jpg\",\"keywords\":[\"iOS\",\"iOS 12\",\"iPhone\",\"iPhone XS\",\"iPhone XS Max\"],\"articleSection\":\"News\",\"inLanguage\":\"en-US\",\"potentialAction\":[{\"@type\":\"CommentAction\",\"name\":\"Comment\",\"target\":[\"https:\\\/\\\/www.apfelpatient.de\\\/news\\\/iphone-xs-max-probleme-mit-dem-laden#respond\"]}],\"copyrightYear\":\"2018\",\"copyrightHolder\":{\"@id\":\"https:\\\/\\\/www.apfelpatient.de\\\/en\\\/#organization\"}},{\"@type\":\"WebPage\",\"@id\":\"https:\\\/\\\/www.apfelpatient.de\\\/news\\\/iphone-xs-max-probleme-mit-dem-laden\",\"url\":\"https:\\\/\\\/www.apfelpatient.de\\\/news\\\/iphone-xs-max-probleme-mit-dem-laden\",\"name\":\"iPhone Xs Max: Probleme mit dem Laden Apfelpatient\",\"isPartOf\":{\"@id\":\"https:\\\/\\\/www.apfelpatient.de\\\/#website\"},\"primaryImageOfPage\":{\"@id\":\"https:\\\/\\\/www.apfelpatient.de\\\/news\\\/iphone-xs-max-probleme-mit-dem-laden#primaryimage\"},\"image\":{\"@id\":\"https:\\\/\\\/www.apfelpatient.de\\\/news\\\/iphone-xs-max-probleme-mit-dem-laden#primaryimage\"},\"thumbnailUrl\":\"https:\\\/\\\/www.apfelpatient.de\\\/wp-content\\\/uploads\\\/2018\\\/09\\\/Apple-Keynote_Directive-Games-Atli-Sveinsson_09122018.jpg\",\"datePublished\":\"2018-10-01T09:47:14+00:00\",\"description\":\"Es scheint sich ein neues Problem anzubahnen. Dieses Mal betrifft es den Auflade-Prozess. Betroffen scheinen vereinzelte iPhone Xs sowie iPhone Xs Max\",\"breadcrumb\":{\"@id\":\"https:\\\/\\\/www.apfelpatient.de\\\/news\\\/iphone-xs-max-probleme-mit-dem-laden#breadcrumb\"},\"inLanguage\":\"en-US\",\"potentialAction\":[{\"@type\":\"ReadAction\",\"target\":[\"https:\\\/\\\/www.apfelpatient.de\\\/news\\\/iphone-xs-max-probleme-mit-dem-laden\"]}]},{\"@type\":\"ImageObject\",\"inLanguage\":\"en-US\",\"@id\":\"https:\\\/\\\/www.apfelpatient.de\\\/news\\\/iphone-xs-max-probleme-mit-dem-laden#primaryimage\",\"url\":\"https:\\\/\\\/www.apfelpatient.de\\\/wp-content\\\/uploads\\\/2018\\\/09\\\/Apple-Keynote_Directive-Games-Atli-Sveinsson_09122018.jpg\",\"contentUrl\":\"https:\\\/\\\/www.apfelpatient.de\\\/wp-content\\\/uploads\\\/2018\\\/09\\\/Apple-Keynote_Directive-Games-Atli-Sveinsson_09122018.jpg\",\"width\":1632,\"height\":1088,\"caption\":\"Bild: Apple\"},{\"@type\":\"BreadcrumbList\",\"@id\":\"https:\\\/\\\/www.apfelpatient.de\\\/news\\\/iphone-xs-max-probleme-mit-dem-laden#breadcrumb\",\"itemListElement\":[{\"@type\":\"ListItem\",\"position\":1,\"name\":\"Startseite\",\"item\":\"https:\\\/\\\/www.apfelpatient.de\\\/\"},{\"@type\":\"ListItem\",\"position\":2,\"name\":\"iPhone Xs Max: Probleme mit dem Laden\"}]},{\"@type\":\"WebSite\",\"@id\":\"https:\\\/\\\/www.apfelpatient.de\\\/#website\",\"url\":\"https:\\\/\\\/www.apfelpatient.de\\\/\",\"name\":\"Apfelpatient\",\"description\":\"Alles rund um Apple!\",\"publisher\":{\"@type\":\"Organization\",\"@id\":\"https:\\\/\\\/www.apfelpatient.de\\\/en\\\/#organization\",\"name\":\"Apfelpatient\",\"url\":\"https:\\\/\\\/www.apfelpatient.de\\\/en\\\/\"},\"alternateName\":\"Apfelpatient\",\"potentialAction\":[{\"@type\":\"SearchAction\",\"target\":{\"@type\":\"EntryPoint\",\"urlTemplate\":\"https:\\\/\\\/www.apfelpatient.de\\\/?s={search_term_string}\"},\"query-input\":{\"@type\":\"PropertyValueSpecification\",\"valueRequired\":true,\"valueName\":\"search_term_string\"}}],\"inLanguage\":\"en-US\"},{\"@type\":[\"Person\",\"Organization\"],\"@id\":\"https:\\\/\\\/www.apfelpatient.de\\\/#\\\/schema\\\/person\\\/7dc56ad6c8e9824b76d2c08d4c140e13\",\"name\":\"Milan\",\"logo\":{\"@id\":\"https:\\\/\\\/www.apfelpatient.de\\\/#\\\/schema\\\/person\\\/image\\\/\"},\"description\":\"Hallo und herzlich willkommen auf meinem Technik-Blog! Als gro\u00dfer Apple-Fan berichte ich hier \u00fcber alles, was mit Apple zu tun hat: von den neuesten News und spannenden Ger\u00fcchten \u00fcber hilfreiche Tipps und Tricks bis hin zu ausf\u00fchrlichen Produkttests. Wenn du genauso technikbegeistert bist wie ich, bist du hier genau richtig!\",\"sameAs\":[\"https:\\\/\\\/www.facebook.com\\\/apfelpatientOfficial\",\"https:\\\/\\\/www.linkedin.com\\\/in\\\/milan-jovicic-42aa0231b\"],\"url\":\"https:\\\/\\\/www.apfelpatient.de\\\/en\\\/author\\\/apfeladmin\"}]}<\/script>\n<!-- \/ Yoast SEO Premium plugin. -->","yoast_head_json":{"title":"iPhone Xs Max: Problems with charging Apfelpatient","description":"A new problem seems to be emerging. This time it affects the charging process. Some iPhone Xs and iPhone Xs Max seem to be affected","robots":{"index":"index","follow":"follow","max-snippet":"max-snippet:-1","max-image-preview":"max-image-preview:large","max-video-preview":"max-video-preview:-1"},"canonical":"https:\/\/www.apfelpatient.de\/en\/news\/iphone-xs-max-problems-with-charging","og_locale":"en_US","og_type":"article","og_title":"iPhone Xs Max: Probleme mit dem Laden","og_description":"Es scheint sich ein neues Problem anzubahnen. Dieses Mal betrifft es den Auflade-Prozess. Betroffen scheinen vereinzelte iPhone Xs sowie iPhone Xs Max","og_url":"https:\/\/www.apfelpatient.de\/en\/news\/iphone-xs-max-problems-with-charging","og_site_name":"Apfelpatient","article_publisher":"https:\/\/www.facebook.com\/apfelpatientOfficial","article_author":"https:\/\/www.facebook.com\/apfelpatientOfficial","article_published_time":"2018-10-01T09:47:14+00:00","og_image":[{"width":1632,"height":1088,"url":"https:\/\/www.apfelpatient.de\/wp-content\/uploads\/2018\/09\/Apple-Keynote_Directive-Games-Atli-Sveinsson_09122018.jpg","type":"image\/jpeg"}],"author":"Milan","twitter_card":"summary_large_image","twitter_misc":{"Written by":"Milan","Est. reading time":"2 minutes"},"schema":{"@context":"https:\/\/schema.org","@graph":[{"@type":"NewsArticle","@id":"https:\/\/www.apfelpatient.de\/news\/iphone-xs-max-probleme-mit-dem-laden#article","isPartOf":{"@id":"https:\/\/www.apfelpatient.de\/news\/iphone-xs-max-probleme-mit-dem-laden"},"author":{"@type":"Organization","@id":"https:\/\/www.apfelpatient.de\/en\/#organization","name":"Apfelpatient","url":"https:\/\/www.apfelpatient.de\/en\/"},"headline":"iPhone Xs Max: Probleme mit dem Laden","datePublished":"2018-10-01T09:47:14+00:00","mainEntityOfPage":{"@id":"https:\/\/www.apfelpatient.de\/news\/iphone-xs-max-probleme-mit-dem-laden"},"wordCount":323,"commentCount":0,"publisher":{"@type":"Organization","@id":"https:\/\/www.apfelpatient.de\/en\/#organization","name":"Apfelpatient","url":"https:\/\/www.apfelpatient.de\/en\/"},"image":{"@id":"https:\/\/www.apfelpatient.de\/news\/iphone-xs-max-probleme-mit-dem-laden#primaryimage"},"thumbnailUrl":"https:\/\/www.apfelpatient.de\/wp-content\/uploads\/2018\/09\/Apple-Keynote_Directive-Games-Atli-Sveinsson_09122018.jpg","keywords":["iOS","iOS 12","iPhone","iPhone XS","iPhone XS Max"],"articleSection":"News","inLanguage":"en-US","potentialAction":[{"@type":"CommentAction","name":"Comment","target":["https:\/\/www.apfelpatient.de\/news\/iphone-xs-max-probleme-mit-dem-laden#respond"]}],"copyrightYear":"2018","copyrightHolder":{"@id":"https:\/\/www.apfelpatient.de\/en\/#organization"}},{"@type":"WebPage","@id":"https:\/\/www.apfelpatient.de\/news\/iphone-xs-max-probleme-mit-dem-laden","url":"https:\/\/www.apfelpatient.de\/news\/iphone-xs-max-probleme-mit-dem-laden","name":"iPhone Xs Max: Problems with charging Apfelpatient","isPartOf":{"@id":"https:\/\/www.apfelpatient.de\/#website"},"primaryImageOfPage":{"@id":"https:\/\/www.apfelpatient.de\/news\/iphone-xs-max-probleme-mit-dem-laden#primaryimage"},"image":{"@id":"https:\/\/www.apfelpatient.de\/news\/iphone-xs-max-probleme-mit-dem-laden#primaryimage"},"thumbnailUrl":"https:\/\/www.apfelpatient.de\/wp-content\/uploads\/2018\/09\/Apple-Keynote_Directive-Games-Atli-Sveinsson_09122018.jpg","datePublished":"2018-10-01T09:47:14+00:00","description":"A new problem seems to be emerging. This time it affects the charging process. Some iPhone Xs and iPhone Xs Max seem to be affected","breadcrumb":{"@id":"https:\/\/www.apfelpatient.de\/news\/iphone-xs-max-probleme-mit-dem-laden#breadcrumb"},"inLanguage":"en-US","potentialAction":[{"@type":"ReadAction","target":["https:\/\/www.apfelpatient.de\/news\/iphone-xs-max-probleme-mit-dem-laden"]}]},{"@type":"ImageObject","inLanguage":"en-US","@id":"https:\/\/www.apfelpatient.de\/news\/iphone-xs-max-probleme-mit-dem-laden#primaryimage","url":"https:\/\/www.apfelpatient.de\/wp-content\/uploads\/2018\/09\/Apple-Keynote_Directive-Games-Atli-Sveinsson_09122018.jpg","contentUrl":"https:\/\/www.apfelpatient.de\/wp-content\/uploads\/2018\/09\/Apple-Keynote_Directive-Games-Atli-Sveinsson_09122018.jpg","width":1632,"height":1088,"caption":"Bild: Apple"},{"@type":"BreadcrumbList","@id":"https:\/\/www.apfelpatient.de\/news\/iphone-xs-max-probleme-mit-dem-laden#breadcrumb","itemListElement":[{"@type":"ListItem","position":1,"name":"Startseite","item":"https:\/\/www.apfelpatient.de\/"},{"@type":"ListItem","position":2,"name":"iPhone Xs Max: Probleme mit dem Laden"}]},{"@type":"WebSite","@id":"https:\/\/www.apfelpatient.de\/#website","url":"https:\/\/www.apfelpatient.de\/","name":"apple patient","description":"Everything about Apple!","publisher":{"@type":"Organization","@id":"https:\/\/www.apfelpatient.de\/en\/#organization","name":"Apfelpatient","url":"https:\/\/www.apfelpatient.de\/en\/"},"alternateName":"Apfelpatient","potentialAction":[{"@type":"SearchAction","target":{"@type":"EntryPoint","urlTemplate":"https:\/\/www.apfelpatient.de\/?s={search_term_string}"},"query-input":{"@type":"PropertyValueSpecification","valueRequired":true,"valueName":"search_term_string"}}],"inLanguage":"en-US"},{"@type":["Person","Organization"],"@id":"https:\/\/www.apfelpatient.de\/#\/schema\/person\/7dc56ad6c8e9824b76d2c08d4c140e13","name":"Milan","logo":{"@id":"https:\/\/www.apfelpatient.de\/#\/schema\/person\/image\/"},"description":"Hello and welcome to my technology blog! As a big Apple fan, I report on everything to do with Apple: from the latest news and exciting rumors to helpful tips and tricks and detailed product tests. If you are as enthusiastic about technology as I am, you have come to the right place!","sameAs":["https:\/\/www.facebook.com\/apfelpatientOfficial","https:\/\/www.linkedin.com\/in\/milan-jovicic-42aa0231b"],"url":"https:\/\/www.apfelpatient.de\/en\/author\/apfeladmin"}]}},"_links":{"self":[{"href":"https:\/\/www.apfelpatient.de\/en\/wp-json\/wp\/v2\/posts\/2190","targetHints":{"allow":["GET"]}}],"collection":[{"href":"https:\/\/www.apfelpatient.de\/en\/wp-json\/wp\/v2\/posts"}],"about":[{"href":"https:\/\/www.apfelpatient.de\/en\/wp-json\/wp\/v2\/types\/post"}],"author":[{"embeddable":true,"href":"https:\/\/www.apfelpatient.de\/en\/wp-json\/wp\/v2\/users\/2"}],"replies":[{"embeddable":true,"href":"https:\/\/www.apfelpatient.de\/en\/wp-json\/wp\/v2\/comments?post=2190"}],"version-history":[{"count":0,"href":"https:\/\/www.apfelpatient.de\/en\/wp-json\/wp\/v2\/posts\/2190\/revisions"}],"wp:featuredmedia":[{"embeddable":true,"href":"https:\/\/www.apfelpatient.de\/en\/wp-json\/wp\/v2\/media\/2031"}],"wp:attachment":[{"href":"https:\/\/www.apfelpatient.de\/en\/wp-json\/wp\/v2\/media?parent=2190"}],"wp:term":[{"taxonomy":"category","embeddable":true,"href":"https:\/\/www.apfelpatient.de\/en\/wp-json\/wp\/v2\/categories?post=2190"},{"taxonomy":"post_tag","embeddable":true,"href":"https:\/\/www.apfelpatient.de\/en\/wp-json\/wp\/v2\/tags?post=2190"}],"curies":[{"name":"wp","href":"https:\/\/api.w.org\/{rel}","templated":true}]}}