{"id":21898,"date":"2021-04-29T16:24:37","date_gmt":"2021-04-29T14:24:37","guid":{"rendered":"https:\/\/www.apfelpatient.de\/?p=21898"},"modified":"2021-04-29T16:24:39","modified_gmt":"2021-04-29T14:24:39","slug":"ipad-pro-imac-apple-tv-4k-apple-accidentally-confirms-delivery-date","status":"publish","type":"post","link":"https:\/\/www.apfelpatient.de\/en\/news\/ipad-pro-imac-apple-tv-4k-apple-bestaetigt-versehentlich-lieferdatum","title":{"rendered":"iPad Pro, iMac &amp; Apple TV 4K: Apple accidentally confirms delivery date"},"content":{"rendered":"<p class=\"has-drop-cap\"><strong>Apple has now published a press release promoting the pre-order of the iPad Pro, iMac and Apple TV 4K. However, no delivery date was officially mentioned. But the metadata contained interesting details.<\/strong><\/p>\n\n\n\n<p>Apple has released a press release <a href=\"https:\/\/www.apple.com\/newsroom\/2021\/04\/all-new-imac-ipad-pro-and-apple-tv-4k-orders-start-tomorrow\/\" target=\"_blank\" rel=\"noreferrer noopener\">published<\/a> highlighting the iPad Pro, iMac and Apple TV 4K. All three devices can be officially pre-ordered starting tomorrow. Regarding the delivery date, the company continues to state the second half of May. But the HTML metadata describing the document originally contained more (via <a href=\"https:\/\/twitter.com\/JasonAten\/status\/1387759008984014857?ref_src=twsrc%5Etfw%7Ctwcamp%5Etweetembed%7Ctwterm%5E1387759008984014857%7Ctwgr%5E%7Ctwcon%5Es1_&amp;ref_url=https%3A%2F%2Fappleinsider.com%2Farticles%2F21%2F04%2F29%2Fapple-inadvertently-confirms-may-21-availability-for-ipad-pro-m1-imac-apple-tv-4k\" target=\"_blank\" rel=\"noreferrer noopener\">Jason Aten<\/a>). It stated that delivery of the devices would begin on May 21st.<\/p>\n\n\n\n<h3 class=\"wp-block-heading\" id=\"h-ipad-pro-imac-apple-tv-4k-lieferdatum-nicht-neu\">iPad Pro, iMac &amp; Apple TV 4K: Delivery date not new<\/h3>\n\n\n\n\n\n\n\n<p>This date coincides with previous <a href=\"https:\/\/www.apfelpatient.de\/en\/rumors\/imac-ipad-pro-apple-tv-starts-shipping-on-21-may\">rumors<\/a>, which were spread by well-known leakers such as Jon Prosser. The text within the document stated that the devices would arrive &quot;in stores and at doorsteps around the world on May 21st.&quot; Apple has since adjusted the metadata and removed the date itself. As long as Apple does not confirm it officially, the whole thing should still be viewed with skepticism. After all, a lot can change in the next few days and weeks. (Image: Apple)<\/p>\n\n\n\n<h6 class=\"wp-block-heading translation-block\" id=\"h-kennt-ihr-schon-unsere-amazon-storefront-dort-findet-ihr-eine-handverlesene-auswahl-von-diversen-produkten-f-r-euer-iphone-und-co-viel-spa-beim-st-bern\"><em>Have you already visited our Amazon Storefront? There you&#039;ll find a hand-picked selection of various products for your iPhone and other devices \u2013 <span class=\"has-inline-color has-vivid-red-color\"><a href=\"https:\/\/www.amazon.de\/shop\/apfelpatientofficial\" class=\"ek-link\" data-wpel-link=\"exclude\" rel=\"follow noopener\" target=\"_self\"><span style=\"text-decoration: underline\" class=\"ek-underline\">enjoy browsing<\/span><\/a> !<\/span><\/em><\/h6>\n\n\n\n<h6 class=\"wp-block-heading translation-block\" id=\"h-der-beitrag-enthalt-partnerlinks\">This post contains <a data-type=\"URL\" data-id=\"https:\/\/www.apfelpatient.de\/partnerprogramm\" href=\"https:\/\/www.apfelpatient.de\/en\/partner-program\" data-wpel-link=\"internal\" target=\"_self\">affiliate links<\/a>.<\/h6>","protected":false},"excerpt":{"rendered":"<p>Apple has now released a press release promoting pre-orders for iPad Pro, iMac and Apple TV 4K.<\/p>","protected":false},"author":2,"featured_media":21646,"comment_status":"closed","ping_status":"closed","sticky":false,"template":"","format":"standard","meta":{"jnews-multi-image_gallery":[],"jnews_single_post":{"subtitle":"","format":"standard","video":"","gallery":"","source_name":"","source_url":"","via_name":"","via_url":"","override":[{"single_blog_custom":"","sidebar":"","second_sidebar":"","share_position":"","share_float_style":"","post_date_format":"","post_date_format_custom":"","post_reading_time_wpm":"","zoom_button_out_step":"1","zoom_button_in_step":"1","number_popup_post":"1"}],"image_override":[{"single_post_thumbnail_size":"","single_post_gallery_size":""}],"trending_post_position":"","trending_post_label":"","sponsored_post_label":"","sponsored_post_name":"","sponsored_post_url":"","sponsored_post_logo":"","sponsored_post_desc":""},"jnews_primary_category":{"id":"9"},"footnotes":""},"categories":[9],"tags":[156,18,40],"class_list":["post-21898","post","type-post","status-publish","format-standard","has-post-thumbnail","hentry","category-news","tag-apple-tv","tag-ipad","tag-mac"],"yoast_head":"<!-- This site is optimized with the Yoast SEO Premium plugin v27.5 (Yoast SEO v27.5) - https:\/\/yoast.com\/product\/yoast-seo-premium-wordpress\/ -->\n<title>iPad Pro, iMac &amp; Apple TV 4K: Apple best\u00e4tigt versehentlich Lieferdatum<\/title>\n<meta name=\"description\" content=\"Apple hat nun eine Pressemitteilung ver\u00f6ffentlicht, die f\u00fcr die Vorbestellung von iPad Pro, iMac und Apple TV 4K wirbt.\" \/>\n<meta name=\"robots\" content=\"index, follow, max-snippet:-1, max-image-preview:large, max-video-preview:-1\" \/>\n<link rel=\"canonical\" href=\"https:\/\/www.apfelpatient.de\/en\/news\/ipad-pro-imac-apple-tv-4k-apple-accidentally-confirms-delivery-date\" \/>\n<meta property=\"og:locale\" content=\"en_US\" \/>\n<meta property=\"og:type\" content=\"article\" \/>\n<meta property=\"og:title\" content=\"iPad Pro, iMac &amp; Apple TV 4K: Apple best\u00e4tigt versehentlich Lieferdatum\" \/>\n<meta property=\"og:description\" content=\"Apple hat nun eine Pressemitteilung ver\u00f6ffentlicht, die f\u00fcr die Vorbestellung von iPad Pro, iMac und Apple TV 4K wirbt.\" \/>\n<meta property=\"og:url\" content=\"https:\/\/www.apfelpatient.de\/en\/news\/ipad-pro-imac-apple-tv-4k-apple-accidentally-confirms-delivery-date\" \/>\n<meta property=\"og:site_name\" content=\"Apfelpatient\" \/>\n<meta property=\"article:publisher\" content=\"https:\/\/www.facebook.com\/apfelpatientOfficial\" \/>\n<meta property=\"article:author\" content=\"https:\/\/www.facebook.com\/apfelpatientOfficial\" \/>\n<meta property=\"article:published_time\" content=\"2021-04-29T14:24:37+00:00\" \/>\n<meta property=\"article:modified_time\" content=\"2021-04-29T14:24:39+00:00\" \/>\n<meta property=\"og:image\" content=\"https:\/\/www.apfelpatient.de\/wp-content\/uploads\/2021\/04\/Apple_unveils-the-next-gen-of-AppleTV4K_042021-1.jpg\" \/>\n\t<meta property=\"og:image:width\" content=\"1960\" \/>\n\t<meta property=\"og:image:height\" content=\"1102\" \/>\n\t<meta property=\"og:image:type\" content=\"image\/jpeg\" \/>\n<meta name=\"author\" content=\"Milan\" \/>\n<meta name=\"twitter:card\" content=\"summary_large_image\" \/>\n<meta name=\"twitter:description\" content=\"Apple hat nun eine Pressemitteilung ver\u00f6ffentlicht, die f\u00fcr die Vorbestellung von iPad Pro, iMac und Apple TV 4K wirbt.\" \/>\n<meta name=\"twitter:label1\" content=\"Written by\" \/>\n\t<meta name=\"twitter:data1\" content=\"Milan\" \/>\n\t<meta name=\"twitter:label2\" content=\"Est. reading time\" \/>\n\t<meta name=\"twitter:data2\" content=\"1 minute\" \/>\n<script type=\"application\/ld+json\" class=\"yoast-schema-graph\">{\"@context\":\"https:\\\/\\\/schema.org\",\"@graph\":[{\"@type\":\"NewsArticle\",\"@id\":\"https:\\\/\\\/www.apfelpatient.de\\\/news\\\/ipad-pro-imac-apple-tv-4k-apple-bestaetigt-versehentlich-lieferdatum#article\",\"isPartOf\":{\"@id\":\"https:\\\/\\\/www.apfelpatient.de\\\/news\\\/ipad-pro-imac-apple-tv-4k-apple-bestaetigt-versehentlich-lieferdatum\"},\"author\":{\"@type\":\"Organization\",\"@id\":\"https:\\\/\\\/www.apfelpatient.de\\\/en\\\/#organization\",\"name\":\"Apfelpatient\",\"url\":\"https:\\\/\\\/www.apfelpatient.de\\\/en\\\/\"},\"headline\":\"iPad Pro, iMac &#038; Apple TV 4K: Apple best\u00e4tigt versehentlich Lieferdatum\",\"datePublished\":\"2021-04-29T14:24:37+00:00\",\"dateModified\":\"2021-04-29T14:24:39+00:00\",\"mainEntityOfPage\":{\"@id\":\"https:\\\/\\\/www.apfelpatient.de\\\/news\\\/ipad-pro-imac-apple-tv-4k-apple-bestaetigt-versehentlich-lieferdatum\"},\"wordCount\":214,\"publisher\":{\"@type\":\"Organization\",\"@id\":\"https:\\\/\\\/www.apfelpatient.de\\\/en\\\/#organization\",\"name\":\"Apfelpatient\",\"url\":\"https:\\\/\\\/www.apfelpatient.de\\\/en\\\/\"},\"image\":{\"@id\":\"https:\\\/\\\/www.apfelpatient.de\\\/news\\\/ipad-pro-imac-apple-tv-4k-apple-bestaetigt-versehentlich-lieferdatum#primaryimage\"},\"thumbnailUrl\":\"https:\\\/\\\/www.apfelpatient.de\\\/wp-content\\\/uploads\\\/2021\\\/04\\\/Apple_unveils-the-next-gen-of-AppleTV4K_042021-1.jpg\",\"keywords\":[\"Apple TV\",\"iPad\",\"Mac\"],\"articleSection\":\"News\",\"inLanguage\":\"en-US\",\"copyrightYear\":\"2021\",\"copyrightHolder\":{\"@id\":\"https:\\\/\\\/www.apfelpatient.de\\\/en\\\/#organization\"}},{\"@type\":\"WebPage\",\"@id\":\"https:\\\/\\\/www.apfelpatient.de\\\/news\\\/ipad-pro-imac-apple-tv-4k-apple-bestaetigt-versehentlich-lieferdatum\",\"url\":\"https:\\\/\\\/www.apfelpatient.de\\\/news\\\/ipad-pro-imac-apple-tv-4k-apple-bestaetigt-versehentlich-lieferdatum\",\"name\":\"iPad Pro, iMac & Apple TV 4K: Apple best\u00e4tigt versehentlich Lieferdatum\",\"isPartOf\":{\"@id\":\"https:\\\/\\\/www.apfelpatient.de\\\/#website\"},\"primaryImageOfPage\":{\"@id\":\"https:\\\/\\\/www.apfelpatient.de\\\/news\\\/ipad-pro-imac-apple-tv-4k-apple-bestaetigt-versehentlich-lieferdatum#primaryimage\"},\"image\":{\"@id\":\"https:\\\/\\\/www.apfelpatient.de\\\/news\\\/ipad-pro-imac-apple-tv-4k-apple-bestaetigt-versehentlich-lieferdatum#primaryimage\"},\"thumbnailUrl\":\"https:\\\/\\\/www.apfelpatient.de\\\/wp-content\\\/uploads\\\/2021\\\/04\\\/Apple_unveils-the-next-gen-of-AppleTV4K_042021-1.jpg\",\"datePublished\":\"2021-04-29T14:24:37+00:00\",\"dateModified\":\"2021-04-29T14:24:39+00:00\",\"description\":\"Apple hat nun eine Pressemitteilung ver\u00f6ffentlicht, die f\u00fcr die Vorbestellung von iPad Pro, iMac und Apple TV 4K wirbt.\",\"breadcrumb\":{\"@id\":\"https:\\\/\\\/www.apfelpatient.de\\\/news\\\/ipad-pro-imac-apple-tv-4k-apple-bestaetigt-versehentlich-lieferdatum#breadcrumb\"},\"inLanguage\":\"en-US\",\"potentialAction\":[{\"@type\":\"ReadAction\",\"target\":[\"https:\\\/\\\/www.apfelpatient.de\\\/news\\\/ipad-pro-imac-apple-tv-4k-apple-bestaetigt-versehentlich-lieferdatum\"]}]},{\"@type\":\"ImageObject\",\"inLanguage\":\"en-US\",\"@id\":\"https:\\\/\\\/www.apfelpatient.de\\\/news\\\/ipad-pro-imac-apple-tv-4k-apple-bestaetigt-versehentlich-lieferdatum#primaryimage\",\"url\":\"https:\\\/\\\/www.apfelpatient.de\\\/wp-content\\\/uploads\\\/2021\\\/04\\\/Apple_unveils-the-next-gen-of-AppleTV4K_042021-1.jpg\",\"contentUrl\":\"https:\\\/\\\/www.apfelpatient.de\\\/wp-content\\\/uploads\\\/2021\\\/04\\\/Apple_unveils-the-next-gen-of-AppleTV4K_042021-1.jpg\",\"width\":1960,\"height\":1102,\"caption\":\"Bild: Apple\"},{\"@type\":\"BreadcrumbList\",\"@id\":\"https:\\\/\\\/www.apfelpatient.de\\\/news\\\/ipad-pro-imac-apple-tv-4k-apple-bestaetigt-versehentlich-lieferdatum#breadcrumb\",\"itemListElement\":[{\"@type\":\"ListItem\",\"position\":1,\"name\":\"Startseite\",\"item\":\"https:\\\/\\\/www.apfelpatient.de\\\/\"},{\"@type\":\"ListItem\",\"position\":2,\"name\":\"iPad Pro, iMac &#038; Apple TV 4K: Apple best\u00e4tigt versehentlich Lieferdatum\"}]},{\"@type\":\"WebSite\",\"@id\":\"https:\\\/\\\/www.apfelpatient.de\\\/#website\",\"url\":\"https:\\\/\\\/www.apfelpatient.de\\\/\",\"name\":\"Apfelpatient\",\"description\":\"Alles rund um Apple!\",\"publisher\":{\"@type\":\"Organization\",\"@id\":\"https:\\\/\\\/www.apfelpatient.de\\\/en\\\/#organization\",\"name\":\"Apfelpatient\",\"url\":\"https:\\\/\\\/www.apfelpatient.de\\\/en\\\/\"},\"alternateName\":\"Apfelpatient\",\"potentialAction\":[{\"@type\":\"SearchAction\",\"target\":{\"@type\":\"EntryPoint\",\"urlTemplate\":\"https:\\\/\\\/www.apfelpatient.de\\\/?s={search_term_string}\"},\"query-input\":{\"@type\":\"PropertyValueSpecification\",\"valueRequired\":true,\"valueName\":\"search_term_string\"}}],\"inLanguage\":\"en-US\"},{\"@type\":[\"Person\",\"Organization\"],\"@id\":\"https:\\\/\\\/www.apfelpatient.de\\\/#\\\/schema\\\/person\\\/7dc56ad6c8e9824b76d2c08d4c140e13\",\"name\":\"Milan\",\"logo\":{\"@id\":\"https:\\\/\\\/www.apfelpatient.de\\\/#\\\/schema\\\/person\\\/image\\\/\"},\"description\":\"Hallo und herzlich willkommen auf meinem Technik-Blog! Als gro\u00dfer Apple-Fan berichte ich hier \u00fcber alles, was mit Apple zu tun hat: von den neuesten News und spannenden Ger\u00fcchten \u00fcber hilfreiche Tipps und Tricks bis hin zu ausf\u00fchrlichen Produkttests. Wenn du genauso technikbegeistert bist wie ich, bist du hier genau richtig!\",\"sameAs\":[\"https:\\\/\\\/www.facebook.com\\\/apfelpatientOfficial\",\"https:\\\/\\\/www.linkedin.com\\\/in\\\/milan-jovicic-42aa0231b\"],\"url\":\"https:\\\/\\\/www.apfelpatient.de\\\/en\\\/author\\\/apfeladmin\"}]}<\/script>\n<!-- \/ Yoast SEO Premium plugin. -->","yoast_head_json":{"title":"iPad Pro, iMac &amp; Apple TV 4K: Apple accidentally confirms delivery date","description":"Apple has now released a press release promoting pre-orders for iPad Pro, iMac and Apple TV 4K.","robots":{"index":"index","follow":"follow","max-snippet":"max-snippet:-1","max-image-preview":"max-image-preview:large","max-video-preview":"max-video-preview:-1"},"canonical":"https:\/\/www.apfelpatient.de\/en\/news\/ipad-pro-imac-apple-tv-4k-apple-accidentally-confirms-delivery-date","og_locale":"en_US","og_type":"article","og_title":"iPad Pro, iMac & Apple TV 4K: Apple best\u00e4tigt versehentlich Lieferdatum","og_description":"Apple hat nun eine Pressemitteilung ver\u00f6ffentlicht, die f\u00fcr die Vorbestellung von iPad Pro, iMac und Apple TV 4K wirbt.","og_url":"https:\/\/www.apfelpatient.de\/en\/news\/ipad-pro-imac-apple-tv-4k-apple-accidentally-confirms-delivery-date","og_site_name":"Apfelpatient","article_publisher":"https:\/\/www.facebook.com\/apfelpatientOfficial","article_author":"https:\/\/www.facebook.com\/apfelpatientOfficial","article_published_time":"2021-04-29T14:24:37+00:00","article_modified_time":"2021-04-29T14:24:39+00:00","og_image":[{"width":1960,"height":1102,"url":"https:\/\/www.apfelpatient.de\/wp-content\/uploads\/2021\/04\/Apple_unveils-the-next-gen-of-AppleTV4K_042021-1.jpg","type":"image\/jpeg"}],"author":"Milan","twitter_card":"summary_large_image","twitter_description":"Apple hat nun eine Pressemitteilung ver\u00f6ffentlicht, die f\u00fcr die Vorbestellung von iPad Pro, iMac und Apple TV 4K wirbt.","twitter_misc":{"Written by":"Milan","Est. reading time":"1 minute"},"schema":{"@context":"https:\/\/schema.org","@graph":[{"@type":"NewsArticle","@id":"https:\/\/www.apfelpatient.de\/news\/ipad-pro-imac-apple-tv-4k-apple-bestaetigt-versehentlich-lieferdatum#article","isPartOf":{"@id":"https:\/\/www.apfelpatient.de\/news\/ipad-pro-imac-apple-tv-4k-apple-bestaetigt-versehentlich-lieferdatum"},"author":{"@type":"Organization","@id":"https:\/\/www.apfelpatient.de\/en\/#organization","name":"Apfelpatient","url":"https:\/\/www.apfelpatient.de\/en\/"},"headline":"iPad Pro, iMac &#038; Apple TV 4K: Apple best\u00e4tigt versehentlich Lieferdatum","datePublished":"2021-04-29T14:24:37+00:00","dateModified":"2021-04-29T14:24:39+00:00","mainEntityOfPage":{"@id":"https:\/\/www.apfelpatient.de\/news\/ipad-pro-imac-apple-tv-4k-apple-bestaetigt-versehentlich-lieferdatum"},"wordCount":214,"publisher":{"@type":"Organization","@id":"https:\/\/www.apfelpatient.de\/en\/#organization","name":"Apfelpatient","url":"https:\/\/www.apfelpatient.de\/en\/"},"image":{"@id":"https:\/\/www.apfelpatient.de\/news\/ipad-pro-imac-apple-tv-4k-apple-bestaetigt-versehentlich-lieferdatum#primaryimage"},"thumbnailUrl":"https:\/\/www.apfelpatient.de\/wp-content\/uploads\/2021\/04\/Apple_unveils-the-next-gen-of-AppleTV4K_042021-1.jpg","keywords":["Apple TV","iPad","Mac"],"articleSection":"News","inLanguage":"en-US","copyrightYear":"2021","copyrightHolder":{"@id":"https:\/\/www.apfelpatient.de\/en\/#organization"}},{"@type":"WebPage","@id":"https:\/\/www.apfelpatient.de\/news\/ipad-pro-imac-apple-tv-4k-apple-bestaetigt-versehentlich-lieferdatum","url":"https:\/\/www.apfelpatient.de\/news\/ipad-pro-imac-apple-tv-4k-apple-bestaetigt-versehentlich-lieferdatum","name":"iPad Pro, iMac &amp; Apple TV 4K: Apple accidentally confirms delivery date","isPartOf":{"@id":"https:\/\/www.apfelpatient.de\/#website"},"primaryImageOfPage":{"@id":"https:\/\/www.apfelpatient.de\/news\/ipad-pro-imac-apple-tv-4k-apple-bestaetigt-versehentlich-lieferdatum#primaryimage"},"image":{"@id":"https:\/\/www.apfelpatient.de\/news\/ipad-pro-imac-apple-tv-4k-apple-bestaetigt-versehentlich-lieferdatum#primaryimage"},"thumbnailUrl":"https:\/\/www.apfelpatient.de\/wp-content\/uploads\/2021\/04\/Apple_unveils-the-next-gen-of-AppleTV4K_042021-1.jpg","datePublished":"2021-04-29T14:24:37+00:00","dateModified":"2021-04-29T14:24:39+00:00","description":"Apple has now released a press release promoting pre-orders for iPad Pro, iMac and Apple TV 4K.","breadcrumb":{"@id":"https:\/\/www.apfelpatient.de\/news\/ipad-pro-imac-apple-tv-4k-apple-bestaetigt-versehentlich-lieferdatum#breadcrumb"},"inLanguage":"en-US","potentialAction":[{"@type":"ReadAction","target":["https:\/\/www.apfelpatient.de\/news\/ipad-pro-imac-apple-tv-4k-apple-bestaetigt-versehentlich-lieferdatum"]}]},{"@type":"ImageObject","inLanguage":"en-US","@id":"https:\/\/www.apfelpatient.de\/news\/ipad-pro-imac-apple-tv-4k-apple-bestaetigt-versehentlich-lieferdatum#primaryimage","url":"https:\/\/www.apfelpatient.de\/wp-content\/uploads\/2021\/04\/Apple_unveils-the-next-gen-of-AppleTV4K_042021-1.jpg","contentUrl":"https:\/\/www.apfelpatient.de\/wp-content\/uploads\/2021\/04\/Apple_unveils-the-next-gen-of-AppleTV4K_042021-1.jpg","width":1960,"height":1102,"caption":"Bild: Apple"},{"@type":"BreadcrumbList","@id":"https:\/\/www.apfelpatient.de\/news\/ipad-pro-imac-apple-tv-4k-apple-bestaetigt-versehentlich-lieferdatum#breadcrumb","itemListElement":[{"@type":"ListItem","position":1,"name":"Startseite","item":"https:\/\/www.apfelpatient.de\/"},{"@type":"ListItem","position":2,"name":"iPad Pro, iMac &#038; Apple TV 4K: Apple best\u00e4tigt versehentlich Lieferdatum"}]},{"@type":"WebSite","@id":"https:\/\/www.apfelpatient.de\/#website","url":"https:\/\/www.apfelpatient.de\/","name":"apple patient","description":"Everything about Apple!","publisher":{"@type":"Organization","@id":"https:\/\/www.apfelpatient.de\/en\/#organization","name":"Apfelpatient","url":"https:\/\/www.apfelpatient.de\/en\/"},"alternateName":"Apfelpatient","potentialAction":[{"@type":"SearchAction","target":{"@type":"EntryPoint","urlTemplate":"https:\/\/www.apfelpatient.de\/?s={search_term_string}"},"query-input":{"@type":"PropertyValueSpecification","valueRequired":true,"valueName":"search_term_string"}}],"inLanguage":"en-US"},{"@type":["Person","Organization"],"@id":"https:\/\/www.apfelpatient.de\/#\/schema\/person\/7dc56ad6c8e9824b76d2c08d4c140e13","name":"Milan","logo":{"@id":"https:\/\/www.apfelpatient.de\/#\/schema\/person\/image\/"},"description":"Hello and welcome to my technology blog! As a big Apple fan, I report on everything to do with Apple: from the latest news and exciting rumors to helpful tips and tricks and detailed product tests. If you are as enthusiastic about technology as I am, you have come to the right place!","sameAs":["https:\/\/www.facebook.com\/apfelpatientOfficial","https:\/\/www.linkedin.com\/in\/milan-jovicic-42aa0231b"],"url":"https:\/\/www.apfelpatient.de\/en\/author\/apfeladmin"}]}},"_links":{"self":[{"href":"https:\/\/www.apfelpatient.de\/en\/wp-json\/wp\/v2\/posts\/21898","targetHints":{"allow":["GET"]}}],"collection":[{"href":"https:\/\/www.apfelpatient.de\/en\/wp-json\/wp\/v2\/posts"}],"about":[{"href":"https:\/\/www.apfelpatient.de\/en\/wp-json\/wp\/v2\/types\/post"}],"author":[{"embeddable":true,"href":"https:\/\/www.apfelpatient.de\/en\/wp-json\/wp\/v2\/users\/2"}],"replies":[{"embeddable":true,"href":"https:\/\/www.apfelpatient.de\/en\/wp-json\/wp\/v2\/comments?post=21898"}],"version-history":[{"count":0,"href":"https:\/\/www.apfelpatient.de\/en\/wp-json\/wp\/v2\/posts\/21898\/revisions"}],"wp:featuredmedia":[{"embeddable":true,"href":"https:\/\/www.apfelpatient.de\/en\/wp-json\/wp\/v2\/media\/21646"}],"wp:attachment":[{"href":"https:\/\/www.apfelpatient.de\/en\/wp-json\/wp\/v2\/media?parent=21898"}],"wp:term":[{"taxonomy":"category","embeddable":true,"href":"https:\/\/www.apfelpatient.de\/en\/wp-json\/wp\/v2\/categories?post=21898"},{"taxonomy":"post_tag","embeddable":true,"href":"https:\/\/www.apfelpatient.de\/en\/wp-json\/wp\/v2\/tags?post=21898"}],"curies":[{"name":"wp","href":"https:\/\/api.w.org\/{rel}","templated":true}]}}