{"id":21873,"date":"2021-04-29T00:34:43","date_gmt":"2021-04-28T22:34:43","guid":{"rendered":"https:\/\/www.apfelpatient.de\/?p=21873"},"modified":"2021-04-29T00:34:44","modified_gmt":"2021-04-28T22:34:44","slug":"ipad-and-mac-apple-warns-of-supply-bottlenecks","status":"publish","type":"post","link":"https:\/\/www.apfelpatient.de\/en\/news\/ipad-und-mac-apple-warnt-vor-lieferengpaessen","title":{"rendered":"iPad and Mac: Apple warns of supply bottlenecks"},"content":{"rendered":"<p class=\"has-drop-cap\"><strong>Apple has now officially opened its books and reported record profits in Q2 2021. But the company also warns of supply shortages that could affect its Mac and iPad product range.<\/strong><\/p>\n\n\n\n<p>Speaking to analysts, CEO Tim Cook said Apple had no supply shortages in Q2. But that will change in the third quarter. When asked how Apple was able to avoid supply shortages in Q2 2021, despite an industry-wide chip shortage and record demand for iPad and Mac, Cook explained:<\/p>\n\n\n\n<blockquote class=\"wp-block-quote is-layout-flow wp-block-quote-is-layout-flow\"><p>We didn&#039;t have a material supply shortage in Q2. At the end, all the buffers and compensations collapse. That happens all the way through the supply chain. That allows you to go a little bit higher than what we expected going into the quarter.<\/p><\/blockquote>\n\n\n\n<h3 class=\"wp-block-heading\" id=\"h-tim-cook-schwer-auswirkungen-vorherzusagen\">Tim Cook: &quot;Difficult to predict impact&quot;<\/h3>\n\n\n\n\n\n\n\n<p>The supply bottlenecks in the third fiscal quarter will primarily affect the Mac and iPad product range, Cook and CFO Luca Maestri explained during the conference call.<\/p>\n\n\n\n<blockquote class=\"wp-block-quote is-layout-flow wp-block-quote-is-layout-flow\"><p>We expect this to be a supply, not a demand.<\/p><\/blockquote>\n\n\n\n<p>Cook also explained that \u201clegacy nodes\u201d are the biggest problem in the shortage and it is hard for Apple to predict the impact because so many players are involved. Apple has also seen a boom in demand for iPads and Macs over the past year as people work and learn from home amid the COVID-19 pandemic. Maestri told investors that the restrictions have <a href=\"https:\/\/www.apple.com\/\" target=\"_blank\" rel=\"noreferrer noopener\">Pursue<\/a> could cost Apple about $3 billion to $4 billion in revenue in the third quarter of the fiscal year. Despite this, he said Apple expects &quot;strong double-digit&quot; revenue growth for the quarter compared to the previous year.<\/p>\n\n\n\n<h3 class=\"wp-block-heading\" id=\"h-lange-lieferzeiten-bei-neuen-imac-und-ipad-pro-modellen-zu-erwarten\">Long delivery times to be expected for new iMac and iPad Pro models?<\/h3>\n\n\n\n\n\n\n\n<blockquote class=\"wp-block-quote is-layout-flow wp-block-quote-is-layout-flow\"><p>We wish we had higher inventory levels of iPad and Mac.<\/p><\/blockquote>\n\n\n\n<p>The comments from Cook and Maestri come as Apple prepares to release new versions of the iMac and iPad Pro, with pre-orders beginning on Friday, April 30. Apple has not provided detailed information on the availability of these new products, only saying that the first orders will arrive in the second half of May. Today&#039;s comments from Cook and Maestri seem to indicate that the new iMac and iPad Pro may be difficult to get hold of at first. (Photo by Elinaxx1v \/ Bigstockphoto)<\/p>\n\n\n\n<ul class=\"wp-block-list\"><li><a href=\"https:\/\/www.apfelpatient.de\/en\/news\/m1-processor-apple-plans-to-merge-mac-and-ipad\">M1 processor: Is Apple planning to merge Mac &amp; iPad?<\/a><\/li><\/ul>\n\n\n\n<h6 class=\"wp-block-heading translation-block\" id=\"h-kennt-ihr-schon-unsere-amazon-storefront-dort-findet-ihr-eine-handverlesene-auswahl-von-diversen-produkten-f-r-euer-iphone-und-co-viel-spa-beim-st-bern\"><em>Have you already visited our Amazon Storefront? There you&#039;ll find a hand-picked selection of various products for your iPhone and other devices \u2013 <span class=\"has-inline-color has-vivid-red-color\"><a href=\"https:\/\/www.amazon.de\/shop\/apfelpatientofficial\" class=\"ek-link\" data-wpel-link=\"exclude\" rel=\"follow noopener\" target=\"_self\"><span style=\"text-decoration: underline\" class=\"ek-underline\">enjoy browsing<\/span><\/a> !<\/span><\/em><\/h6>\n\n\n\n<h6 class=\"wp-block-heading translation-block\" id=\"h-der-beitrag-enthalt-partnerlinks\">This post contains <a data-type=\"URL\" data-id=\"https:\/\/www.apfelpatient.de\/partnerprogramm\" href=\"https:\/\/www.apfelpatient.de\/en\/partner-program\" data-wpel-link=\"internal\" target=\"_self\">affiliate links<\/a>.<\/h6>","protected":false},"excerpt":{"rendered":"<p>But the company also warns of supply shortages that could affect the Mac and iPad product range.<\/p>","protected":false},"author":2,"featured_media":21872,"comment_status":"closed","ping_status":"closed","sticky":false,"template":"","format":"standard","meta":{"jnews-multi-image_gallery":[],"jnews_single_post":{"subtitle":"","format":"standard","video":"","gallery":"","source_name":"","source_url":"","via_name":"","via_url":"","override":[{"single_blog_custom":"","sidebar":"","second_sidebar":"","share_position":"","share_float_style":"","post_date_format":"","post_date_format_custom":"","post_reading_time_wpm":"","zoom_button_out_step":"1","zoom_button_in_step":"1","number_popup_post":"1"}],"image_override":[{"single_post_thumbnail_size":"","single_post_gallery_size":""}],"trending_post_position":"","trending_post_label":"","sponsored_post_label":"","sponsored_post_name":"","sponsored_post_url":"","sponsored_post_logo":"","sponsored_post_desc":""},"jnews_primary_category":{"id":"9"},"footnotes":""},"categories":[9],"tags":[18,40],"class_list":["post-21873","post","type-post","status-publish","format-standard","has-post-thumbnail","hentry","category-news","tag-ipad","tag-mac"],"yoast_head":"<!-- This site is optimized with the Yoast SEO Premium plugin v27.5 (Yoast SEO v27.5) - https:\/\/yoast.com\/product\/yoast-seo-premium-wordpress\/ -->\n<title>iPad und Mac: Apple warnt vor Lieferengp\u00e4ssen Apfelpatient<\/title>\n<meta name=\"description\" content=\"Apple: Doch das Unternehmen warnt auch vor Lieferengp\u00e4ssen, die sich auf die Mac- und iPad-Produktpalette auswirken k\u00f6nnten.\" \/>\n<meta name=\"robots\" content=\"index, follow, max-snippet:-1, max-image-preview:large, max-video-preview:-1\" \/>\n<link rel=\"canonical\" href=\"https:\/\/www.apfelpatient.de\/en\/news\/ipad-and-mac-apple-warns-of-supply-bottlenecks\" \/>\n<meta property=\"og:locale\" content=\"en_US\" \/>\n<meta property=\"og:type\" content=\"article\" \/>\n<meta property=\"og:title\" content=\"iPad und Mac: Apple warnt vor Lieferengp\u00e4ssen\" \/>\n<meta property=\"og:description\" content=\"Doch das Unternehmen warnt auch vor Lieferengp\u00e4ssen, die sich auf die Mac- und iPad-Produktpalette auswirken k\u00f6nnten.\" \/>\n<meta property=\"og:url\" content=\"https:\/\/www.apfelpatient.de\/en\/news\/ipad-and-mac-apple-warns-of-supply-bottlenecks\" \/>\n<meta property=\"og:site_name\" content=\"Apfelpatient\" \/>\n<meta property=\"article:publisher\" content=\"https:\/\/www.facebook.com\/apfelpatientOfficial\" \/>\n<meta property=\"article:author\" content=\"https:\/\/www.facebook.com\/apfelpatientOfficial\" \/>\n<meta property=\"article:published_time\" content=\"2021-04-28T22:34:43+00:00\" \/>\n<meta property=\"article:modified_time\" content=\"2021-04-28T22:34:44+00:00\" \/>\n<meta property=\"og:image\" content=\"https:\/\/www.apfelpatient.de\/wp-content\/uploads\/2021\/04\/bigstock-Nice-France-New-405598754.jpg\" \/>\n\t<meta property=\"og:image:width\" content=\"1600\" \/>\n\t<meta property=\"og:image:height\" content=\"1067\" \/>\n\t<meta property=\"og:image:type\" content=\"image\/jpeg\" \/>\n<meta name=\"author\" content=\"Milan\" \/>\n<meta name=\"twitter:card\" content=\"summary_large_image\" \/>\n<meta name=\"twitter:description\" content=\"Doch das Unternehmen warnt auch vor Lieferengp\u00e4ssen, die sich auf die Mac- und iPad-Produktpalette auswirken k\u00f6nnten.\" \/>\n<meta name=\"twitter:label1\" content=\"Written by\" \/>\n\t<meta name=\"twitter:data1\" content=\"Milan\" \/>\n\t<meta name=\"twitter:label2\" content=\"Est. reading time\" \/>\n\t<meta name=\"twitter:data2\" content=\"2 minutes\" \/>\n<script type=\"application\/ld+json\" class=\"yoast-schema-graph\">{\"@context\":\"https:\\\/\\\/schema.org\",\"@graph\":[{\"@type\":\"NewsArticle\",\"@id\":\"https:\\\/\\\/www.apfelpatient.de\\\/news\\\/ipad-und-mac-apple-warnt-vor-lieferengpaessen#article\",\"isPartOf\":{\"@id\":\"https:\\\/\\\/www.apfelpatient.de\\\/news\\\/ipad-und-mac-apple-warnt-vor-lieferengpaessen\"},\"author\":{\"@type\":\"Organization\",\"@id\":\"https:\\\/\\\/www.apfelpatient.de\\\/en\\\/#organization\",\"name\":\"Apfelpatient\",\"url\":\"https:\\\/\\\/www.apfelpatient.de\\\/en\\\/\"},\"headline\":\"iPad und Mac: Apple warnt vor Lieferengp\u00e4ssen\",\"datePublished\":\"2021-04-28T22:34:43+00:00\",\"dateModified\":\"2021-04-28T22:34:44+00:00\",\"mainEntityOfPage\":{\"@id\":\"https:\\\/\\\/www.apfelpatient.de\\\/news\\\/ipad-und-mac-apple-warnt-vor-lieferengpaessen\"},\"wordCount\":423,\"publisher\":{\"@type\":\"Organization\",\"@id\":\"https:\\\/\\\/www.apfelpatient.de\\\/en\\\/#organization\",\"name\":\"Apfelpatient\",\"url\":\"https:\\\/\\\/www.apfelpatient.de\\\/en\\\/\"},\"image\":{\"@id\":\"https:\\\/\\\/www.apfelpatient.de\\\/news\\\/ipad-und-mac-apple-warnt-vor-lieferengpaessen#primaryimage\"},\"thumbnailUrl\":\"https:\\\/\\\/www.apfelpatient.de\\\/wp-content\\\/uploads\\\/2021\\\/04\\\/bigstock-Nice-France-New-405598754.jpg\",\"keywords\":[\"iPad\",\"Mac\"],\"articleSection\":\"News\",\"inLanguage\":\"en-US\",\"copyrightYear\":\"2021\",\"copyrightHolder\":{\"@id\":\"https:\\\/\\\/www.apfelpatient.de\\\/en\\\/#organization\"}},{\"@type\":\"WebPage\",\"@id\":\"https:\\\/\\\/www.apfelpatient.de\\\/news\\\/ipad-und-mac-apple-warnt-vor-lieferengpaessen\",\"url\":\"https:\\\/\\\/www.apfelpatient.de\\\/news\\\/ipad-und-mac-apple-warnt-vor-lieferengpaessen\",\"name\":\"iPad und Mac: Apple warnt vor Lieferengp\u00e4ssen Apfelpatient\",\"isPartOf\":{\"@id\":\"https:\\\/\\\/www.apfelpatient.de\\\/#website\"},\"primaryImageOfPage\":{\"@id\":\"https:\\\/\\\/www.apfelpatient.de\\\/news\\\/ipad-und-mac-apple-warnt-vor-lieferengpaessen#primaryimage\"},\"image\":{\"@id\":\"https:\\\/\\\/www.apfelpatient.de\\\/news\\\/ipad-und-mac-apple-warnt-vor-lieferengpaessen#primaryimage\"},\"thumbnailUrl\":\"https:\\\/\\\/www.apfelpatient.de\\\/wp-content\\\/uploads\\\/2021\\\/04\\\/bigstock-Nice-France-New-405598754.jpg\",\"datePublished\":\"2021-04-28T22:34:43+00:00\",\"dateModified\":\"2021-04-28T22:34:44+00:00\",\"description\":\"Apple: Doch das Unternehmen warnt auch vor Lieferengp\u00e4ssen, die sich auf die Mac- und iPad-Produktpalette auswirken k\u00f6nnten.\",\"breadcrumb\":{\"@id\":\"https:\\\/\\\/www.apfelpatient.de\\\/news\\\/ipad-und-mac-apple-warnt-vor-lieferengpaessen#breadcrumb\"},\"inLanguage\":\"en-US\",\"potentialAction\":[{\"@type\":\"ReadAction\",\"target\":[\"https:\\\/\\\/www.apfelpatient.de\\\/news\\\/ipad-und-mac-apple-warnt-vor-lieferengpaessen\"]}]},{\"@type\":\"ImageObject\",\"inLanguage\":\"en-US\",\"@id\":\"https:\\\/\\\/www.apfelpatient.de\\\/news\\\/ipad-und-mac-apple-warnt-vor-lieferengpaessen#primaryimage\",\"url\":\"https:\\\/\\\/www.apfelpatient.de\\\/wp-content\\\/uploads\\\/2021\\\/04\\\/bigstock-Nice-France-New-405598754.jpg\",\"contentUrl\":\"https:\\\/\\\/www.apfelpatient.de\\\/wp-content\\\/uploads\\\/2021\\\/04\\\/bigstock-Nice-France-New-405598754.jpg\",\"width\":1600,\"height\":1067,\"caption\":\"Nice, France - 29.01.2021: New iPad Pro 12.9 inches from Apple on a light background. Tablet Computer on a Wooden background. High quality photo\"},{\"@type\":\"BreadcrumbList\",\"@id\":\"https:\\\/\\\/www.apfelpatient.de\\\/news\\\/ipad-und-mac-apple-warnt-vor-lieferengpaessen#breadcrumb\",\"itemListElement\":[{\"@type\":\"ListItem\",\"position\":1,\"name\":\"Startseite\",\"item\":\"https:\\\/\\\/www.apfelpatient.de\\\/\"},{\"@type\":\"ListItem\",\"position\":2,\"name\":\"iPad und Mac: Apple warnt vor Lieferengp\u00e4ssen\"}]},{\"@type\":\"WebSite\",\"@id\":\"https:\\\/\\\/www.apfelpatient.de\\\/#website\",\"url\":\"https:\\\/\\\/www.apfelpatient.de\\\/\",\"name\":\"Apfelpatient\",\"description\":\"Alles rund um Apple!\",\"publisher\":{\"@type\":\"Organization\",\"@id\":\"https:\\\/\\\/www.apfelpatient.de\\\/en\\\/#organization\",\"name\":\"Apfelpatient\",\"url\":\"https:\\\/\\\/www.apfelpatient.de\\\/en\\\/\"},\"alternateName\":\"Apfelpatient\",\"potentialAction\":[{\"@type\":\"SearchAction\",\"target\":{\"@type\":\"EntryPoint\",\"urlTemplate\":\"https:\\\/\\\/www.apfelpatient.de\\\/?s={search_term_string}\"},\"query-input\":{\"@type\":\"PropertyValueSpecification\",\"valueRequired\":true,\"valueName\":\"search_term_string\"}}],\"inLanguage\":\"en-US\"},{\"@type\":[\"Person\",\"Organization\"],\"@id\":\"https:\\\/\\\/www.apfelpatient.de\\\/#\\\/schema\\\/person\\\/7dc56ad6c8e9824b76d2c08d4c140e13\",\"name\":\"Milan\",\"logo\":{\"@id\":\"https:\\\/\\\/www.apfelpatient.de\\\/#\\\/schema\\\/person\\\/image\\\/\"},\"description\":\"Hallo und herzlich willkommen auf meinem Technik-Blog! Als gro\u00dfer Apple-Fan berichte ich hier \u00fcber alles, was mit Apple zu tun hat: von den neuesten News und spannenden Ger\u00fcchten \u00fcber hilfreiche Tipps und Tricks bis hin zu ausf\u00fchrlichen Produkttests. Wenn du genauso technikbegeistert bist wie ich, bist du hier genau richtig!\",\"sameAs\":[\"https:\\\/\\\/www.facebook.com\\\/apfelpatientOfficial\",\"https:\\\/\\\/www.linkedin.com\\\/in\\\/milan-jovicic-42aa0231b\"],\"url\":\"https:\\\/\\\/www.apfelpatient.de\\\/en\\\/author\\\/apfeladmin\"}]}<\/script>\n<!-- \/ Yoast SEO Premium plugin. -->","yoast_head_json":{"title":"iPad and Mac: Apple warns of supply shortages Apfelpatient","description":"Apple: But the company also warns of supply bottlenecks that could affect the Mac and iPad product range.","robots":{"index":"index","follow":"follow","max-snippet":"max-snippet:-1","max-image-preview":"max-image-preview:large","max-video-preview":"max-video-preview:-1"},"canonical":"https:\/\/www.apfelpatient.de\/en\/news\/ipad-and-mac-apple-warns-of-supply-bottlenecks","og_locale":"en_US","og_type":"article","og_title":"iPad und Mac: Apple warnt vor Lieferengp\u00e4ssen","og_description":"Doch das Unternehmen warnt auch vor Lieferengp\u00e4ssen, die sich auf die Mac- und iPad-Produktpalette auswirken k\u00f6nnten.","og_url":"https:\/\/www.apfelpatient.de\/en\/news\/ipad-and-mac-apple-warns-of-supply-bottlenecks","og_site_name":"Apfelpatient","article_publisher":"https:\/\/www.facebook.com\/apfelpatientOfficial","article_author":"https:\/\/www.facebook.com\/apfelpatientOfficial","article_published_time":"2021-04-28T22:34:43+00:00","article_modified_time":"2021-04-28T22:34:44+00:00","og_image":[{"width":1600,"height":1067,"url":"https:\/\/www.apfelpatient.de\/wp-content\/uploads\/2021\/04\/bigstock-Nice-France-New-405598754.jpg","type":"image\/jpeg"}],"author":"Milan","twitter_card":"summary_large_image","twitter_description":"Doch das Unternehmen warnt auch vor Lieferengp\u00e4ssen, die sich auf die Mac- und iPad-Produktpalette auswirken k\u00f6nnten.","twitter_misc":{"Written by":"Milan","Est. reading time":"2 minutes"},"schema":{"@context":"https:\/\/schema.org","@graph":[{"@type":"NewsArticle","@id":"https:\/\/www.apfelpatient.de\/news\/ipad-und-mac-apple-warnt-vor-lieferengpaessen#article","isPartOf":{"@id":"https:\/\/www.apfelpatient.de\/news\/ipad-und-mac-apple-warnt-vor-lieferengpaessen"},"author":{"@type":"Organization","@id":"https:\/\/www.apfelpatient.de\/en\/#organization","name":"Apfelpatient","url":"https:\/\/www.apfelpatient.de\/en\/"},"headline":"iPad und Mac: Apple warnt vor Lieferengp\u00e4ssen","datePublished":"2021-04-28T22:34:43+00:00","dateModified":"2021-04-28T22:34:44+00:00","mainEntityOfPage":{"@id":"https:\/\/www.apfelpatient.de\/news\/ipad-und-mac-apple-warnt-vor-lieferengpaessen"},"wordCount":423,"publisher":{"@type":"Organization","@id":"https:\/\/www.apfelpatient.de\/en\/#organization","name":"Apfelpatient","url":"https:\/\/www.apfelpatient.de\/en\/"},"image":{"@id":"https:\/\/www.apfelpatient.de\/news\/ipad-und-mac-apple-warnt-vor-lieferengpaessen#primaryimage"},"thumbnailUrl":"https:\/\/www.apfelpatient.de\/wp-content\/uploads\/2021\/04\/bigstock-Nice-France-New-405598754.jpg","keywords":["iPad","Mac"],"articleSection":"News","inLanguage":"en-US","copyrightYear":"2021","copyrightHolder":{"@id":"https:\/\/www.apfelpatient.de\/en\/#organization"}},{"@type":"WebPage","@id":"https:\/\/www.apfelpatient.de\/news\/ipad-und-mac-apple-warnt-vor-lieferengpaessen","url":"https:\/\/www.apfelpatient.de\/news\/ipad-und-mac-apple-warnt-vor-lieferengpaessen","name":"iPad and Mac: Apple warns of supply shortages Apfelpatient","isPartOf":{"@id":"https:\/\/www.apfelpatient.de\/#website"},"primaryImageOfPage":{"@id":"https:\/\/www.apfelpatient.de\/news\/ipad-und-mac-apple-warnt-vor-lieferengpaessen#primaryimage"},"image":{"@id":"https:\/\/www.apfelpatient.de\/news\/ipad-und-mac-apple-warnt-vor-lieferengpaessen#primaryimage"},"thumbnailUrl":"https:\/\/www.apfelpatient.de\/wp-content\/uploads\/2021\/04\/bigstock-Nice-France-New-405598754.jpg","datePublished":"2021-04-28T22:34:43+00:00","dateModified":"2021-04-28T22:34:44+00:00","description":"Apple: But the company also warns of supply bottlenecks that could affect the Mac and iPad product range.","breadcrumb":{"@id":"https:\/\/www.apfelpatient.de\/news\/ipad-und-mac-apple-warnt-vor-lieferengpaessen#breadcrumb"},"inLanguage":"en-US","potentialAction":[{"@type":"ReadAction","target":["https:\/\/www.apfelpatient.de\/news\/ipad-und-mac-apple-warnt-vor-lieferengpaessen"]}]},{"@type":"ImageObject","inLanguage":"en-US","@id":"https:\/\/www.apfelpatient.de\/news\/ipad-und-mac-apple-warnt-vor-lieferengpaessen#primaryimage","url":"https:\/\/www.apfelpatient.de\/wp-content\/uploads\/2021\/04\/bigstock-Nice-France-New-405598754.jpg","contentUrl":"https:\/\/www.apfelpatient.de\/wp-content\/uploads\/2021\/04\/bigstock-Nice-France-New-405598754.jpg","width":1600,"height":1067,"caption":"Nice, France - 29.01.2021: New iPad Pro 12.9 inches from Apple on a light background. Tablet Computer on a Wooden background. High quality photo"},{"@type":"BreadcrumbList","@id":"https:\/\/www.apfelpatient.de\/news\/ipad-und-mac-apple-warnt-vor-lieferengpaessen#breadcrumb","itemListElement":[{"@type":"ListItem","position":1,"name":"Startseite","item":"https:\/\/www.apfelpatient.de\/"},{"@type":"ListItem","position":2,"name":"iPad und Mac: Apple warnt vor Lieferengp\u00e4ssen"}]},{"@type":"WebSite","@id":"https:\/\/www.apfelpatient.de\/#website","url":"https:\/\/www.apfelpatient.de\/","name":"apple patient","description":"Everything about Apple!","publisher":{"@type":"Organization","@id":"https:\/\/www.apfelpatient.de\/en\/#organization","name":"Apfelpatient","url":"https:\/\/www.apfelpatient.de\/en\/"},"alternateName":"Apfelpatient","potentialAction":[{"@type":"SearchAction","target":{"@type":"EntryPoint","urlTemplate":"https:\/\/www.apfelpatient.de\/?s={search_term_string}"},"query-input":{"@type":"PropertyValueSpecification","valueRequired":true,"valueName":"search_term_string"}}],"inLanguage":"en-US"},{"@type":["Person","Organization"],"@id":"https:\/\/www.apfelpatient.de\/#\/schema\/person\/7dc56ad6c8e9824b76d2c08d4c140e13","name":"Milan","logo":{"@id":"https:\/\/www.apfelpatient.de\/#\/schema\/person\/image\/"},"description":"Hello and welcome to my technology blog! As a big Apple fan, I report on everything to do with Apple: from the latest news and exciting rumors to helpful tips and tricks and detailed product tests. If you are as enthusiastic about technology as I am, you have come to the right place!","sameAs":["https:\/\/www.facebook.com\/apfelpatientOfficial","https:\/\/www.linkedin.com\/in\/milan-jovicic-42aa0231b"],"url":"https:\/\/www.apfelpatient.de\/en\/author\/apfeladmin"}]}},"_links":{"self":[{"href":"https:\/\/www.apfelpatient.de\/en\/wp-json\/wp\/v2\/posts\/21873","targetHints":{"allow":["GET"]}}],"collection":[{"href":"https:\/\/www.apfelpatient.de\/en\/wp-json\/wp\/v2\/posts"}],"about":[{"href":"https:\/\/www.apfelpatient.de\/en\/wp-json\/wp\/v2\/types\/post"}],"author":[{"embeddable":true,"href":"https:\/\/www.apfelpatient.de\/en\/wp-json\/wp\/v2\/users\/2"}],"replies":[{"embeddable":true,"href":"https:\/\/www.apfelpatient.de\/en\/wp-json\/wp\/v2\/comments?post=21873"}],"version-history":[{"count":0,"href":"https:\/\/www.apfelpatient.de\/en\/wp-json\/wp\/v2\/posts\/21873\/revisions"}],"wp:featuredmedia":[{"embeddable":true,"href":"https:\/\/www.apfelpatient.de\/en\/wp-json\/wp\/v2\/media\/21872"}],"wp:attachment":[{"href":"https:\/\/www.apfelpatient.de\/en\/wp-json\/wp\/v2\/media?parent=21873"}],"wp:term":[{"taxonomy":"category","embeddable":true,"href":"https:\/\/www.apfelpatient.de\/en\/wp-json\/wp\/v2\/categories?post=21873"},{"taxonomy":"post_tag","embeddable":true,"href":"https:\/\/www.apfelpatient.de\/en\/wp-json\/wp\/v2\/tags?post=21873"}],"curies":[{"name":"wp","href":"https:\/\/api.w.org\/{rel}","templated":true}]}}