{"id":21781,"date":"2021-04-27T00:06:35","date_gmt":"2021-04-26T22:06:35","guid":{"rendered":"https:\/\/www.apfelpatient.de\/?p=21781"},"modified":"2021-04-27T00:06:37","modified_gmt":"2021-04-26T22:06:37","slug":"in-an-interview-apple-talks-about-imac-2021-design","status":"publish","type":"post","link":"https:\/\/www.apfelpatient.de\/en\/news\/im-interview-apple-spricht-ueber-imac-2021-design","title":{"rendered":"Interview: Apple talks about iMac 2021 design"},"content":{"rendered":"<p class=\"has-drop-cap\"><strong>Two Apple executives discussed the new 24-inch iMac, its design elements and the integration of the M1 chip in a recent podcast interview.<\/strong><\/p>\n\n\n\n<p>Colleen Novielli, Senior Product Marketing Manager at Apple, and Navpreet Kaloty, Engineering Program Manager, recently appeared in <a href=\"https:\/\/www.relay.fm\/upgrade\/350\" target=\"_blank\" rel=\"noreferrer noopener\">&quot;Upgrade&quot; podcast<\/a> of Relay FM to talk about the new M1 iMac. Commenting on the fact that the iMacs now come in a bevy of bright new hues, Novielli explained that the colors are meant to &quot;convey a sense of brightness, optimism and joy.&quot; She added:<\/p>\n\n\n\n<blockquote class=\"wp-block-quote is-layout-flow wp-block-quote-is-layout-flow\"><p>I think we can all agree that this is something everyone needs right now.<\/p><\/blockquote>\n\n\n\n<p>The Apple Mac product manager also discussed the design elements of the 24-inch iMac, including the controversial chin and bezels on the front of the device.<\/p>\n\n\n\n<blockquote class=\"wp-block-quote is-layout-flow wp-block-quote-is-layout-flow\"><p>The edges are meant to complement the typical home design and blend in with the background. The light grey edges are great. The lack of strong contrast makes for a more seamless experience for the user.<\/p><\/blockquote>\n\n\n\n<h3 class=\"wp-block-heading\" id=\"h-imac-2021-wird-apple-das-magic-keyboard-mit-touch-id-separat-verkaufen\">iMac 2021: Will Apple sell the Magic Keyboard with Touch ID separately?<\/h3>\n\n\n\n\n\n\n\n<p>As for the chin, Novielli explains that Apple was able to fit the iMac&#039;s internal components into that space. She says the chin makes the iMac&#039;s color pop while allowing Apple to significantly reduce the thickness of the device.<\/p>\n\n\n\n<figure class=\"wp-block-image size-large\"><img decoding=\"async\" width=\"731\" height=\"1024\" src=\"https:\/\/www.apfelpatient.de\/wp-content\/uploads\/2021\/04\/apple_new-imac-spring21_color-lineup_04202021-731x1024.jpg\" alt=\"iMac 2021\" class=\"wp-image-21500\" srcset=\"https:\/\/www.apfelpatient.de\/wp-content\/uploads\/2021\/04\/apple_new-imac-spring21_color-lineup_04202021-731x1024.jpg 731w, https:\/\/www.apfelpatient.de\/wp-content\/uploads\/2021\/04\/apple_new-imac-spring21_color-lineup_04202021-214x300.jpg 214w, https:\/\/www.apfelpatient.de\/wp-content\/uploads\/2021\/04\/apple_new-imac-spring21_color-lineup_04202021-768x1075.jpg 768w, https:\/\/www.apfelpatient.de\/wp-content\/uploads\/2021\/04\/apple_new-imac-spring21_color-lineup_04202021-1097x1536.jpg 1097w, https:\/\/www.apfelpatient.de\/wp-content\/uploads\/2021\/04\/apple_new-imac-spring21_color-lineup_04202021-1463x2048.jpg 1463w, https:\/\/www.apfelpatient.de\/wp-content\/uploads\/2021\/04\/apple_new-imac-spring21_color-lineup_04202021-360x504.jpg 360w, https:\/\/www.apfelpatient.de\/wp-content\/uploads\/2021\/04\/apple_new-imac-spring21_color-lineup_04202021-750x1050.jpg 750w, https:\/\/www.apfelpatient.de\/wp-content\/uploads\/2021\/04\/apple_new-imac-spring21_color-lineup_04202021-1140x1596.jpg 1140w, https:\/\/www.apfelpatient.de\/wp-content\/uploads\/2021\/04\/apple_new-imac-spring21_color-lineup_04202021-scaled.jpg 1829w\" sizes=\"(max-width: 731px) 100vw, 731px\" \/><figcaption>Image: Apple<\/figcaption><\/figure>\n\n\n\n<p>When asked whether Apple <a href=\"https:\/\/www.apfelpatient.de\/en\/news\/magic-keyboard-with-touch-id-compatibility-and-availability\">Magic Keyboard with Touch ID<\/a> will sell separately, Novielli declined to comment. However, she added that the keyboard would work with any M1-equipped Mac. As for the overall design, hardware manager Kaloty said that the inclusion of the Apple silicon chip affects every aspect of the new iMac&#039;s design. This includes the I\/O on the back of the device, which now consists exclusively of USB-C and Thunderbolt 3 ports. The brand new iMac can be officially pre-ordered from Apple starting Friday, April 30. Delivery is expected to start in the second half of May, according to Cupertino. (Image: Apple)<\/p>\n\n\n\n<ul class=\"wp-block-list\"><li><a href=\"https:\/\/www.apfelpatient.de\/en\/news\/spring-loaded-event-apple-unveils-new-imac-generation\">\u201cSpring Loaded\u201d event: Apple unveils new iMac generation<\/a><\/li><\/ul>\n\n\n\n<h6 class=\"wp-block-heading translation-block\" id=\"h-kennt-ihr-schon-unsere-amazon-storefront-dort-findet-ihr-eine-handverlesene-auswahl-von-diversen-produkten-f-r-euer-iphone-und-co-viel-spa-beim-st-bern\"><em>Have you already visited our Amazon Storefront? There you&#039;ll find a hand-picked selection of various products for your iPhone and other devices \u2013 <span class=\"has-inline-color has-vivid-red-color\"><a href=\"https:\/\/www.amazon.de\/shop\/apfelpatientofficial\" class=\"ek-link\" data-wpel-link=\"exclude\" rel=\"follow noopener\" target=\"_self\"><span style=\"text-decoration: underline\" class=\"ek-underline\">enjoy browsing<\/span><\/a> !<\/span><\/em><\/h6>\n\n\n\n<h6 class=\"wp-block-heading translation-block\" id=\"h-der-beitrag-enthalt-partnerlinks\">This post contains <a data-type=\"URL\" data-id=\"https:\/\/www.apfelpatient.de\/partnerprogramm\" href=\"https:\/\/www.apfelpatient.de\/en\/partner-program\" data-wpel-link=\"internal\" target=\"_self\">affiliate links<\/a>.<\/h6>","protected":false},"excerpt":{"rendered":"<p>Two Apple executives talked about the new 24-inch iMac, its design elements, and more in a recent podcast interview.<\/p>","protected":false},"author":2,"featured_media":21499,"comment_status":"closed","ping_status":"closed","sticky":false,"template":"","format":"standard","meta":{"jnews-multi-image_gallery":[],"jnews_single_post":{"subtitle":"","format":"standard","video":"","gallery":"","source_name":"","source_url":"","via_name":"","via_url":"","override":[{"single_blog_custom":"","sidebar":"","second_sidebar":"","share_position":"","share_float_style":"","post_date_format":"","post_date_format_custom":"","post_reading_time_wpm":"","zoom_button_out_step":"1","zoom_button_in_step":"1","number_popup_post":"1"}],"image_override":[{"single_post_thumbnail_size":"","single_post_gallery_size":""}],"trending_post_position":"","trending_post_label":"","sponsored_post_label":"","sponsored_post_name":"","sponsored_post_url":"","sponsored_post_logo":"","sponsored_post_desc":""},"jnews_primary_category":{"id":"9"},"footnotes":""},"categories":[9],"tags":[72,40],"class_list":["post-21781","post","type-post","status-publish","format-standard","has-post-thumbnail","hentry","category-news","tag-imac","tag-mac"],"yoast_head":"<!-- This site is optimized with the Yoast SEO Premium plugin v27.5 (Yoast SEO v27.5) - https:\/\/yoast.com\/product\/yoast-seo-premium-wordpress\/ -->\n<title>Im Interview: Apple spricht \u00fcber iMac 2021 Design Apfelpatient<\/title>\n<meta name=\"description\" content=\"Zwei Apple-F\u00fchrungskr\u00e4fte haben in einem aktuellen Podcast-Interview \u00fcber den neuen 24-Zoll iMac, seine Designelemente und mehr gesprochen.\" \/>\n<meta name=\"robots\" content=\"index, follow, max-snippet:-1, max-image-preview:large, max-video-preview:-1\" \/>\n<link rel=\"canonical\" href=\"https:\/\/www.apfelpatient.de\/en\/news\/in-an-interview-apple-talks-about-imac-2021-design\" \/>\n<meta property=\"og:locale\" content=\"en_US\" \/>\n<meta property=\"og:type\" content=\"article\" \/>\n<meta property=\"og:title\" content=\"Im Interview: Apple spricht \u00fcber iMac 2021 Design\" \/>\n<meta property=\"og:description\" content=\"Zwei Apple-F\u00fchrungskr\u00e4fte haben in einem aktuellen Podcast-Interview \u00fcber den neuen 24-Zoll iMac, seine Designelemente und mehr gesprochen.\" \/>\n<meta property=\"og:url\" content=\"https:\/\/www.apfelpatient.de\/en\/news\/in-an-interview-apple-talks-about-imac-2021-design\" \/>\n<meta property=\"og:site_name\" content=\"Apfelpatient\" \/>\n<meta property=\"article:publisher\" content=\"https:\/\/www.facebook.com\/apfelpatientOfficial\" \/>\n<meta property=\"article:author\" content=\"https:\/\/www.facebook.com\/apfelpatientOfficial\" \/>\n<meta property=\"article:published_time\" content=\"2021-04-26T22:06:35+00:00\" \/>\n<meta property=\"article:modified_time\" content=\"2021-04-26T22:06:37+00:00\" \/>\n<meta property=\"og:image\" content=\"https:\/\/www.apfelpatient.de\/wp-content\/uploads\/2021\/04\/apple_new-imac-spring21_hero_04202021-scaled.jpg\" \/>\n\t<meta property=\"og:image:width\" content=\"2560\" \/>\n\t<meta property=\"og:image:height\" content=\"1441\" \/>\n\t<meta property=\"og:image:type\" content=\"image\/jpeg\" \/>\n<meta name=\"author\" content=\"Milan\" \/>\n<meta name=\"twitter:card\" content=\"summary_large_image\" \/>\n<meta name=\"twitter:description\" content=\"Zwei Apple-F\u00fchrungskr\u00e4fte haben in einem aktuellen Podcast-Interview \u00fcber den neuen 24-Zoll iMac, seine Designelemente und mehr gesprochen.\" \/>\n<meta name=\"twitter:label1\" content=\"Written by\" \/>\n\t<meta name=\"twitter:data1\" content=\"Milan\" \/>\n\t<meta name=\"twitter:label2\" content=\"Est. reading time\" \/>\n\t<meta name=\"twitter:data2\" content=\"2 minutes\" \/>\n<script type=\"application\/ld+json\" class=\"yoast-schema-graph\">{\"@context\":\"https:\\\/\\\/schema.org\",\"@graph\":[{\"@type\":\"NewsArticle\",\"@id\":\"https:\\\/\\\/www.apfelpatient.de\\\/news\\\/im-interview-apple-spricht-ueber-imac-2021-design#article\",\"isPartOf\":{\"@id\":\"https:\\\/\\\/www.apfelpatient.de\\\/news\\\/im-interview-apple-spricht-ueber-imac-2021-design\"},\"author\":{\"@type\":\"Organization\",\"@id\":\"https:\\\/\\\/www.apfelpatient.de\\\/en\\\/#organization\",\"name\":\"Apfelpatient\",\"url\":\"https:\\\/\\\/www.apfelpatient.de\\\/en\\\/\"},\"headline\":\"Im Interview: Apple spricht \u00fcber iMac 2021 Design\",\"datePublished\":\"2021-04-26T22:06:35+00:00\",\"dateModified\":\"2021-04-26T22:06:37+00:00\",\"mainEntityOfPage\":{\"@id\":\"https:\\\/\\\/www.apfelpatient.de\\\/news\\\/im-interview-apple-spricht-ueber-imac-2021-design\"},\"wordCount\":353,\"publisher\":{\"@type\":\"Organization\",\"@id\":\"https:\\\/\\\/www.apfelpatient.de\\\/en\\\/#organization\",\"name\":\"Apfelpatient\",\"url\":\"https:\\\/\\\/www.apfelpatient.de\\\/en\\\/\"},\"image\":{\"@id\":\"https:\\\/\\\/www.apfelpatient.de\\\/news\\\/im-interview-apple-spricht-ueber-imac-2021-design#primaryimage\"},\"thumbnailUrl\":\"https:\\\/\\\/www.apfelpatient.de\\\/wp-content\\\/uploads\\\/2021\\\/04\\\/apple_new-imac-spring21_hero_04202021-scaled.jpg\",\"keywords\":[\"iMac\",\"Mac\"],\"articleSection\":\"News\",\"inLanguage\":\"en-US\",\"copyrightYear\":\"2021\",\"copyrightHolder\":{\"@id\":\"https:\\\/\\\/www.apfelpatient.de\\\/en\\\/#organization\"}},{\"@type\":\"WebPage\",\"@id\":\"https:\\\/\\\/www.apfelpatient.de\\\/news\\\/im-interview-apple-spricht-ueber-imac-2021-design\",\"url\":\"https:\\\/\\\/www.apfelpatient.de\\\/news\\\/im-interview-apple-spricht-ueber-imac-2021-design\",\"name\":\"Im Interview: Apple spricht \u00fcber iMac 2021 Design Apfelpatient\",\"isPartOf\":{\"@id\":\"https:\\\/\\\/www.apfelpatient.de\\\/#website\"},\"primaryImageOfPage\":{\"@id\":\"https:\\\/\\\/www.apfelpatient.de\\\/news\\\/im-interview-apple-spricht-ueber-imac-2021-design#primaryimage\"},\"image\":{\"@id\":\"https:\\\/\\\/www.apfelpatient.de\\\/news\\\/im-interview-apple-spricht-ueber-imac-2021-design#primaryimage\"},\"thumbnailUrl\":\"https:\\\/\\\/www.apfelpatient.de\\\/wp-content\\\/uploads\\\/2021\\\/04\\\/apple_new-imac-spring21_hero_04202021-scaled.jpg\",\"datePublished\":\"2021-04-26T22:06:35+00:00\",\"dateModified\":\"2021-04-26T22:06:37+00:00\",\"description\":\"Zwei Apple-F\u00fchrungskr\u00e4fte haben in einem aktuellen Podcast-Interview \u00fcber den neuen 24-Zoll iMac, seine Designelemente und mehr gesprochen.\",\"breadcrumb\":{\"@id\":\"https:\\\/\\\/www.apfelpatient.de\\\/news\\\/im-interview-apple-spricht-ueber-imac-2021-design#breadcrumb\"},\"inLanguage\":\"en-US\",\"potentialAction\":[{\"@type\":\"ReadAction\",\"target\":[\"https:\\\/\\\/www.apfelpatient.de\\\/news\\\/im-interview-apple-spricht-ueber-imac-2021-design\"]}]},{\"@type\":\"ImageObject\",\"inLanguage\":\"en-US\",\"@id\":\"https:\\\/\\\/www.apfelpatient.de\\\/news\\\/im-interview-apple-spricht-ueber-imac-2021-design#primaryimage\",\"url\":\"https:\\\/\\\/www.apfelpatient.de\\\/wp-content\\\/uploads\\\/2021\\\/04\\\/apple_new-imac-spring21_hero_04202021-scaled.jpg\",\"contentUrl\":\"https:\\\/\\\/www.apfelpatient.de\\\/wp-content\\\/uploads\\\/2021\\\/04\\\/apple_new-imac-spring21_hero_04202021-scaled.jpg\",\"width\":2560,\"height\":1441,\"caption\":\"Bild: Apple\"},{\"@type\":\"BreadcrumbList\",\"@id\":\"https:\\\/\\\/www.apfelpatient.de\\\/news\\\/im-interview-apple-spricht-ueber-imac-2021-design#breadcrumb\",\"itemListElement\":[{\"@type\":\"ListItem\",\"position\":1,\"name\":\"Startseite\",\"item\":\"https:\\\/\\\/www.apfelpatient.de\\\/\"},{\"@type\":\"ListItem\",\"position\":2,\"name\":\"Im Interview: Apple spricht \u00fcber iMac 2021 Design\"}]},{\"@type\":\"WebSite\",\"@id\":\"https:\\\/\\\/www.apfelpatient.de\\\/#website\",\"url\":\"https:\\\/\\\/www.apfelpatient.de\\\/\",\"name\":\"Apfelpatient\",\"description\":\"Alles rund um Apple!\",\"publisher\":{\"@type\":\"Organization\",\"@id\":\"https:\\\/\\\/www.apfelpatient.de\\\/en\\\/#organization\",\"name\":\"Apfelpatient\",\"url\":\"https:\\\/\\\/www.apfelpatient.de\\\/en\\\/\"},\"alternateName\":\"Apfelpatient\",\"potentialAction\":[{\"@type\":\"SearchAction\",\"target\":{\"@type\":\"EntryPoint\",\"urlTemplate\":\"https:\\\/\\\/www.apfelpatient.de\\\/?s={search_term_string}\"},\"query-input\":{\"@type\":\"PropertyValueSpecification\",\"valueRequired\":true,\"valueName\":\"search_term_string\"}}],\"inLanguage\":\"en-US\"},{\"@type\":[\"Person\",\"Organization\"],\"@id\":\"https:\\\/\\\/www.apfelpatient.de\\\/#\\\/schema\\\/person\\\/7dc56ad6c8e9824b76d2c08d4c140e13\",\"name\":\"Milan\",\"logo\":{\"@id\":\"https:\\\/\\\/www.apfelpatient.de\\\/#\\\/schema\\\/person\\\/image\\\/\"},\"description\":\"Hallo und herzlich willkommen auf meinem Technik-Blog! Als gro\u00dfer Apple-Fan berichte ich hier \u00fcber alles, was mit Apple zu tun hat: von den neuesten News und spannenden Ger\u00fcchten \u00fcber hilfreiche Tipps und Tricks bis hin zu ausf\u00fchrlichen Produkttests. Wenn du genauso technikbegeistert bist wie ich, bist du hier genau richtig!\",\"sameAs\":[\"https:\\\/\\\/www.facebook.com\\\/apfelpatientOfficial\",\"https:\\\/\\\/www.linkedin.com\\\/in\\\/milan-jovicic-42aa0231b\"],\"url\":\"https:\\\/\\\/www.apfelpatient.de\\\/en\\\/author\\\/apfeladmin\"}]}<\/script>\n<!-- \/ Yoast SEO Premium plugin. -->","yoast_head_json":{"title":"Interview: Apple talks about iMac 2021 Design Apfelpatient","description":"Two Apple executives talked about the new 24-inch iMac, its design elements, and more in a recent podcast interview.","robots":{"index":"index","follow":"follow","max-snippet":"max-snippet:-1","max-image-preview":"max-image-preview:large","max-video-preview":"max-video-preview:-1"},"canonical":"https:\/\/www.apfelpatient.de\/en\/news\/in-an-interview-apple-talks-about-imac-2021-design","og_locale":"en_US","og_type":"article","og_title":"Im Interview: Apple spricht \u00fcber iMac 2021 Design","og_description":"Zwei Apple-F\u00fchrungskr\u00e4fte haben in einem aktuellen Podcast-Interview \u00fcber den neuen 24-Zoll iMac, seine Designelemente und mehr gesprochen.","og_url":"https:\/\/www.apfelpatient.de\/en\/news\/in-an-interview-apple-talks-about-imac-2021-design","og_site_name":"Apfelpatient","article_publisher":"https:\/\/www.facebook.com\/apfelpatientOfficial","article_author":"https:\/\/www.facebook.com\/apfelpatientOfficial","article_published_time":"2021-04-26T22:06:35+00:00","article_modified_time":"2021-04-26T22:06:37+00:00","og_image":[{"width":2560,"height":1441,"url":"https:\/\/www.apfelpatient.de\/wp-content\/uploads\/2021\/04\/apple_new-imac-spring21_hero_04202021-scaled.jpg","type":"image\/jpeg"}],"author":"Milan","twitter_card":"summary_large_image","twitter_description":"Zwei Apple-F\u00fchrungskr\u00e4fte haben in einem aktuellen Podcast-Interview \u00fcber den neuen 24-Zoll iMac, seine Designelemente und mehr gesprochen.","twitter_misc":{"Written by":"Milan","Est. reading time":"2 minutes"},"schema":{"@context":"https:\/\/schema.org","@graph":[{"@type":"NewsArticle","@id":"https:\/\/www.apfelpatient.de\/news\/im-interview-apple-spricht-ueber-imac-2021-design#article","isPartOf":{"@id":"https:\/\/www.apfelpatient.de\/news\/im-interview-apple-spricht-ueber-imac-2021-design"},"author":{"@type":"Organization","@id":"https:\/\/www.apfelpatient.de\/en\/#organization","name":"Apfelpatient","url":"https:\/\/www.apfelpatient.de\/en\/"},"headline":"Im Interview: Apple spricht \u00fcber iMac 2021 Design","datePublished":"2021-04-26T22:06:35+00:00","dateModified":"2021-04-26T22:06:37+00:00","mainEntityOfPage":{"@id":"https:\/\/www.apfelpatient.de\/news\/im-interview-apple-spricht-ueber-imac-2021-design"},"wordCount":353,"publisher":{"@type":"Organization","@id":"https:\/\/www.apfelpatient.de\/en\/#organization","name":"Apfelpatient","url":"https:\/\/www.apfelpatient.de\/en\/"},"image":{"@id":"https:\/\/www.apfelpatient.de\/news\/im-interview-apple-spricht-ueber-imac-2021-design#primaryimage"},"thumbnailUrl":"https:\/\/www.apfelpatient.de\/wp-content\/uploads\/2021\/04\/apple_new-imac-spring21_hero_04202021-scaled.jpg","keywords":["iMac","Mac"],"articleSection":"News","inLanguage":"en-US","copyrightYear":"2021","copyrightHolder":{"@id":"https:\/\/www.apfelpatient.de\/en\/#organization"}},{"@type":"WebPage","@id":"https:\/\/www.apfelpatient.de\/news\/im-interview-apple-spricht-ueber-imac-2021-design","url":"https:\/\/www.apfelpatient.de\/news\/im-interview-apple-spricht-ueber-imac-2021-design","name":"Interview: Apple talks about iMac 2021 Design Apfelpatient","isPartOf":{"@id":"https:\/\/www.apfelpatient.de\/#website"},"primaryImageOfPage":{"@id":"https:\/\/www.apfelpatient.de\/news\/im-interview-apple-spricht-ueber-imac-2021-design#primaryimage"},"image":{"@id":"https:\/\/www.apfelpatient.de\/news\/im-interview-apple-spricht-ueber-imac-2021-design#primaryimage"},"thumbnailUrl":"https:\/\/www.apfelpatient.de\/wp-content\/uploads\/2021\/04\/apple_new-imac-spring21_hero_04202021-scaled.jpg","datePublished":"2021-04-26T22:06:35+00:00","dateModified":"2021-04-26T22:06:37+00:00","description":"Two Apple executives talked about the new 24-inch iMac, its design elements, and more in a recent podcast interview.","breadcrumb":{"@id":"https:\/\/www.apfelpatient.de\/news\/im-interview-apple-spricht-ueber-imac-2021-design#breadcrumb"},"inLanguage":"en-US","potentialAction":[{"@type":"ReadAction","target":["https:\/\/www.apfelpatient.de\/news\/im-interview-apple-spricht-ueber-imac-2021-design"]}]},{"@type":"ImageObject","inLanguage":"en-US","@id":"https:\/\/www.apfelpatient.de\/news\/im-interview-apple-spricht-ueber-imac-2021-design#primaryimage","url":"https:\/\/www.apfelpatient.de\/wp-content\/uploads\/2021\/04\/apple_new-imac-spring21_hero_04202021-scaled.jpg","contentUrl":"https:\/\/www.apfelpatient.de\/wp-content\/uploads\/2021\/04\/apple_new-imac-spring21_hero_04202021-scaled.jpg","width":2560,"height":1441,"caption":"Bild: Apple"},{"@type":"BreadcrumbList","@id":"https:\/\/www.apfelpatient.de\/news\/im-interview-apple-spricht-ueber-imac-2021-design#breadcrumb","itemListElement":[{"@type":"ListItem","position":1,"name":"Startseite","item":"https:\/\/www.apfelpatient.de\/"},{"@type":"ListItem","position":2,"name":"Im Interview: Apple spricht \u00fcber iMac 2021 Design"}]},{"@type":"WebSite","@id":"https:\/\/www.apfelpatient.de\/#website","url":"https:\/\/www.apfelpatient.de\/","name":"apple patient","description":"Everything about Apple!","publisher":{"@type":"Organization","@id":"https:\/\/www.apfelpatient.de\/en\/#organization","name":"Apfelpatient","url":"https:\/\/www.apfelpatient.de\/en\/"},"alternateName":"Apfelpatient","potentialAction":[{"@type":"SearchAction","target":{"@type":"EntryPoint","urlTemplate":"https:\/\/www.apfelpatient.de\/?s={search_term_string}"},"query-input":{"@type":"PropertyValueSpecification","valueRequired":true,"valueName":"search_term_string"}}],"inLanguage":"en-US"},{"@type":["Person","Organization"],"@id":"https:\/\/www.apfelpatient.de\/#\/schema\/person\/7dc56ad6c8e9824b76d2c08d4c140e13","name":"Milan","logo":{"@id":"https:\/\/www.apfelpatient.de\/#\/schema\/person\/image\/"},"description":"Hello and welcome to my technology blog! As a big Apple fan, I report on everything to do with Apple: from the latest news and exciting rumors to helpful tips and tricks and detailed product tests. If you are as enthusiastic about technology as I am, you have come to the right place!","sameAs":["https:\/\/www.facebook.com\/apfelpatientOfficial","https:\/\/www.linkedin.com\/in\/milan-jovicic-42aa0231b"],"url":"https:\/\/www.apfelpatient.de\/en\/author\/apfeladmin"}]}},"_links":{"self":[{"href":"https:\/\/www.apfelpatient.de\/en\/wp-json\/wp\/v2\/posts\/21781","targetHints":{"allow":["GET"]}}],"collection":[{"href":"https:\/\/www.apfelpatient.de\/en\/wp-json\/wp\/v2\/posts"}],"about":[{"href":"https:\/\/www.apfelpatient.de\/en\/wp-json\/wp\/v2\/types\/post"}],"author":[{"embeddable":true,"href":"https:\/\/www.apfelpatient.de\/en\/wp-json\/wp\/v2\/users\/2"}],"replies":[{"embeddable":true,"href":"https:\/\/www.apfelpatient.de\/en\/wp-json\/wp\/v2\/comments?post=21781"}],"version-history":[{"count":0,"href":"https:\/\/www.apfelpatient.de\/en\/wp-json\/wp\/v2\/posts\/21781\/revisions"}],"wp:featuredmedia":[{"embeddable":true,"href":"https:\/\/www.apfelpatient.de\/en\/wp-json\/wp\/v2\/media\/21499"}],"wp:attachment":[{"href":"https:\/\/www.apfelpatient.de\/en\/wp-json\/wp\/v2\/media?parent=21781"}],"wp:term":[{"taxonomy":"category","embeddable":true,"href":"https:\/\/www.apfelpatient.de\/en\/wp-json\/wp\/v2\/categories?post=21781"},{"taxonomy":"post_tag","embeddable":true,"href":"https:\/\/www.apfelpatient.de\/en\/wp-json\/wp\/v2\/tags?post=21781"}],"curies":[{"name":"wp","href":"https:\/\/api.w.org\/{rel}","templated":true}]}}