{"id":21720,"date":"2021-04-26T15:18:14","date_gmt":"2021-04-26T13:18:14","guid":{"rendered":"https:\/\/www.apfelpatient.de\/?p=21720"},"modified":"2021-04-26T15:18:15","modified_gmt":"2021-04-26T13:18:15","slug":"apple-glasses-are-said-to-be-behind-schedule","status":"publish","type":"post","link":"https:\/\/www.apfelpatient.de\/en\/rumors\/apple-glasses-soll-hinter-dem-zeitplan-liegen","title":{"rendered":"Apple Glasses are said to be behind schedule"},"content":{"rendered":"<p class=\"has-drop-cap\"><strong>According to various rumors, Apple is working on a headset that will have AR and VR capabilities. Pure augmented reality glasses are also said to be in the works. Now there are reports that there will be delays.<\/strong><\/p>\n\n\n\n<p>For years, we have been hearing reports that Apple is working on an AR\/VR headset and pure augmented reality glasses. The augmented reality glasses are supposed to look like normal glasses. However, they have lenses with built-in displays that support gesture control. The current prototype is said to resemble high-end sunglasses with a thick frame that houses the battery and chips. According to a report from DigiTimes in January, Apple was about to enter the second phase of development of the glasses, with a focus on improving the device&#039;s weight and battery life, suggesting that the glasses could go into mass production as early as the first quarter of 2022. A new <a href=\"https:\/\/www.digitimes.com\/news\/a20210426PD202.html\" target=\"_blank\" rel=\"noreferrer noopener\">report<\/a> However, the Taiwanese publication claims that P2 testing has not started yet, so the chance of mass production in the first quarter of 2022 is now unlikely.<\/p>\n\n\n\n<h3 class=\"wp-block-heading\" id=\"h-apple-glasses-ar-vr-headset-ger-chte-sorgen-oft-f-r-verwirrung\">Apple Glasses &amp; AR\/VR headset: Rumors often cause confusion<\/h3>\n\n\n\n\n\n\n\n<blockquote class=\"wp-block-quote is-layout-flow wp-block-quote-is-layout-flow\"><p>The sources pointed out that after P2, the AR glasses prototype may still need to go through P3 testing, followed by another 2-3 phases of engineering testing before it has a chance to enter mass production. The supply chain initially estimated that the Apple wearable could enter mass production as early as Q1 2022, the sources said. But since P2 testing has not started yet, the chance of mass production in Q1 2022 is rather unlikely, the sources added.<\/p><\/blockquote>\n\n\n\n<p>Bloomberg stated in January that the glasses were several years away from being launched. Originally, however, a debut in 2023 was planned. But there were two other time periods that were mentioned. While DigiTimes originally suggested 2021, Apple analyst Ming-Chi Kuo is guessing 2022 - but he emphasized that this is about the AR\/VR headset. Since the rumors often contradict each other and in some cases do not specify the exact product, confusion often arises. But the general consensus is that Apple is developing at least two AR products. One project includes a headset that combines virtual and augmented reality. The second product, however, is said to be pure augmented reality glasses. If the reports are to be believed, the headset will be presented before the glasses. (Photo by World Image \/ Bigstockphoto)<\/p>\n\n\n\n<ul class=\"wp-block-list\"><li><a href=\"https:\/\/www.apfelpatient.de\/en\/generally\/apple-ar-headset-everything-we-know\">Apple AR Headset: Everything We Know<\/a><\/li><\/ul>\n\n\n\n<h6 class=\"wp-block-heading translation-block\" id=\"h-kennt-ihr-schon-unsere-amazon-storefront-dort-findet-ihr-eine-handverlesene-auswahl-von-diversen-produkten-f-r-euer-iphone-und-co-viel-spa-beim-st-bern\"><em>Have you already visited our Amazon Storefront? There you&#039;ll find a hand-picked selection of various products for your iPhone and other devices \u2013 <span class=\"has-inline-color has-vivid-red-color\"><a href=\"https:\/\/www.amazon.de\/shop\/apfelpatientofficial\" class=\"ek-link\" data-wpel-link=\"exclude\" rel=\"follow noopener\" target=\"_self\"><span style=\"text-decoration: underline\" class=\"ek-underline\">enjoy browsing<\/span><\/a> !<\/span><\/em><\/h6>\n\n\n\n<h6 class=\"wp-block-heading translation-block\" id=\"h-der-beitrag-enthalt-partnerlinks\">This post contains <a data-type=\"URL\" data-id=\"https:\/\/www.apfelpatient.de\/partnerprogramm\" href=\"https:\/\/www.apfelpatient.de\/en\/partner-program\" data-wpel-link=\"internal\" target=\"_self\">affiliate links<\/a>.<\/h6>","protected":false},"excerpt":{"rendered":"<p>Apple Glasses: According to various rumors, Apple is working on a headset that will have AR and VR capabilities.<\/p>","protected":false},"author":2,"featured_media":21719,"comment_status":"closed","ping_status":"closed","sticky":false,"template":"","format":"standard","meta":{"jnews-multi-image_gallery":[],"jnews_single_post":{"subtitle":"","format":"standard","video":"","gallery":"","source_name":"","source_url":"","via_name":"","via_url":"","override":[{"single_blog_custom":"","sidebar":"","second_sidebar":"","share_position":"","share_float_style":"","post_date_format":"","post_date_format_custom":"","post_reading_time_wpm":"","zoom_button_out_step":"1","zoom_button_in_step":"1","number_popup_post":"1"}],"image_override":[{"single_post_thumbnail_size":"","single_post_gallery_size":""}],"trending_post_position":"","trending_post_label":"","sponsored_post_label":"","sponsored_post_name":"","sponsored_post_url":"","sponsored_post_logo":"","sponsored_post_desc":""},"jnews_primary_category":{"id":"25"},"footnotes":""},"categories":[25],"tags":[609],"class_list":["post-21720","post","type-post","status-publish","format-standard","has-post-thumbnail","hentry","category-rumors","tag-apple-vr-ar"],"yoast_head":"<!-- This site is optimized with the Yoast SEO Premium plugin v27.5 (Yoast SEO v27.5) - https:\/\/yoast.com\/product\/yoast-seo-premium-wordpress\/ -->\n<title>Apple Glasses soll hinter dem Zeitplan liegen Apfelpatient<\/title>\n<meta name=\"description\" content=\"Apple Glasses: Apple arbeitet diversen Ger\u00fcchten zufolge an einem Headset, das \u00fcber AR- und VR-F\u00e4higkeiten verf\u00fcgen soll.\" \/>\n<meta name=\"robots\" content=\"index, follow, max-snippet:-1, max-image-preview:large, max-video-preview:-1\" \/>\n<link rel=\"canonical\" href=\"https:\/\/www.apfelpatient.de\/en\/rumors\/apple-glasses-are-said-to-be-behind-schedule\" \/>\n<meta property=\"og:locale\" content=\"en_US\" \/>\n<meta property=\"og:type\" content=\"article\" \/>\n<meta property=\"og:title\" content=\"Apple Glasses soll hinter dem Zeitplan liegen\" \/>\n<meta property=\"og:description\" content=\"Apple Glasses: Apple arbeitet diversen Ger\u00fcchten zufolge an einem Headset, das \u00fcber AR- und VR-F\u00e4higkeiten verf\u00fcgen soll.\" \/>\n<meta property=\"og:url\" content=\"https:\/\/www.apfelpatient.de\/en\/rumors\/apple-glasses-are-said-to-be-behind-schedule\" \/>\n<meta property=\"og:site_name\" content=\"Apfelpatient\" \/>\n<meta property=\"article:publisher\" content=\"https:\/\/www.facebook.com\/apfelpatientOfficial\" \/>\n<meta property=\"article:author\" content=\"https:\/\/www.facebook.com\/apfelpatientOfficial\" \/>\n<meta property=\"article:published_time\" content=\"2021-04-26T13:18:14+00:00\" \/>\n<meta property=\"article:modified_time\" content=\"2021-04-26T13:18:15+00:00\" \/>\n<meta property=\"og:image\" content=\"https:\/\/www.apfelpatient.de\/wp-content\/uploads\/2021\/04\/bigstock-Human-Hand-Holding-Earth-Globe-403931741.jpg\" \/>\n\t<meta property=\"og:image:width\" content=\"1600\" \/>\n\t<meta property=\"og:image:height\" content=\"900\" \/>\n\t<meta property=\"og:image:type\" content=\"image\/jpeg\" \/>\n<meta name=\"author\" content=\"Milan\" \/>\n<meta name=\"twitter:card\" content=\"summary_large_image\" \/>\n<meta name=\"twitter:description\" content=\"Apple Glasses: Apple arbeitet diversen Ger\u00fcchten zufolge an einem Headset, das \u00fcber AR- und VR-F\u00e4higkeiten verf\u00fcgen soll.\" \/>\n<meta name=\"twitter:label1\" content=\"Written by\" \/>\n\t<meta name=\"twitter:data1\" content=\"Milan\" \/>\n\t<meta name=\"twitter:label2\" content=\"Est. reading time\" \/>\n\t<meta name=\"twitter:data2\" content=\"2 minutes\" \/>\n<script type=\"application\/ld+json\" class=\"yoast-schema-graph\">{\"@context\":\"https:\\\/\\\/schema.org\",\"@graph\":[{\"@type\":\"NewsArticle\",\"@id\":\"https:\\\/\\\/www.apfelpatient.de\\\/rumors\\\/apple-glasses-soll-hinter-dem-zeitplan-liegen#article\",\"isPartOf\":{\"@id\":\"https:\\\/\\\/www.apfelpatient.de\\\/rumors\\\/apple-glasses-soll-hinter-dem-zeitplan-liegen\"},\"author\":{\"@type\":\"Organization\",\"@id\":\"https:\\\/\\\/www.apfelpatient.de\\\/en\\\/#organization\",\"name\":\"Apfelpatient\",\"url\":\"https:\\\/\\\/www.apfelpatient.de\\\/en\\\/\"},\"headline\":\"Apple Glasses soll hinter dem Zeitplan liegen\",\"datePublished\":\"2021-04-26T13:18:14+00:00\",\"dateModified\":\"2021-04-26T13:18:15+00:00\",\"mainEntityOfPage\":{\"@id\":\"https:\\\/\\\/www.apfelpatient.de\\\/rumors\\\/apple-glasses-soll-hinter-dem-zeitplan-liegen\"},\"wordCount\":415,\"publisher\":{\"@type\":\"Organization\",\"@id\":\"https:\\\/\\\/www.apfelpatient.de\\\/en\\\/#organization\",\"name\":\"Apfelpatient\",\"url\":\"https:\\\/\\\/www.apfelpatient.de\\\/en\\\/\"},\"image\":{\"@id\":\"https:\\\/\\\/www.apfelpatient.de\\\/rumors\\\/apple-glasses-soll-hinter-dem-zeitplan-liegen#primaryimage\"},\"thumbnailUrl\":\"https:\\\/\\\/www.apfelpatient.de\\\/wp-content\\\/uploads\\\/2021\\\/04\\\/bigstock-Human-Hand-Holding-Earth-Globe-403931741.jpg\",\"keywords\":[\"Apple VR\\\/AR\"],\"articleSection\":\"Rumors\",\"inLanguage\":\"en-US\",\"copyrightYear\":\"2021\",\"copyrightHolder\":{\"@id\":\"https:\\\/\\\/www.apfelpatient.de\\\/en\\\/#organization\"}},{\"@type\":\"WebPage\",\"@id\":\"https:\\\/\\\/www.apfelpatient.de\\\/rumors\\\/apple-glasses-soll-hinter-dem-zeitplan-liegen\",\"url\":\"https:\\\/\\\/www.apfelpatient.de\\\/rumors\\\/apple-glasses-soll-hinter-dem-zeitplan-liegen\",\"name\":\"Apple Glasses soll hinter dem Zeitplan liegen Apfelpatient\",\"isPartOf\":{\"@id\":\"https:\\\/\\\/www.apfelpatient.de\\\/#website\"},\"primaryImageOfPage\":{\"@id\":\"https:\\\/\\\/www.apfelpatient.de\\\/rumors\\\/apple-glasses-soll-hinter-dem-zeitplan-liegen#primaryimage\"},\"image\":{\"@id\":\"https:\\\/\\\/www.apfelpatient.de\\\/rumors\\\/apple-glasses-soll-hinter-dem-zeitplan-liegen#primaryimage\"},\"thumbnailUrl\":\"https:\\\/\\\/www.apfelpatient.de\\\/wp-content\\\/uploads\\\/2021\\\/04\\\/bigstock-Human-Hand-Holding-Earth-Globe-403931741.jpg\",\"datePublished\":\"2021-04-26T13:18:14+00:00\",\"dateModified\":\"2021-04-26T13:18:15+00:00\",\"description\":\"Apple Glasses: Apple arbeitet diversen Ger\u00fcchten zufolge an einem Headset, das \u00fcber AR- und VR-F\u00e4higkeiten verf\u00fcgen soll.\",\"breadcrumb\":{\"@id\":\"https:\\\/\\\/www.apfelpatient.de\\\/rumors\\\/apple-glasses-soll-hinter-dem-zeitplan-liegen#breadcrumb\"},\"inLanguage\":\"en-US\",\"potentialAction\":[{\"@type\":\"ReadAction\",\"target\":[\"https:\\\/\\\/www.apfelpatient.de\\\/rumors\\\/apple-glasses-soll-hinter-dem-zeitplan-liegen\"]}]},{\"@type\":\"ImageObject\",\"inLanguage\":\"en-US\",\"@id\":\"https:\\\/\\\/www.apfelpatient.de\\\/rumors\\\/apple-glasses-soll-hinter-dem-zeitplan-liegen#primaryimage\",\"url\":\"https:\\\/\\\/www.apfelpatient.de\\\/wp-content\\\/uploads\\\/2021\\\/04\\\/bigstock-Human-Hand-Holding-Earth-Globe-403931741.jpg\",\"contentUrl\":\"https:\\\/\\\/www.apfelpatient.de\\\/wp-content\\\/uploads\\\/2021\\\/04\\\/bigstock-Human-Hand-Holding-Earth-Globe-403931741.jpg\",\"width\":1600,\"height\":900,\"caption\":\"Human hand holding earth globe holographic technology . Futuristic visualization for virtual reality and augmented reality .\"},{\"@type\":\"BreadcrumbList\",\"@id\":\"https:\\\/\\\/www.apfelpatient.de\\\/rumors\\\/apple-glasses-soll-hinter-dem-zeitplan-liegen#breadcrumb\",\"itemListElement\":[{\"@type\":\"ListItem\",\"position\":1,\"name\":\"Startseite\",\"item\":\"https:\\\/\\\/www.apfelpatient.de\\\/\"},{\"@type\":\"ListItem\",\"position\":2,\"name\":\"Apple Glasses soll hinter dem Zeitplan liegen\"}]},{\"@type\":\"WebSite\",\"@id\":\"https:\\\/\\\/www.apfelpatient.de\\\/#website\",\"url\":\"https:\\\/\\\/www.apfelpatient.de\\\/\",\"name\":\"Apfelpatient\",\"description\":\"Alles rund um Apple!\",\"publisher\":{\"@type\":\"Organization\",\"@id\":\"https:\\\/\\\/www.apfelpatient.de\\\/en\\\/#organization\",\"name\":\"Apfelpatient\",\"url\":\"https:\\\/\\\/www.apfelpatient.de\\\/en\\\/\"},\"alternateName\":\"Apfelpatient\",\"potentialAction\":[{\"@type\":\"SearchAction\",\"target\":{\"@type\":\"EntryPoint\",\"urlTemplate\":\"https:\\\/\\\/www.apfelpatient.de\\\/?s={search_term_string}\"},\"query-input\":{\"@type\":\"PropertyValueSpecification\",\"valueRequired\":true,\"valueName\":\"search_term_string\"}}],\"inLanguage\":\"en-US\"},{\"@type\":[\"Person\",\"Organization\"],\"@id\":\"https:\\\/\\\/www.apfelpatient.de\\\/#\\\/schema\\\/person\\\/7dc56ad6c8e9824b76d2c08d4c140e13\",\"name\":\"Milan\",\"logo\":{\"@id\":\"https:\\\/\\\/www.apfelpatient.de\\\/#\\\/schema\\\/person\\\/image\\\/\"},\"description\":\"Hallo und herzlich willkommen auf meinem Technik-Blog! Als gro\u00dfer Apple-Fan berichte ich hier \u00fcber alles, was mit Apple zu tun hat: von den neuesten News und spannenden Ger\u00fcchten \u00fcber hilfreiche Tipps und Tricks bis hin zu ausf\u00fchrlichen Produkttests. Wenn du genauso technikbegeistert bist wie ich, bist du hier genau richtig!\",\"sameAs\":[\"https:\\\/\\\/www.facebook.com\\\/apfelpatientOfficial\",\"https:\\\/\\\/www.linkedin.com\\\/in\\\/milan-jovicic-42aa0231b\"],\"url\":\"https:\\\/\\\/www.apfelpatient.de\\\/en\\\/author\\\/apfeladmin\"}]}<\/script>\n<!-- \/ Yoast SEO Premium plugin. -->","yoast_head_json":{"title":"Apple Glasses are said to be behind schedule Apfelpatient","description":"Apple Glasses: According to various rumors, Apple is working on a headset that will have AR and VR capabilities.","robots":{"index":"index","follow":"follow","max-snippet":"max-snippet:-1","max-image-preview":"max-image-preview:large","max-video-preview":"max-video-preview:-1"},"canonical":"https:\/\/www.apfelpatient.de\/en\/rumors\/apple-glasses-are-said-to-be-behind-schedule","og_locale":"en_US","og_type":"article","og_title":"Apple Glasses soll hinter dem Zeitplan liegen","og_description":"Apple Glasses: Apple arbeitet diversen Ger\u00fcchten zufolge an einem Headset, das \u00fcber AR- und VR-F\u00e4higkeiten verf\u00fcgen soll.","og_url":"https:\/\/www.apfelpatient.de\/en\/rumors\/apple-glasses-are-said-to-be-behind-schedule","og_site_name":"Apfelpatient","article_publisher":"https:\/\/www.facebook.com\/apfelpatientOfficial","article_author":"https:\/\/www.facebook.com\/apfelpatientOfficial","article_published_time":"2021-04-26T13:18:14+00:00","article_modified_time":"2021-04-26T13:18:15+00:00","og_image":[{"width":1600,"height":900,"url":"https:\/\/www.apfelpatient.de\/wp-content\/uploads\/2021\/04\/bigstock-Human-Hand-Holding-Earth-Globe-403931741.jpg","type":"image\/jpeg"}],"author":"Milan","twitter_card":"summary_large_image","twitter_description":"Apple Glasses: Apple arbeitet diversen Ger\u00fcchten zufolge an einem Headset, das \u00fcber AR- und VR-F\u00e4higkeiten verf\u00fcgen soll.","twitter_misc":{"Written by":"Milan","Est. reading time":"2 minutes"},"schema":{"@context":"https:\/\/schema.org","@graph":[{"@type":"NewsArticle","@id":"https:\/\/www.apfelpatient.de\/rumors\/apple-glasses-soll-hinter-dem-zeitplan-liegen#article","isPartOf":{"@id":"https:\/\/www.apfelpatient.de\/rumors\/apple-glasses-soll-hinter-dem-zeitplan-liegen"},"author":{"@type":"Organization","@id":"https:\/\/www.apfelpatient.de\/en\/#organization","name":"Apfelpatient","url":"https:\/\/www.apfelpatient.de\/en\/"},"headline":"Apple Glasses soll hinter dem Zeitplan liegen","datePublished":"2021-04-26T13:18:14+00:00","dateModified":"2021-04-26T13:18:15+00:00","mainEntityOfPage":{"@id":"https:\/\/www.apfelpatient.de\/rumors\/apple-glasses-soll-hinter-dem-zeitplan-liegen"},"wordCount":415,"publisher":{"@type":"Organization","@id":"https:\/\/www.apfelpatient.de\/en\/#organization","name":"Apfelpatient","url":"https:\/\/www.apfelpatient.de\/en\/"},"image":{"@id":"https:\/\/www.apfelpatient.de\/rumors\/apple-glasses-soll-hinter-dem-zeitplan-liegen#primaryimage"},"thumbnailUrl":"https:\/\/www.apfelpatient.de\/wp-content\/uploads\/2021\/04\/bigstock-Human-Hand-Holding-Earth-Globe-403931741.jpg","keywords":["Apple VR\/AR"],"articleSection":"Rumors","inLanguage":"en-US","copyrightYear":"2021","copyrightHolder":{"@id":"https:\/\/www.apfelpatient.de\/en\/#organization"}},{"@type":"WebPage","@id":"https:\/\/www.apfelpatient.de\/rumors\/apple-glasses-soll-hinter-dem-zeitplan-liegen","url":"https:\/\/www.apfelpatient.de\/rumors\/apple-glasses-soll-hinter-dem-zeitplan-liegen","name":"Apple Glasses are said to be behind schedule Apfelpatient","isPartOf":{"@id":"https:\/\/www.apfelpatient.de\/#website"},"primaryImageOfPage":{"@id":"https:\/\/www.apfelpatient.de\/rumors\/apple-glasses-soll-hinter-dem-zeitplan-liegen#primaryimage"},"image":{"@id":"https:\/\/www.apfelpatient.de\/rumors\/apple-glasses-soll-hinter-dem-zeitplan-liegen#primaryimage"},"thumbnailUrl":"https:\/\/www.apfelpatient.de\/wp-content\/uploads\/2021\/04\/bigstock-Human-Hand-Holding-Earth-Globe-403931741.jpg","datePublished":"2021-04-26T13:18:14+00:00","dateModified":"2021-04-26T13:18:15+00:00","description":"Apple Glasses: According to various rumors, Apple is working on a headset that will have AR and VR capabilities.","breadcrumb":{"@id":"https:\/\/www.apfelpatient.de\/rumors\/apple-glasses-soll-hinter-dem-zeitplan-liegen#breadcrumb"},"inLanguage":"en-US","potentialAction":[{"@type":"ReadAction","target":["https:\/\/www.apfelpatient.de\/rumors\/apple-glasses-soll-hinter-dem-zeitplan-liegen"]}]},{"@type":"ImageObject","inLanguage":"en-US","@id":"https:\/\/www.apfelpatient.de\/rumors\/apple-glasses-soll-hinter-dem-zeitplan-liegen#primaryimage","url":"https:\/\/www.apfelpatient.de\/wp-content\/uploads\/2021\/04\/bigstock-Human-Hand-Holding-Earth-Globe-403931741.jpg","contentUrl":"https:\/\/www.apfelpatient.de\/wp-content\/uploads\/2021\/04\/bigstock-Human-Hand-Holding-Earth-Globe-403931741.jpg","width":1600,"height":900,"caption":"Human hand holding earth globe holographic technology . Futuristic visualization for virtual reality and augmented reality ."},{"@type":"BreadcrumbList","@id":"https:\/\/www.apfelpatient.de\/rumors\/apple-glasses-soll-hinter-dem-zeitplan-liegen#breadcrumb","itemListElement":[{"@type":"ListItem","position":1,"name":"Startseite","item":"https:\/\/www.apfelpatient.de\/"},{"@type":"ListItem","position":2,"name":"Apple Glasses soll hinter dem Zeitplan liegen"}]},{"@type":"WebSite","@id":"https:\/\/www.apfelpatient.de\/#website","url":"https:\/\/www.apfelpatient.de\/","name":"apple patient","description":"Everything about Apple!","publisher":{"@type":"Organization","@id":"https:\/\/www.apfelpatient.de\/en\/#organization","name":"Apfelpatient","url":"https:\/\/www.apfelpatient.de\/en\/"},"alternateName":"Apfelpatient","potentialAction":[{"@type":"SearchAction","target":{"@type":"EntryPoint","urlTemplate":"https:\/\/www.apfelpatient.de\/?s={search_term_string}"},"query-input":{"@type":"PropertyValueSpecification","valueRequired":true,"valueName":"search_term_string"}}],"inLanguage":"en-US"},{"@type":["Person","Organization"],"@id":"https:\/\/www.apfelpatient.de\/#\/schema\/person\/7dc56ad6c8e9824b76d2c08d4c140e13","name":"Milan","logo":{"@id":"https:\/\/www.apfelpatient.de\/#\/schema\/person\/image\/"},"description":"Hello and welcome to my technology blog! As a big Apple fan, I report on everything to do with Apple: from the latest news and exciting rumors to helpful tips and tricks and detailed product tests. If you are as enthusiastic about technology as I am, you have come to the right place!","sameAs":["https:\/\/www.facebook.com\/apfelpatientOfficial","https:\/\/www.linkedin.com\/in\/milan-jovicic-42aa0231b"],"url":"https:\/\/www.apfelpatient.de\/en\/author\/apfeladmin"}]}},"_links":{"self":[{"href":"https:\/\/www.apfelpatient.de\/en\/wp-json\/wp\/v2\/posts\/21720","targetHints":{"allow":["GET"]}}],"collection":[{"href":"https:\/\/www.apfelpatient.de\/en\/wp-json\/wp\/v2\/posts"}],"about":[{"href":"https:\/\/www.apfelpatient.de\/en\/wp-json\/wp\/v2\/types\/post"}],"author":[{"embeddable":true,"href":"https:\/\/www.apfelpatient.de\/en\/wp-json\/wp\/v2\/users\/2"}],"replies":[{"embeddable":true,"href":"https:\/\/www.apfelpatient.de\/en\/wp-json\/wp\/v2\/comments?post=21720"}],"version-history":[{"count":0,"href":"https:\/\/www.apfelpatient.de\/en\/wp-json\/wp\/v2\/posts\/21720\/revisions"}],"wp:featuredmedia":[{"embeddable":true,"href":"https:\/\/www.apfelpatient.de\/en\/wp-json\/wp\/v2\/media\/21719"}],"wp:attachment":[{"href":"https:\/\/www.apfelpatient.de\/en\/wp-json\/wp\/v2\/media?parent=21720"}],"wp:term":[{"taxonomy":"category","embeddable":true,"href":"https:\/\/www.apfelpatient.de\/en\/wp-json\/wp\/v2\/categories?post=21720"},{"taxonomy":"post_tag","embeddable":true,"href":"https:\/\/www.apfelpatient.de\/en\/wp-json\/wp\/v2\/tags?post=21720"}],"curies":[{"name":"wp","href":"https:\/\/api.w.org\/{rel}","templated":true}]}}