{"id":21714,"date":"2021-04-25T20:54:15","date_gmt":"2021-04-25T18:54:15","guid":{"rendered":"https:\/\/www.apfelpatient.de\/?p=21714"},"modified":"2021-04-25T20:58:02","modified_gmt":"2021-04-25T18:58:02","slug":"ios-14-5-when-will-apple-release-the-update","status":"publish","type":"post","link":"https:\/\/www.apfelpatient.de\/en\/news\/ios-14-5-wann-wird-apple-das-update-veroeffentlichen","title":{"rendered":"iOS 14.5: When will Apple release the update?"},"content":{"rendered":"<p class=\"has-drop-cap\"><strong>During the \u201cSpring Loaded\u201d event, Apple confirmed that iOS 14.5, iPadOS 14.5, tvOS 14.5, watchOS 7.4 and macOS Big Sur 11.3 will be made available to all users in a few days. But when exactly will the updates be released?<\/strong><\/p>\n\n\n\n<p>While Apple scheduled the launch of iOS 14.5 and Co. for next week on Tuesday and released corresponding release candidate versions, no specific date was given. Accordingly, the new versions will be rolled out sometime between April 26 and 30. Apple has also informed developers that all apps must be built with the iOS 14 SDK and must meet the app tracking transparency requirements from Monday, April 26, which suggests that the new operating system updates will be released on that day. New iOS updates usually appear at 7 p.m. CET in this country.<\/p>\n\n\n\n<h3 class=\"wp-block-heading\" id=\"h-ios-14-5-co-airtag-und-dual-sim-5g-unterst-tzung-und-mehr\">iOS 14.5 &amp; Co.: AirTag and dual-SIM 5G support and more<\/h3>\n\n\n\n\n\n\n\n<p>Based on Apple\u2019s communications \u2013 including to <a href=\"https:\/\/developer.apple.com\/news\/releases\/\" target=\"_blank\" rel=\"noreferrer noopener\">developers<\/a> - so it can be assumed that the update wave will be released on Monday evening. If this is not the case, iOS 14.5 and Co. will be released into the wild on Tuesday evening. Whatever. As soon as this is the case, we will of course report as always via our events section so that none of you will miss the launch of iOS 14.5 and Co. The new update brings the ability to unlock an iPhone with an Apple Watch, AirTag support, dual SIM 5G support, Siri improvements, updates for podcasts, maps and news and more. You can find further details below. (Photo by Javi Ruiz \/ Bigstockphoto)<\/p>\n\n\n\n<ul class=\"wp-block-list\"><li><a href=\"https:\/\/www.apfelpatient.de\/en\/news\/apple-releases-ios-14-5-release-candidate-and-more\">Apple releases iOS 14.5 Release Candidate and more<\/a><\/li><\/ul>\n\n\n\n<h6 class=\"wp-block-heading translation-block\" id=\"h-kennt-ihr-schon-unsere-amazon-storefront-dort-findet-ihr-eine-handverlesene-auswahl-von-diversen-produkten-f-r-euer-iphone-und-co-viel-spa-beim-st-bern\"><em>Have you already visited our Amazon Storefront? There you&#039;ll find a hand-picked selection of various products for your iPhone and other devices \u2013 <span class=\"has-inline-color has-vivid-red-color\"><a href=\"https:\/\/www.amazon.de\/shop\/apfelpatientofficial\" class=\"ek-link\" data-wpel-link=\"exclude\" rel=\"follow noopener\" target=\"_self\"><span style=\"text-decoration: underline\" class=\"ek-underline\">enjoy browsing<\/span><\/a> !<\/span><\/em><\/h6>\n\n\n\n<h6 class=\"wp-block-heading translation-block\" id=\"h-der-beitrag-enthalt-partnerlinks\">This post contains <a data-type=\"URL\" data-id=\"https:\/\/www.apfelpatient.de\/partnerprogramm\" href=\"https:\/\/www.apfelpatient.de\/en\/partner-program\" data-wpel-link=\"internal\" target=\"_self\">affiliate links<\/a>.<\/h6>","protected":false},"excerpt":{"rendered":"<p>During the \u201cSpring Loaded\u201d event, Apple confirmed that iOS 14.5 and beyond will be made available to all users in a few days.<\/p>","protected":false},"author":2,"featured_media":21712,"comment_status":"closed","ping_status":"closed","sticky":false,"template":"","format":"standard","meta":{"jnews-multi-image_gallery":[],"jnews_single_post":{"subtitle":"","format":"standard","video":"","gallery":"","source_name":"","source_url":"","via_name":"","via_url":"","override":[{"single_blog_custom":"","sidebar":"","second_sidebar":"","share_position":"","share_float_style":"","post_date_format":"","post_date_format_custom":"","post_reading_time_wpm":"","zoom_button_out_step":"1","zoom_button_in_step":"1","number_popup_post":"1"}],"image_override":[{"single_post_thumbnail_size":"","single_post_gallery_size":""}],"trending_post_position":"","trending_post_label":"","sponsored_post_label":"","sponsored_post_name":"","sponsored_post_url":"","sponsored_post_logo":"","sponsored_post_desc":""},"jnews_primary_category":{"id":"9"},"footnotes":""},"categories":[9],"tags":[3,574],"class_list":["post-21714","post","type-post","status-publish","format-standard","has-post-thumbnail","hentry","category-news","tag-ios","tag-ios-14-5"],"yoast_head":"<!-- This site is optimized with the Yoast SEO Premium plugin v27.5 (Yoast SEO v27.5) - https:\/\/yoast.com\/product\/yoast-seo-premium-wordpress\/ -->\n<title>iOS 14.5: Wann wird Apple das Update ver\u00f6ffentlichen? Apfelpatient<\/title>\n<meta name=\"description\" content=\"Apple hat im Rahmen des &quot;Spring Loaded&quot;-Events best\u00e4tigt, dass iOS 14.5 und mehr in wenigen Tagen f\u00fcr alle Nutzer bereitgestellt wird.\" \/>\n<meta name=\"robots\" content=\"index, follow, max-snippet:-1, max-image-preview:large, max-video-preview:-1\" \/>\n<link rel=\"canonical\" href=\"https:\/\/www.apfelpatient.de\/en\/news\/ios-14-5-when-will-apple-release-the-update\" \/>\n<meta property=\"og:locale\" content=\"en_US\" \/>\n<meta property=\"og:type\" content=\"article\" \/>\n<meta property=\"og:title\" content=\"iOS 14.5: Wann wird Apple das Update ver\u00f6ffentlichen?\" \/>\n<meta property=\"og:description\" content=\"Apple hat im Rahmen des &quot;Spring Loaded&quot;-Events best\u00e4tigt, dass iOS 14.5 und mehr in wenigen Tagen f\u00fcr alle Nutzer bereitgestellt wird.\" \/>\n<meta property=\"og:url\" content=\"https:\/\/www.apfelpatient.de\/en\/news\/ios-14-5-when-will-apple-release-the-update\" \/>\n<meta property=\"og:site_name\" content=\"Apfelpatient\" \/>\n<meta property=\"article:publisher\" content=\"https:\/\/www.facebook.com\/apfelpatientOfficial\" \/>\n<meta property=\"article:author\" content=\"https:\/\/www.facebook.com\/apfelpatientOfficial\" \/>\n<meta property=\"article:published_time\" content=\"2021-04-25T18:54:15+00:00\" \/>\n<meta property=\"article:modified_time\" content=\"2021-04-25T18:58:02+00:00\" \/>\n<meta property=\"og:image\" content=\"https:\/\/www.apfelpatient.de\/wp-content\/uploads\/2021\/04\/bigstock-Detail-Of-An-Apple-Iphone-P-417555295.jpg\" \/>\n\t<meta property=\"og:image:width\" content=\"1600\" \/>\n\t<meta property=\"og:image:height\" content=\"1067\" \/>\n\t<meta property=\"og:image:type\" content=\"image\/jpeg\" \/>\n<meta name=\"author\" content=\"Milan\" \/>\n<meta name=\"twitter:card\" content=\"summary_large_image\" \/>\n<meta name=\"twitter:description\" content=\"Apple hat im Rahmen des &quot;Spring Loaded&quot;-Events best\u00e4tigt, dass iOS 14.5 und mehr in wenigen Tagen f\u00fcr alle Nutzer bereitgestellt wird.\" \/>\n<meta name=\"twitter:label1\" content=\"Written by\" \/>\n\t<meta name=\"twitter:data1\" content=\"Milan\" \/>\n\t<meta name=\"twitter:label2\" content=\"Est. reading time\" \/>\n\t<meta name=\"twitter:data2\" content=\"2 minutes\" \/>\n<script type=\"application\/ld+json\" class=\"yoast-schema-graph\">{\"@context\":\"https:\\\/\\\/schema.org\",\"@graph\":[{\"@type\":\"NewsArticle\",\"@id\":\"https:\\\/\\\/www.apfelpatient.de\\\/news\\\/ios-14-5-wann-wird-apple-das-update-veroeffentlichen#article\",\"isPartOf\":{\"@id\":\"https:\\\/\\\/www.apfelpatient.de\\\/news\\\/ios-14-5-wann-wird-apple-das-update-veroeffentlichen\"},\"author\":{\"@type\":\"Organization\",\"@id\":\"https:\\\/\\\/www.apfelpatient.de\\\/en\\\/#organization\",\"name\":\"Apfelpatient\",\"url\":\"https:\\\/\\\/www.apfelpatient.de\\\/en\\\/\"},\"headline\":\"iOS 14.5: Wann wird Apple das Update ver\u00f6ffentlichen?\",\"datePublished\":\"2021-04-25T18:54:15+00:00\",\"dateModified\":\"2021-04-25T18:58:02+00:00\",\"mainEntityOfPage\":{\"@id\":\"https:\\\/\\\/www.apfelpatient.de\\\/news\\\/ios-14-5-wann-wird-apple-das-update-veroeffentlichen\"},\"wordCount\":271,\"publisher\":{\"@type\":\"Organization\",\"@id\":\"https:\\\/\\\/www.apfelpatient.de\\\/en\\\/#organization\",\"name\":\"Apfelpatient\",\"url\":\"https:\\\/\\\/www.apfelpatient.de\\\/en\\\/\"},\"image\":{\"@id\":\"https:\\\/\\\/www.apfelpatient.de\\\/news\\\/ios-14-5-wann-wird-apple-das-update-veroeffentlichen#primaryimage\"},\"thumbnailUrl\":\"https:\\\/\\\/www.apfelpatient.de\\\/wp-content\\\/uploads\\\/2021\\\/04\\\/bigstock-Detail-Of-An-Apple-Iphone-P-417555295.jpg\",\"keywords\":[\"iOS\",\"iOS 14.5\"],\"articleSection\":\"News\",\"inLanguage\":\"en-US\",\"copyrightYear\":\"2021\",\"copyrightHolder\":{\"@id\":\"https:\\\/\\\/www.apfelpatient.de\\\/en\\\/#organization\"}},{\"@type\":\"WebPage\",\"@id\":\"https:\\\/\\\/www.apfelpatient.de\\\/news\\\/ios-14-5-wann-wird-apple-das-update-veroeffentlichen\",\"url\":\"https:\\\/\\\/www.apfelpatient.de\\\/news\\\/ios-14-5-wann-wird-apple-das-update-veroeffentlichen\",\"name\":\"iOS 14.5: Wann wird Apple das Update ver\u00f6ffentlichen? Apfelpatient\",\"isPartOf\":{\"@id\":\"https:\\\/\\\/www.apfelpatient.de\\\/#website\"},\"primaryImageOfPage\":{\"@id\":\"https:\\\/\\\/www.apfelpatient.de\\\/news\\\/ios-14-5-wann-wird-apple-das-update-veroeffentlichen#primaryimage\"},\"image\":{\"@id\":\"https:\\\/\\\/www.apfelpatient.de\\\/news\\\/ios-14-5-wann-wird-apple-das-update-veroeffentlichen#primaryimage\"},\"thumbnailUrl\":\"https:\\\/\\\/www.apfelpatient.de\\\/wp-content\\\/uploads\\\/2021\\\/04\\\/bigstock-Detail-Of-An-Apple-Iphone-P-417555295.jpg\",\"datePublished\":\"2021-04-25T18:54:15+00:00\",\"dateModified\":\"2021-04-25T18:58:02+00:00\",\"description\":\"Apple hat im Rahmen des \\\"Spring Loaded\\\"-Events best\u00e4tigt, dass iOS 14.5 und mehr in wenigen Tagen f\u00fcr alle Nutzer bereitgestellt wird.\",\"breadcrumb\":{\"@id\":\"https:\\\/\\\/www.apfelpatient.de\\\/news\\\/ios-14-5-wann-wird-apple-das-update-veroeffentlichen#breadcrumb\"},\"inLanguage\":\"en-US\",\"potentialAction\":[{\"@type\":\"ReadAction\",\"target\":[\"https:\\\/\\\/www.apfelpatient.de\\\/news\\\/ios-14-5-wann-wird-apple-das-update-veroeffentlichen\"]}]},{\"@type\":\"ImageObject\",\"inLanguage\":\"en-US\",\"@id\":\"https:\\\/\\\/www.apfelpatient.de\\\/news\\\/ios-14-5-wann-wird-apple-das-update-veroeffentlichen#primaryimage\",\"url\":\"https:\\\/\\\/www.apfelpatient.de\\\/wp-content\\\/uploads\\\/2021\\\/04\\\/bigstock-Detail-Of-An-Apple-Iphone-P-417555295.jpg\",\"contentUrl\":\"https:\\\/\\\/www.apfelpatient.de\\\/wp-content\\\/uploads\\\/2021\\\/04\\\/bigstock-Detail-Of-An-Apple-Iphone-P-417555295.jpg\",\"width\":1600,\"height\":1067,\"caption\":\"detail of an Apple Iphone 12 Pro Max face down on a flanked background with space for copy, showing its three camera lenses, horizontal\"},{\"@type\":\"BreadcrumbList\",\"@id\":\"https:\\\/\\\/www.apfelpatient.de\\\/news\\\/ios-14-5-wann-wird-apple-das-update-veroeffentlichen#breadcrumb\",\"itemListElement\":[{\"@type\":\"ListItem\",\"position\":1,\"name\":\"Startseite\",\"item\":\"https:\\\/\\\/www.apfelpatient.de\\\/\"},{\"@type\":\"ListItem\",\"position\":2,\"name\":\"iOS 14.5: Wann wird Apple das Update ver\u00f6ffentlichen?\"}]},{\"@type\":\"WebSite\",\"@id\":\"https:\\\/\\\/www.apfelpatient.de\\\/#website\",\"url\":\"https:\\\/\\\/www.apfelpatient.de\\\/\",\"name\":\"Apfelpatient\",\"description\":\"Alles rund um Apple!\",\"publisher\":{\"@type\":\"Organization\",\"@id\":\"https:\\\/\\\/www.apfelpatient.de\\\/en\\\/#organization\",\"name\":\"Apfelpatient\",\"url\":\"https:\\\/\\\/www.apfelpatient.de\\\/en\\\/\"},\"alternateName\":\"Apfelpatient\",\"potentialAction\":[{\"@type\":\"SearchAction\",\"target\":{\"@type\":\"EntryPoint\",\"urlTemplate\":\"https:\\\/\\\/www.apfelpatient.de\\\/?s={search_term_string}\"},\"query-input\":{\"@type\":\"PropertyValueSpecification\",\"valueRequired\":true,\"valueName\":\"search_term_string\"}}],\"inLanguage\":\"en-US\"},{\"@type\":[\"Person\",\"Organization\"],\"@id\":\"https:\\\/\\\/www.apfelpatient.de\\\/#\\\/schema\\\/person\\\/7dc56ad6c8e9824b76d2c08d4c140e13\",\"name\":\"Milan\",\"logo\":{\"@id\":\"https:\\\/\\\/www.apfelpatient.de\\\/#\\\/schema\\\/person\\\/image\\\/\"},\"description\":\"Hallo und herzlich willkommen auf meinem Technik-Blog! Als gro\u00dfer Apple-Fan berichte ich hier \u00fcber alles, was mit Apple zu tun hat: von den neuesten News und spannenden Ger\u00fcchten \u00fcber hilfreiche Tipps und Tricks bis hin zu ausf\u00fchrlichen Produkttests. Wenn du genauso technikbegeistert bist wie ich, bist du hier genau richtig!\",\"sameAs\":[\"https:\\\/\\\/www.facebook.com\\\/apfelpatientOfficial\",\"https:\\\/\\\/www.linkedin.com\\\/in\\\/milan-jovicic-42aa0231b\"],\"url\":\"https:\\\/\\\/www.apfelpatient.de\\\/en\\\/author\\\/apfeladmin\"}]}<\/script>\n<!-- \/ Yoast SEO Premium plugin. -->","yoast_head_json":{"title":"iOS 14.5: When will Apple release the update? Apfelpatient","description":"During the &quot;Spring Loaded&quot; event, Apple confirmed that iOS 14.5 and more will be made available to all users in a few days.","robots":{"index":"index","follow":"follow","max-snippet":"max-snippet:-1","max-image-preview":"max-image-preview:large","max-video-preview":"max-video-preview:-1"},"canonical":"https:\/\/www.apfelpatient.de\/en\/news\/ios-14-5-when-will-apple-release-the-update","og_locale":"en_US","og_type":"article","og_title":"iOS 14.5: Wann wird Apple das Update ver\u00f6ffentlichen?","og_description":"Apple hat im Rahmen des \"Spring Loaded\"-Events best\u00e4tigt, dass iOS 14.5 und mehr in wenigen Tagen f\u00fcr alle Nutzer bereitgestellt wird.","og_url":"https:\/\/www.apfelpatient.de\/en\/news\/ios-14-5-when-will-apple-release-the-update","og_site_name":"Apfelpatient","article_publisher":"https:\/\/www.facebook.com\/apfelpatientOfficial","article_author":"https:\/\/www.facebook.com\/apfelpatientOfficial","article_published_time":"2021-04-25T18:54:15+00:00","article_modified_time":"2021-04-25T18:58:02+00:00","og_image":[{"width":1600,"height":1067,"url":"https:\/\/www.apfelpatient.de\/wp-content\/uploads\/2021\/04\/bigstock-Detail-Of-An-Apple-Iphone-P-417555295.jpg","type":"image\/jpeg"}],"author":"Milan","twitter_card":"summary_large_image","twitter_description":"Apple hat im Rahmen des \"Spring Loaded\"-Events best\u00e4tigt, dass iOS 14.5 und mehr in wenigen Tagen f\u00fcr alle Nutzer bereitgestellt wird.","twitter_misc":{"Written by":"Milan","Est. reading time":"2 minutes"},"schema":{"@context":"https:\/\/schema.org","@graph":[{"@type":"NewsArticle","@id":"https:\/\/www.apfelpatient.de\/news\/ios-14-5-wann-wird-apple-das-update-veroeffentlichen#article","isPartOf":{"@id":"https:\/\/www.apfelpatient.de\/news\/ios-14-5-wann-wird-apple-das-update-veroeffentlichen"},"author":{"@type":"Organization","@id":"https:\/\/www.apfelpatient.de\/en\/#organization","name":"Apfelpatient","url":"https:\/\/www.apfelpatient.de\/en\/"},"headline":"iOS 14.5: Wann wird Apple das Update ver\u00f6ffentlichen?","datePublished":"2021-04-25T18:54:15+00:00","dateModified":"2021-04-25T18:58:02+00:00","mainEntityOfPage":{"@id":"https:\/\/www.apfelpatient.de\/news\/ios-14-5-wann-wird-apple-das-update-veroeffentlichen"},"wordCount":271,"publisher":{"@type":"Organization","@id":"https:\/\/www.apfelpatient.de\/en\/#organization","name":"Apfelpatient","url":"https:\/\/www.apfelpatient.de\/en\/"},"image":{"@id":"https:\/\/www.apfelpatient.de\/news\/ios-14-5-wann-wird-apple-das-update-veroeffentlichen#primaryimage"},"thumbnailUrl":"https:\/\/www.apfelpatient.de\/wp-content\/uploads\/2021\/04\/bigstock-Detail-Of-An-Apple-Iphone-P-417555295.jpg","keywords":["iOS","iOS 14.5"],"articleSection":"News","inLanguage":"en-US","copyrightYear":"2021","copyrightHolder":{"@id":"https:\/\/www.apfelpatient.de\/en\/#organization"}},{"@type":"WebPage","@id":"https:\/\/www.apfelpatient.de\/news\/ios-14-5-wann-wird-apple-das-update-veroeffentlichen","url":"https:\/\/www.apfelpatient.de\/news\/ios-14-5-wann-wird-apple-das-update-veroeffentlichen","name":"iOS 14.5: When will Apple release the update? Apfelpatient","isPartOf":{"@id":"https:\/\/www.apfelpatient.de\/#website"},"primaryImageOfPage":{"@id":"https:\/\/www.apfelpatient.de\/news\/ios-14-5-wann-wird-apple-das-update-veroeffentlichen#primaryimage"},"image":{"@id":"https:\/\/www.apfelpatient.de\/news\/ios-14-5-wann-wird-apple-das-update-veroeffentlichen#primaryimage"},"thumbnailUrl":"https:\/\/www.apfelpatient.de\/wp-content\/uploads\/2021\/04\/bigstock-Detail-Of-An-Apple-Iphone-P-417555295.jpg","datePublished":"2021-04-25T18:54:15+00:00","dateModified":"2021-04-25T18:58:02+00:00","description":"During the &quot;Spring Loaded&quot; event, Apple confirmed that iOS 14.5 and more will be made available to all users in a few days.","breadcrumb":{"@id":"https:\/\/www.apfelpatient.de\/news\/ios-14-5-wann-wird-apple-das-update-veroeffentlichen#breadcrumb"},"inLanguage":"en-US","potentialAction":[{"@type":"ReadAction","target":["https:\/\/www.apfelpatient.de\/news\/ios-14-5-wann-wird-apple-das-update-veroeffentlichen"]}]},{"@type":"ImageObject","inLanguage":"en-US","@id":"https:\/\/www.apfelpatient.de\/news\/ios-14-5-wann-wird-apple-das-update-veroeffentlichen#primaryimage","url":"https:\/\/www.apfelpatient.de\/wp-content\/uploads\/2021\/04\/bigstock-Detail-Of-An-Apple-Iphone-P-417555295.jpg","contentUrl":"https:\/\/www.apfelpatient.de\/wp-content\/uploads\/2021\/04\/bigstock-Detail-Of-An-Apple-Iphone-P-417555295.jpg","width":1600,"height":1067,"caption":"detail of an Apple Iphone 12 Pro Max face down on a flanked background with space for copy, showing its three camera lenses, horizontal"},{"@type":"BreadcrumbList","@id":"https:\/\/www.apfelpatient.de\/news\/ios-14-5-wann-wird-apple-das-update-veroeffentlichen#breadcrumb","itemListElement":[{"@type":"ListItem","position":1,"name":"Startseite","item":"https:\/\/www.apfelpatient.de\/"},{"@type":"ListItem","position":2,"name":"iOS 14.5: Wann wird Apple das Update ver\u00f6ffentlichen?"}]},{"@type":"WebSite","@id":"https:\/\/www.apfelpatient.de\/#website","url":"https:\/\/www.apfelpatient.de\/","name":"apple patient","description":"Everything about Apple!","publisher":{"@type":"Organization","@id":"https:\/\/www.apfelpatient.de\/en\/#organization","name":"Apfelpatient","url":"https:\/\/www.apfelpatient.de\/en\/"},"alternateName":"Apfelpatient","potentialAction":[{"@type":"SearchAction","target":{"@type":"EntryPoint","urlTemplate":"https:\/\/www.apfelpatient.de\/?s={search_term_string}"},"query-input":{"@type":"PropertyValueSpecification","valueRequired":true,"valueName":"search_term_string"}}],"inLanguage":"en-US"},{"@type":["Person","Organization"],"@id":"https:\/\/www.apfelpatient.de\/#\/schema\/person\/7dc56ad6c8e9824b76d2c08d4c140e13","name":"Milan","logo":{"@id":"https:\/\/www.apfelpatient.de\/#\/schema\/person\/image\/"},"description":"Hello and welcome to my technology blog! As a big Apple fan, I report on everything to do with Apple: from the latest news and exciting rumors to helpful tips and tricks and detailed product tests. If you are as enthusiastic about technology as I am, you have come to the right place!","sameAs":["https:\/\/www.facebook.com\/apfelpatientOfficial","https:\/\/www.linkedin.com\/in\/milan-jovicic-42aa0231b"],"url":"https:\/\/www.apfelpatient.de\/en\/author\/apfeladmin"}]}},"_links":{"self":[{"href":"https:\/\/www.apfelpatient.de\/en\/wp-json\/wp\/v2\/posts\/21714","targetHints":{"allow":["GET"]}}],"collection":[{"href":"https:\/\/www.apfelpatient.de\/en\/wp-json\/wp\/v2\/posts"}],"about":[{"href":"https:\/\/www.apfelpatient.de\/en\/wp-json\/wp\/v2\/types\/post"}],"author":[{"embeddable":true,"href":"https:\/\/www.apfelpatient.de\/en\/wp-json\/wp\/v2\/users\/2"}],"replies":[{"embeddable":true,"href":"https:\/\/www.apfelpatient.de\/en\/wp-json\/wp\/v2\/comments?post=21714"}],"version-history":[{"count":0,"href":"https:\/\/www.apfelpatient.de\/en\/wp-json\/wp\/v2\/posts\/21714\/revisions"}],"wp:featuredmedia":[{"embeddable":true,"href":"https:\/\/www.apfelpatient.de\/en\/wp-json\/wp\/v2\/media\/21712"}],"wp:attachment":[{"href":"https:\/\/www.apfelpatient.de\/en\/wp-json\/wp\/v2\/media?parent=21714"}],"wp:term":[{"taxonomy":"category","embeddable":true,"href":"https:\/\/www.apfelpatient.de\/en\/wp-json\/wp\/v2\/categories?post=21714"},{"taxonomy":"post_tag","embeddable":true,"href":"https:\/\/www.apfelpatient.de\/en\/wp-json\/wp\/v2\/tags?post=21714"}],"curies":[{"name":"wp","href":"https:\/\/api.w.org\/{rel}","templated":true}]}}