{"id":21705,"date":"2021-04-30T14:07:05","date_gmt":"2021-04-30T12:07:05","guid":{"rendered":"https:\/\/www.apfelpatient.de\/?p=21705"},"modified":"2021-04-30T14:07:06","modified_gmt":"2021-04-30T12:07:06","slug":"imac-ipad-pro-apple-tv-4k-pre-order-now-from-apple","status":"publish","type":"post","link":"https:\/\/www.apfelpatient.de\/en\/news\/imac-ipad-pro-apple-tv-4k-jetzt-bei-apple-vorbestellen","title":{"rendered":"iMac, iPad Pro &amp; Apple TV 4K: Pre-order now from Apple"},"content":{"rendered":"<p class=\"has-drop-cap\"><strong>Apple recently introduced brand new iMac devices, a new generation of iPad Pro and a revised Apple TV 4K model. The new products can now be officially pre-ordered.<\/strong><\/p>\n\n\n\n<p>Apple unveiled new products at the Spring Loaded event, including iMac devices with a brand new design. The redesigned 2021 iMac has an updated and sleeker design that is much more compact than its predecessors thanks to the smaller footprint of the M1 system-on-chip design. It has softer edges and a front bezel that consists of a single pane of glass. On the display side, the new iMac features a 24-inch Retina display with True Tone support. It also comes with a graphics card that is up to 2x faster than previous models. In a nod to the original iMac G3 from 1998, the new iMacs come in a range of new color options, including green, yellow, orange, pink, purple, blue, and silver. The new <a href=\"https:\/\/www.apple.com\/de\/mac\/\" target=\"_blank\" rel=\"noreferrer noopener\">Model<\/a> is available in three versions. Prices start at 1,449 euros.<\/p>\n\n\n\n<figure class=\"wp-block-image size-large\"><img decoding=\"async\" width=\"1024\" height=\"576\" src=\"https:\/\/www.apfelpatient.de\/wp-content\/uploads\/2021\/04\/apple_new-imac-spring21_hero_04202021-1024x576.jpg\" alt=\"iMac 2021\" class=\"wp-image-21499\" srcset=\"https:\/\/www.apfelpatient.de\/wp-content\/uploads\/2021\/04\/apple_new-imac-spring21_hero_04202021-1024x576.jpg 1024w, https:\/\/www.apfelpatient.de\/wp-content\/uploads\/2021\/04\/apple_new-imac-spring21_hero_04202021-300x169.jpg 300w, https:\/\/www.apfelpatient.de\/wp-content\/uploads\/2021\/04\/apple_new-imac-spring21_hero_04202021-768x432.jpg 768w, https:\/\/www.apfelpatient.de\/wp-content\/uploads\/2021\/04\/apple_new-imac-spring21_hero_04202021-1536x864.jpg 1536w, https:\/\/www.apfelpatient.de\/wp-content\/uploads\/2021\/04\/apple_new-imac-spring21_hero_04202021-2048x1153.jpg 2048w, https:\/\/www.apfelpatient.de\/wp-content\/uploads\/2021\/04\/apple_new-imac-spring21_hero_04202021-750x422.jpg 750w, https:\/\/www.apfelpatient.de\/wp-content\/uploads\/2021\/04\/apple_new-imac-spring21_hero_04202021-1140x642.jpg 1140w\" sizes=\"(max-width: 1024px) 100vw, 1024px\" \/><figcaption>Image: Apple<\/figcaption><\/figure>\n\n\n\n<h3 class=\"wp-block-heading\" id=\"h-ipad-pro-2021-mit-xdr-display\">iPad Pro 2021 with XDR display<\/h3>\n\n\n\n\n\n\n\n<p>The 12.9-inch iPad Pro, which was introduced during the \u201cSpring Loaded\u201d event, differs from the 11-inch update by using a new display that Apple calls Liquid Retina XDR. For this iteration, Apple uses mini-LED technology. It houses 10,000 mini-LEDs behind the 12.9-inch screen, using significantly more light sources than the 72 LEDs of the previous model. Overall, the display can output 1,000 nits at full screen brightness and 1,600 nits at peak brightness. The advantage of this technology is similar to the Pro Display XDR. But the iPad Pro goes even further. Due to the sheer number of mini-LEDs, it has 2,596 local dimming zones and thus achieves a contrast ratio of 1 million to 1. In terms of price, the new <a href=\"https:\/\/www.apple.com\/de\/ipad\/\" target=\"_blank\" rel=\"noreferrer noopener\">generation<\/a> with 11-inch at 879 euros while the 12.9-inch version is set at 1,199 euros. If you want the high-end version, you have to pay a whopping 2,579 euros.<\/p>\n\n\n\n<figure class=\"wp-block-image size-large\"><img decoding=\"async\" width=\"1024\" height=\"819\" src=\"https:\/\/www.apfelpatient.de\/wp-content\/uploads\/2021\/04\/apple_ipad-pro-spring21_liquid-xdr-display-photos_04202021-1024x819.jpg\" alt=\"iPad Pro 2021\" class=\"wp-image-21515\" srcset=\"https:\/\/www.apfelpatient.de\/wp-content\/uploads\/2021\/04\/apple_ipad-pro-spring21_liquid-xdr-display-photos_04202021-1024x819.jpg 1024w, https:\/\/www.apfelpatient.de\/wp-content\/uploads\/2021\/04\/apple_ipad-pro-spring21_liquid-xdr-display-photos_04202021-300x240.jpg 300w, https:\/\/www.apfelpatient.de\/wp-content\/uploads\/2021\/04\/apple_ipad-pro-spring21_liquid-xdr-display-photos_04202021-768x614.jpg 768w, https:\/\/www.apfelpatient.de\/wp-content\/uploads\/2021\/04\/apple_ipad-pro-spring21_liquid-xdr-display-photos_04202021-1536x1229.jpg 1536w, https:\/\/www.apfelpatient.de\/wp-content\/uploads\/2021\/04\/apple_ipad-pro-spring21_liquid-xdr-display-photos_04202021-2048x1638.jpg 2048w, https:\/\/www.apfelpatient.de\/wp-content\/uploads\/2021\/04\/apple_ipad-pro-spring21_liquid-xdr-display-photos_04202021-750x600.jpg 750w, https:\/\/www.apfelpatient.de\/wp-content\/uploads\/2021\/04\/apple_ipad-pro-spring21_liquid-xdr-display-photos_04202021-1140x912.jpg 1140w\" sizes=\"(max-width: 1024px) 100vw, 1024px\" \/><figcaption>Image: Apple<\/figcaption><\/figure>\n\n\n\n<h3 class=\"wp-block-heading\" id=\"h-apple-tv-4k-und-eine-brandneue-siri-fernbedienung\">Apple TV 4K and a brand new Siri Remote<\/h3>\n\n\n\n<p>In addition to new iPad Pro and iMac models, there is now also a revised version of the Apple TV 4K with a brand new Siri Remote. The unveiled sixth generation Apple TV is an update to the product line with new internals, led by the A12 Bionic CPU. It also includes a redesigned Siri Remote, which is intended to serve as a universal remote for controlling all devices. The new remote features a clickpad with 5-way navigation for improved accuracy. It also offers a circular gesture on the edge for jog control, similar to the iPod classic. Apple has also moved the Siri button to the side, mimicking how the power button on an iPhone is held for Siri. While the Apple TV 4K with the new remote is available from just 199 euros, Apple TV owners of older generations can also purchase the remote separately. This is now available from Apple for around 65 euros <a href=\"https:\/\/www.apple.com\/de\/tv\/\" target=\"_blank\" rel=\"noreferrer noopener\">pre-orderable<\/a>.<\/p>\n\n\n\n<figure class=\"wp-block-image size-large\"><img decoding=\"async\" width=\"1024\" height=\"576\" src=\"https:\/\/www.apfelpatient.de\/wp-content\/uploads\/2021\/04\/Apple_unveils-the-next-gen-of-AppleTV4K_042021-1024x576.jpg\" alt=\"Apple TV 4K\" class=\"wp-image-21492\" srcset=\"https:\/\/www.apfelpatient.de\/wp-content\/uploads\/2021\/04\/Apple_unveils-the-next-gen-of-AppleTV4K_042021-1024x576.jpg 1024w, https:\/\/www.apfelpatient.de\/wp-content\/uploads\/2021\/04\/Apple_unveils-the-next-gen-of-AppleTV4K_042021-300x169.jpg 300w, https:\/\/www.apfelpatient.de\/wp-content\/uploads\/2021\/04\/Apple_unveils-the-next-gen-of-AppleTV4K_042021-768x432.jpg 768w, https:\/\/www.apfelpatient.de\/wp-content\/uploads\/2021\/04\/Apple_unveils-the-next-gen-of-AppleTV4K_042021-1536x864.jpg 1536w, https:\/\/www.apfelpatient.de\/wp-content\/uploads\/2021\/04\/Apple_unveils-the-next-gen-of-AppleTV4K_042021-750x422.jpg 750w, https:\/\/www.apfelpatient.de\/wp-content\/uploads\/2021\/04\/Apple_unveils-the-next-gen-of-AppleTV4K_042021-1140x641.jpg 1140w, https:\/\/www.apfelpatient.de\/wp-content\/uploads\/2021\/04\/Apple_unveils-the-next-gen-of-AppleTV4K_042021.jpg 1960w\" sizes=\"(max-width: 1024px) 100vw, 1024px\" \/><figcaption>Image: Apple<\/figcaption><\/figure>\n\n\n\n<h3 class=\"wp-block-heading\" id=\"h-imac-ipad-pro-apple-tv-4k-die-auslieferung\">iMac, iPad Pro &amp; Apple TV 4K \u2013 The delivery<\/h3>\n\n\n\n\n\n\n\n<p>As already explained, all three device series can be pre-ordered from Apple starting today. Unlike usual, however, delivery will be much later. According to Apple, this will start between May 21 and 28. Pre-orderers should therefore be more patient than usual. (Image: Apple)<\/p>\n\n\n\n<ul class=\"wp-block-list\"><li><a href=\"https:\/\/www.apfelpatient.de\/en\/news\/m1-processor-apple-plans-to-merge-mac-and-ipad\">M1 processor: Is Apple planning to merge Mac &amp; iPad?<\/a><\/li><\/ul>\n\n\n\n<h6 class=\"wp-block-heading translation-block\" id=\"h-kennt-ihr-schon-unsere-amazon-storefront-dort-findet-ihr-eine-handverlesene-auswahl-von-diversen-produkten-f-r-euer-iphone-und-co-viel-spa-beim-st-bern\"><em>Have you already visited our Amazon Storefront? There you&#039;ll find a hand-picked selection of various products for your iPhone and other devices \u2013 <span class=\"has-inline-color has-vivid-red-color\"><a href=\"https:\/\/www.amazon.de\/shop\/apfelpatientofficial\" class=\"ek-link\" data-wpel-link=\"exclude\" rel=\"follow noopener\" target=\"_self\"><span style=\"text-decoration: underline\" class=\"ek-underline\">enjoy browsing<\/span><\/a> !<\/span><\/em><\/h6>\n\n\n\n<h6 class=\"wp-block-heading translation-block\" id=\"h-der-beitrag-enthalt-partnerlinks\">This post contains <a data-type=\"URL\" data-id=\"https:\/\/www.apfelpatient.de\/partnerprogramm\" href=\"https:\/\/www.apfelpatient.de\/en\/partner-program\" data-wpel-link=\"internal\" target=\"_self\">affiliate links<\/a>.<\/h6>","protected":false},"excerpt":{"rendered":"<p>Apple recently introduced brand new iMac devices, a new generation of iPad Pro and a redesigned Apple TV 4K model.<\/p>","protected":false},"author":2,"featured_media":21499,"comment_status":"closed","ping_status":"closed","sticky":false,"template":"","format":"standard","meta":{"jnews-multi-image_gallery":[],"jnews_single_post":{"subtitle":"","format":"standard","video":"","gallery":"","source_name":"","source_url":"","via_name":"","via_url":"","override":[{"single_blog_custom":"","sidebar":"","second_sidebar":"","share_position":"","share_float_style":"","post_date_format":"","post_date_format_custom":"","post_reading_time_wpm":"","zoom_button_out_step":"1","zoom_button_in_step":"1","number_popup_post":"1"}],"image_override":[{"single_post_thumbnail_size":"","single_post_gallery_size":""}],"trending_post_position":"","trending_post_label":"","sponsored_post_label":"","sponsored_post_name":"","sponsored_post_url":"","sponsored_post_logo":"","sponsored_post_desc":""},"jnews_primary_category":{"id":"9"},"footnotes":""},"categories":[9],"tags":[156,18,40],"class_list":["post-21705","post","type-post","status-publish","format-standard","has-post-thumbnail","hentry","category-news","tag-apple-tv","tag-ipad","tag-mac"],"yoast_head":"<!-- This site is optimized with the Yoast SEO Premium plugin v27.5 (Yoast SEO v27.5) - https:\/\/yoast.com\/product\/yoast-seo-premium-wordpress\/ -->\n<title>iMac, iPad Pro &amp; Apple TV 4K: Jetzt bei Apple vorbestellen Apfelpatient<\/title>\n<meta name=\"description\" content=\"Apple hat k\u00fcrzlich brandneue iMac-Ger\u00e4te, eine neue Generation des iPad Pro und ein \u00fcberarbeitetes Apple TV 4K Modell vorgestellt.\" \/>\n<meta name=\"robots\" content=\"index, follow, max-snippet:-1, max-image-preview:large, max-video-preview:-1\" \/>\n<link rel=\"canonical\" href=\"https:\/\/www.apfelpatient.de\/en\/news\/imac-ipad-pro-apple-tv-4k-pre-order-now-from-apple\" \/>\n<meta property=\"og:locale\" content=\"en_US\" \/>\n<meta property=\"og:type\" content=\"article\" \/>\n<meta property=\"og:title\" content=\"iMac, iPad Pro &amp; Apple TV 4K: Jetzt bei Apple vorbestellen\" \/>\n<meta property=\"og:description\" content=\"Apple hat k\u00fcrzlich brandneue iMac-Ger\u00e4te, eine neue Generation des iPad Pro und ein \u00fcberarbeitetes Apple TV 4K Modell vorgestellt.\" \/>\n<meta property=\"og:url\" content=\"https:\/\/www.apfelpatient.de\/en\/news\/imac-ipad-pro-apple-tv-4k-pre-order-now-from-apple\" \/>\n<meta property=\"og:site_name\" content=\"Apfelpatient\" \/>\n<meta property=\"article:publisher\" content=\"https:\/\/www.facebook.com\/apfelpatientOfficial\" \/>\n<meta property=\"article:author\" content=\"https:\/\/www.facebook.com\/apfelpatientOfficial\" \/>\n<meta property=\"article:published_time\" content=\"2021-04-30T12:07:05+00:00\" \/>\n<meta property=\"article:modified_time\" content=\"2021-04-30T12:07:06+00:00\" \/>\n<meta property=\"og:image\" content=\"https:\/\/www.apfelpatient.de\/wp-content\/uploads\/2021\/04\/apple_new-imac-spring21_hero_04202021-scaled.jpg\" \/>\n\t<meta property=\"og:image:width\" content=\"2560\" \/>\n\t<meta property=\"og:image:height\" content=\"1441\" \/>\n\t<meta property=\"og:image:type\" content=\"image\/jpeg\" \/>\n<meta name=\"author\" content=\"Milan\" \/>\n<meta name=\"twitter:card\" content=\"summary_large_image\" \/>\n<meta name=\"twitter:description\" content=\"Apple hat k\u00fcrzlich brandneue iMac-Ger\u00e4te, eine neue Generation des iPad Pro und ein \u00fcberarbeitetes Apple TV 4K Modell vorgestellt.\" \/>\n<meta name=\"twitter:label1\" content=\"Written by\" \/>\n\t<meta name=\"twitter:data1\" content=\"Milan\" \/>\n\t<meta name=\"twitter:label2\" content=\"Est. reading time\" \/>\n\t<meta name=\"twitter:data2\" content=\"3 minutes\" \/>\n<script type=\"application\/ld+json\" class=\"yoast-schema-graph\">{\"@context\":\"https:\\\/\\\/schema.org\",\"@graph\":[{\"@type\":\"NewsArticle\",\"@id\":\"https:\\\/\\\/www.apfelpatient.de\\\/news\\\/imac-ipad-pro-apple-tv-4k-jetzt-bei-apple-vorbestellen#article\",\"isPartOf\":{\"@id\":\"https:\\\/\\\/www.apfelpatient.de\\\/news\\\/imac-ipad-pro-apple-tv-4k-jetzt-bei-apple-vorbestellen\"},\"author\":{\"@type\":\"Organization\",\"@id\":\"https:\\\/\\\/www.apfelpatient.de\\\/en\\\/#organization\",\"name\":\"Apfelpatient\",\"url\":\"https:\\\/\\\/www.apfelpatient.de\\\/en\\\/\"},\"headline\":\"iMac, iPad Pro &#038; Apple TV 4K: Jetzt bei Apple vorbestellen\",\"datePublished\":\"2021-04-30T12:07:05+00:00\",\"dateModified\":\"2021-04-30T12:07:06+00:00\",\"mainEntityOfPage\":{\"@id\":\"https:\\\/\\\/www.apfelpatient.de\\\/news\\\/imac-ipad-pro-apple-tv-4k-jetzt-bei-apple-vorbestellen\"},\"wordCount\":559,\"publisher\":{\"@type\":\"Organization\",\"@id\":\"https:\\\/\\\/www.apfelpatient.de\\\/en\\\/#organization\",\"name\":\"Apfelpatient\",\"url\":\"https:\\\/\\\/www.apfelpatient.de\\\/en\\\/\"},\"image\":{\"@id\":\"https:\\\/\\\/www.apfelpatient.de\\\/news\\\/imac-ipad-pro-apple-tv-4k-jetzt-bei-apple-vorbestellen#primaryimage\"},\"thumbnailUrl\":\"https:\\\/\\\/www.apfelpatient.de\\\/wp-content\\\/uploads\\\/2021\\\/04\\\/apple_new-imac-spring21_hero_04202021-scaled.jpg\",\"keywords\":[\"Apple TV\",\"iPad\",\"Mac\"],\"articleSection\":\"News\",\"inLanguage\":\"en-US\",\"copyrightYear\":\"2021\",\"copyrightHolder\":{\"@id\":\"https:\\\/\\\/www.apfelpatient.de\\\/en\\\/#organization\"}},{\"@type\":\"WebPage\",\"@id\":\"https:\\\/\\\/www.apfelpatient.de\\\/news\\\/imac-ipad-pro-apple-tv-4k-jetzt-bei-apple-vorbestellen\",\"url\":\"https:\\\/\\\/www.apfelpatient.de\\\/news\\\/imac-ipad-pro-apple-tv-4k-jetzt-bei-apple-vorbestellen\",\"name\":\"iMac, iPad Pro & Apple TV 4K: Jetzt bei Apple vorbestellen Apfelpatient\",\"isPartOf\":{\"@id\":\"https:\\\/\\\/www.apfelpatient.de\\\/#website\"},\"primaryImageOfPage\":{\"@id\":\"https:\\\/\\\/www.apfelpatient.de\\\/news\\\/imac-ipad-pro-apple-tv-4k-jetzt-bei-apple-vorbestellen#primaryimage\"},\"image\":{\"@id\":\"https:\\\/\\\/www.apfelpatient.de\\\/news\\\/imac-ipad-pro-apple-tv-4k-jetzt-bei-apple-vorbestellen#primaryimage\"},\"thumbnailUrl\":\"https:\\\/\\\/www.apfelpatient.de\\\/wp-content\\\/uploads\\\/2021\\\/04\\\/apple_new-imac-spring21_hero_04202021-scaled.jpg\",\"datePublished\":\"2021-04-30T12:07:05+00:00\",\"dateModified\":\"2021-04-30T12:07:06+00:00\",\"description\":\"Apple hat k\u00fcrzlich brandneue iMac-Ger\u00e4te, eine neue Generation des iPad Pro und ein \u00fcberarbeitetes Apple TV 4K Modell vorgestellt.\",\"breadcrumb\":{\"@id\":\"https:\\\/\\\/www.apfelpatient.de\\\/news\\\/imac-ipad-pro-apple-tv-4k-jetzt-bei-apple-vorbestellen#breadcrumb\"},\"inLanguage\":\"en-US\",\"potentialAction\":[{\"@type\":\"ReadAction\",\"target\":[\"https:\\\/\\\/www.apfelpatient.de\\\/news\\\/imac-ipad-pro-apple-tv-4k-jetzt-bei-apple-vorbestellen\"]}]},{\"@type\":\"ImageObject\",\"inLanguage\":\"en-US\",\"@id\":\"https:\\\/\\\/www.apfelpatient.de\\\/news\\\/imac-ipad-pro-apple-tv-4k-jetzt-bei-apple-vorbestellen#primaryimage\",\"url\":\"https:\\\/\\\/www.apfelpatient.de\\\/wp-content\\\/uploads\\\/2021\\\/04\\\/apple_new-imac-spring21_hero_04202021-scaled.jpg\",\"contentUrl\":\"https:\\\/\\\/www.apfelpatient.de\\\/wp-content\\\/uploads\\\/2021\\\/04\\\/apple_new-imac-spring21_hero_04202021-scaled.jpg\",\"width\":2560,\"height\":1441,\"caption\":\"Bild: Apple\"},{\"@type\":\"BreadcrumbList\",\"@id\":\"https:\\\/\\\/www.apfelpatient.de\\\/news\\\/imac-ipad-pro-apple-tv-4k-jetzt-bei-apple-vorbestellen#breadcrumb\",\"itemListElement\":[{\"@type\":\"ListItem\",\"position\":1,\"name\":\"Startseite\",\"item\":\"https:\\\/\\\/www.apfelpatient.de\\\/\"},{\"@type\":\"ListItem\",\"position\":2,\"name\":\"iMac, iPad Pro &#038; Apple TV 4K: Jetzt bei Apple vorbestellen\"}]},{\"@type\":\"WebSite\",\"@id\":\"https:\\\/\\\/www.apfelpatient.de\\\/#website\",\"url\":\"https:\\\/\\\/www.apfelpatient.de\\\/\",\"name\":\"Apfelpatient\",\"description\":\"Alles rund um Apple!\",\"publisher\":{\"@type\":\"Organization\",\"@id\":\"https:\\\/\\\/www.apfelpatient.de\\\/en\\\/#organization\",\"name\":\"Apfelpatient\",\"url\":\"https:\\\/\\\/www.apfelpatient.de\\\/en\\\/\"},\"alternateName\":\"Apfelpatient\",\"potentialAction\":[{\"@type\":\"SearchAction\",\"target\":{\"@type\":\"EntryPoint\",\"urlTemplate\":\"https:\\\/\\\/www.apfelpatient.de\\\/?s={search_term_string}\"},\"query-input\":{\"@type\":\"PropertyValueSpecification\",\"valueRequired\":true,\"valueName\":\"search_term_string\"}}],\"inLanguage\":\"en-US\"},{\"@type\":[\"Person\",\"Organization\"],\"@id\":\"https:\\\/\\\/www.apfelpatient.de\\\/#\\\/schema\\\/person\\\/7dc56ad6c8e9824b76d2c08d4c140e13\",\"name\":\"Milan\",\"logo\":{\"@id\":\"https:\\\/\\\/www.apfelpatient.de\\\/#\\\/schema\\\/person\\\/image\\\/\"},\"description\":\"Hallo und herzlich willkommen auf meinem Technik-Blog! Als gro\u00dfer Apple-Fan berichte ich hier \u00fcber alles, was mit Apple zu tun hat: von den neuesten News und spannenden Ger\u00fcchten \u00fcber hilfreiche Tipps und Tricks bis hin zu ausf\u00fchrlichen Produkttests. Wenn du genauso technikbegeistert bist wie ich, bist du hier genau richtig!\",\"sameAs\":[\"https:\\\/\\\/www.facebook.com\\\/apfelpatientOfficial\",\"https:\\\/\\\/www.linkedin.com\\\/in\\\/milan-jovicic-42aa0231b\"],\"url\":\"https:\\\/\\\/www.apfelpatient.de\\\/en\\\/author\\\/apfeladmin\"}]}<\/script>\n<!-- \/ Yoast SEO Premium plugin. -->","yoast_head_json":{"title":"iMac, iPad Pro &amp; Apple TV 4K: Pre-order now from Apple Apfelpatient","description":"Apple recently introduced brand new iMac devices, a new generation of iPad Pro and a redesigned Apple TV 4K model.","robots":{"index":"index","follow":"follow","max-snippet":"max-snippet:-1","max-image-preview":"max-image-preview:large","max-video-preview":"max-video-preview:-1"},"canonical":"https:\/\/www.apfelpatient.de\/en\/news\/imac-ipad-pro-apple-tv-4k-pre-order-now-from-apple","og_locale":"en_US","og_type":"article","og_title":"iMac, iPad Pro & Apple TV 4K: Jetzt bei Apple vorbestellen","og_description":"Apple hat k\u00fcrzlich brandneue iMac-Ger\u00e4te, eine neue Generation des iPad Pro und ein \u00fcberarbeitetes Apple TV 4K Modell vorgestellt.","og_url":"https:\/\/www.apfelpatient.de\/en\/news\/imac-ipad-pro-apple-tv-4k-pre-order-now-from-apple","og_site_name":"Apfelpatient","article_publisher":"https:\/\/www.facebook.com\/apfelpatientOfficial","article_author":"https:\/\/www.facebook.com\/apfelpatientOfficial","article_published_time":"2021-04-30T12:07:05+00:00","article_modified_time":"2021-04-30T12:07:06+00:00","og_image":[{"width":2560,"height":1441,"url":"https:\/\/www.apfelpatient.de\/wp-content\/uploads\/2021\/04\/apple_new-imac-spring21_hero_04202021-scaled.jpg","type":"image\/jpeg"}],"author":"Milan","twitter_card":"summary_large_image","twitter_description":"Apple hat k\u00fcrzlich brandneue iMac-Ger\u00e4te, eine neue Generation des iPad Pro und ein \u00fcberarbeitetes Apple TV 4K Modell vorgestellt.","twitter_misc":{"Written by":"Milan","Est. reading time":"3 minutes"},"schema":{"@context":"https:\/\/schema.org","@graph":[{"@type":"NewsArticle","@id":"https:\/\/www.apfelpatient.de\/news\/imac-ipad-pro-apple-tv-4k-jetzt-bei-apple-vorbestellen#article","isPartOf":{"@id":"https:\/\/www.apfelpatient.de\/news\/imac-ipad-pro-apple-tv-4k-jetzt-bei-apple-vorbestellen"},"author":{"@type":"Organization","@id":"https:\/\/www.apfelpatient.de\/en\/#organization","name":"Apfelpatient","url":"https:\/\/www.apfelpatient.de\/en\/"},"headline":"iMac, iPad Pro &#038; Apple TV 4K: Jetzt bei Apple vorbestellen","datePublished":"2021-04-30T12:07:05+00:00","dateModified":"2021-04-30T12:07:06+00:00","mainEntityOfPage":{"@id":"https:\/\/www.apfelpatient.de\/news\/imac-ipad-pro-apple-tv-4k-jetzt-bei-apple-vorbestellen"},"wordCount":559,"publisher":{"@type":"Organization","@id":"https:\/\/www.apfelpatient.de\/en\/#organization","name":"Apfelpatient","url":"https:\/\/www.apfelpatient.de\/en\/"},"image":{"@id":"https:\/\/www.apfelpatient.de\/news\/imac-ipad-pro-apple-tv-4k-jetzt-bei-apple-vorbestellen#primaryimage"},"thumbnailUrl":"https:\/\/www.apfelpatient.de\/wp-content\/uploads\/2021\/04\/apple_new-imac-spring21_hero_04202021-scaled.jpg","keywords":["Apple TV","iPad","Mac"],"articleSection":"News","inLanguage":"en-US","copyrightYear":"2021","copyrightHolder":{"@id":"https:\/\/www.apfelpatient.de\/en\/#organization"}},{"@type":"WebPage","@id":"https:\/\/www.apfelpatient.de\/news\/imac-ipad-pro-apple-tv-4k-jetzt-bei-apple-vorbestellen","url":"https:\/\/www.apfelpatient.de\/news\/imac-ipad-pro-apple-tv-4k-jetzt-bei-apple-vorbestellen","name":"iMac, iPad Pro &amp; Apple TV 4K: Pre-order now from Apple Apfelpatient","isPartOf":{"@id":"https:\/\/www.apfelpatient.de\/#website"},"primaryImageOfPage":{"@id":"https:\/\/www.apfelpatient.de\/news\/imac-ipad-pro-apple-tv-4k-jetzt-bei-apple-vorbestellen#primaryimage"},"image":{"@id":"https:\/\/www.apfelpatient.de\/news\/imac-ipad-pro-apple-tv-4k-jetzt-bei-apple-vorbestellen#primaryimage"},"thumbnailUrl":"https:\/\/www.apfelpatient.de\/wp-content\/uploads\/2021\/04\/apple_new-imac-spring21_hero_04202021-scaled.jpg","datePublished":"2021-04-30T12:07:05+00:00","dateModified":"2021-04-30T12:07:06+00:00","description":"Apple recently introduced brand new iMac devices, a new generation of iPad Pro and a redesigned Apple TV 4K model.","breadcrumb":{"@id":"https:\/\/www.apfelpatient.de\/news\/imac-ipad-pro-apple-tv-4k-jetzt-bei-apple-vorbestellen#breadcrumb"},"inLanguage":"en-US","potentialAction":[{"@type":"ReadAction","target":["https:\/\/www.apfelpatient.de\/news\/imac-ipad-pro-apple-tv-4k-jetzt-bei-apple-vorbestellen"]}]},{"@type":"ImageObject","inLanguage":"en-US","@id":"https:\/\/www.apfelpatient.de\/news\/imac-ipad-pro-apple-tv-4k-jetzt-bei-apple-vorbestellen#primaryimage","url":"https:\/\/www.apfelpatient.de\/wp-content\/uploads\/2021\/04\/apple_new-imac-spring21_hero_04202021-scaled.jpg","contentUrl":"https:\/\/www.apfelpatient.de\/wp-content\/uploads\/2021\/04\/apple_new-imac-spring21_hero_04202021-scaled.jpg","width":2560,"height":1441,"caption":"Bild: Apple"},{"@type":"BreadcrumbList","@id":"https:\/\/www.apfelpatient.de\/news\/imac-ipad-pro-apple-tv-4k-jetzt-bei-apple-vorbestellen#breadcrumb","itemListElement":[{"@type":"ListItem","position":1,"name":"Startseite","item":"https:\/\/www.apfelpatient.de\/"},{"@type":"ListItem","position":2,"name":"iMac, iPad Pro &#038; Apple TV 4K: Jetzt bei Apple vorbestellen"}]},{"@type":"WebSite","@id":"https:\/\/www.apfelpatient.de\/#website","url":"https:\/\/www.apfelpatient.de\/","name":"apple patient","description":"Everything about Apple!","publisher":{"@type":"Organization","@id":"https:\/\/www.apfelpatient.de\/en\/#organization","name":"Apfelpatient","url":"https:\/\/www.apfelpatient.de\/en\/"},"alternateName":"Apfelpatient","potentialAction":[{"@type":"SearchAction","target":{"@type":"EntryPoint","urlTemplate":"https:\/\/www.apfelpatient.de\/?s={search_term_string}"},"query-input":{"@type":"PropertyValueSpecification","valueRequired":true,"valueName":"search_term_string"}}],"inLanguage":"en-US"},{"@type":["Person","Organization"],"@id":"https:\/\/www.apfelpatient.de\/#\/schema\/person\/7dc56ad6c8e9824b76d2c08d4c140e13","name":"Milan","logo":{"@id":"https:\/\/www.apfelpatient.de\/#\/schema\/person\/image\/"},"description":"Hello and welcome to my technology blog! As a big Apple fan, I report on everything to do with Apple: from the latest news and exciting rumors to helpful tips and tricks and detailed product tests. If you are as enthusiastic about technology as I am, you have come to the right place!","sameAs":["https:\/\/www.facebook.com\/apfelpatientOfficial","https:\/\/www.linkedin.com\/in\/milan-jovicic-42aa0231b"],"url":"https:\/\/www.apfelpatient.de\/en\/author\/apfeladmin"}]}},"_links":{"self":[{"href":"https:\/\/www.apfelpatient.de\/en\/wp-json\/wp\/v2\/posts\/21705","targetHints":{"allow":["GET"]}}],"collection":[{"href":"https:\/\/www.apfelpatient.de\/en\/wp-json\/wp\/v2\/posts"}],"about":[{"href":"https:\/\/www.apfelpatient.de\/en\/wp-json\/wp\/v2\/types\/post"}],"author":[{"embeddable":true,"href":"https:\/\/www.apfelpatient.de\/en\/wp-json\/wp\/v2\/users\/2"}],"replies":[{"embeddable":true,"href":"https:\/\/www.apfelpatient.de\/en\/wp-json\/wp\/v2\/comments?post=21705"}],"version-history":[{"count":0,"href":"https:\/\/www.apfelpatient.de\/en\/wp-json\/wp\/v2\/posts\/21705\/revisions"}],"wp:featuredmedia":[{"embeddable":true,"href":"https:\/\/www.apfelpatient.de\/en\/wp-json\/wp\/v2\/media\/21499"}],"wp:attachment":[{"href":"https:\/\/www.apfelpatient.de\/en\/wp-json\/wp\/v2\/media?parent=21705"}],"wp:term":[{"taxonomy":"category","embeddable":true,"href":"https:\/\/www.apfelpatient.de\/en\/wp-json\/wp\/v2\/categories?post=21705"},{"taxonomy":"post_tag","embeddable":true,"href":"https:\/\/www.apfelpatient.de\/en\/wp-json\/wp\/v2\/tags?post=21705"}],"curies":[{"name":"wp","href":"https:\/\/api.w.org\/{rel}","templated":true}]}}