{"id":21690,"date":"2021-04-24T13:39:36","date_gmt":"2021-04-24T11:39:36","guid":{"rendered":"https:\/\/www.apfelpatient.de\/?p=21690"},"modified":"2021-04-24T13:39:38","modified_gmt":"2021-04-24T11:39:38","slug":"apple-airtags-fcc-documents-reveal-first-regulatory-tests-in-2019","status":"publish","type":"post","link":"https:\/\/www.apfelpatient.de\/en\/news\/apple-airtags-fcc-dokumente-enthuellen-erste-regulatorische-tests-in-2019","title":{"rendered":"Apple AirTags: FCC documents reveal first regulatory tests in 2019"},"content":{"rendered":"<p class=\"has-drop-cap\"><strong>FCC documents for Apple&#039;s newly released AirTags have now revealed that the Cupertino tech giant began regulatory testing and preparations for approval of the product nearly two years before the official announcement.<\/strong><\/p>\n\n\n\n<p>A series of <a href=\"https:\/\/fcc.report\/FCC-ID\/BCGA2187\/5130980.pdf\" target=\"_blank\" rel=\"noreferrer noopener\">documents<\/a>Filed with the Federal Communications Commission show that AirTag was tested for official certification between July and November 2019. Although the tests were conducted in mid-2019, the official reports for regulatory certification were not issued until September and October of last year. Like all consumer products, Apple devices must undergo extensive and rigorous testing with the FCC in the U.S. and regulators in the countries where the device will be sold before they can go on the market.<\/p>\n\n\n\n<h3 class=\"wp-block-heading\" id=\"h-airtags-apple-hat-markteinf-hrung-um-ein-jahr-verschoben\">AirTags: Apple has postponed market launch by a year<\/h3>\n\n\n\n\n\n\n\n<p>What makes this case particularly interesting is that the AirTags have been the subject of rumors for two years, and a launch seemed imminent during that time. Since the FCC documents indicate that the AirTags were far enough along to undergo regulatory testing in 2019, this suggests that Apple did indeed push back the AirTags&#039; launch by a year. While the exact reason for the delayed AirTags launch remains a mystery, an educated guess could be that the company wanted to build out its Find My network ahead of launch to avoid accusations of anti-competitive behavior. When rumors of AirTags&#039; development began to emerge, alarm bells rang at Tile, which makes a number of similar item trackers, that certain features in iOS would make it harder to compete with the eventual Apple item tracker.<\/p>\n\n\n\n<h3 class=\"wp-block-heading\" id=\"h-wollte-apple-wettbewerbsfeindliche-anschuldigungen-vermeiden\">Did Apple want to avoid anti-competitive accusations?<\/h3>\n\n\n\n<p>At the time, companies like Tile didn&#039;t really have a platform or network on Apple devices that would make their item trackers mainstream or particularly easy to use compared to an Apple-made accessory. That changed earlier this month when Apple announced it would open up the Find My network to third-party accessory makers. AirTag is built on the Find My network, which consists of more than a billion Apple devices that use encrypted signals to track the location of other Find My-compatible devices and items. By opening the network to third-party makers before AirTags launched, Apple may have felt it would avoid scrutiny and anti-competitive accusations because its own item tracker on Apple devices would no longer have an advantage over those of other companies.<\/p>\n\n\n\n<h3 class=\"wp-block-heading\" id=\"h-find-my-netzwerk-findet-gro-en-anklang\">\u201cFind My\u201d network is very popular<\/h3>\n\n\n\n\n\n\n\n<p>Tile does not use Apple&#039;s Find My ecosystem and it&#039;s unclear if the company plans to use the network in the future. However, other companies like Belkin, VanMoof and Chipolo have announced plans to use the Find My network for their own products, including wireless earbuds, bikes and an item tracker. Looking for suitable AirTag cases?\u00a0<a href=\"https:\/\/www.amazon.de\/shop\/apfelpatientofficial?listId=3SJ5BC5WMHGPJ\" target=\"_blank\" rel=\"noreferrer noopener\">Then take a look at Amazon<\/a>In our AirTag list you will find the trackers and accessories from Apple and third-party suppliers - enjoy browsing. (Image: Apple)<\/p>\n\n\n\n<ul class=\"wp-block-list\"><li><a href=\"https:\/\/www.apfelpatient.de\/en\/tips-tricks\/traveling-abroad-with-airtags-what-you-need-to-know\">Traveling abroad with AirTags: What you need to know<\/a><\/li><\/ul>\n\n\n\n<h6 class=\"wp-block-heading translation-block\" id=\"h-kennt-ihr-schon-unsere-amazon-storefront-dort-findet-ihr-eine-handverlesene-auswahl-von-diversen-produkten-f-r-euer-iphone-und-co-viel-spa-beim-st-bern\"><em>Have you already visited our Amazon Storefront? There you&#039;ll find a hand-picked selection of various products for your iPhone and other devices \u2013 <span class=\"has-inline-color has-vivid-red-color\"><a href=\"https:\/\/www.amazon.de\/shop\/apfelpatientofficial\" class=\"ek-link\" data-wpel-link=\"exclude\" rel=\"follow noopener\" target=\"_self\"><span style=\"text-decoration: underline\" class=\"ek-underline\">enjoy browsing<\/span><\/a> !<\/span><\/em><\/h6>\n\n\n\n<h6 class=\"wp-block-heading translation-block\" id=\"h-der-beitrag-enthalt-partnerlinks\">This post contains <a data-type=\"URL\" data-id=\"https:\/\/www.apfelpatient.de\/partnerprogramm\" href=\"https:\/\/www.apfelpatient.de\/en\/partner-program\" data-wpel-link=\"internal\" target=\"_self\">affiliate links<\/a>.<\/h6>","protected":false},"excerpt":{"rendered":"<p>FCC documents for Apple&#039;s newly released AirTags reveal an interesting story. Why did Apple delay the launch?<\/p>","protected":false},"author":2,"featured_media":21474,"comment_status":"closed","ping_status":"closed","sticky":false,"template":"","format":"standard","meta":{"jnews-multi-image_gallery":[],"jnews_single_post":{"subtitle":"","format":"standard","video":"","gallery":"","source_name":"","source_url":"","via_name":"","via_url":"","override":[{"single_blog_custom":"","sidebar":"","second_sidebar":"","share_position":"","share_float_style":"","post_date_format":"","post_date_format_custom":"","post_reading_time_wpm":"","zoom_button_out_step":"1","zoom_button_in_step":"1","number_popup_post":"1"}],"image_override":[{"single_post_thumbnail_size":"","single_post_gallery_size":""}],"trending_post_position":"","trending_post_label":"","sponsored_post_label":"","sponsored_post_name":"","sponsored_post_url":"","sponsored_post_logo":"","sponsored_post_desc":""},"jnews_primary_category":{"id":"9"},"footnotes":""},"categories":[9],"tags":[328],"class_list":["post-21690","post","type-post","status-publish","format-standard","has-post-thumbnail","hentry","category-news","tag-airtag"],"yoast_head":"<!-- This site is optimized with the Yoast SEO Premium plugin v27.5 (Yoast SEO v27.5) - https:\/\/yoast.com\/product\/yoast-seo-premium-wordpress\/ -->\n<title>Apple AirTags: FCC-Dokumente enth\u00fcllen erste regulatorische Tests in 2019<\/title>\n<meta name=\"description\" content=\"FCC-Dokumente f\u00fcr Apples neu ver\u00f6ffentlichte AirTags enth\u00fcllen eine interessante Geschichte. Warum hat Apple die Markeinf\u00fchrung verz\u00f6gert?\" \/>\n<meta name=\"robots\" content=\"index, follow, max-snippet:-1, max-image-preview:large, max-video-preview:-1\" \/>\n<link rel=\"canonical\" href=\"https:\/\/www.apfelpatient.de\/en\/news\/apple-airtags-fcc-documents-reveal-first-regulatory-tests-in-2019\" \/>\n<meta property=\"og:locale\" content=\"en_US\" \/>\n<meta property=\"og:type\" content=\"article\" \/>\n<meta property=\"og:title\" content=\"Apple AirTags: FCC-Dokumente enth\u00fcllen erste regulatorische Tests in 2019\" \/>\n<meta property=\"og:description\" content=\"FCC-Dokumente f\u00fcr Apples neu ver\u00f6ffentlichte AirTags enth\u00fcllen eine interessante Geschichte. Warum hat Apple die Markeinf\u00fchrung verz\u00f6gert?\" \/>\n<meta property=\"og:url\" content=\"https:\/\/www.apfelpatient.de\/en\/news\/apple-airtags-fcc-documents-reveal-first-regulatory-tests-in-2019\" \/>\n<meta property=\"og:site_name\" content=\"Apfelpatient\" \/>\n<meta property=\"article:publisher\" content=\"https:\/\/www.facebook.com\/apfelpatientOfficial\" \/>\n<meta property=\"article:author\" content=\"https:\/\/www.facebook.com\/apfelpatientOfficial\" \/>\n<meta property=\"article:published_time\" content=\"2021-04-24T11:39:36+00:00\" \/>\n<meta property=\"article:modified_time\" content=\"2021-04-24T11:39:38+00:00\" \/>\n<meta property=\"og:image\" content=\"https:\/\/www.apfelpatient.de\/wp-content\/uploads\/2021\/04\/Apple_airtag-accessories-042021-scaled.jpg\" \/>\n\t<meta property=\"og:image:width\" content=\"2560\" \/>\n\t<meta property=\"og:image:height\" content=\"1440\" \/>\n\t<meta property=\"og:image:type\" content=\"image\/jpeg\" \/>\n<meta name=\"author\" content=\"Milan\" \/>\n<meta name=\"twitter:card\" content=\"summary_large_image\" \/>\n<meta name=\"twitter:description\" content=\"FCC-Dokumente f\u00fcr Apples neu ver\u00f6ffentlichte AirTags enth\u00fcllen eine interessante Geschichte. Warum hat Apple die Markeinf\u00fchrung verz\u00f6gert?\" \/>\n<meta name=\"twitter:label1\" content=\"Written by\" \/>\n\t<meta name=\"twitter:data1\" content=\"Milan\" \/>\n\t<meta name=\"twitter:label2\" content=\"Est. reading time\" \/>\n\t<meta name=\"twitter:data2\" content=\"3 minutes\" \/>\n<script type=\"application\/ld+json\" class=\"yoast-schema-graph\">{\"@context\":\"https:\\\/\\\/schema.org\",\"@graph\":[{\"@type\":\"NewsArticle\",\"@id\":\"https:\\\/\\\/www.apfelpatient.de\\\/news\\\/apple-airtags-fcc-dokumente-enthuellen-erste-regulatorische-tests-in-2019#article\",\"isPartOf\":{\"@id\":\"https:\\\/\\\/www.apfelpatient.de\\\/news\\\/apple-airtags-fcc-dokumente-enthuellen-erste-regulatorische-tests-in-2019\"},\"author\":{\"@type\":\"Organization\",\"@id\":\"https:\\\/\\\/www.apfelpatient.de\\\/en\\\/#organization\",\"name\":\"Apfelpatient\",\"url\":\"https:\\\/\\\/www.apfelpatient.de\\\/en\\\/\"},\"headline\":\"Apple AirTags: FCC-Dokumente enth\u00fcllen erste regulatorische Tests in 2019\",\"datePublished\":\"2021-04-24T11:39:36+00:00\",\"dateModified\":\"2021-04-24T11:39:38+00:00\",\"mainEntityOfPage\":{\"@id\":\"https:\\\/\\\/www.apfelpatient.de\\\/news\\\/apple-airtags-fcc-dokumente-enthuellen-erste-regulatorische-tests-in-2019\"},\"wordCount\":563,\"publisher\":{\"@type\":\"Organization\",\"@id\":\"https:\\\/\\\/www.apfelpatient.de\\\/en\\\/#organization\",\"name\":\"Apfelpatient\",\"url\":\"https:\\\/\\\/www.apfelpatient.de\\\/en\\\/\"},\"image\":{\"@id\":\"https:\\\/\\\/www.apfelpatient.de\\\/news\\\/apple-airtags-fcc-dokumente-enthuellen-erste-regulatorische-tests-in-2019#primaryimage\"},\"thumbnailUrl\":\"https:\\\/\\\/www.apfelpatient.de\\\/wp-content\\\/uploads\\\/2021\\\/04\\\/Apple_airtag-accessories-042021-scaled.jpg\",\"keywords\":[\"AirTags\"],\"articleSection\":\"News\",\"inLanguage\":\"en-US\",\"copyrightYear\":\"2021\",\"copyrightHolder\":{\"@id\":\"https:\\\/\\\/www.apfelpatient.de\\\/en\\\/#organization\"}},{\"@type\":\"WebPage\",\"@id\":\"https:\\\/\\\/www.apfelpatient.de\\\/news\\\/apple-airtags-fcc-dokumente-enthuellen-erste-regulatorische-tests-in-2019\",\"url\":\"https:\\\/\\\/www.apfelpatient.de\\\/news\\\/apple-airtags-fcc-dokumente-enthuellen-erste-regulatorische-tests-in-2019\",\"name\":\"Apple AirTags: FCC-Dokumente enth\u00fcllen erste regulatorische Tests in 2019\",\"isPartOf\":{\"@id\":\"https:\\\/\\\/www.apfelpatient.de\\\/#website\"},\"primaryImageOfPage\":{\"@id\":\"https:\\\/\\\/www.apfelpatient.de\\\/news\\\/apple-airtags-fcc-dokumente-enthuellen-erste-regulatorische-tests-in-2019#primaryimage\"},\"image\":{\"@id\":\"https:\\\/\\\/www.apfelpatient.de\\\/news\\\/apple-airtags-fcc-dokumente-enthuellen-erste-regulatorische-tests-in-2019#primaryimage\"},\"thumbnailUrl\":\"https:\\\/\\\/www.apfelpatient.de\\\/wp-content\\\/uploads\\\/2021\\\/04\\\/Apple_airtag-accessories-042021-scaled.jpg\",\"datePublished\":\"2021-04-24T11:39:36+00:00\",\"dateModified\":\"2021-04-24T11:39:38+00:00\",\"description\":\"FCC-Dokumente f\u00fcr Apples neu ver\u00f6ffentlichte AirTags enth\u00fcllen eine interessante Geschichte. Warum hat Apple die Markeinf\u00fchrung verz\u00f6gert?\",\"breadcrumb\":{\"@id\":\"https:\\\/\\\/www.apfelpatient.de\\\/news\\\/apple-airtags-fcc-dokumente-enthuellen-erste-regulatorische-tests-in-2019#breadcrumb\"},\"inLanguage\":\"en-US\",\"potentialAction\":[{\"@type\":\"ReadAction\",\"target\":[\"https:\\\/\\\/www.apfelpatient.de\\\/news\\\/apple-airtags-fcc-dokumente-enthuellen-erste-regulatorische-tests-in-2019\"]}]},{\"@type\":\"ImageObject\",\"inLanguage\":\"en-US\",\"@id\":\"https:\\\/\\\/www.apfelpatient.de\\\/news\\\/apple-airtags-fcc-dokumente-enthuellen-erste-regulatorische-tests-in-2019#primaryimage\",\"url\":\"https:\\\/\\\/www.apfelpatient.de\\\/wp-content\\\/uploads\\\/2021\\\/04\\\/Apple_airtag-accessories-042021-scaled.jpg\",\"contentUrl\":\"https:\\\/\\\/www.apfelpatient.de\\\/wp-content\\\/uploads\\\/2021\\\/04\\\/Apple_airtag-accessories-042021-scaled.jpg\",\"width\":2560,\"height\":1440,\"caption\":\"Bild: Apple\"},{\"@type\":\"BreadcrumbList\",\"@id\":\"https:\\\/\\\/www.apfelpatient.de\\\/news\\\/apple-airtags-fcc-dokumente-enthuellen-erste-regulatorische-tests-in-2019#breadcrumb\",\"itemListElement\":[{\"@type\":\"ListItem\",\"position\":1,\"name\":\"Startseite\",\"item\":\"https:\\\/\\\/www.apfelpatient.de\\\/\"},{\"@type\":\"ListItem\",\"position\":2,\"name\":\"Apple AirTags: FCC-Dokumente enth\u00fcllen erste regulatorische Tests in 2019\"}]},{\"@type\":\"WebSite\",\"@id\":\"https:\\\/\\\/www.apfelpatient.de\\\/#website\",\"url\":\"https:\\\/\\\/www.apfelpatient.de\\\/\",\"name\":\"Apfelpatient\",\"description\":\"Alles rund um Apple!\",\"publisher\":{\"@type\":\"Organization\",\"@id\":\"https:\\\/\\\/www.apfelpatient.de\\\/en\\\/#organization\",\"name\":\"Apfelpatient\",\"url\":\"https:\\\/\\\/www.apfelpatient.de\\\/en\\\/\"},\"alternateName\":\"Apfelpatient\",\"potentialAction\":[{\"@type\":\"SearchAction\",\"target\":{\"@type\":\"EntryPoint\",\"urlTemplate\":\"https:\\\/\\\/www.apfelpatient.de\\\/?s={search_term_string}\"},\"query-input\":{\"@type\":\"PropertyValueSpecification\",\"valueRequired\":true,\"valueName\":\"search_term_string\"}}],\"inLanguage\":\"en-US\"},{\"@type\":[\"Person\",\"Organization\"],\"@id\":\"https:\\\/\\\/www.apfelpatient.de\\\/#\\\/schema\\\/person\\\/7dc56ad6c8e9824b76d2c08d4c140e13\",\"name\":\"Milan\",\"logo\":{\"@id\":\"https:\\\/\\\/www.apfelpatient.de\\\/#\\\/schema\\\/person\\\/image\\\/\"},\"description\":\"Hallo und herzlich willkommen auf meinem Technik-Blog! Als gro\u00dfer Apple-Fan berichte ich hier \u00fcber alles, was mit Apple zu tun hat: von den neuesten News und spannenden Ger\u00fcchten \u00fcber hilfreiche Tipps und Tricks bis hin zu ausf\u00fchrlichen Produkttests. Wenn du genauso technikbegeistert bist wie ich, bist du hier genau richtig!\",\"sameAs\":[\"https:\\\/\\\/www.facebook.com\\\/apfelpatientOfficial\",\"https:\\\/\\\/www.linkedin.com\\\/in\\\/milan-jovicic-42aa0231b\"],\"url\":\"https:\\\/\\\/www.apfelpatient.de\\\/en\\\/author\\\/apfeladmin\"}]}<\/script>\n<!-- \/ Yoast SEO Premium plugin. -->","yoast_head_json":{"title":"Apple AirTags: FCC documents reveal first regulatory tests in 2019","description":"FCC documents for Apple&#039;s newly released AirTags reveal an interesting story. Why did Apple delay the launch?","robots":{"index":"index","follow":"follow","max-snippet":"max-snippet:-1","max-image-preview":"max-image-preview:large","max-video-preview":"max-video-preview:-1"},"canonical":"https:\/\/www.apfelpatient.de\/en\/news\/apple-airtags-fcc-documents-reveal-first-regulatory-tests-in-2019","og_locale":"en_US","og_type":"article","og_title":"Apple AirTags: FCC-Dokumente enth\u00fcllen erste regulatorische Tests in 2019","og_description":"FCC-Dokumente f\u00fcr Apples neu ver\u00f6ffentlichte AirTags enth\u00fcllen eine interessante Geschichte. Warum hat Apple die Markeinf\u00fchrung verz\u00f6gert?","og_url":"https:\/\/www.apfelpatient.de\/en\/news\/apple-airtags-fcc-documents-reveal-first-regulatory-tests-in-2019","og_site_name":"Apfelpatient","article_publisher":"https:\/\/www.facebook.com\/apfelpatientOfficial","article_author":"https:\/\/www.facebook.com\/apfelpatientOfficial","article_published_time":"2021-04-24T11:39:36+00:00","article_modified_time":"2021-04-24T11:39:38+00:00","og_image":[{"width":2560,"height":1440,"url":"https:\/\/www.apfelpatient.de\/wp-content\/uploads\/2021\/04\/Apple_airtag-accessories-042021-scaled.jpg","type":"image\/jpeg"}],"author":"Milan","twitter_card":"summary_large_image","twitter_description":"FCC-Dokumente f\u00fcr Apples neu ver\u00f6ffentlichte AirTags enth\u00fcllen eine interessante Geschichte. Warum hat Apple die Markeinf\u00fchrung verz\u00f6gert?","twitter_misc":{"Written by":"Milan","Est. reading time":"3 minutes"},"schema":{"@context":"https:\/\/schema.org","@graph":[{"@type":"NewsArticle","@id":"https:\/\/www.apfelpatient.de\/news\/apple-airtags-fcc-dokumente-enthuellen-erste-regulatorische-tests-in-2019#article","isPartOf":{"@id":"https:\/\/www.apfelpatient.de\/news\/apple-airtags-fcc-dokumente-enthuellen-erste-regulatorische-tests-in-2019"},"author":{"@type":"Organization","@id":"https:\/\/www.apfelpatient.de\/en\/#organization","name":"Apfelpatient","url":"https:\/\/www.apfelpatient.de\/en\/"},"headline":"Apple AirTags: FCC-Dokumente enth\u00fcllen erste regulatorische Tests in 2019","datePublished":"2021-04-24T11:39:36+00:00","dateModified":"2021-04-24T11:39:38+00:00","mainEntityOfPage":{"@id":"https:\/\/www.apfelpatient.de\/news\/apple-airtags-fcc-dokumente-enthuellen-erste-regulatorische-tests-in-2019"},"wordCount":563,"publisher":{"@type":"Organization","@id":"https:\/\/www.apfelpatient.de\/en\/#organization","name":"Apfelpatient","url":"https:\/\/www.apfelpatient.de\/en\/"},"image":{"@id":"https:\/\/www.apfelpatient.de\/news\/apple-airtags-fcc-dokumente-enthuellen-erste-regulatorische-tests-in-2019#primaryimage"},"thumbnailUrl":"https:\/\/www.apfelpatient.de\/wp-content\/uploads\/2021\/04\/Apple_airtag-accessories-042021-scaled.jpg","keywords":["AirTags"],"articleSection":"News","inLanguage":"en-US","copyrightYear":"2021","copyrightHolder":{"@id":"https:\/\/www.apfelpatient.de\/en\/#organization"}},{"@type":"WebPage","@id":"https:\/\/www.apfelpatient.de\/news\/apple-airtags-fcc-dokumente-enthuellen-erste-regulatorische-tests-in-2019","url":"https:\/\/www.apfelpatient.de\/news\/apple-airtags-fcc-dokumente-enthuellen-erste-regulatorische-tests-in-2019","name":"Apple AirTags: FCC documents reveal first regulatory tests in 2019","isPartOf":{"@id":"https:\/\/www.apfelpatient.de\/#website"},"primaryImageOfPage":{"@id":"https:\/\/www.apfelpatient.de\/news\/apple-airtags-fcc-dokumente-enthuellen-erste-regulatorische-tests-in-2019#primaryimage"},"image":{"@id":"https:\/\/www.apfelpatient.de\/news\/apple-airtags-fcc-dokumente-enthuellen-erste-regulatorische-tests-in-2019#primaryimage"},"thumbnailUrl":"https:\/\/www.apfelpatient.de\/wp-content\/uploads\/2021\/04\/Apple_airtag-accessories-042021-scaled.jpg","datePublished":"2021-04-24T11:39:36+00:00","dateModified":"2021-04-24T11:39:38+00:00","description":"FCC documents for Apple&#039;s newly released AirTags reveal an interesting story. Why did Apple delay the launch?","breadcrumb":{"@id":"https:\/\/www.apfelpatient.de\/news\/apple-airtags-fcc-dokumente-enthuellen-erste-regulatorische-tests-in-2019#breadcrumb"},"inLanguage":"en-US","potentialAction":[{"@type":"ReadAction","target":["https:\/\/www.apfelpatient.de\/news\/apple-airtags-fcc-dokumente-enthuellen-erste-regulatorische-tests-in-2019"]}]},{"@type":"ImageObject","inLanguage":"en-US","@id":"https:\/\/www.apfelpatient.de\/news\/apple-airtags-fcc-dokumente-enthuellen-erste-regulatorische-tests-in-2019#primaryimage","url":"https:\/\/www.apfelpatient.de\/wp-content\/uploads\/2021\/04\/Apple_airtag-accessories-042021-scaled.jpg","contentUrl":"https:\/\/www.apfelpatient.de\/wp-content\/uploads\/2021\/04\/Apple_airtag-accessories-042021-scaled.jpg","width":2560,"height":1440,"caption":"Bild: Apple"},{"@type":"BreadcrumbList","@id":"https:\/\/www.apfelpatient.de\/news\/apple-airtags-fcc-dokumente-enthuellen-erste-regulatorische-tests-in-2019#breadcrumb","itemListElement":[{"@type":"ListItem","position":1,"name":"Startseite","item":"https:\/\/www.apfelpatient.de\/"},{"@type":"ListItem","position":2,"name":"Apple AirTags: FCC-Dokumente enth\u00fcllen erste regulatorische Tests in 2019"}]},{"@type":"WebSite","@id":"https:\/\/www.apfelpatient.de\/#website","url":"https:\/\/www.apfelpatient.de\/","name":"apple patient","description":"Everything about Apple!","publisher":{"@type":"Organization","@id":"https:\/\/www.apfelpatient.de\/en\/#organization","name":"Apfelpatient","url":"https:\/\/www.apfelpatient.de\/en\/"},"alternateName":"Apfelpatient","potentialAction":[{"@type":"SearchAction","target":{"@type":"EntryPoint","urlTemplate":"https:\/\/www.apfelpatient.de\/?s={search_term_string}"},"query-input":{"@type":"PropertyValueSpecification","valueRequired":true,"valueName":"search_term_string"}}],"inLanguage":"en-US"},{"@type":["Person","Organization"],"@id":"https:\/\/www.apfelpatient.de\/#\/schema\/person\/7dc56ad6c8e9824b76d2c08d4c140e13","name":"Milan","logo":{"@id":"https:\/\/www.apfelpatient.de\/#\/schema\/person\/image\/"},"description":"Hello and welcome to my technology blog! As a big Apple fan, I report on everything to do with Apple: from the latest news and exciting rumors to helpful tips and tricks and detailed product tests. If you are as enthusiastic about technology as I am, you have come to the right place!","sameAs":["https:\/\/www.facebook.com\/apfelpatientOfficial","https:\/\/www.linkedin.com\/in\/milan-jovicic-42aa0231b"],"url":"https:\/\/www.apfelpatient.de\/en\/author\/apfeladmin"}]}},"_links":{"self":[{"href":"https:\/\/www.apfelpatient.de\/en\/wp-json\/wp\/v2\/posts\/21690","targetHints":{"allow":["GET"]}}],"collection":[{"href":"https:\/\/www.apfelpatient.de\/en\/wp-json\/wp\/v2\/posts"}],"about":[{"href":"https:\/\/www.apfelpatient.de\/en\/wp-json\/wp\/v2\/types\/post"}],"author":[{"embeddable":true,"href":"https:\/\/www.apfelpatient.de\/en\/wp-json\/wp\/v2\/users\/2"}],"replies":[{"embeddable":true,"href":"https:\/\/www.apfelpatient.de\/en\/wp-json\/wp\/v2\/comments?post=21690"}],"version-history":[{"count":0,"href":"https:\/\/www.apfelpatient.de\/en\/wp-json\/wp\/v2\/posts\/21690\/revisions"}],"wp:featuredmedia":[{"embeddable":true,"href":"https:\/\/www.apfelpatient.de\/en\/wp-json\/wp\/v2\/media\/21474"}],"wp:attachment":[{"href":"https:\/\/www.apfelpatient.de\/en\/wp-json\/wp\/v2\/media?parent=21690"}],"wp:term":[{"taxonomy":"category","embeddable":true,"href":"https:\/\/www.apfelpatient.de\/en\/wp-json\/wp\/v2\/categories?post=21690"},{"taxonomy":"post_tag","embeddable":true,"href":"https:\/\/www.apfelpatient.de\/en\/wp-json\/wp\/v2\/tags?post=21690"}],"curies":[{"name":"wp","href":"https:\/\/api.w.org\/{rel}","templated":true}]}}