{"id":21664,"date":"2021-04-23T00:01:00","date_gmt":"2021-04-22T22:01:00","guid":{"rendered":"https:\/\/www.apfelpatient.de\/?p=21664"},"modified":"2025-02-06T08:01:58","modified_gmt":"2025-02-06T07:01:58","slug":"m1-processor-apple-plans-to-merge-mac-and-ipad","status":"publish","type":"post","link":"https:\/\/www.apfelpatient.de\/en\/news\/m1-prozessor-plant-apple-die-zusammenlegung-von-mac-ipad","title":{"rendered":"M1 processor: Is Apple planning to merge Mac &amp; iPad?"},"content":{"rendered":"<p class=\"has-drop-cap\"><strong>Apple introduced updated 11- and 12.9-inch iPad Pro models earlier this week, with few external changes. But there is one notable internal change - the introduction of the M1 chip. The processor was already used in the MacBook Pro, MacBook Air and Mac mini models introduced in November.<\/strong><\/p>\n\n\n\n<p>The <a href=\"https:\/\/www.apfelpatient.de\/en\/news\/spring-loaded-event-apple-introduces-new-ipad-pro-models\">announcement<\/a>that the new iPad Pro lineup will use the M1 chip hit like a bomb. Now observers are asking whether Apple is planning to merge the Mac and iPad. The answer is no. Apple&#039;s marketing chief Greg Joswiak and hardware chief John Ternus gave an interview to <a href=\"https:\/\/www.independent.co.uk\/life-style\/gadgets-and-tech\/ipad-pro-apple-interview-m1-explained-b1835934.html\" target=\"_blank\" rel=\"noreferrer noopener\">The Independent<\/a> to talk about the new tablets. The use of an M1 chip in an iPad has naturally led to speculation about merging the iPad and Mac product lines, a topic that comes up again and again. But Joswiak says that&#039;s not the goal.<\/p>\n\n\n\n<h3 class=\"wp-block-heading\" id=\"h-mac-ipad-verschmelzung-nichts-als-verschw-rungstheorien\">Mac &amp; iPad merger: Nothing but conspiracy theories<\/h3>\n\n\n\n\n\n\n\n<blockquote class=\"wp-block-quote is-layout-flow wp-block-quote-is-layout-flow\"><p>There are two conflicting stories that people like to tell about the iPad and the Mac,&quot; says Joz, launching into a clarification that will at one point lead him to apologize for his passion. &quot;On the one hand, people say that they are in conflict with each other. That someone has to choose between having a Mac or an iPad. Or people say that we are merging them into one: that there really is this big conspiracy to eliminate the two categories and make them one. The reality is that neither is true. We are quite proud of the fact that we work really, really hard to create the best products in their respective categories.<\/p><\/blockquote>\n\n\n\n<p>Ternus added that Apple is not aiming to restrict one device to avoid affecting another.<\/p>\n\n\n\n<blockquote class=\"wp-block-quote is-layout-flow wp-block-quote-is-layout-flow\"><p>We&#039;re pushing to make the best Mac we can make; we&#039;re pushing to make the best iPad we can make. Apple plans to continue to improve both products and won&#039;t get caught up in theories of &quot;merger&quot; or anything like that.<\/p><\/blockquote>\n\n\n\n<h3 class=\"wp-block-heading\" id=\"h-der-m1-chip-ist-das-beste-silicon-das-apple-derzeit-zu-bieten-hat\">The M1 chip is the best silicon Apple currently has to offer<\/h3>\n\n\n\n<p>The new iPad Pro models arguably have more power than is necessary for a tablet that doesn&#039;t have the ability to run professional software like Final Cut Pro. But Ternus and Joswiak declined to comment on software that might come in the future. Joswiak instead said the extra power gives developers more room to find new ways to extend their apps.<\/p>\n\n\n\n<blockquote class=\"wp-block-quote is-layout-flow wp-block-quote-is-layout-flow\"><p>Our developers are pretty quick to take advantage of it. It&#039;s not like it&#039;s languishing for years.<\/p><\/blockquote>\n\n\n\n<p>He also said it&#039;s great for customers to know they can buy a system &quot;that still has room to run&quot; and won&#039;t &quot;be instantly obsolete.&quot; Explaining why Apple chose the M1 chip instead of an A-series chip, Ternus said the best Apple silicon has always gone into the iPad Pro and right now the M1 is the best Apple silicon Cupertino has available.<\/p>\n\n\n\n<h3 class=\"wp-block-heading\" id=\"h-ipad-pro-xdr-display-verkleinerung-war-riesiges-unterfangen\">iPad Pro XDR display: Reduction was a \u201chuge undertaking\u201d<\/h3>\n\n\n\n\n\n\n\n<p>The two also commented on the 12.9-inch iPad Pro&#039;s new MiniLED display, which is the highest-quality display used in an iPad to date and rivals the Pro Display XDR. Ternus explained that shrinking the display was a &quot;huge undertaking&quot; that required more LEDs due to size constraints.<\/p>\n\n\n\n<blockquote class=\"wp-block-quote is-layout-flow wp-block-quote-is-layout-flow\"><p>Shrinking it was a huge undertaking. When you look at the two products, the iPad is obviously much thinner than a Pro Display XDR and the way the architecture works - you have the LED backlight behind the display.<\/p><\/blockquote>\n\n\n\n<p>Apple added another new feature to the iPad Pro - an ultra-wide front camera with a new &quot;Center Stage&quot; feature that will allow you to stay in frame while moving around the room. Ternus said it&#039;s freeing and useful for FaceTiming with large groups. (Image: Apple)<\/p>\n\n\n\n<h6 class=\"wp-block-heading translation-block\" id=\"h-kennt-ihr-schon-unsere-amazon-storefront-dort-findet-ihr-eine-handverlesene-auswahl-von-diversen-produkten-f-r-euer-iphone-und-co-viel-spa-beim-st-bern\"><em>Have you already visited our Amazon Storefront? There you&#039;ll find a hand-picked selection of various products for your iPhone and other devices \u2013 <span class=\"has-inline-color has-vivid-red-color\"><a href=\"https:\/\/www.amazon.de\/shop\/apfelpatientofficial\" class=\"ek-link\" data-wpel-link=\"exclude\" rel=\"follow noopener\" target=\"_self\"><span style=\"text-decoration: underline\" class=\"ek-underline\">enjoy browsing<\/span><\/a> !<\/span><\/em><\/h6>\n\n\n\n<h6 class=\"wp-block-heading translation-block\" id=\"h-der-beitrag-enthalt-partnerlinks\">This post contains <a data-type=\"URL\" data-id=\"https:\/\/www.apfelpatient.de\/partnerprogramm\" href=\"https:\/\/www.apfelpatient.de\/en\/partner-program\" data-wpel-link=\"internal\" target=\"_self\">affiliate links<\/a>.<\/h6>","protected":false},"excerpt":{"rendered":"<p>M1 processor: Apple introduced updated iPad Pro models earlier this week that feature few external changes.<\/p>","protected":false},"author":2,"featured_media":21514,"comment_status":"closed","ping_status":"closed","sticky":false,"template":"","format":"standard","meta":{"jnews-multi-image_gallery":[],"jnews_single_post":{"subtitle":"","format":"standard","video":"","gallery":"","source_name":"","source_url":"","via_name":"","via_url":"","override":[{"single_blog_custom":"","sidebar":"","second_sidebar":"","share_position":"","share_float_style":"","post_date_format":"","post_date_format_custom":"","post_reading_time_wpm":"","zoom_button_out_step":"1","zoom_button_in_step":"1","number_popup_post":"1"}],"image_override":[{"single_post_thumbnail_size":"","single_post_gallery_size":""}],"trending_post_position":"","trending_post_label":"","sponsored_post_label":"","sponsored_post_name":"","sponsored_post_url":"","sponsored_post_logo":"","sponsored_post_desc":""},"jnews_primary_category":{"id":"9"},"footnotes":""},"categories":[9],"tags":[18,40],"class_list":["post-21664","post","type-post","status-publish","format-standard","has-post-thumbnail","hentry","category-news","tag-ipad","tag-mac"],"yoast_head":"<!-- This site is optimized with the Yoast SEO Premium plugin v27.5 (Yoast SEO v27.5) - https:\/\/yoast.com\/product\/yoast-seo-premium-wordpress\/ -->\n<title>M1-Prozessor: Plant Apple die Zusammenlegung von Mac &amp; iPad?<\/title>\n<meta name=\"description\" content=\"M1-Prozessor: Apple hat Anfang dieser Woche aktualisierte iPad Pro Modelle vorgestellt, die nur wenige \u00e4u\u00dfere \u00c4nderungen aufweisen.\" \/>\n<meta name=\"robots\" content=\"index, follow, max-snippet:-1, max-image-preview:large, max-video-preview:-1\" \/>\n<link rel=\"canonical\" href=\"https:\/\/www.apfelpatient.de\/en\/news\/m1-processor-apple-plans-to-merge-mac-and-ipad\" \/>\n<meta property=\"og:locale\" content=\"en_US\" \/>\n<meta property=\"og:type\" content=\"article\" \/>\n<meta property=\"og:title\" content=\"M1-Prozessor: Plant Apple die Zusammenlegung von Mac &amp; iPad?\" \/>\n<meta property=\"og:description\" content=\"M1-Prozessor: Apple hat Anfang dieser Woche aktualisierte iPad Pro Modelle vorgestellt, die nur wenige \u00e4u\u00dfere \u00c4nderungen aufweisen.\" \/>\n<meta property=\"og:url\" content=\"https:\/\/www.apfelpatient.de\/en\/news\/m1-processor-apple-plans-to-merge-mac-and-ipad\" \/>\n<meta property=\"og:site_name\" content=\"Apfelpatient\" \/>\n<meta property=\"article:publisher\" content=\"https:\/\/www.facebook.com\/apfelpatientOfficial\" \/>\n<meta property=\"article:author\" content=\"https:\/\/www.facebook.com\/apfelpatientOfficial\" \/>\n<meta property=\"article:published_time\" content=\"2021-04-22T22:01:00+00:00\" \/>\n<meta property=\"article:modified_time\" content=\"2025-02-06T07:01:58+00:00\" \/>\n<meta property=\"og:image\" content=\"https:\/\/www.apfelpatient.de\/wp-content\/uploads\/2021\/04\/apple_ipad-pro-spring21_ipad-pro-magic-keyboard-2up_04202021.jpg\" \/>\n\t<meta property=\"og:image:width\" content=\"2400\" \/>\n\t<meta property=\"og:image:height\" content=\"1350\" \/>\n\t<meta property=\"og:image:type\" content=\"image\/jpeg\" \/>\n<meta name=\"author\" content=\"Milan\" \/>\n<meta name=\"twitter:card\" content=\"summary_large_image\" \/>\n<meta name=\"twitter:description\" content=\"M1-Prozessor: Apple hat Anfang dieser Woche aktualisierte iPad Pro Modelle vorgestellt, die nur wenige \u00e4u\u00dfere \u00c4nderungen aufweisen.\" \/>\n<meta name=\"twitter:label1\" content=\"Written by\" \/>\n\t<meta name=\"twitter:data1\" content=\"Milan\" \/>\n\t<meta name=\"twitter:label2\" content=\"Est. reading time\" \/>\n\t<meta name=\"twitter:data2\" content=\"3 minutes\" \/>\n<script type=\"application\/ld+json\" class=\"yoast-schema-graph\">{\"@context\":\"https:\\\/\\\/schema.org\",\"@graph\":[{\"@type\":\"NewsArticle\",\"@id\":\"https:\\\/\\\/www.apfelpatient.de\\\/news\\\/m1-prozessor-plant-apple-die-zusammenlegung-von-mac-ipad#article\",\"isPartOf\":{\"@id\":\"https:\\\/\\\/www.apfelpatient.de\\\/news\\\/m1-prozessor-plant-apple-die-zusammenlegung-von-mac-ipad\"},\"author\":{\"@type\":\"Organization\",\"@id\":\"https:\\\/\\\/www.apfelpatient.de\\\/en\\\/#organization\",\"name\":\"Apfelpatient\",\"url\":\"https:\\\/\\\/www.apfelpatient.de\\\/en\\\/\"},\"headline\":\"M1-Prozessor: Plant Apple die Zusammenlegung von Mac &#038; iPad?\",\"datePublished\":\"2021-04-22T22:01:00+00:00\",\"dateModified\":\"2025-02-06T07:01:58+00:00\",\"mainEntityOfPage\":{\"@id\":\"https:\\\/\\\/www.apfelpatient.de\\\/news\\\/m1-prozessor-plant-apple-die-zusammenlegung-von-mac-ipad\"},\"wordCount\":720,\"publisher\":{\"@type\":\"Organization\",\"@id\":\"https:\\\/\\\/www.apfelpatient.de\\\/en\\\/#organization\",\"name\":\"Apfelpatient\",\"url\":\"https:\\\/\\\/www.apfelpatient.de\\\/en\\\/\"},\"image\":{\"@id\":\"https:\\\/\\\/www.apfelpatient.de\\\/news\\\/m1-prozessor-plant-apple-die-zusammenlegung-von-mac-ipad#primaryimage\"},\"thumbnailUrl\":\"https:\\\/\\\/www.apfelpatient.de\\\/wp-content\\\/uploads\\\/2021\\\/04\\\/apple_ipad-pro-spring21_ipad-pro-magic-keyboard-2up_04202021.jpg\",\"keywords\":[\"iPad\",\"Mac\"],\"articleSection\":\"News\",\"inLanguage\":\"en-US\",\"copyrightYear\":\"2021\",\"copyrightHolder\":{\"@id\":\"https:\\\/\\\/www.apfelpatient.de\\\/en\\\/#organization\"}},{\"@type\":\"WebPage\",\"@id\":\"https:\\\/\\\/www.apfelpatient.de\\\/news\\\/m1-prozessor-plant-apple-die-zusammenlegung-von-mac-ipad\",\"url\":\"https:\\\/\\\/www.apfelpatient.de\\\/news\\\/m1-prozessor-plant-apple-die-zusammenlegung-von-mac-ipad\",\"name\":\"M1-Prozessor: Plant Apple die Zusammenlegung von Mac & iPad?\",\"isPartOf\":{\"@id\":\"https:\\\/\\\/www.apfelpatient.de\\\/#website\"},\"primaryImageOfPage\":{\"@id\":\"https:\\\/\\\/www.apfelpatient.de\\\/news\\\/m1-prozessor-plant-apple-die-zusammenlegung-von-mac-ipad#primaryimage\"},\"image\":{\"@id\":\"https:\\\/\\\/www.apfelpatient.de\\\/news\\\/m1-prozessor-plant-apple-die-zusammenlegung-von-mac-ipad#primaryimage\"},\"thumbnailUrl\":\"https:\\\/\\\/www.apfelpatient.de\\\/wp-content\\\/uploads\\\/2021\\\/04\\\/apple_ipad-pro-spring21_ipad-pro-magic-keyboard-2up_04202021.jpg\",\"datePublished\":\"2021-04-22T22:01:00+00:00\",\"dateModified\":\"2025-02-06T07:01:58+00:00\",\"description\":\"M1-Prozessor: Apple hat Anfang dieser Woche aktualisierte iPad Pro Modelle vorgestellt, die nur wenige \u00e4u\u00dfere \u00c4nderungen aufweisen.\",\"breadcrumb\":{\"@id\":\"https:\\\/\\\/www.apfelpatient.de\\\/news\\\/m1-prozessor-plant-apple-die-zusammenlegung-von-mac-ipad#breadcrumb\"},\"inLanguage\":\"en-US\",\"potentialAction\":[{\"@type\":\"ReadAction\",\"target\":[\"https:\\\/\\\/www.apfelpatient.de\\\/news\\\/m1-prozessor-plant-apple-die-zusammenlegung-von-mac-ipad\"]}]},{\"@type\":\"ImageObject\",\"inLanguage\":\"en-US\",\"@id\":\"https:\\\/\\\/www.apfelpatient.de\\\/news\\\/m1-prozessor-plant-apple-die-zusammenlegung-von-mac-ipad#primaryimage\",\"url\":\"https:\\\/\\\/www.apfelpatient.de\\\/wp-content\\\/uploads\\\/2021\\\/04\\\/apple_ipad-pro-spring21_ipad-pro-magic-keyboard-2up_04202021.jpg\",\"contentUrl\":\"https:\\\/\\\/www.apfelpatient.de\\\/wp-content\\\/uploads\\\/2021\\\/04\\\/apple_ipad-pro-spring21_ipad-pro-magic-keyboard-2up_04202021.jpg\",\"width\":2400,\"height\":1350,\"caption\":\"Bild: Apple\"},{\"@type\":\"BreadcrumbList\",\"@id\":\"https:\\\/\\\/www.apfelpatient.de\\\/news\\\/m1-prozessor-plant-apple-die-zusammenlegung-von-mac-ipad#breadcrumb\",\"itemListElement\":[{\"@type\":\"ListItem\",\"position\":1,\"name\":\"Startseite\",\"item\":\"https:\\\/\\\/www.apfelpatient.de\\\/\"},{\"@type\":\"ListItem\",\"position\":2,\"name\":\"M1-Prozessor: Plant Apple die Zusammenlegung von Mac &#038; iPad?\"}]},{\"@type\":\"WebSite\",\"@id\":\"https:\\\/\\\/www.apfelpatient.de\\\/#website\",\"url\":\"https:\\\/\\\/www.apfelpatient.de\\\/\",\"name\":\"Apfelpatient\",\"description\":\"Alles rund um Apple!\",\"publisher\":{\"@type\":\"Organization\",\"@id\":\"https:\\\/\\\/www.apfelpatient.de\\\/en\\\/#organization\",\"name\":\"Apfelpatient\",\"url\":\"https:\\\/\\\/www.apfelpatient.de\\\/en\\\/\"},\"alternateName\":\"Apfelpatient\",\"potentialAction\":[{\"@type\":\"SearchAction\",\"target\":{\"@type\":\"EntryPoint\",\"urlTemplate\":\"https:\\\/\\\/www.apfelpatient.de\\\/?s={search_term_string}\"},\"query-input\":{\"@type\":\"PropertyValueSpecification\",\"valueRequired\":true,\"valueName\":\"search_term_string\"}}],\"inLanguage\":\"en-US\"},{\"@type\":[\"Person\",\"Organization\"],\"@id\":\"https:\\\/\\\/www.apfelpatient.de\\\/#\\\/schema\\\/person\\\/7dc56ad6c8e9824b76d2c08d4c140e13\",\"name\":\"Milan\",\"logo\":{\"@id\":\"https:\\\/\\\/www.apfelpatient.de\\\/#\\\/schema\\\/person\\\/image\\\/\"},\"description\":\"Hallo und herzlich willkommen auf meinem Technik-Blog! Als gro\u00dfer Apple-Fan berichte ich hier \u00fcber alles, was mit Apple zu tun hat: von den neuesten News und spannenden Ger\u00fcchten \u00fcber hilfreiche Tipps und Tricks bis hin zu ausf\u00fchrlichen Produkttests. Wenn du genauso technikbegeistert bist wie ich, bist du hier genau richtig!\",\"sameAs\":[\"https:\\\/\\\/www.facebook.com\\\/apfelpatientOfficial\",\"https:\\\/\\\/www.linkedin.com\\\/in\\\/milan-jovicic-42aa0231b\"],\"url\":\"https:\\\/\\\/www.apfelpatient.de\\\/en\\\/author\\\/apfeladmin\"}]}<\/script>\n<!-- \/ Yoast SEO Premium plugin. -->","yoast_head_json":{"title":"M1 processor: Is Apple planning to merge Mac &amp; iPad?","description":"M1 processor: Apple introduced updated iPad Pro models earlier this week that feature few external changes.","robots":{"index":"index","follow":"follow","max-snippet":"max-snippet:-1","max-image-preview":"max-image-preview:large","max-video-preview":"max-video-preview:-1"},"canonical":"https:\/\/www.apfelpatient.de\/en\/news\/m1-processor-apple-plans-to-merge-mac-and-ipad","og_locale":"en_US","og_type":"article","og_title":"M1-Prozessor: Plant Apple die Zusammenlegung von Mac & iPad?","og_description":"M1-Prozessor: Apple hat Anfang dieser Woche aktualisierte iPad Pro Modelle vorgestellt, die nur wenige \u00e4u\u00dfere \u00c4nderungen aufweisen.","og_url":"https:\/\/www.apfelpatient.de\/en\/news\/m1-processor-apple-plans-to-merge-mac-and-ipad","og_site_name":"Apfelpatient","article_publisher":"https:\/\/www.facebook.com\/apfelpatientOfficial","article_author":"https:\/\/www.facebook.com\/apfelpatientOfficial","article_published_time":"2021-04-22T22:01:00+00:00","article_modified_time":"2025-02-06T07:01:58+00:00","og_image":[{"width":2400,"height":1350,"url":"https:\/\/www.apfelpatient.de\/wp-content\/uploads\/2021\/04\/apple_ipad-pro-spring21_ipad-pro-magic-keyboard-2up_04202021.jpg","type":"image\/jpeg"}],"author":"Milan","twitter_card":"summary_large_image","twitter_description":"M1-Prozessor: Apple hat Anfang dieser Woche aktualisierte iPad Pro Modelle vorgestellt, die nur wenige \u00e4u\u00dfere \u00c4nderungen aufweisen.","twitter_misc":{"Written by":"Milan","Est. reading time":"3 minutes"},"schema":{"@context":"https:\/\/schema.org","@graph":[{"@type":"NewsArticle","@id":"https:\/\/www.apfelpatient.de\/news\/m1-prozessor-plant-apple-die-zusammenlegung-von-mac-ipad#article","isPartOf":{"@id":"https:\/\/www.apfelpatient.de\/news\/m1-prozessor-plant-apple-die-zusammenlegung-von-mac-ipad"},"author":{"@type":"Organization","@id":"https:\/\/www.apfelpatient.de\/en\/#organization","name":"Apfelpatient","url":"https:\/\/www.apfelpatient.de\/en\/"},"headline":"M1-Prozessor: Plant Apple die Zusammenlegung von Mac &#038; iPad?","datePublished":"2021-04-22T22:01:00+00:00","dateModified":"2025-02-06T07:01:58+00:00","mainEntityOfPage":{"@id":"https:\/\/www.apfelpatient.de\/news\/m1-prozessor-plant-apple-die-zusammenlegung-von-mac-ipad"},"wordCount":720,"publisher":{"@type":"Organization","@id":"https:\/\/www.apfelpatient.de\/en\/#organization","name":"Apfelpatient","url":"https:\/\/www.apfelpatient.de\/en\/"},"image":{"@id":"https:\/\/www.apfelpatient.de\/news\/m1-prozessor-plant-apple-die-zusammenlegung-von-mac-ipad#primaryimage"},"thumbnailUrl":"https:\/\/www.apfelpatient.de\/wp-content\/uploads\/2021\/04\/apple_ipad-pro-spring21_ipad-pro-magic-keyboard-2up_04202021.jpg","keywords":["iPad","Mac"],"articleSection":"News","inLanguage":"en-US","copyrightYear":"2021","copyrightHolder":{"@id":"https:\/\/www.apfelpatient.de\/en\/#organization"}},{"@type":"WebPage","@id":"https:\/\/www.apfelpatient.de\/news\/m1-prozessor-plant-apple-die-zusammenlegung-von-mac-ipad","url":"https:\/\/www.apfelpatient.de\/news\/m1-prozessor-plant-apple-die-zusammenlegung-von-mac-ipad","name":"M1 processor: Is Apple planning to merge Mac &amp; iPad?","isPartOf":{"@id":"https:\/\/www.apfelpatient.de\/#website"},"primaryImageOfPage":{"@id":"https:\/\/www.apfelpatient.de\/news\/m1-prozessor-plant-apple-die-zusammenlegung-von-mac-ipad#primaryimage"},"image":{"@id":"https:\/\/www.apfelpatient.de\/news\/m1-prozessor-plant-apple-die-zusammenlegung-von-mac-ipad#primaryimage"},"thumbnailUrl":"https:\/\/www.apfelpatient.de\/wp-content\/uploads\/2021\/04\/apple_ipad-pro-spring21_ipad-pro-magic-keyboard-2up_04202021.jpg","datePublished":"2021-04-22T22:01:00+00:00","dateModified":"2025-02-06T07:01:58+00:00","description":"M1 processor: Apple introduced updated iPad Pro models earlier this week that feature few external changes.","breadcrumb":{"@id":"https:\/\/www.apfelpatient.de\/news\/m1-prozessor-plant-apple-die-zusammenlegung-von-mac-ipad#breadcrumb"},"inLanguage":"en-US","potentialAction":[{"@type":"ReadAction","target":["https:\/\/www.apfelpatient.de\/news\/m1-prozessor-plant-apple-die-zusammenlegung-von-mac-ipad"]}]},{"@type":"ImageObject","inLanguage":"en-US","@id":"https:\/\/www.apfelpatient.de\/news\/m1-prozessor-plant-apple-die-zusammenlegung-von-mac-ipad#primaryimage","url":"https:\/\/www.apfelpatient.de\/wp-content\/uploads\/2021\/04\/apple_ipad-pro-spring21_ipad-pro-magic-keyboard-2up_04202021.jpg","contentUrl":"https:\/\/www.apfelpatient.de\/wp-content\/uploads\/2021\/04\/apple_ipad-pro-spring21_ipad-pro-magic-keyboard-2up_04202021.jpg","width":2400,"height":1350,"caption":"Bild: Apple"},{"@type":"BreadcrumbList","@id":"https:\/\/www.apfelpatient.de\/news\/m1-prozessor-plant-apple-die-zusammenlegung-von-mac-ipad#breadcrumb","itemListElement":[{"@type":"ListItem","position":1,"name":"Startseite","item":"https:\/\/www.apfelpatient.de\/"},{"@type":"ListItem","position":2,"name":"M1-Prozessor: Plant Apple die Zusammenlegung von Mac &#038; iPad?"}]},{"@type":"WebSite","@id":"https:\/\/www.apfelpatient.de\/#website","url":"https:\/\/www.apfelpatient.de\/","name":"apple patient","description":"Everything about Apple!","publisher":{"@type":"Organization","@id":"https:\/\/www.apfelpatient.de\/en\/#organization","name":"Apfelpatient","url":"https:\/\/www.apfelpatient.de\/en\/"},"alternateName":"Apfelpatient","potentialAction":[{"@type":"SearchAction","target":{"@type":"EntryPoint","urlTemplate":"https:\/\/www.apfelpatient.de\/?s={search_term_string}"},"query-input":{"@type":"PropertyValueSpecification","valueRequired":true,"valueName":"search_term_string"}}],"inLanguage":"en-US"},{"@type":["Person","Organization"],"@id":"https:\/\/www.apfelpatient.de\/#\/schema\/person\/7dc56ad6c8e9824b76d2c08d4c140e13","name":"Milan","logo":{"@id":"https:\/\/www.apfelpatient.de\/#\/schema\/person\/image\/"},"description":"Hello and welcome to my technology blog! As a big Apple fan, I report on everything to do with Apple: from the latest news and exciting rumors to helpful tips and tricks and detailed product tests. If you are as enthusiastic about technology as I am, you have come to the right place!","sameAs":["https:\/\/www.facebook.com\/apfelpatientOfficial","https:\/\/www.linkedin.com\/in\/milan-jovicic-42aa0231b"],"url":"https:\/\/www.apfelpatient.de\/en\/author\/apfeladmin"}]}},"_links":{"self":[{"href":"https:\/\/www.apfelpatient.de\/en\/wp-json\/wp\/v2\/posts\/21664","targetHints":{"allow":["GET"]}}],"collection":[{"href":"https:\/\/www.apfelpatient.de\/en\/wp-json\/wp\/v2\/posts"}],"about":[{"href":"https:\/\/www.apfelpatient.de\/en\/wp-json\/wp\/v2\/types\/post"}],"author":[{"embeddable":true,"href":"https:\/\/www.apfelpatient.de\/en\/wp-json\/wp\/v2\/users\/2"}],"replies":[{"embeddable":true,"href":"https:\/\/www.apfelpatient.de\/en\/wp-json\/wp\/v2\/comments?post=21664"}],"version-history":[{"count":0,"href":"https:\/\/www.apfelpatient.de\/en\/wp-json\/wp\/v2\/posts\/21664\/revisions"}],"wp:featuredmedia":[{"embeddable":true,"href":"https:\/\/www.apfelpatient.de\/en\/wp-json\/wp\/v2\/media\/21514"}],"wp:attachment":[{"href":"https:\/\/www.apfelpatient.de\/en\/wp-json\/wp\/v2\/media?parent=21664"}],"wp:term":[{"taxonomy":"category","embeddable":true,"href":"https:\/\/www.apfelpatient.de\/en\/wp-json\/wp\/v2\/categories?post=21664"},{"taxonomy":"post_tag","embeddable":true,"href":"https:\/\/www.apfelpatient.de\/en\/wp-json\/wp\/v2\/tags?post=21664"}],"curies":[{"name":"wp","href":"https:\/\/api.w.org\/{rel}","templated":true}]}}