{"id":21652,"date":"2021-04-23T14:06:21","date_gmt":"2021-04-23T12:06:21","guid":{"rendered":"https:\/\/www.apfelpatient.de\/?p=21652"},"modified":"2021-04-23T14:06:23","modified_gmt":"2021-04-23T12:06:23","slug":"helpful-accessory-apple-airtag-pre-order-now","status":"publish","type":"post","link":"https:\/\/www.apfelpatient.de\/en\/news\/hilfreiches-accessoire-apple-airtag-jetzt-vorbestellen","title":{"rendered":"Helpful accessory: Pre-order Apple AirTag now"},"content":{"rendered":"<p class=\"has-drop-cap\"><strong>Earlier this week, Apple introduced a helpful accessory called AirTag. The small item trackers can now be officially pre-ordered.<\/strong><\/p>\n\n\n\n<p>Where is my keychain? Where is my handbag? Where is my laptop bag - and where is my jacket again? For heaven&#039;s sake - where is my wallet? Many people know it - important things are quickly misplaced and the search begins, preferably within your own four walls. But that is now over. The Apple ecosystem is now being expanded with a helpful accessory called AirTag. The trackers, introduced on Tuesday, make it easy to track important items. They work with an ultra-wideband U1 chip and Bluetooth to stay connected to the Find My network, which consists of hundreds of millions of iPhone, iPad and Mac devices. Apple advertises the whole thing as follows:<\/p>\n\n\n\n<figure class=\"wp-block-image size-large\"><img decoding=\"async\" width=\"1024\" height=\"576\" src=\"https:\/\/www.apfelpatient.de\/wp-content\/uploads\/2021\/04\/Apple_airtag-accessories-042021-1024x576.jpg\" alt=\"AirTag\" class=\"wp-image-21474\" srcset=\"https:\/\/www.apfelpatient.de\/wp-content\/uploads\/2021\/04\/Apple_airtag-accessories-042021-1024x576.jpg 1024w, https:\/\/www.apfelpatient.de\/wp-content\/uploads\/2021\/04\/Apple_airtag-accessories-042021-300x169.jpg 300w, https:\/\/www.apfelpatient.de\/wp-content\/uploads\/2021\/04\/Apple_airtag-accessories-042021-768x432.jpg 768w, https:\/\/www.apfelpatient.de\/wp-content\/uploads\/2021\/04\/Apple_airtag-accessories-042021-1536x864.jpg 1536w, https:\/\/www.apfelpatient.de\/wp-content\/uploads\/2021\/04\/Apple_airtag-accessories-042021-2048x1152.jpg 2048w, https:\/\/www.apfelpatient.de\/wp-content\/uploads\/2021\/04\/Apple_airtag-accessories-042021-750x422.jpg 750w, https:\/\/www.apfelpatient.de\/wp-content\/uploads\/2021\/04\/Apple_airtag-accessories-042021-1140x641.jpg 1140w\" sizes=\"(max-width: 1024px) 100vw, 1024px\" \/><figcaption>Image: Apple<\/figcaption><\/figure>\n\n\n\n<h3 class=\"wp-block-heading\" id=\"h-airtag-personalisierung-m-glich-gro-e-auswahl-an-zubeh-r\">AirTag: Personalization possible &amp; large selection of accessories<\/h3>\n\n\n\n\n\n\n\n<blockquote class=\"wp-block-quote is-layout-flow wp-block-quote-is-layout-flow\"><p>Apple today introduced AirTag, a small and stylish accessory that helps track and find the items that matter most using Apple&#039;s Find My app. Whether attached to a purse, keys, backpack, or other item, AirTag taps into the vast, global Find My network and can help locate a lost item while keeping location data private and anonymous with end-to-end encryption.<\/p><\/blockquote>\n\n\n\n<p>The brand new product can now be officially pre-ordered from Apple. While a single AirTag costs 35 euros, Apple charges around 119 euros for a pack of four. Apple&#039;s latest accessory can be personalized with a range of emojis, similar to the AirPods. There are also corresponding accessories. Delivery starts on April 30th. Are you looking for suitable AirTag cases?&nbsp;<a href=\"https:\/\/www.amazon.de\/shop\/apfelpatientofficial?listId=3SJ5BC5WMHGPJ&amp;ref=idea_share_inf\" target=\"_blank\" rel=\"noreferrer noopener\">Then take a look at Amazon<\/a>. Offers from various third-party providers are already online - enjoy browsing. (Image: Apple)<\/p>\n\n\n\n<ul class=\"wp-block-list\"><li><a href=\"https:\/\/www.apfelpatient.de\/en\/news\/airtags-ipad-pro-nomad-introduces-new-accessories\">AirTags &amp; iPad Pro: Nomad introduces new accessories<\/a><\/li><\/ul>\n\n\n\n<h6 class=\"wp-block-heading translation-block\" id=\"h-kennt-ihr-schon-unsere-amazon-storefront-dort-findet-ihr-eine-handverlesene-auswahl-von-diversen-produkten-f-r-euer-iphone-und-co-viel-spa-beim-st-bern\"><em>Have you already visited our Amazon Storefront? There you&#039;ll find a hand-picked selection of various products for your iPhone and other devices \u2013 <span class=\"has-inline-color has-vivid-red-color\"><a href=\"https:\/\/www.amazon.de\/shop\/apfelpatientofficial\" class=\"ek-link\" data-wpel-link=\"exclude\" rel=\"follow noopener\" target=\"_self\"><span style=\"text-decoration: underline\" class=\"ek-underline\">enjoy browsing<\/span><\/a> !<\/span><\/em><\/h6>\n\n\n\n<h6 class=\"wp-block-heading translation-block\" id=\"h-der-beitrag-enthalt-partnerlinks\">This post contains <a data-type=\"URL\" data-id=\"https:\/\/www.apfelpatient.de\/partnerprogramm\" href=\"https:\/\/www.apfelpatient.de\/en\/partner-program\" data-wpel-link=\"internal\" target=\"_self\">affiliate links<\/a>.<\/h6>","protected":false},"excerpt":{"rendered":"<p>Earlier this week, Apple introduced a helpful accessory called AirTag. The small trackers can now be officially pre-ordered.<\/p>","protected":false},"author":2,"featured_media":21475,"comment_status":"closed","ping_status":"closed","sticky":false,"template":"","format":"standard","meta":{"jnews-multi-image_gallery":[],"jnews_single_post":{"subtitle":"","format":"standard","video":"","gallery":"","source_name":"","source_url":"","via_name":"","via_url":"","override":[{"single_blog_custom":"","sidebar":"","second_sidebar":"","share_position":"","share_float_style":"","post_date_format":"","post_date_format_custom":"","post_reading_time_wpm":"","zoom_button_out_step":"1","zoom_button_in_step":"1","number_popup_post":"1"}],"image_override":[{"single_post_thumbnail_size":"","single_post_gallery_size":""}],"trending_post_position":"","trending_post_label":"","sponsored_post_label":"","sponsored_post_name":"","sponsored_post_url":"","sponsored_post_logo":"","sponsored_post_desc":""},"jnews_primary_category":{"id":"9"},"footnotes":""},"categories":[9],"tags":[328],"class_list":["post-21652","post","type-post","status-publish","format-standard","has-post-thumbnail","hentry","category-news","tag-airtag"],"yoast_head":"<!-- This site is optimized with the Yoast SEO Premium plugin v27.5 (Yoast SEO v27.5) - https:\/\/yoast.com\/product\/yoast-seo-premium-wordpress\/ -->\n<title>Hilfreiches Accessoire: Apple AirTag jetzt vorbestellen Apfelpatient<\/title>\n<meta name=\"description\" content=\"Apple hat Anfang der Woche ein hilfreiches Accessoire namens AirTag vorgestellt. Nun k\u00f6nnen die kleinen Tracker offiziell vorbestellt werden.\" \/>\n<meta name=\"robots\" content=\"index, follow, max-snippet:-1, max-image-preview:large, max-video-preview:-1\" \/>\n<link rel=\"canonical\" href=\"https:\/\/www.apfelpatient.de\/en\/news\/helpful-accessory-apple-airtag-pre-order-now\" \/>\n<meta property=\"og:locale\" content=\"en_US\" \/>\n<meta property=\"og:type\" content=\"article\" \/>\n<meta property=\"og:title\" content=\"Hilfreiches Accessoire: Apple AirTag jetzt vorbestellen\" \/>\n<meta property=\"og:description\" content=\"Apple hat Anfang der Woche ein hilfreiches Accessoire namens AirTag vorgestellt. Nun k\u00f6nnen die kleinen Tracker offiziell vorbestellt werden.\" \/>\n<meta property=\"og:url\" content=\"https:\/\/www.apfelpatient.de\/en\/news\/helpful-accessory-apple-airtag-pre-order-now\" \/>\n<meta property=\"og:site_name\" content=\"Apfelpatient\" \/>\n<meta property=\"article:publisher\" content=\"https:\/\/www.facebook.com\/apfelpatientOfficial\" \/>\n<meta property=\"article:author\" content=\"https:\/\/www.facebook.com\/apfelpatientOfficial\" \/>\n<meta property=\"article:published_time\" content=\"2021-04-23T12:06:21+00:00\" \/>\n<meta property=\"article:modified_time\" content=\"2021-04-23T12:06:23+00:00\" \/>\n<meta property=\"og:image\" content=\"https:\/\/www.apfelpatient.de\/wp-content\/uploads\/2021\/04\/Apple_airtag-front-and-back-emoji-2up_042021.jpg\" \/>\n\t<meta property=\"og:image:width\" content=\"1960\" \/>\n\t<meta property=\"og:image:height\" content=\"1102\" \/>\n\t<meta property=\"og:image:type\" content=\"image\/jpeg\" \/>\n<meta name=\"author\" content=\"Milan\" \/>\n<meta name=\"twitter:card\" content=\"summary_large_image\" \/>\n<meta name=\"twitter:description\" content=\"Apple hat Anfang der Woche ein hilfreiches Accessoire namens AirTag vorgestellt. Nun k\u00f6nnen die kleinen Tracker offiziell vorbestellt werden.\" \/>\n<meta name=\"twitter:label1\" content=\"Written by\" \/>\n\t<meta name=\"twitter:data1\" content=\"Milan\" \/>\n\t<meta name=\"twitter:label2\" content=\"Est. reading time\" \/>\n\t<meta name=\"twitter:data2\" content=\"2 minutes\" \/>\n<script type=\"application\/ld+json\" class=\"yoast-schema-graph\">{\"@context\":\"https:\\\/\\\/schema.org\",\"@graph\":[{\"@type\":\"NewsArticle\",\"@id\":\"https:\\\/\\\/www.apfelpatient.de\\\/news\\\/hilfreiches-accessoire-apple-airtag-jetzt-vorbestellen#article\",\"isPartOf\":{\"@id\":\"https:\\\/\\\/www.apfelpatient.de\\\/news\\\/hilfreiches-accessoire-apple-airtag-jetzt-vorbestellen\"},\"author\":{\"@type\":\"Organization\",\"@id\":\"https:\\\/\\\/www.apfelpatient.de\\\/en\\\/#organization\",\"name\":\"Apfelpatient\",\"url\":\"https:\\\/\\\/www.apfelpatient.de\\\/en\\\/\"},\"headline\":\"Hilfreiches Accessoire: Apple AirTag jetzt vorbestellen\",\"datePublished\":\"2021-04-23T12:06:21+00:00\",\"dateModified\":\"2021-04-23T12:06:23+00:00\",\"mainEntityOfPage\":{\"@id\":\"https:\\\/\\\/www.apfelpatient.de\\\/news\\\/hilfreiches-accessoire-apple-airtag-jetzt-vorbestellen\"},\"wordCount\":318,\"publisher\":{\"@type\":\"Organization\",\"@id\":\"https:\\\/\\\/www.apfelpatient.de\\\/en\\\/#organization\",\"name\":\"Apfelpatient\",\"url\":\"https:\\\/\\\/www.apfelpatient.de\\\/en\\\/\"},\"image\":{\"@id\":\"https:\\\/\\\/www.apfelpatient.de\\\/news\\\/hilfreiches-accessoire-apple-airtag-jetzt-vorbestellen#primaryimage\"},\"thumbnailUrl\":\"https:\\\/\\\/www.apfelpatient.de\\\/wp-content\\\/uploads\\\/2021\\\/04\\\/Apple_airtag-front-and-back-emoji-2up_042021.jpg\",\"keywords\":[\"AirTags\"],\"articleSection\":\"News\",\"inLanguage\":\"en-US\",\"copyrightYear\":\"2021\",\"copyrightHolder\":{\"@id\":\"https:\\\/\\\/www.apfelpatient.de\\\/en\\\/#organization\"}},{\"@type\":\"WebPage\",\"@id\":\"https:\\\/\\\/www.apfelpatient.de\\\/news\\\/hilfreiches-accessoire-apple-airtag-jetzt-vorbestellen\",\"url\":\"https:\\\/\\\/www.apfelpatient.de\\\/news\\\/hilfreiches-accessoire-apple-airtag-jetzt-vorbestellen\",\"name\":\"Hilfreiches Accessoire: Apple AirTag jetzt vorbestellen Apfelpatient\",\"isPartOf\":{\"@id\":\"https:\\\/\\\/www.apfelpatient.de\\\/#website\"},\"primaryImageOfPage\":{\"@id\":\"https:\\\/\\\/www.apfelpatient.de\\\/news\\\/hilfreiches-accessoire-apple-airtag-jetzt-vorbestellen#primaryimage\"},\"image\":{\"@id\":\"https:\\\/\\\/www.apfelpatient.de\\\/news\\\/hilfreiches-accessoire-apple-airtag-jetzt-vorbestellen#primaryimage\"},\"thumbnailUrl\":\"https:\\\/\\\/www.apfelpatient.de\\\/wp-content\\\/uploads\\\/2021\\\/04\\\/Apple_airtag-front-and-back-emoji-2up_042021.jpg\",\"datePublished\":\"2021-04-23T12:06:21+00:00\",\"dateModified\":\"2021-04-23T12:06:23+00:00\",\"description\":\"Apple hat Anfang der Woche ein hilfreiches Accessoire namens AirTag vorgestellt. Nun k\u00f6nnen die kleinen Tracker offiziell vorbestellt werden.\",\"breadcrumb\":{\"@id\":\"https:\\\/\\\/www.apfelpatient.de\\\/news\\\/hilfreiches-accessoire-apple-airtag-jetzt-vorbestellen#breadcrumb\"},\"inLanguage\":\"en-US\",\"potentialAction\":[{\"@type\":\"ReadAction\",\"target\":[\"https:\\\/\\\/www.apfelpatient.de\\\/news\\\/hilfreiches-accessoire-apple-airtag-jetzt-vorbestellen\"]}]},{\"@type\":\"ImageObject\",\"inLanguage\":\"en-US\",\"@id\":\"https:\\\/\\\/www.apfelpatient.de\\\/news\\\/hilfreiches-accessoire-apple-airtag-jetzt-vorbestellen#primaryimage\",\"url\":\"https:\\\/\\\/www.apfelpatient.de\\\/wp-content\\\/uploads\\\/2021\\\/04\\\/Apple_airtag-front-and-back-emoji-2up_042021.jpg\",\"contentUrl\":\"https:\\\/\\\/www.apfelpatient.de\\\/wp-content\\\/uploads\\\/2021\\\/04\\\/Apple_airtag-front-and-back-emoji-2up_042021.jpg\",\"width\":1960,\"height\":1102,\"caption\":\"Bild: Apple\"},{\"@type\":\"BreadcrumbList\",\"@id\":\"https:\\\/\\\/www.apfelpatient.de\\\/news\\\/hilfreiches-accessoire-apple-airtag-jetzt-vorbestellen#breadcrumb\",\"itemListElement\":[{\"@type\":\"ListItem\",\"position\":1,\"name\":\"Startseite\",\"item\":\"https:\\\/\\\/www.apfelpatient.de\\\/\"},{\"@type\":\"ListItem\",\"position\":2,\"name\":\"Hilfreiches Accessoire: Apple AirTag jetzt vorbestellen\"}]},{\"@type\":\"WebSite\",\"@id\":\"https:\\\/\\\/www.apfelpatient.de\\\/#website\",\"url\":\"https:\\\/\\\/www.apfelpatient.de\\\/\",\"name\":\"Apfelpatient\",\"description\":\"Alles rund um Apple!\",\"publisher\":{\"@type\":\"Organization\",\"@id\":\"https:\\\/\\\/www.apfelpatient.de\\\/en\\\/#organization\",\"name\":\"Apfelpatient\",\"url\":\"https:\\\/\\\/www.apfelpatient.de\\\/en\\\/\"},\"alternateName\":\"Apfelpatient\",\"potentialAction\":[{\"@type\":\"SearchAction\",\"target\":{\"@type\":\"EntryPoint\",\"urlTemplate\":\"https:\\\/\\\/www.apfelpatient.de\\\/?s={search_term_string}\"},\"query-input\":{\"@type\":\"PropertyValueSpecification\",\"valueRequired\":true,\"valueName\":\"search_term_string\"}}],\"inLanguage\":\"en-US\"},{\"@type\":[\"Person\",\"Organization\"],\"@id\":\"https:\\\/\\\/www.apfelpatient.de\\\/#\\\/schema\\\/person\\\/7dc56ad6c8e9824b76d2c08d4c140e13\",\"name\":\"Milan\",\"logo\":{\"@id\":\"https:\\\/\\\/www.apfelpatient.de\\\/#\\\/schema\\\/person\\\/image\\\/\"},\"description\":\"Hallo und herzlich willkommen auf meinem Technik-Blog! Als gro\u00dfer Apple-Fan berichte ich hier \u00fcber alles, was mit Apple zu tun hat: von den neuesten News und spannenden Ger\u00fcchten \u00fcber hilfreiche Tipps und Tricks bis hin zu ausf\u00fchrlichen Produkttests. Wenn du genauso technikbegeistert bist wie ich, bist du hier genau richtig!\",\"sameAs\":[\"https:\\\/\\\/www.facebook.com\\\/apfelpatientOfficial\",\"https:\\\/\\\/www.linkedin.com\\\/in\\\/milan-jovicic-42aa0231b\"],\"url\":\"https:\\\/\\\/www.apfelpatient.de\\\/en\\\/author\\\/apfeladmin\"}]}<\/script>\n<!-- \/ Yoast SEO Premium plugin. -->","yoast_head_json":{"title":"Helpful accessory: Pre-order Apple AirTag now Apfelpatient","description":"Earlier this week, Apple introduced a helpful accessory called AirTag. The small trackers can now be officially pre-ordered.","robots":{"index":"index","follow":"follow","max-snippet":"max-snippet:-1","max-image-preview":"max-image-preview:large","max-video-preview":"max-video-preview:-1"},"canonical":"https:\/\/www.apfelpatient.de\/en\/news\/helpful-accessory-apple-airtag-pre-order-now","og_locale":"en_US","og_type":"article","og_title":"Hilfreiches Accessoire: Apple AirTag jetzt vorbestellen","og_description":"Apple hat Anfang der Woche ein hilfreiches Accessoire namens AirTag vorgestellt. Nun k\u00f6nnen die kleinen Tracker offiziell vorbestellt werden.","og_url":"https:\/\/www.apfelpatient.de\/en\/news\/helpful-accessory-apple-airtag-pre-order-now","og_site_name":"Apfelpatient","article_publisher":"https:\/\/www.facebook.com\/apfelpatientOfficial","article_author":"https:\/\/www.facebook.com\/apfelpatientOfficial","article_published_time":"2021-04-23T12:06:21+00:00","article_modified_time":"2021-04-23T12:06:23+00:00","og_image":[{"width":1960,"height":1102,"url":"https:\/\/www.apfelpatient.de\/wp-content\/uploads\/2021\/04\/Apple_airtag-front-and-back-emoji-2up_042021.jpg","type":"image\/jpeg"}],"author":"Milan","twitter_card":"summary_large_image","twitter_description":"Apple hat Anfang der Woche ein hilfreiches Accessoire namens AirTag vorgestellt. Nun k\u00f6nnen die kleinen Tracker offiziell vorbestellt werden.","twitter_misc":{"Written by":"Milan","Est. reading time":"2 minutes"},"schema":{"@context":"https:\/\/schema.org","@graph":[{"@type":"NewsArticle","@id":"https:\/\/www.apfelpatient.de\/news\/hilfreiches-accessoire-apple-airtag-jetzt-vorbestellen#article","isPartOf":{"@id":"https:\/\/www.apfelpatient.de\/news\/hilfreiches-accessoire-apple-airtag-jetzt-vorbestellen"},"author":{"@type":"Organization","@id":"https:\/\/www.apfelpatient.de\/en\/#organization","name":"Apfelpatient","url":"https:\/\/www.apfelpatient.de\/en\/"},"headline":"Hilfreiches Accessoire: Apple AirTag jetzt vorbestellen","datePublished":"2021-04-23T12:06:21+00:00","dateModified":"2021-04-23T12:06:23+00:00","mainEntityOfPage":{"@id":"https:\/\/www.apfelpatient.de\/news\/hilfreiches-accessoire-apple-airtag-jetzt-vorbestellen"},"wordCount":318,"publisher":{"@type":"Organization","@id":"https:\/\/www.apfelpatient.de\/en\/#organization","name":"Apfelpatient","url":"https:\/\/www.apfelpatient.de\/en\/"},"image":{"@id":"https:\/\/www.apfelpatient.de\/news\/hilfreiches-accessoire-apple-airtag-jetzt-vorbestellen#primaryimage"},"thumbnailUrl":"https:\/\/www.apfelpatient.de\/wp-content\/uploads\/2021\/04\/Apple_airtag-front-and-back-emoji-2up_042021.jpg","keywords":["AirTags"],"articleSection":"News","inLanguage":"en-US","copyrightYear":"2021","copyrightHolder":{"@id":"https:\/\/www.apfelpatient.de\/en\/#organization"}},{"@type":"WebPage","@id":"https:\/\/www.apfelpatient.de\/news\/hilfreiches-accessoire-apple-airtag-jetzt-vorbestellen","url":"https:\/\/www.apfelpatient.de\/news\/hilfreiches-accessoire-apple-airtag-jetzt-vorbestellen","name":"Helpful accessory: Pre-order Apple AirTag now Apfelpatient","isPartOf":{"@id":"https:\/\/www.apfelpatient.de\/#website"},"primaryImageOfPage":{"@id":"https:\/\/www.apfelpatient.de\/news\/hilfreiches-accessoire-apple-airtag-jetzt-vorbestellen#primaryimage"},"image":{"@id":"https:\/\/www.apfelpatient.de\/news\/hilfreiches-accessoire-apple-airtag-jetzt-vorbestellen#primaryimage"},"thumbnailUrl":"https:\/\/www.apfelpatient.de\/wp-content\/uploads\/2021\/04\/Apple_airtag-front-and-back-emoji-2up_042021.jpg","datePublished":"2021-04-23T12:06:21+00:00","dateModified":"2021-04-23T12:06:23+00:00","description":"Earlier this week, Apple introduced a helpful accessory called AirTag. The small trackers can now be officially pre-ordered.","breadcrumb":{"@id":"https:\/\/www.apfelpatient.de\/news\/hilfreiches-accessoire-apple-airtag-jetzt-vorbestellen#breadcrumb"},"inLanguage":"en-US","potentialAction":[{"@type":"ReadAction","target":["https:\/\/www.apfelpatient.de\/news\/hilfreiches-accessoire-apple-airtag-jetzt-vorbestellen"]}]},{"@type":"ImageObject","inLanguage":"en-US","@id":"https:\/\/www.apfelpatient.de\/news\/hilfreiches-accessoire-apple-airtag-jetzt-vorbestellen#primaryimage","url":"https:\/\/www.apfelpatient.de\/wp-content\/uploads\/2021\/04\/Apple_airtag-front-and-back-emoji-2up_042021.jpg","contentUrl":"https:\/\/www.apfelpatient.de\/wp-content\/uploads\/2021\/04\/Apple_airtag-front-and-back-emoji-2up_042021.jpg","width":1960,"height":1102,"caption":"Bild: Apple"},{"@type":"BreadcrumbList","@id":"https:\/\/www.apfelpatient.de\/news\/hilfreiches-accessoire-apple-airtag-jetzt-vorbestellen#breadcrumb","itemListElement":[{"@type":"ListItem","position":1,"name":"Startseite","item":"https:\/\/www.apfelpatient.de\/"},{"@type":"ListItem","position":2,"name":"Hilfreiches Accessoire: Apple AirTag jetzt vorbestellen"}]},{"@type":"WebSite","@id":"https:\/\/www.apfelpatient.de\/#website","url":"https:\/\/www.apfelpatient.de\/","name":"apple patient","description":"Everything about Apple!","publisher":{"@type":"Organization","@id":"https:\/\/www.apfelpatient.de\/en\/#organization","name":"Apfelpatient","url":"https:\/\/www.apfelpatient.de\/en\/"},"alternateName":"Apfelpatient","potentialAction":[{"@type":"SearchAction","target":{"@type":"EntryPoint","urlTemplate":"https:\/\/www.apfelpatient.de\/?s={search_term_string}"},"query-input":{"@type":"PropertyValueSpecification","valueRequired":true,"valueName":"search_term_string"}}],"inLanguage":"en-US"},{"@type":["Person","Organization"],"@id":"https:\/\/www.apfelpatient.de\/#\/schema\/person\/7dc56ad6c8e9824b76d2c08d4c140e13","name":"Milan","logo":{"@id":"https:\/\/www.apfelpatient.de\/#\/schema\/person\/image\/"},"description":"Hello and welcome to my technology blog! As a big Apple fan, I report on everything to do with Apple: from the latest news and exciting rumors to helpful tips and tricks and detailed product tests. If you are as enthusiastic about technology as I am, you have come to the right place!","sameAs":["https:\/\/www.facebook.com\/apfelpatientOfficial","https:\/\/www.linkedin.com\/in\/milan-jovicic-42aa0231b"],"url":"https:\/\/www.apfelpatient.de\/en\/author\/apfeladmin"}]}},"_links":{"self":[{"href":"https:\/\/www.apfelpatient.de\/en\/wp-json\/wp\/v2\/posts\/21652","targetHints":{"allow":["GET"]}}],"collection":[{"href":"https:\/\/www.apfelpatient.de\/en\/wp-json\/wp\/v2\/posts"}],"about":[{"href":"https:\/\/www.apfelpatient.de\/en\/wp-json\/wp\/v2\/types\/post"}],"author":[{"embeddable":true,"href":"https:\/\/www.apfelpatient.de\/en\/wp-json\/wp\/v2\/users\/2"}],"replies":[{"embeddable":true,"href":"https:\/\/www.apfelpatient.de\/en\/wp-json\/wp\/v2\/comments?post=21652"}],"version-history":[{"count":0,"href":"https:\/\/www.apfelpatient.de\/en\/wp-json\/wp\/v2\/posts\/21652\/revisions"}],"wp:featuredmedia":[{"embeddable":true,"href":"https:\/\/www.apfelpatient.de\/en\/wp-json\/wp\/v2\/media\/21475"}],"wp:attachment":[{"href":"https:\/\/www.apfelpatient.de\/en\/wp-json\/wp\/v2\/media?parent=21652"}],"wp:term":[{"taxonomy":"category","embeddable":true,"href":"https:\/\/www.apfelpatient.de\/en\/wp-json\/wp\/v2\/categories?post=21652"},{"taxonomy":"post_tag","embeddable":true,"href":"https:\/\/www.apfelpatient.de\/en\/wp-json\/wp\/v2\/tags?post=21652"}],"curies":[{"name":"wp","href":"https:\/\/api.w.org\/{rel}","templated":true}]}}