{"id":21635,"date":"2021-04-22T17:26:33","date_gmt":"2021-04-22T15:26:33","guid":{"rendered":"https:\/\/www.apfelpatient.de\/?p=21635"},"modified":"2025-02-06T08:01:42","modified_gmt":"2025-02-06T07:01:42","slug":"first-airtag-reviews-smart-powerful","status":"publish","type":"post","link":"https:\/\/www.apfelpatient.de\/en\/news\/erste-airtag-reviews-smart-leistungsfaehig","title":{"rendered":"First AirTag Reviews: Smart &amp; Powerful"},"content":{"rendered":"<p><strong>The embargo on reviews of Apple&#039;s new AirTag item tracker has officially been lifted. Below we have summarized the first impressions of some media representatives.<\/strong><\/p>\n\n\n\n<p>Apple&#039;s AirTag will be available from Friday, April 23 (from 2 p.m. in this country) <a href=\"https:\/\/www.apfelpatient.de\/en\/news\/spring-loaded-event-apple-introduces-airtag\">pre-ordered<\/a> and will be officially delivered from Friday, April 30th. The smart trackers can be attached to personal items such as wallets, keys, purses, backpacks and much more. Location tracking works via the Find My app, which is available on iPhone, iPad and Mac. But how is the new accessory being received by media representatives? <a href=\"https:\/\/www.theverge.com\/2021\/4\/22\/22396693\/apple-airtag-location-tracker-hands-on-find-my-privacy-safety\" target=\"_blank\" rel=\"noreferrer noopener\">The Verge<\/a> Editor Dieter Bohn as follows:<\/p>\n\n\n\n<h3 class=\"wp-block-heading\" id=\"h-airtag-apple-baut-eigenes-kosystem-weiter-aus\">AirTag: Apple continues to expand its own ecosystem<\/h3>\n\n\n\n\n\n\n\n<blockquote class=\"wp-block-quote is-layout-flow wp-block-quote-is-layout-flow\"><p>Really, the AirTag is the best Apple product I&#039;ve seen in a long time. It&#039;s just a bit more expensive than the competition. It&#039;s beautifully designed. Yet its hardware somehow still doesn&#039;t take into account the practical realities of our dirty, messy world. It&#039;s very privacy-focused. It really only works with Apple devices. It offers features that no third-party device can really match, thanks to Apple&#039;s tight integration (or tight grip on its APIs, depending on how you look at it). And since there&#039;s no Android version of Find My, it&#039;s another piece of the Apple ecosystem that will keep you from switching.<\/p><\/blockquote>\n\n\n\n<p>In the accompanying video, Bohn gives a closer look at the AirTag setup process and then goes on a game of hide-and-seek in New York City to test the device&#039;s capabilities. Meanwhile, Matthew Panzarino from <a href=\"https:\/\/techcrunch.com\/2021\/04\/22\/first-findings-with-apples-new-airtag-location-devices\/\" target=\"_blank\" rel=\"noreferrer noopener\">TechCrunch<\/a> goes into more detail about location tracking. In his report he writes:<\/p>\n\n\n\n<blockquote class=\"wp-block-quote is-layout-flow wp-block-quote-is-layout-flow\"><p>In my very limited testing so far, the AirTag&#039;s range matches this basic Bluetooth expectation. That means it can be thwarted by lots of obstacles or walls, or unfavorable signal bounce. For example, it often took 30 seconds or more to get an initial position from an AirTag in another room. However, once the location was received, the instructions for locating the device seemed to update quickly and were accurate to within a few centimeters.<\/p><\/blockquote>\n\n\n\n<h3 class=\"wp-block-heading\" id=\"h-im-kern-immer-noch-ein-bluetooth-tracker\">\u201cAt its core, it\u2019s still a Bluetooth tracker\u201d<\/h3>\n\n\n\n\n\n\n\n<p>Brenda Stolyar from <a href=\"https:\/\/mashable.com\/article\/apple-airtags-review-hands-on\/\" target=\"_blank\" rel=\"noreferrer noopener\">Mashable<\/a> was less enthusiastic about the AirTag, but she praised the &quot;Exact Find&quot; feature, which uses the AirTag&#039;s built-in U1 chip and accelerometer along with ARKit and the iPhone&#039;s gyroscope to guide users to the AirTag with an on-screen arrow, haptic feedback, and sound. Stolyar said of the AirTag:<\/p>\n\n\n\n<blockquote class=\"wp-block-quote is-layout-flow wp-block-quote-is-layout-flow\"><p>Bluetooth trackers aren&#039;t new. Companies like Tile, Chipolo and Orbit have been releasing them for years - but Apple has managed to make them a must-have accessory. Sure, for iPhone users it means seamless connectivity that works with Apple&#039;s Find My app. But at its core, it&#039;s still nothing more than a Bluetooth tracker.<\/p><\/blockquote>\n\n\n\n<p>On the whole, various media representatives have spoken positively about Apple&#039;s latest product. In the course of this, the importance of Apple&#039;s ecosystem has been highlighted several times. Anyone interested in the small trackers can pre-order them directly from Apple in this country starting tomorrow at 2 p.m. While a single AirTag costs 35 euros, Apple charges around 119 euros for a pack of four. (Image: Apple)<\/p>\n\n\n\n<ul class=\"wp-block-list\"><li><a href=\"https:\/\/www.apfelpatient.de\/en\/news\/apple-in-interview-airtags-are-stalkers-safe\">Apple in an interview: AirTags are &quot;stalker-proof&quot;<\/a><\/li><\/ul>\n\n\n\n<h6 class=\"wp-block-heading translation-block\" id=\"h-kennt-ihr-schon-unsere-amazon-storefront-dort-findet-ihr-eine-handverlesene-auswahl-von-diversen-produkten-f-r-euer-iphone-und-co-viel-spa-beim-st-bern\"><em>Have you already visited our Amazon Storefront? There you&#039;ll find a hand-picked selection of various products for your iPhone and other devices \u2013 <span class=\"has-inline-color has-vivid-red-color\"><a href=\"https:\/\/www.amazon.de\/shop\/apfelpatientofficial\" class=\"ek-link\" data-wpel-link=\"exclude\" rel=\"follow noopener\" target=\"_self\"><span style=\"text-decoration: underline\" class=\"ek-underline\">enjoy browsing<\/span><\/a> !<\/span><\/em><\/h6>\n\n\n\n<h6 class=\"wp-block-heading translation-block\" id=\"h-der-beitrag-enthalt-partnerlinks\">This post contains <a data-type=\"URL\" data-id=\"https:\/\/www.apfelpatient.de\/partnerprogramm\" href=\"https:\/\/www.apfelpatient.de\/en\/partner-program\" data-wpel-link=\"internal\" target=\"_self\">affiliate links<\/a>.<\/h6>","protected":false},"excerpt":{"rendered":"<p>The embargo on reviews of Apple&#039;s new AirTag has officially been lifted. We have summarized the first impressions below.<\/p>","protected":false},"author":2,"featured_media":21474,"comment_status":"closed","ping_status":"closed","sticky":false,"template":"","format":"standard","meta":{"jnews-multi-image_gallery":[],"jnews_single_post":{"subtitle":"","format":"standard","video":"","gallery":"","source_name":"","source_url":"","via_name":"","via_url":"","override":[{"single_blog_custom":"","sidebar":"","second_sidebar":"","share_position":"","share_float_style":"","post_date_format":"","post_date_format_custom":"","post_reading_time_wpm":"","zoom_button_out_step":"1","zoom_button_in_step":"1","number_popup_post":"1"}],"image_override":[{"single_post_thumbnail_size":"","single_post_gallery_size":""}],"trending_post_position":"","trending_post_label":"","sponsored_post_label":"","sponsored_post_name":"","sponsored_post_url":"","sponsored_post_logo":"","sponsored_post_desc":""},"jnews_primary_category":{"id":"9"},"footnotes":""},"categories":[9],"tags":[328],"class_list":["post-21635","post","type-post","status-publish","format-standard","has-post-thumbnail","hentry","category-news","tag-airtag"],"yoast_head":"<!-- This site is optimized with the Yoast SEO Premium plugin v27.5 (Yoast SEO v27.5) - https:\/\/yoast.com\/product\/yoast-seo-premium-wordpress\/ -->\n<title>Erste AirTag Reviews: Smart &amp; leistungsf\u00e4hig Apfelpatient<\/title>\n<meta name=\"description\" content=\"Das Embargo f\u00fcr Reviews zu Apples neuem AirTag ist offiziell aufgehoben. Nachfolgend haben wir die ersten Eindr\u00fccke zusammengefasst.\" \/>\n<meta name=\"robots\" content=\"index, follow, max-snippet:-1, max-image-preview:large, max-video-preview:-1\" \/>\n<link rel=\"canonical\" href=\"https:\/\/www.apfelpatient.de\/en\/news\/first-airtag-reviews-smart-powerful\" \/>\n<meta property=\"og:locale\" content=\"en_US\" \/>\n<meta property=\"og:type\" content=\"article\" \/>\n<meta property=\"og:title\" content=\"Erste AirTag Reviews: Smart &amp; leistungsf\u00e4hig\" \/>\n<meta property=\"og:description\" content=\"Das Embargo f\u00fcr Reviews zu Apples neuem AirTag ist offiziell aufgehoben. Nachfolgend haben wir die ersten Eindr\u00fccke zusammengefasst.\" \/>\n<meta property=\"og:url\" content=\"https:\/\/www.apfelpatient.de\/en\/news\/first-airtag-reviews-smart-powerful\" \/>\n<meta property=\"og:site_name\" content=\"Apfelpatient\" \/>\n<meta property=\"article:publisher\" content=\"https:\/\/www.facebook.com\/apfelpatientOfficial\" \/>\n<meta property=\"article:author\" content=\"https:\/\/www.facebook.com\/apfelpatientOfficial\" \/>\n<meta property=\"article:published_time\" content=\"2021-04-22T15:26:33+00:00\" \/>\n<meta property=\"article:modified_time\" content=\"2025-02-06T07:01:42+00:00\" \/>\n<meta property=\"og:image\" content=\"https:\/\/www.apfelpatient.de\/wp-content\/uploads\/2021\/04\/Apple_airtag-accessories-042021-scaled.jpg\" \/>\n\t<meta property=\"og:image:width\" content=\"2560\" \/>\n\t<meta property=\"og:image:height\" content=\"1440\" \/>\n\t<meta property=\"og:image:type\" content=\"image\/jpeg\" \/>\n<meta name=\"author\" content=\"Milan\" \/>\n<meta name=\"twitter:card\" content=\"summary_large_image\" \/>\n<meta name=\"twitter:description\" content=\"Das Embargo f\u00fcr Reviews zu Apples neuem AirTag ist offiziell aufgehoben. Nachfolgend haben wir die ersten Eindr\u00fccke zusammengefasst.\" \/>\n<meta name=\"twitter:label1\" content=\"Written by\" \/>\n\t<meta name=\"twitter:data1\" content=\"Milan\" \/>\n\t<meta name=\"twitter:label2\" content=\"Est. reading time\" \/>\n\t<meta name=\"twitter:data2\" content=\"3 minutes\" \/>\n<script type=\"application\/ld+json\" class=\"yoast-schema-graph\">{\"@context\":\"https:\\\/\\\/schema.org\",\"@graph\":[{\"@type\":\"NewsArticle\",\"@id\":\"https:\\\/\\\/www.apfelpatient.de\\\/news\\\/erste-airtag-reviews-smart-leistungsfaehig#article\",\"isPartOf\":{\"@id\":\"https:\\\/\\\/www.apfelpatient.de\\\/news\\\/erste-airtag-reviews-smart-leistungsfaehig\"},\"author\":{\"@type\":\"Organization\",\"@id\":\"https:\\\/\\\/www.apfelpatient.de\\\/en\\\/#organization\",\"name\":\"Apfelpatient\",\"url\":\"https:\\\/\\\/www.apfelpatient.de\\\/en\\\/\"},\"headline\":\"Erste AirTag Reviews: Smart &#038; leistungsf\u00e4hig\",\"datePublished\":\"2021-04-22T15:26:33+00:00\",\"dateModified\":\"2025-02-06T07:01:42+00:00\",\"mainEntityOfPage\":{\"@id\":\"https:\\\/\\\/www.apfelpatient.de\\\/news\\\/erste-airtag-reviews-smart-leistungsfaehig\"},\"wordCount\":559,\"publisher\":{\"@type\":\"Organization\",\"@id\":\"https:\\\/\\\/www.apfelpatient.de\\\/en\\\/#organization\",\"name\":\"Apfelpatient\",\"url\":\"https:\\\/\\\/www.apfelpatient.de\\\/en\\\/\"},\"image\":{\"@id\":\"https:\\\/\\\/www.apfelpatient.de\\\/news\\\/erste-airtag-reviews-smart-leistungsfaehig#primaryimage\"},\"thumbnailUrl\":\"https:\\\/\\\/www.apfelpatient.de\\\/wp-content\\\/uploads\\\/2021\\\/04\\\/Apple_airtag-accessories-042021-scaled.jpg\",\"keywords\":[\"AirTags\"],\"articleSection\":\"News\",\"inLanguage\":\"en-US\",\"copyrightYear\":\"2021\",\"copyrightHolder\":{\"@id\":\"https:\\\/\\\/www.apfelpatient.de\\\/en\\\/#organization\"}},{\"@type\":\"WebPage\",\"@id\":\"https:\\\/\\\/www.apfelpatient.de\\\/news\\\/erste-airtag-reviews-smart-leistungsfaehig\",\"url\":\"https:\\\/\\\/www.apfelpatient.de\\\/news\\\/erste-airtag-reviews-smart-leistungsfaehig\",\"name\":\"Erste AirTag Reviews: Smart & leistungsf\u00e4hig Apfelpatient\",\"isPartOf\":{\"@id\":\"https:\\\/\\\/www.apfelpatient.de\\\/#website\"},\"primaryImageOfPage\":{\"@id\":\"https:\\\/\\\/www.apfelpatient.de\\\/news\\\/erste-airtag-reviews-smart-leistungsfaehig#primaryimage\"},\"image\":{\"@id\":\"https:\\\/\\\/www.apfelpatient.de\\\/news\\\/erste-airtag-reviews-smart-leistungsfaehig#primaryimage\"},\"thumbnailUrl\":\"https:\\\/\\\/www.apfelpatient.de\\\/wp-content\\\/uploads\\\/2021\\\/04\\\/Apple_airtag-accessories-042021-scaled.jpg\",\"datePublished\":\"2021-04-22T15:26:33+00:00\",\"dateModified\":\"2025-02-06T07:01:42+00:00\",\"description\":\"Das Embargo f\u00fcr Reviews zu Apples neuem AirTag ist offiziell aufgehoben. Nachfolgend haben wir die ersten Eindr\u00fccke zusammengefasst.\",\"breadcrumb\":{\"@id\":\"https:\\\/\\\/www.apfelpatient.de\\\/news\\\/erste-airtag-reviews-smart-leistungsfaehig#breadcrumb\"},\"inLanguage\":\"en-US\",\"potentialAction\":[{\"@type\":\"ReadAction\",\"target\":[\"https:\\\/\\\/www.apfelpatient.de\\\/news\\\/erste-airtag-reviews-smart-leistungsfaehig\"]}]},{\"@type\":\"ImageObject\",\"inLanguage\":\"en-US\",\"@id\":\"https:\\\/\\\/www.apfelpatient.de\\\/news\\\/erste-airtag-reviews-smart-leistungsfaehig#primaryimage\",\"url\":\"https:\\\/\\\/www.apfelpatient.de\\\/wp-content\\\/uploads\\\/2021\\\/04\\\/Apple_airtag-accessories-042021-scaled.jpg\",\"contentUrl\":\"https:\\\/\\\/www.apfelpatient.de\\\/wp-content\\\/uploads\\\/2021\\\/04\\\/Apple_airtag-accessories-042021-scaled.jpg\",\"width\":2560,\"height\":1440,\"caption\":\"Bild: Apple\"},{\"@type\":\"BreadcrumbList\",\"@id\":\"https:\\\/\\\/www.apfelpatient.de\\\/news\\\/erste-airtag-reviews-smart-leistungsfaehig#breadcrumb\",\"itemListElement\":[{\"@type\":\"ListItem\",\"position\":1,\"name\":\"Startseite\",\"item\":\"https:\\\/\\\/www.apfelpatient.de\\\/\"},{\"@type\":\"ListItem\",\"position\":2,\"name\":\"Erste AirTag Reviews: Smart &#038; leistungsf\u00e4hig\"}]},{\"@type\":\"WebSite\",\"@id\":\"https:\\\/\\\/www.apfelpatient.de\\\/#website\",\"url\":\"https:\\\/\\\/www.apfelpatient.de\\\/\",\"name\":\"Apfelpatient\",\"description\":\"Alles rund um Apple!\",\"publisher\":{\"@type\":\"Organization\",\"@id\":\"https:\\\/\\\/www.apfelpatient.de\\\/en\\\/#organization\",\"name\":\"Apfelpatient\",\"url\":\"https:\\\/\\\/www.apfelpatient.de\\\/en\\\/\"},\"alternateName\":\"Apfelpatient\",\"potentialAction\":[{\"@type\":\"SearchAction\",\"target\":{\"@type\":\"EntryPoint\",\"urlTemplate\":\"https:\\\/\\\/www.apfelpatient.de\\\/?s={search_term_string}\"},\"query-input\":{\"@type\":\"PropertyValueSpecification\",\"valueRequired\":true,\"valueName\":\"search_term_string\"}}],\"inLanguage\":\"en-US\"},{\"@type\":[\"Person\",\"Organization\"],\"@id\":\"https:\\\/\\\/www.apfelpatient.de\\\/#\\\/schema\\\/person\\\/7dc56ad6c8e9824b76d2c08d4c140e13\",\"name\":\"Milan\",\"logo\":{\"@id\":\"https:\\\/\\\/www.apfelpatient.de\\\/#\\\/schema\\\/person\\\/image\\\/\"},\"description\":\"Hallo und herzlich willkommen auf meinem Technik-Blog! Als gro\u00dfer Apple-Fan berichte ich hier \u00fcber alles, was mit Apple zu tun hat: von den neuesten News und spannenden Ger\u00fcchten \u00fcber hilfreiche Tipps und Tricks bis hin zu ausf\u00fchrlichen Produkttests. Wenn du genauso technikbegeistert bist wie ich, bist du hier genau richtig!\",\"sameAs\":[\"https:\\\/\\\/www.facebook.com\\\/apfelpatientOfficial\",\"https:\\\/\\\/www.linkedin.com\\\/in\\\/milan-jovicic-42aa0231b\"],\"url\":\"https:\\\/\\\/www.apfelpatient.de\\\/en\\\/author\\\/apfeladmin\"}]}<\/script>\n<!-- \/ Yoast SEO Premium plugin. -->","yoast_head_json":{"title":"First AirTag Reviews: Smart &amp; powerful Apfelpatient","description":"The embargo on reviews of Apple&#039;s new AirTag has officially been lifted. We have summarized the first impressions below.","robots":{"index":"index","follow":"follow","max-snippet":"max-snippet:-1","max-image-preview":"max-image-preview:large","max-video-preview":"max-video-preview:-1"},"canonical":"https:\/\/www.apfelpatient.de\/en\/news\/first-airtag-reviews-smart-powerful","og_locale":"en_US","og_type":"article","og_title":"Erste AirTag Reviews: Smart & leistungsf\u00e4hig","og_description":"Das Embargo f\u00fcr Reviews zu Apples neuem AirTag ist offiziell aufgehoben. Nachfolgend haben wir die ersten Eindr\u00fccke zusammengefasst.","og_url":"https:\/\/www.apfelpatient.de\/en\/news\/first-airtag-reviews-smart-powerful","og_site_name":"Apfelpatient","article_publisher":"https:\/\/www.facebook.com\/apfelpatientOfficial","article_author":"https:\/\/www.facebook.com\/apfelpatientOfficial","article_published_time":"2021-04-22T15:26:33+00:00","article_modified_time":"2025-02-06T07:01:42+00:00","og_image":[{"width":2560,"height":1440,"url":"https:\/\/www.apfelpatient.de\/wp-content\/uploads\/2021\/04\/Apple_airtag-accessories-042021-scaled.jpg","type":"image\/jpeg"}],"author":"Milan","twitter_card":"summary_large_image","twitter_description":"Das Embargo f\u00fcr Reviews zu Apples neuem AirTag ist offiziell aufgehoben. Nachfolgend haben wir die ersten Eindr\u00fccke zusammengefasst.","twitter_misc":{"Written by":"Milan","Est. reading time":"3 minutes"},"schema":{"@context":"https:\/\/schema.org","@graph":[{"@type":"NewsArticle","@id":"https:\/\/www.apfelpatient.de\/news\/erste-airtag-reviews-smart-leistungsfaehig#article","isPartOf":{"@id":"https:\/\/www.apfelpatient.de\/news\/erste-airtag-reviews-smart-leistungsfaehig"},"author":{"@type":"Organization","@id":"https:\/\/www.apfelpatient.de\/en\/#organization","name":"Apfelpatient","url":"https:\/\/www.apfelpatient.de\/en\/"},"headline":"Erste AirTag Reviews: Smart &#038; leistungsf\u00e4hig","datePublished":"2021-04-22T15:26:33+00:00","dateModified":"2025-02-06T07:01:42+00:00","mainEntityOfPage":{"@id":"https:\/\/www.apfelpatient.de\/news\/erste-airtag-reviews-smart-leistungsfaehig"},"wordCount":559,"publisher":{"@type":"Organization","@id":"https:\/\/www.apfelpatient.de\/en\/#organization","name":"Apfelpatient","url":"https:\/\/www.apfelpatient.de\/en\/"},"image":{"@id":"https:\/\/www.apfelpatient.de\/news\/erste-airtag-reviews-smart-leistungsfaehig#primaryimage"},"thumbnailUrl":"https:\/\/www.apfelpatient.de\/wp-content\/uploads\/2021\/04\/Apple_airtag-accessories-042021-scaled.jpg","keywords":["AirTags"],"articleSection":"News","inLanguage":"en-US","copyrightYear":"2021","copyrightHolder":{"@id":"https:\/\/www.apfelpatient.de\/en\/#organization"}},{"@type":"WebPage","@id":"https:\/\/www.apfelpatient.de\/news\/erste-airtag-reviews-smart-leistungsfaehig","url":"https:\/\/www.apfelpatient.de\/news\/erste-airtag-reviews-smart-leistungsfaehig","name":"First AirTag Reviews: Smart &amp; powerful Apfelpatient","isPartOf":{"@id":"https:\/\/www.apfelpatient.de\/#website"},"primaryImageOfPage":{"@id":"https:\/\/www.apfelpatient.de\/news\/erste-airtag-reviews-smart-leistungsfaehig#primaryimage"},"image":{"@id":"https:\/\/www.apfelpatient.de\/news\/erste-airtag-reviews-smart-leistungsfaehig#primaryimage"},"thumbnailUrl":"https:\/\/www.apfelpatient.de\/wp-content\/uploads\/2021\/04\/Apple_airtag-accessories-042021-scaled.jpg","datePublished":"2021-04-22T15:26:33+00:00","dateModified":"2025-02-06T07:01:42+00:00","description":"The embargo on reviews of Apple&#039;s new AirTag has officially been lifted. We have summarized the first impressions below.","breadcrumb":{"@id":"https:\/\/www.apfelpatient.de\/news\/erste-airtag-reviews-smart-leistungsfaehig#breadcrumb"},"inLanguage":"en-US","potentialAction":[{"@type":"ReadAction","target":["https:\/\/www.apfelpatient.de\/news\/erste-airtag-reviews-smart-leistungsfaehig"]}]},{"@type":"ImageObject","inLanguage":"en-US","@id":"https:\/\/www.apfelpatient.de\/news\/erste-airtag-reviews-smart-leistungsfaehig#primaryimage","url":"https:\/\/www.apfelpatient.de\/wp-content\/uploads\/2021\/04\/Apple_airtag-accessories-042021-scaled.jpg","contentUrl":"https:\/\/www.apfelpatient.de\/wp-content\/uploads\/2021\/04\/Apple_airtag-accessories-042021-scaled.jpg","width":2560,"height":1440,"caption":"Bild: Apple"},{"@type":"BreadcrumbList","@id":"https:\/\/www.apfelpatient.de\/news\/erste-airtag-reviews-smart-leistungsfaehig#breadcrumb","itemListElement":[{"@type":"ListItem","position":1,"name":"Startseite","item":"https:\/\/www.apfelpatient.de\/"},{"@type":"ListItem","position":2,"name":"Erste AirTag Reviews: Smart &#038; leistungsf\u00e4hig"}]},{"@type":"WebSite","@id":"https:\/\/www.apfelpatient.de\/#website","url":"https:\/\/www.apfelpatient.de\/","name":"apple patient","description":"Everything about Apple!","publisher":{"@type":"Organization","@id":"https:\/\/www.apfelpatient.de\/en\/#organization","name":"Apfelpatient","url":"https:\/\/www.apfelpatient.de\/en\/"},"alternateName":"Apfelpatient","potentialAction":[{"@type":"SearchAction","target":{"@type":"EntryPoint","urlTemplate":"https:\/\/www.apfelpatient.de\/?s={search_term_string}"},"query-input":{"@type":"PropertyValueSpecification","valueRequired":true,"valueName":"search_term_string"}}],"inLanguage":"en-US"},{"@type":["Person","Organization"],"@id":"https:\/\/www.apfelpatient.de\/#\/schema\/person\/7dc56ad6c8e9824b76d2c08d4c140e13","name":"Milan","logo":{"@id":"https:\/\/www.apfelpatient.de\/#\/schema\/person\/image\/"},"description":"Hello and welcome to my technology blog! As a big Apple fan, I report on everything to do with Apple: from the latest news and exciting rumors to helpful tips and tricks and detailed product tests. If you are as enthusiastic about technology as I am, you have come to the right place!","sameAs":["https:\/\/www.facebook.com\/apfelpatientOfficial","https:\/\/www.linkedin.com\/in\/milan-jovicic-42aa0231b"],"url":"https:\/\/www.apfelpatient.de\/en\/author\/apfeladmin"}]}},"_links":{"self":[{"href":"https:\/\/www.apfelpatient.de\/en\/wp-json\/wp\/v2\/posts\/21635","targetHints":{"allow":["GET"]}}],"collection":[{"href":"https:\/\/www.apfelpatient.de\/en\/wp-json\/wp\/v2\/posts"}],"about":[{"href":"https:\/\/www.apfelpatient.de\/en\/wp-json\/wp\/v2\/types\/post"}],"author":[{"embeddable":true,"href":"https:\/\/www.apfelpatient.de\/en\/wp-json\/wp\/v2\/users\/2"}],"replies":[{"embeddable":true,"href":"https:\/\/www.apfelpatient.de\/en\/wp-json\/wp\/v2\/comments?post=21635"}],"version-history":[{"count":0,"href":"https:\/\/www.apfelpatient.de\/en\/wp-json\/wp\/v2\/posts\/21635\/revisions"}],"wp:featuredmedia":[{"embeddable":true,"href":"https:\/\/www.apfelpatient.de\/en\/wp-json\/wp\/v2\/media\/21474"}],"wp:attachment":[{"href":"https:\/\/www.apfelpatient.de\/en\/wp-json\/wp\/v2\/media?parent=21635"}],"wp:term":[{"taxonomy":"category","embeddable":true,"href":"https:\/\/www.apfelpatient.de\/en\/wp-json\/wp\/v2\/categories?post=21635"},{"taxonomy":"post_tag","embeddable":true,"href":"https:\/\/www.apfelpatient.de\/en\/wp-json\/wp\/v2\/tags?post=21635"}],"curies":[{"name":"wp","href":"https:\/\/api.w.org\/{rel}","templated":true}]}}