{"id":21621,"date":"2021-04-22T14:41:05","date_gmt":"2021-04-22T12:41:05","guid":{"rendered":"https:\/\/www.apfelpatient.de\/?p=21621"},"modified":"2021-04-22T14:41:07","modified_gmt":"2021-04-22T12:41:07","slug":"apple-celebrates-earth-day-with-a-focus-on-education","status":"publish","type":"post","link":"https:\/\/www.apfelpatient.de\/en\/news\/apple-feiert-den-tag-der-erde-mit-fokus-auf-bildung","title":{"rendered":"Apple celebrates Earth Day with a focus on education"},"content":{"rendered":"<p class=\"has-drop-cap\"><strong>As it does every year, Apple celebrates Earth Day with a series of financial and educational initiatives designed to shed light on environmental issues.<\/strong><\/p>\n\n\n\n<p>For Earth Day 2021, Apple is putting an emphasis on education. The company is offering new environmentally focused content across its various platforms that it hopes will serve as a catalyst for change and educate users on climate issues and other important topics. <a href=\"https:\/\/www.apple.com\/newsroom\/2021\/04\/apple-celebrates-earth-day-2021\/?1619063962\" target=\"_blank\" rel=\"noreferrer noopener\">writes<\/a> Lisa Jackson, Vice President of Environment, Policy and Social Initiatives at Apple:<\/p>\n\n\n\n<blockquote class=\"wp-block-quote is-layout-flow wp-block-quote-is-layout-flow\"><p>As government and business leaders gather to fight climate change and build a better future for our planet, we are reminded that each of us - in communities around the world - is a part of this work. The resources and community initiatives we&#039;re unveiling today are about amplifying voices that often go unheard and giving people the tools to learn, get involved, and be part of the solution.<\/p><\/blockquote>\n\n\n\n<p>As in past years, Apple Watch users can earn a special Earth Day award and stickers that can be used in Messages by completing a 30-minute workout on April 22.<\/p>\n\n\n\n<h3 class=\"wp-block-heading\" id=\"h-earth-day-2021-apple-tv-app-apple-books-bieten-spezielle-inhalte\">Earth Day 2021: Apple TV App &amp; Apple Books offer special content<\/h3>\n\n\n\n\n\n\n\n<p>Apple notes that the Guides feature in Maps has been updated with new curated content from the National Park Foundation, The Nature Conservancy, Red Tricycle, Culture Trip, FATMAP, and Lonely Planet. In the third installment of Apple&#039;s Challenge for Change learning series, the company is partnering with social justice advocate Dolores Huerta on &quot;Create a Better World Through Environmental Justice.&quot; Similar to previous Challenge for Change activities, the program features a video challenge and accompanying workbook that encourages students, teachers, and parents to engage in conversations about important issues. Today&#039;s installment focuses on creating sustainable environments in local neighborhoods and exploring ways to address community injustices. The Apple TV app and Apple Books offer special Earth Day collections while Apple Podcasts has been updated with an &quot;Earth Won&#039;t Wait&quot; collection of content.<\/p>\n\n\n\n<figure class=\"wp-block-image size-large\"><img decoding=\"async\" width=\"1024\" height=\"576\" src=\"https:\/\/www.apfelpatient.de\/wp-content\/uploads\/2021\/04\/apple_earth-day-2021_hero_04212021-1024x576.jpg\" alt=\"Earth Day 2021\" class=\"wp-image-21620\" srcset=\"https:\/\/www.apfelpatient.de\/wp-content\/uploads\/2021\/04\/apple_earth-day-2021_hero_04212021-1024x576.jpg 1024w, https:\/\/www.apfelpatient.de\/wp-content\/uploads\/2021\/04\/apple_earth-day-2021_hero_04212021-300x169.jpg 300w, https:\/\/www.apfelpatient.de\/wp-content\/uploads\/2021\/04\/apple_earth-day-2021_hero_04212021-768x432.jpg 768w, https:\/\/www.apfelpatient.de\/wp-content\/uploads\/2021\/04\/apple_earth-day-2021_hero_04212021-1536x864.jpg 1536w, https:\/\/www.apfelpatient.de\/wp-content\/uploads\/2021\/04\/apple_earth-day-2021_hero_04212021-2048x1152.jpg 2048w, https:\/\/www.apfelpatient.de\/wp-content\/uploads\/2021\/04\/apple_earth-day-2021_hero_04212021-750x422.jpg 750w, https:\/\/www.apfelpatient.de\/wp-content\/uploads\/2021\/04\/apple_earth-day-2021_hero_04212021-1140x641.jpg 1140w\" sizes=\"(max-width: 1024px) 100vw, 1024px\" \/><figcaption>Image: Apple<\/figcaption><\/figure>\n\n\n\n<h3 class=\"wp-block-heading\" id=\"h-alba-a-wildlife-adventure-apple-arcade-spiel-mit-wiederaufforstungsprojekt-verbunden\">\u201cAlba: A Wildlife Adventure\u201d: Apple Arcade game linked to reforestation project<\/h3>\n\n\n\n<p>Apple Music customers can enjoy &quot;earth-inspired music&quot; in the &quot;Sounds of Nature&quot; and &quot;Mixtape for Mother Earth&quot; playlists, while a &quot;Restore Our Earth Through Music&quot; section offers a &quot;peaceful soundscape of the seven continents&quot; with exclusive motion covers. The App Store is showcasing Earth Day apps that focus on sustainable shopping, reducing food waste and promoting consumer awareness among children. Finally, Apple Arcade is featuring &quot;Alba: A Wildlife Adventure,&quot; a game that tells the story of a young girl determined to save her island and its wildlife. With each download, Apple partner Ecologi plants a tree as part of a reforestation project in Madagascar. Apple also points to ongoing education efforts that focus on black and brown communities, girls and young women, and youth activists. (Image: Apple)<\/p>\n\n\n\n<ul class=\"wp-block-list\"><li><a href=\"https:\/\/www.apfelpatient.de\/en\/news\/environmental-protection-apple-publishes-progress-report-2021\">Environmental protection: Apple publishes 2021 progress report<\/a><\/li><\/ul>\n\n\n\n<h6 class=\"wp-block-heading translation-block\" id=\"h-kennt-ihr-schon-unsere-amazon-storefront-dort-findet-ihr-eine-handverlesene-auswahl-von-diversen-produkten-f-r-euer-iphone-und-co-viel-spa-beim-st-bern\"><em>Have you already visited our Amazon Storefront? There you&#039;ll find a hand-picked selection of various products for your iPhone and other devices \u2013 <span class=\"has-inline-color has-vivid-red-color\"><a href=\"https:\/\/www.amazon.de\/shop\/apfelpatientofficial\" class=\"ek-link\" data-wpel-link=\"exclude\" rel=\"follow noopener\" target=\"_self\"><span style=\"text-decoration: underline\" class=\"ek-underline\">enjoy browsing<\/span><\/a> !<\/span><\/em><\/h6>\n\n\n\n<h6 class=\"wp-block-heading translation-block\" id=\"h-der-beitrag-enthalt-partnerlinks\">This post contains <a data-type=\"URL\" data-id=\"https:\/\/www.apfelpatient.de\/partnerprogramm\" href=\"https:\/\/www.apfelpatient.de\/en\/partner-program\" data-wpel-link=\"internal\" target=\"_self\">affiliate links<\/a>.<\/h6>","protected":false},"excerpt":{"rendered":"<p>Earth Day 2021: As every year, Apple celebrates Earth Day with a series of financial and educational initiatives.<\/p>","protected":false},"author":2,"featured_media":21619,"comment_status":"closed","ping_status":"closed","sticky":false,"template":"","format":"standard","meta":{"jnews-multi-image_gallery":[],"jnews_single_post":{"subtitle":"","format":"standard","video":"","gallery":"","source_name":"","source_url":"","via_name":"","via_url":"","override":[{"single_blog_custom":"","sidebar":"","second_sidebar":"","share_position":"","share_float_style":"","post_date_format":"","post_date_format_custom":"","post_reading_time_wpm":"","zoom_button_out_step":"1","zoom_button_in_step":"1","number_popup_post":"1"}],"image_override":[{"single_post_thumbnail_size":"","single_post_gallery_size":""}],"trending_post_position":"","trending_post_label":"","sponsored_post_label":"","sponsored_post_name":"","sponsored_post_url":"","sponsored_post_logo":"","sponsored_post_desc":""},"jnews_primary_category":{"id":"9"},"footnotes":""},"categories":[9],"tags":[13],"class_list":["post-21621","post","type-post","status-publish","format-standard","has-post-thumbnail","hentry","category-news","tag-techpatient"],"yoast_head":"<!-- This site is optimized with the Yoast SEO Premium plugin v27.5 (Yoast SEO v27.5) - https:\/\/yoast.com\/product\/yoast-seo-premium-wordpress\/ -->\n<title>Apple feiert den Tag der Erde mit Fokus auf Bildung Apfelpatient<\/title>\n<meta name=\"description\" content=\"Earth Day 2021: Wie in jedem Jahr feiert Apple den Tag der Erde mit einer Reihe von Finanz- und Bildungsinitiativen.\" \/>\n<meta name=\"robots\" content=\"index, follow, max-snippet:-1, max-image-preview:large, max-video-preview:-1\" \/>\n<link rel=\"canonical\" href=\"https:\/\/www.apfelpatient.de\/en\/news\/apple-celebrates-earth-day-with-a-focus-on-education\" \/>\n<meta property=\"og:locale\" content=\"en_US\" \/>\n<meta property=\"og:type\" content=\"article\" \/>\n<meta property=\"og:title\" content=\"Apple feiert den Tag der Erde mit Fokus auf Bildung\" \/>\n<meta property=\"og:description\" content=\"Earth Day 2021: Wie in jedem Jahr feiert Apple den Tag der Erde mit einer Reihe von Finanz- und Bildungsinitiativen.\" \/>\n<meta property=\"og:url\" content=\"https:\/\/www.apfelpatient.de\/en\/news\/apple-celebrates-earth-day-with-a-focus-on-education\" \/>\n<meta property=\"og:site_name\" content=\"Apfelpatient\" \/>\n<meta property=\"article:publisher\" content=\"https:\/\/www.facebook.com\/apfelpatientOfficial\" \/>\n<meta property=\"article:author\" content=\"https:\/\/www.facebook.com\/apfelpatientOfficial\" \/>\n<meta property=\"article:published_time\" content=\"2021-04-22T12:41:05+00:00\" \/>\n<meta property=\"article:modified_time\" content=\"2021-04-22T12:41:07+00:00\" \/>\n<meta property=\"og:image\" content=\"https:\/\/www.apfelpatient.de\/wp-content\/uploads\/2021\/04\/apple_earth-day-2021_clean-energy_04212021.jpg\" \/>\n\t<meta property=\"og:image:width\" content=\"2400\" \/>\n\t<meta property=\"og:image:height\" content=\"1598\" \/>\n\t<meta property=\"og:image:type\" content=\"image\/jpeg\" \/>\n<meta name=\"author\" content=\"Milan\" \/>\n<meta name=\"twitter:card\" content=\"summary_large_image\" \/>\n<meta name=\"twitter:description\" content=\"Earth Day 2021: Wie in jedem Jahr feiert Apple den Tag der Erde mit einer Reihe von Finanz- und Bildungsinitiativen.\" \/>\n<meta name=\"twitter:label1\" content=\"Written by\" \/>\n\t<meta name=\"twitter:data1\" content=\"Milan\" \/>\n\t<meta name=\"twitter:label2\" content=\"Est. reading time\" \/>\n\t<meta name=\"twitter:data2\" content=\"3 minutes\" \/>\n<script type=\"application\/ld+json\" class=\"yoast-schema-graph\">{\"@context\":\"https:\\\/\\\/schema.org\",\"@graph\":[{\"@type\":\"NewsArticle\",\"@id\":\"https:\\\/\\\/www.apfelpatient.de\\\/news\\\/apple-feiert-den-tag-der-erde-mit-fokus-auf-bildung#article\",\"isPartOf\":{\"@id\":\"https:\\\/\\\/www.apfelpatient.de\\\/news\\\/apple-feiert-den-tag-der-erde-mit-fokus-auf-bildung\"},\"author\":{\"@type\":\"Organization\",\"@id\":\"https:\\\/\\\/www.apfelpatient.de\\\/en\\\/#organization\",\"name\":\"Apfelpatient\",\"url\":\"https:\\\/\\\/www.apfelpatient.de\\\/en\\\/\"},\"headline\":\"Apple feiert den Tag der Erde mit Fokus auf Bildung\",\"datePublished\":\"2021-04-22T12:41:05+00:00\",\"dateModified\":\"2021-04-22T12:41:07+00:00\",\"mainEntityOfPage\":{\"@id\":\"https:\\\/\\\/www.apfelpatient.de\\\/news\\\/apple-feiert-den-tag-der-erde-mit-fokus-auf-bildung\"},\"wordCount\":532,\"publisher\":{\"@type\":\"Organization\",\"@id\":\"https:\\\/\\\/www.apfelpatient.de\\\/en\\\/#organization\",\"name\":\"Apfelpatient\",\"url\":\"https:\\\/\\\/www.apfelpatient.de\\\/en\\\/\"},\"image\":{\"@id\":\"https:\\\/\\\/www.apfelpatient.de\\\/news\\\/apple-feiert-den-tag-der-erde-mit-fokus-auf-bildung#primaryimage\"},\"thumbnailUrl\":\"https:\\\/\\\/www.apfelpatient.de\\\/wp-content\\\/uploads\\\/2021\\\/04\\\/apple_earth-day-2021_clean-energy_04212021.jpg\",\"keywords\":[\"TechPatient\"],\"articleSection\":\"News\",\"inLanguage\":\"en-US\",\"copyrightYear\":\"2021\",\"copyrightHolder\":{\"@id\":\"https:\\\/\\\/www.apfelpatient.de\\\/en\\\/#organization\"}},{\"@type\":\"WebPage\",\"@id\":\"https:\\\/\\\/www.apfelpatient.de\\\/news\\\/apple-feiert-den-tag-der-erde-mit-fokus-auf-bildung\",\"url\":\"https:\\\/\\\/www.apfelpatient.de\\\/news\\\/apple-feiert-den-tag-der-erde-mit-fokus-auf-bildung\",\"name\":\"Apple feiert den Tag der Erde mit Fokus auf Bildung Apfelpatient\",\"isPartOf\":{\"@id\":\"https:\\\/\\\/www.apfelpatient.de\\\/#website\"},\"primaryImageOfPage\":{\"@id\":\"https:\\\/\\\/www.apfelpatient.de\\\/news\\\/apple-feiert-den-tag-der-erde-mit-fokus-auf-bildung#primaryimage\"},\"image\":{\"@id\":\"https:\\\/\\\/www.apfelpatient.de\\\/news\\\/apple-feiert-den-tag-der-erde-mit-fokus-auf-bildung#primaryimage\"},\"thumbnailUrl\":\"https:\\\/\\\/www.apfelpatient.de\\\/wp-content\\\/uploads\\\/2021\\\/04\\\/apple_earth-day-2021_clean-energy_04212021.jpg\",\"datePublished\":\"2021-04-22T12:41:05+00:00\",\"dateModified\":\"2021-04-22T12:41:07+00:00\",\"description\":\"Earth Day 2021: Wie in jedem Jahr feiert Apple den Tag der Erde mit einer Reihe von Finanz- und Bildungsinitiativen.\",\"breadcrumb\":{\"@id\":\"https:\\\/\\\/www.apfelpatient.de\\\/news\\\/apple-feiert-den-tag-der-erde-mit-fokus-auf-bildung#breadcrumb\"},\"inLanguage\":\"en-US\",\"potentialAction\":[{\"@type\":\"ReadAction\",\"target\":[\"https:\\\/\\\/www.apfelpatient.de\\\/news\\\/apple-feiert-den-tag-der-erde-mit-fokus-auf-bildung\"]}]},{\"@type\":\"ImageObject\",\"inLanguage\":\"en-US\",\"@id\":\"https:\\\/\\\/www.apfelpatient.de\\\/news\\\/apple-feiert-den-tag-der-erde-mit-fokus-auf-bildung#primaryimage\",\"url\":\"https:\\\/\\\/www.apfelpatient.de\\\/wp-content\\\/uploads\\\/2021\\\/04\\\/apple_earth-day-2021_clean-energy_04212021.jpg\",\"contentUrl\":\"https:\\\/\\\/www.apfelpatient.de\\\/wp-content\\\/uploads\\\/2021\\\/04\\\/apple_earth-day-2021_clean-energy_04212021.jpg\",\"width\":2400,\"height\":1598,\"caption\":\"Bild: Apple\"},{\"@type\":\"BreadcrumbList\",\"@id\":\"https:\\\/\\\/www.apfelpatient.de\\\/news\\\/apple-feiert-den-tag-der-erde-mit-fokus-auf-bildung#breadcrumb\",\"itemListElement\":[{\"@type\":\"ListItem\",\"position\":1,\"name\":\"Startseite\",\"item\":\"https:\\\/\\\/www.apfelpatient.de\\\/\"},{\"@type\":\"ListItem\",\"position\":2,\"name\":\"Apple feiert den Tag der Erde mit Fokus auf Bildung\"}]},{\"@type\":\"WebSite\",\"@id\":\"https:\\\/\\\/www.apfelpatient.de\\\/#website\",\"url\":\"https:\\\/\\\/www.apfelpatient.de\\\/\",\"name\":\"Apfelpatient\",\"description\":\"Alles rund um Apple!\",\"publisher\":{\"@type\":\"Organization\",\"@id\":\"https:\\\/\\\/www.apfelpatient.de\\\/en\\\/#organization\",\"name\":\"Apfelpatient\",\"url\":\"https:\\\/\\\/www.apfelpatient.de\\\/en\\\/\"},\"alternateName\":\"Apfelpatient\",\"potentialAction\":[{\"@type\":\"SearchAction\",\"target\":{\"@type\":\"EntryPoint\",\"urlTemplate\":\"https:\\\/\\\/www.apfelpatient.de\\\/?s={search_term_string}\"},\"query-input\":{\"@type\":\"PropertyValueSpecification\",\"valueRequired\":true,\"valueName\":\"search_term_string\"}}],\"inLanguage\":\"en-US\"},{\"@type\":[\"Person\",\"Organization\"],\"@id\":\"https:\\\/\\\/www.apfelpatient.de\\\/#\\\/schema\\\/person\\\/35b3ddba5832f2bfc7fff5206d4f6b7b\",\"name\":\"Milan\",\"logo\":{\"@id\":\"https:\\\/\\\/www.apfelpatient.de\\\/#\\\/schema\\\/person\\\/image\\\/\"},\"description\":\"Hallo und herzlich willkommen auf meinem Technik-Blog! Als gro\u00dfer Apple-Fan berichte ich hier \u00fcber alles, was mit Apple zu tun hat: von den neuesten News und spannenden Ger\u00fcchten \u00fcber hilfreiche Tipps und Tricks bis hin zu ausf\u00fchrlichen Produkttests. Wenn du genauso technikbegeistert bist wie ich, bist du hier genau richtig!\",\"sameAs\":[\"https:\\\/\\\/www.facebook.com\\\/apfelpatientOfficial\",\"https:\\\/\\\/www.linkedin.com\\\/in\\\/milan-jovicic-42aa0231b\"],\"url\":\"https:\\\/\\\/www.apfelpatient.de\\\/en\\\/author\\\/apfeladmin\"}]}<\/script>\n<!-- \/ Yoast SEO Premium plugin. -->","yoast_head_json":{"title":"Apple celebrates Earth Day with a focus on education Apfelpatient","description":"Earth Day 2021: As every year, Apple celebrates Earth Day with a series of financial and educational initiatives.","robots":{"index":"index","follow":"follow","max-snippet":"max-snippet:-1","max-image-preview":"max-image-preview:large","max-video-preview":"max-video-preview:-1"},"canonical":"https:\/\/www.apfelpatient.de\/en\/news\/apple-celebrates-earth-day-with-a-focus-on-education","og_locale":"en_US","og_type":"article","og_title":"Apple feiert den Tag der Erde mit Fokus auf Bildung","og_description":"Earth Day 2021: Wie in jedem Jahr feiert Apple den Tag der Erde mit einer Reihe von Finanz- und Bildungsinitiativen.","og_url":"https:\/\/www.apfelpatient.de\/en\/news\/apple-celebrates-earth-day-with-a-focus-on-education","og_site_name":"Apfelpatient","article_publisher":"https:\/\/www.facebook.com\/apfelpatientOfficial","article_author":"https:\/\/www.facebook.com\/apfelpatientOfficial","article_published_time":"2021-04-22T12:41:05+00:00","article_modified_time":"2021-04-22T12:41:07+00:00","og_image":[{"width":2400,"height":1598,"url":"https:\/\/www.apfelpatient.de\/wp-content\/uploads\/2021\/04\/apple_earth-day-2021_clean-energy_04212021.jpg","type":"image\/jpeg"}],"author":"Milan","twitter_card":"summary_large_image","twitter_description":"Earth Day 2021: Wie in jedem Jahr feiert Apple den Tag der Erde mit einer Reihe von Finanz- und Bildungsinitiativen.","twitter_misc":{"Written by":"Milan","Est. reading time":"3 minutes"},"schema":{"@context":"https:\/\/schema.org","@graph":[{"@type":"NewsArticle","@id":"https:\/\/www.apfelpatient.de\/news\/apple-feiert-den-tag-der-erde-mit-fokus-auf-bildung#article","isPartOf":{"@id":"https:\/\/www.apfelpatient.de\/news\/apple-feiert-den-tag-der-erde-mit-fokus-auf-bildung"},"author":{"@type":"Organization","@id":"https:\/\/www.apfelpatient.de\/en\/#organization","name":"Apfelpatient","url":"https:\/\/www.apfelpatient.de\/en\/"},"headline":"Apple feiert den Tag der Erde mit Fokus auf Bildung","datePublished":"2021-04-22T12:41:05+00:00","dateModified":"2021-04-22T12:41:07+00:00","mainEntityOfPage":{"@id":"https:\/\/www.apfelpatient.de\/news\/apple-feiert-den-tag-der-erde-mit-fokus-auf-bildung"},"wordCount":532,"publisher":{"@type":"Organization","@id":"https:\/\/www.apfelpatient.de\/en\/#organization","name":"Apfelpatient","url":"https:\/\/www.apfelpatient.de\/en\/"},"image":{"@id":"https:\/\/www.apfelpatient.de\/news\/apple-feiert-den-tag-der-erde-mit-fokus-auf-bildung#primaryimage"},"thumbnailUrl":"https:\/\/www.apfelpatient.de\/wp-content\/uploads\/2021\/04\/apple_earth-day-2021_clean-energy_04212021.jpg","keywords":["TechPatient"],"articleSection":"News","inLanguage":"en-US","copyrightYear":"2021","copyrightHolder":{"@id":"https:\/\/www.apfelpatient.de\/en\/#organization"}},{"@type":"WebPage","@id":"https:\/\/www.apfelpatient.de\/news\/apple-feiert-den-tag-der-erde-mit-fokus-auf-bildung","url":"https:\/\/www.apfelpatient.de\/news\/apple-feiert-den-tag-der-erde-mit-fokus-auf-bildung","name":"Apple celebrates Earth Day with a focus on education Apfelpatient","isPartOf":{"@id":"https:\/\/www.apfelpatient.de\/#website"},"primaryImageOfPage":{"@id":"https:\/\/www.apfelpatient.de\/news\/apple-feiert-den-tag-der-erde-mit-fokus-auf-bildung#primaryimage"},"image":{"@id":"https:\/\/www.apfelpatient.de\/news\/apple-feiert-den-tag-der-erde-mit-fokus-auf-bildung#primaryimage"},"thumbnailUrl":"https:\/\/www.apfelpatient.de\/wp-content\/uploads\/2021\/04\/apple_earth-day-2021_clean-energy_04212021.jpg","datePublished":"2021-04-22T12:41:05+00:00","dateModified":"2021-04-22T12:41:07+00:00","description":"Earth Day 2021: As every year, Apple celebrates Earth Day with a series of financial and educational initiatives.","breadcrumb":{"@id":"https:\/\/www.apfelpatient.de\/news\/apple-feiert-den-tag-der-erde-mit-fokus-auf-bildung#breadcrumb"},"inLanguage":"en-US","potentialAction":[{"@type":"ReadAction","target":["https:\/\/www.apfelpatient.de\/news\/apple-feiert-den-tag-der-erde-mit-fokus-auf-bildung"]}]},{"@type":"ImageObject","inLanguage":"en-US","@id":"https:\/\/www.apfelpatient.de\/news\/apple-feiert-den-tag-der-erde-mit-fokus-auf-bildung#primaryimage","url":"https:\/\/www.apfelpatient.de\/wp-content\/uploads\/2021\/04\/apple_earth-day-2021_clean-energy_04212021.jpg","contentUrl":"https:\/\/www.apfelpatient.de\/wp-content\/uploads\/2021\/04\/apple_earth-day-2021_clean-energy_04212021.jpg","width":2400,"height":1598,"caption":"Bild: Apple"},{"@type":"BreadcrumbList","@id":"https:\/\/www.apfelpatient.de\/news\/apple-feiert-den-tag-der-erde-mit-fokus-auf-bildung#breadcrumb","itemListElement":[{"@type":"ListItem","position":1,"name":"Startseite","item":"https:\/\/www.apfelpatient.de\/"},{"@type":"ListItem","position":2,"name":"Apple feiert den Tag der Erde mit Fokus auf Bildung"}]},{"@type":"WebSite","@id":"https:\/\/www.apfelpatient.de\/#website","url":"https:\/\/www.apfelpatient.de\/","name":"apple patient","description":"Everything about Apple!","publisher":{"@type":"Organization","@id":"https:\/\/www.apfelpatient.de\/en\/#organization","name":"Apfelpatient","url":"https:\/\/www.apfelpatient.de\/en\/"},"alternateName":"Apfelpatient","potentialAction":[{"@type":"SearchAction","target":{"@type":"EntryPoint","urlTemplate":"https:\/\/www.apfelpatient.de\/?s={search_term_string}"},"query-input":{"@type":"PropertyValueSpecification","valueRequired":true,"valueName":"search_term_string"}}],"inLanguage":"en-US"},{"@type":["Person","Organization"],"@id":"https:\/\/www.apfelpatient.de\/#\/schema\/person\/35b3ddba5832f2bfc7fff5206d4f6b7b","name":"Milan","logo":{"@id":"https:\/\/www.apfelpatient.de\/#\/schema\/person\/image\/"},"description":"Hello and welcome to my technology blog! As a big Apple fan, I report on everything to do with Apple: from the latest news and exciting rumors to helpful tips and tricks and detailed product tests. If you are as enthusiastic about technology as I am, you have come to the right place!","sameAs":["https:\/\/www.facebook.com\/apfelpatientOfficial","https:\/\/www.linkedin.com\/in\/milan-jovicic-42aa0231b"],"url":"https:\/\/www.apfelpatient.de\/en\/author\/apfeladmin"}]}},"_links":{"self":[{"href":"https:\/\/www.apfelpatient.de\/en\/wp-json\/wp\/v2\/posts\/21621","targetHints":{"allow":["GET"]}}],"collection":[{"href":"https:\/\/www.apfelpatient.de\/en\/wp-json\/wp\/v2\/posts"}],"about":[{"href":"https:\/\/www.apfelpatient.de\/en\/wp-json\/wp\/v2\/types\/post"}],"author":[{"embeddable":true,"href":"https:\/\/www.apfelpatient.de\/en\/wp-json\/wp\/v2\/users\/2"}],"replies":[{"embeddable":true,"href":"https:\/\/www.apfelpatient.de\/en\/wp-json\/wp\/v2\/comments?post=21621"}],"version-history":[{"count":0,"href":"https:\/\/www.apfelpatient.de\/en\/wp-json\/wp\/v2\/posts\/21621\/revisions"}],"wp:featuredmedia":[{"embeddable":true,"href":"https:\/\/www.apfelpatient.de\/en\/wp-json\/wp\/v2\/media\/21619"}],"wp:attachment":[{"href":"https:\/\/www.apfelpatient.de\/en\/wp-json\/wp\/v2\/media?parent=21621"}],"wp:term":[{"taxonomy":"category","embeddable":true,"href":"https:\/\/www.apfelpatient.de\/en\/wp-json\/wp\/v2\/categories?post=21621"},{"taxonomy":"post_tag","embeddable":true,"href":"https:\/\/www.apfelpatient.de\/en\/wp-json\/wp\/v2\/tags?post=21621"}],"curies":[{"name":"wp","href":"https:\/\/api.w.org\/{rel}","templated":true}]}}