{"id":21555,"date":"2021-04-21T01:33:15","date_gmt":"2021-04-20T23:33:15","guid":{"rendered":"https:\/\/www.apfelpatient.de\/?p=21555"},"modified":"2025-02-06T08:01:45","modified_gmt":"2025-02-06T07:01:45","slug":"apple-tv-gets-optional-applecare-coverage","status":"publish","type":"post","link":"https:\/\/www.apfelpatient.de\/en\/news\/apple-tv-erhaelt-optionale-applecare-abdeckung","title":{"rendered":"Apple TV gets optional AppleCare+ coverage"},"content":{"rendered":"<p class=\"has-drop-cap\"><strong>With the introduction of the second generation of Apple TV 4K, Apple introduced an option for new buyers \u2013 an AppleCare+ extended warranty.<\/strong><\/p>\n\n\n\n<p>The new service was quietly added to Apple&#039;s dedicated AppleCare website shortly after the Spring Loaded event. As with other AppleCare+ products, the commitment for Apple TV extends the usual one-year limited warranty and 90 days of technical support to three years from the date of purchase. In addition, customers can report up to two claims within 12 months, with each claim requiring an additional payment of around 15 euros. Priority access to technical support is also included. Apple itself <a href=\"https:\/\/www.apple.com\/de\/support\/products\/appletv\/\" target=\"_blank\" rel=\"noreferrer noopener\">applying<\/a> the whole thing as follows:<\/p>\n\n\n\n<h3 class=\"wp-block-heading\" id=\"h-apple-tv-mit-applecare-erh-ltlich\">Apple TV available with AppleCare+<\/h3>\n\n\n\n\n\n\n\n<blockquote class=\"wp-block-quote is-layout-flow wp-block-quote-is-layout-flow\"><p>With AppleCare+ you get the best possible service for your Apple TV - with up to three years of expert technical support and hardware protection, including up to two repairs for accidental damage within 12 months, each of which incurs an additional fee of \u20ac15. The protection begins on the date you purchase AppleCare+. The protection does not apply in the event of theft or if you lose your device.<\/p><\/blockquote>\n\n\n\n<p>Before today&#039;s expansion of services, Apple TV was limited to the AppleCare variant, which offers two years of coverage but does not include provisions for accidental damage. AppleCare+ for Apple TV 4K and Apple TV HD costs 29 euros and covers the main unit, Siri Remote and power cable. Customers can purchase the service when purchasing a new device or separately within 60 days via the Apple website or by phone. (Image: Apple)<\/p>\n\n\n\n<ul class=\"wp-block-list\"><li><a href=\"https:\/\/www.apfelpatient.de\/en\/news\/spring-loaded-event-apple-introduces-new-apple-tv-4k\">\u201cSpring Loaded\u201d event: Apple introduces new Apple TV 4K<\/a><\/li><\/ul>\n\n\n\n<h6 class=\"wp-block-heading translation-block\" id=\"h-kennt-ihr-schon-unsere-amazon-storefront-dort-findet-ihr-eine-handverlesene-auswahl-von-diversen-produkten-f-r-euer-iphone-und-co-viel-spa-beim-st-bern\"><em>Have you already visited our Amazon Storefront? There you&#039;ll find a hand-picked selection of various products for your iPhone and other devices \u2013 <span class=\"has-inline-color has-vivid-red-color\"><a href=\"https:\/\/www.amazon.de\/shop\/apfelpatientofficial\" class=\"ek-link\" data-wpel-link=\"exclude\" rel=\"follow noopener\" target=\"_self\"><span style=\"text-decoration: underline\" class=\"ek-underline\">enjoy browsing<\/span><\/a> !<\/span><\/em><\/h6>\n\n\n\n<h6 class=\"wp-block-heading translation-block\" id=\"h-der-beitrag-enthalt-partnerlinks\">This post contains <a data-type=\"URL\" data-id=\"https:\/\/www.apfelpatient.de\/partnerprogramm\" href=\"https:\/\/www.apfelpatient.de\/en\/partner-program\" data-wpel-link=\"internal\" target=\"_self\">affiliate links<\/a>.<\/h6>","protected":false},"excerpt":{"rendered":"<p>With the introduction of the second generation Apple TV 4K, Apple introduced an option for new buyers \u2013 AppleCare+.<\/p>","protected":false},"author":2,"featured_media":21492,"comment_status":"closed","ping_status":"closed","sticky":false,"template":"","format":"standard","meta":{"jnews-multi-image_gallery":[],"jnews_single_post":{"subtitle":"","format":"standard","video":"","gallery":"","source_name":"","source_url":"","via_name":"","via_url":"","override":[{"single_blog_custom":"","sidebar":"","second_sidebar":"","share_position":"","share_float_style":"","post_date_format":"","post_date_format_custom":"","post_reading_time_wpm":"","zoom_button_out_step":"1","zoom_button_in_step":"1","number_popup_post":"1"}],"image_override":[{"single_post_thumbnail_size":"","single_post_gallery_size":""}],"trending_post_position":"","trending_post_label":"","sponsored_post_label":"","sponsored_post_name":"","sponsored_post_url":"","sponsored_post_logo":"","sponsored_post_desc":""},"jnews_primary_category":{"id":"9"},"footnotes":""},"categories":[9],"tags":[156],"class_list":["post-21555","post","type-post","status-publish","format-standard","has-post-thumbnail","hentry","category-news","tag-apple-tv"],"yoast_head":"<!-- This site is optimized with the Yoast SEO Premium plugin v27.5 (Yoast SEO v27.5) - https:\/\/yoast.com\/product\/yoast-seo-premium-wordpress\/ -->\n<title>Apple TV erh\u00e4lt optionale AppleCare+ Abdeckung Apfelpatient<\/title>\n<meta name=\"description\" content=\"Mit der Vorstellung der zweiten Generation des Apple TV 4K hat Apple eine Option f\u00fcr neue K\u00e4ufer eingef\u00fchrt - AppleCare+.\" \/>\n<meta name=\"robots\" content=\"index, follow, max-snippet:-1, max-image-preview:large, max-video-preview:-1\" \/>\n<link rel=\"canonical\" href=\"https:\/\/www.apfelpatient.de\/en\/news\/apple-tv-gets-optional-applecare-coverage\" \/>\n<meta property=\"og:locale\" content=\"en_US\" \/>\n<meta property=\"og:type\" content=\"article\" \/>\n<meta property=\"og:title\" content=\"Apple TV erh\u00e4lt optionale AppleCare+ Abdeckung\" \/>\n<meta property=\"og:description\" content=\"Mit der Vorstellung der zweiten Generation des Apple TV 4K hat Apple eine Option f\u00fcr neue K\u00e4ufer eingef\u00fchrt - AppleCare+.\" \/>\n<meta property=\"og:url\" content=\"https:\/\/www.apfelpatient.de\/en\/news\/apple-tv-gets-optional-applecare-coverage\" \/>\n<meta property=\"og:site_name\" content=\"Apfelpatient\" \/>\n<meta property=\"article:publisher\" content=\"https:\/\/www.facebook.com\/apfelpatientOfficial\" \/>\n<meta property=\"article:author\" content=\"https:\/\/www.facebook.com\/apfelpatientOfficial\" \/>\n<meta property=\"article:published_time\" content=\"2021-04-20T23:33:15+00:00\" \/>\n<meta property=\"article:modified_time\" content=\"2025-02-06T07:01:45+00:00\" \/>\n<meta property=\"og:image\" content=\"https:\/\/www.apfelpatient.de\/wp-content\/uploads\/2021\/04\/Apple_unveils-the-next-gen-of-AppleTV4K_042021.jpg\" \/>\n\t<meta property=\"og:image:width\" content=\"1960\" \/>\n\t<meta property=\"og:image:height\" content=\"1102\" \/>\n\t<meta property=\"og:image:type\" content=\"image\/jpeg\" \/>\n<meta name=\"author\" content=\"Milan\" \/>\n<meta name=\"twitter:card\" content=\"summary_large_image\" \/>\n<meta name=\"twitter:description\" content=\"Mit der Vorstellung der zweiten Generation des Apple TV 4K hat Apple eine Option f\u00fcr neue K\u00e4ufer eingef\u00fchrt - AppleCare+.\" \/>\n<meta name=\"twitter:label1\" content=\"Written by\" \/>\n\t<meta name=\"twitter:data1\" content=\"Milan\" \/>\n\t<meta name=\"twitter:label2\" content=\"Est. reading time\" \/>\n\t<meta name=\"twitter:data2\" content=\"2 minutes\" \/>\n<script type=\"application\/ld+json\" class=\"yoast-schema-graph\">{\"@context\":\"https:\\\/\\\/schema.org\",\"@graph\":[{\"@type\":\"NewsArticle\",\"@id\":\"https:\\\/\\\/www.apfelpatient.de\\\/news\\\/apple-tv-erhaelt-optionale-applecare-abdeckung#article\",\"isPartOf\":{\"@id\":\"https:\\\/\\\/www.apfelpatient.de\\\/news\\\/apple-tv-erhaelt-optionale-applecare-abdeckung\"},\"author\":{\"@type\":\"Organization\",\"@id\":\"https:\\\/\\\/www.apfelpatient.de\\\/en\\\/#organization\",\"name\":\"Apfelpatient\",\"url\":\"https:\\\/\\\/www.apfelpatient.de\\\/en\\\/\"},\"headline\":\"Apple TV erh\u00e4lt optionale AppleCare+ Abdeckung\",\"datePublished\":\"2021-04-20T23:33:15+00:00\",\"dateModified\":\"2025-02-06T07:01:45+00:00\",\"mainEntityOfPage\":{\"@id\":\"https:\\\/\\\/www.apfelpatient.de\\\/news\\\/apple-tv-erhaelt-optionale-applecare-abdeckung\"},\"wordCount\":284,\"publisher\":{\"@type\":\"Organization\",\"@id\":\"https:\\\/\\\/www.apfelpatient.de\\\/en\\\/#organization\",\"name\":\"Apfelpatient\",\"url\":\"https:\\\/\\\/www.apfelpatient.de\\\/en\\\/\"},\"image\":{\"@id\":\"https:\\\/\\\/www.apfelpatient.de\\\/news\\\/apple-tv-erhaelt-optionale-applecare-abdeckung#primaryimage\"},\"thumbnailUrl\":\"https:\\\/\\\/www.apfelpatient.de\\\/wp-content\\\/uploads\\\/2021\\\/04\\\/Apple_unveils-the-next-gen-of-AppleTV4K_042021.jpg\",\"keywords\":[\"Apple TV\"],\"articleSection\":\"News\",\"inLanguage\":\"en-US\",\"copyrightYear\":\"2021\",\"copyrightHolder\":{\"@id\":\"https:\\\/\\\/www.apfelpatient.de\\\/en\\\/#organization\"}},{\"@type\":\"WebPage\",\"@id\":\"https:\\\/\\\/www.apfelpatient.de\\\/news\\\/apple-tv-erhaelt-optionale-applecare-abdeckung\",\"url\":\"https:\\\/\\\/www.apfelpatient.de\\\/news\\\/apple-tv-erhaelt-optionale-applecare-abdeckung\",\"name\":\"Apple TV erh\u00e4lt optionale AppleCare+ Abdeckung Apfelpatient\",\"isPartOf\":{\"@id\":\"https:\\\/\\\/www.apfelpatient.de\\\/#website\"},\"primaryImageOfPage\":{\"@id\":\"https:\\\/\\\/www.apfelpatient.de\\\/news\\\/apple-tv-erhaelt-optionale-applecare-abdeckung#primaryimage\"},\"image\":{\"@id\":\"https:\\\/\\\/www.apfelpatient.de\\\/news\\\/apple-tv-erhaelt-optionale-applecare-abdeckung#primaryimage\"},\"thumbnailUrl\":\"https:\\\/\\\/www.apfelpatient.de\\\/wp-content\\\/uploads\\\/2021\\\/04\\\/Apple_unveils-the-next-gen-of-AppleTV4K_042021.jpg\",\"datePublished\":\"2021-04-20T23:33:15+00:00\",\"dateModified\":\"2025-02-06T07:01:45+00:00\",\"description\":\"Mit der Vorstellung der zweiten Generation des Apple TV 4K hat Apple eine Option f\u00fcr neue K\u00e4ufer eingef\u00fchrt - AppleCare+.\",\"breadcrumb\":{\"@id\":\"https:\\\/\\\/www.apfelpatient.de\\\/news\\\/apple-tv-erhaelt-optionale-applecare-abdeckung#breadcrumb\"},\"inLanguage\":\"en-US\",\"potentialAction\":[{\"@type\":\"ReadAction\",\"target\":[\"https:\\\/\\\/www.apfelpatient.de\\\/news\\\/apple-tv-erhaelt-optionale-applecare-abdeckung\"]}]},{\"@type\":\"ImageObject\",\"inLanguage\":\"en-US\",\"@id\":\"https:\\\/\\\/www.apfelpatient.de\\\/news\\\/apple-tv-erhaelt-optionale-applecare-abdeckung#primaryimage\",\"url\":\"https:\\\/\\\/www.apfelpatient.de\\\/wp-content\\\/uploads\\\/2021\\\/04\\\/Apple_unveils-the-next-gen-of-AppleTV4K_042021.jpg\",\"contentUrl\":\"https:\\\/\\\/www.apfelpatient.de\\\/wp-content\\\/uploads\\\/2021\\\/04\\\/Apple_unveils-the-next-gen-of-AppleTV4K_042021.jpg\",\"width\":1960,\"height\":1102,\"caption\":\"Bild: Apple\"},{\"@type\":\"BreadcrumbList\",\"@id\":\"https:\\\/\\\/www.apfelpatient.de\\\/news\\\/apple-tv-erhaelt-optionale-applecare-abdeckung#breadcrumb\",\"itemListElement\":[{\"@type\":\"ListItem\",\"position\":1,\"name\":\"Startseite\",\"item\":\"https:\\\/\\\/www.apfelpatient.de\\\/\"},{\"@type\":\"ListItem\",\"position\":2,\"name\":\"Apple TV erh\u00e4lt optionale AppleCare+ Abdeckung\"}]},{\"@type\":\"WebSite\",\"@id\":\"https:\\\/\\\/www.apfelpatient.de\\\/#website\",\"url\":\"https:\\\/\\\/www.apfelpatient.de\\\/\",\"name\":\"Apfelpatient\",\"description\":\"Alles rund um Apple!\",\"publisher\":{\"@type\":\"Organization\",\"@id\":\"https:\\\/\\\/www.apfelpatient.de\\\/en\\\/#organization\",\"name\":\"Apfelpatient\",\"url\":\"https:\\\/\\\/www.apfelpatient.de\\\/en\\\/\"},\"alternateName\":\"Apfelpatient\",\"potentialAction\":[{\"@type\":\"SearchAction\",\"target\":{\"@type\":\"EntryPoint\",\"urlTemplate\":\"https:\\\/\\\/www.apfelpatient.de\\\/?s={search_term_string}\"},\"query-input\":{\"@type\":\"PropertyValueSpecification\",\"valueRequired\":true,\"valueName\":\"search_term_string\"}}],\"inLanguage\":\"en-US\"},{\"@type\":[\"Person\",\"Organization\"],\"@id\":\"https:\\\/\\\/www.apfelpatient.de\\\/#\\\/schema\\\/person\\\/7dc56ad6c8e9824b76d2c08d4c140e13\",\"name\":\"Milan\",\"logo\":{\"@id\":\"https:\\\/\\\/www.apfelpatient.de\\\/#\\\/schema\\\/person\\\/image\\\/\"},\"description\":\"Hallo und herzlich willkommen auf meinem Technik-Blog! Als gro\u00dfer Apple-Fan berichte ich hier \u00fcber alles, was mit Apple zu tun hat: von den neuesten News und spannenden Ger\u00fcchten \u00fcber hilfreiche Tipps und Tricks bis hin zu ausf\u00fchrlichen Produkttests. Wenn du genauso technikbegeistert bist wie ich, bist du hier genau richtig!\",\"sameAs\":[\"https:\\\/\\\/www.facebook.com\\\/apfelpatientOfficial\",\"https:\\\/\\\/www.linkedin.com\\\/in\\\/milan-jovicic-42aa0231b\"],\"url\":\"https:\\\/\\\/www.apfelpatient.de\\\/en\\\/author\\\/apfeladmin\"}]}<\/script>\n<!-- \/ Yoast SEO Premium plugin. -->","yoast_head_json":{"title":"Apple TV gets optional AppleCare+ coverage Apfelpatient","description":"With the introduction of the second generation of Apple TV 4K, Apple introduced an option for new buyers - AppleCare+.","robots":{"index":"index","follow":"follow","max-snippet":"max-snippet:-1","max-image-preview":"max-image-preview:large","max-video-preview":"max-video-preview:-1"},"canonical":"https:\/\/www.apfelpatient.de\/en\/news\/apple-tv-gets-optional-applecare-coverage","og_locale":"en_US","og_type":"article","og_title":"Apple TV erh\u00e4lt optionale AppleCare+ Abdeckung","og_description":"Mit der Vorstellung der zweiten Generation des Apple TV 4K hat Apple eine Option f\u00fcr neue K\u00e4ufer eingef\u00fchrt - AppleCare+.","og_url":"https:\/\/www.apfelpatient.de\/en\/news\/apple-tv-gets-optional-applecare-coverage","og_site_name":"Apfelpatient","article_publisher":"https:\/\/www.facebook.com\/apfelpatientOfficial","article_author":"https:\/\/www.facebook.com\/apfelpatientOfficial","article_published_time":"2021-04-20T23:33:15+00:00","article_modified_time":"2025-02-06T07:01:45+00:00","og_image":[{"width":1960,"height":1102,"url":"https:\/\/www.apfelpatient.de\/wp-content\/uploads\/2021\/04\/Apple_unveils-the-next-gen-of-AppleTV4K_042021.jpg","type":"image\/jpeg"}],"author":"Milan","twitter_card":"summary_large_image","twitter_description":"Mit der Vorstellung der zweiten Generation des Apple TV 4K hat Apple eine Option f\u00fcr neue K\u00e4ufer eingef\u00fchrt - AppleCare+.","twitter_misc":{"Written by":"Milan","Est. reading time":"2 minutes"},"schema":{"@context":"https:\/\/schema.org","@graph":[{"@type":"NewsArticle","@id":"https:\/\/www.apfelpatient.de\/news\/apple-tv-erhaelt-optionale-applecare-abdeckung#article","isPartOf":{"@id":"https:\/\/www.apfelpatient.de\/news\/apple-tv-erhaelt-optionale-applecare-abdeckung"},"author":{"@type":"Organization","@id":"https:\/\/www.apfelpatient.de\/en\/#organization","name":"Apfelpatient","url":"https:\/\/www.apfelpatient.de\/en\/"},"headline":"Apple TV erh\u00e4lt optionale AppleCare+ Abdeckung","datePublished":"2021-04-20T23:33:15+00:00","dateModified":"2025-02-06T07:01:45+00:00","mainEntityOfPage":{"@id":"https:\/\/www.apfelpatient.de\/news\/apple-tv-erhaelt-optionale-applecare-abdeckung"},"wordCount":284,"publisher":{"@type":"Organization","@id":"https:\/\/www.apfelpatient.de\/en\/#organization","name":"Apfelpatient","url":"https:\/\/www.apfelpatient.de\/en\/"},"image":{"@id":"https:\/\/www.apfelpatient.de\/news\/apple-tv-erhaelt-optionale-applecare-abdeckung#primaryimage"},"thumbnailUrl":"https:\/\/www.apfelpatient.de\/wp-content\/uploads\/2021\/04\/Apple_unveils-the-next-gen-of-AppleTV4K_042021.jpg","keywords":["Apple TV"],"articleSection":"News","inLanguage":"en-US","copyrightYear":"2021","copyrightHolder":{"@id":"https:\/\/www.apfelpatient.de\/en\/#organization"}},{"@type":"WebPage","@id":"https:\/\/www.apfelpatient.de\/news\/apple-tv-erhaelt-optionale-applecare-abdeckung","url":"https:\/\/www.apfelpatient.de\/news\/apple-tv-erhaelt-optionale-applecare-abdeckung","name":"Apple TV gets optional AppleCare+ coverage Apfelpatient","isPartOf":{"@id":"https:\/\/www.apfelpatient.de\/#website"},"primaryImageOfPage":{"@id":"https:\/\/www.apfelpatient.de\/news\/apple-tv-erhaelt-optionale-applecare-abdeckung#primaryimage"},"image":{"@id":"https:\/\/www.apfelpatient.de\/news\/apple-tv-erhaelt-optionale-applecare-abdeckung#primaryimage"},"thumbnailUrl":"https:\/\/www.apfelpatient.de\/wp-content\/uploads\/2021\/04\/Apple_unveils-the-next-gen-of-AppleTV4K_042021.jpg","datePublished":"2021-04-20T23:33:15+00:00","dateModified":"2025-02-06T07:01:45+00:00","description":"With the introduction of the second generation of Apple TV 4K, Apple introduced an option for new buyers - AppleCare+.","breadcrumb":{"@id":"https:\/\/www.apfelpatient.de\/news\/apple-tv-erhaelt-optionale-applecare-abdeckung#breadcrumb"},"inLanguage":"en-US","potentialAction":[{"@type":"ReadAction","target":["https:\/\/www.apfelpatient.de\/news\/apple-tv-erhaelt-optionale-applecare-abdeckung"]}]},{"@type":"ImageObject","inLanguage":"en-US","@id":"https:\/\/www.apfelpatient.de\/news\/apple-tv-erhaelt-optionale-applecare-abdeckung#primaryimage","url":"https:\/\/www.apfelpatient.de\/wp-content\/uploads\/2021\/04\/Apple_unveils-the-next-gen-of-AppleTV4K_042021.jpg","contentUrl":"https:\/\/www.apfelpatient.de\/wp-content\/uploads\/2021\/04\/Apple_unveils-the-next-gen-of-AppleTV4K_042021.jpg","width":1960,"height":1102,"caption":"Bild: Apple"},{"@type":"BreadcrumbList","@id":"https:\/\/www.apfelpatient.de\/news\/apple-tv-erhaelt-optionale-applecare-abdeckung#breadcrumb","itemListElement":[{"@type":"ListItem","position":1,"name":"Startseite","item":"https:\/\/www.apfelpatient.de\/"},{"@type":"ListItem","position":2,"name":"Apple TV erh\u00e4lt optionale AppleCare+ Abdeckung"}]},{"@type":"WebSite","@id":"https:\/\/www.apfelpatient.de\/#website","url":"https:\/\/www.apfelpatient.de\/","name":"apple patient","description":"Everything about Apple!","publisher":{"@type":"Organization","@id":"https:\/\/www.apfelpatient.de\/en\/#organization","name":"Apfelpatient","url":"https:\/\/www.apfelpatient.de\/en\/"},"alternateName":"Apfelpatient","potentialAction":[{"@type":"SearchAction","target":{"@type":"EntryPoint","urlTemplate":"https:\/\/www.apfelpatient.de\/?s={search_term_string}"},"query-input":{"@type":"PropertyValueSpecification","valueRequired":true,"valueName":"search_term_string"}}],"inLanguage":"en-US"},{"@type":["Person","Organization"],"@id":"https:\/\/www.apfelpatient.de\/#\/schema\/person\/7dc56ad6c8e9824b76d2c08d4c140e13","name":"Milan","logo":{"@id":"https:\/\/www.apfelpatient.de\/#\/schema\/person\/image\/"},"description":"Hello and welcome to my technology blog! As a big Apple fan, I report on everything to do with Apple: from the latest news and exciting rumors to helpful tips and tricks and detailed product tests. If you are as enthusiastic about technology as I am, you have come to the right place!","sameAs":["https:\/\/www.facebook.com\/apfelpatientOfficial","https:\/\/www.linkedin.com\/in\/milan-jovicic-42aa0231b"],"url":"https:\/\/www.apfelpatient.de\/en\/author\/apfeladmin"}]}},"_links":{"self":[{"href":"https:\/\/www.apfelpatient.de\/en\/wp-json\/wp\/v2\/posts\/21555","targetHints":{"allow":["GET"]}}],"collection":[{"href":"https:\/\/www.apfelpatient.de\/en\/wp-json\/wp\/v2\/posts"}],"about":[{"href":"https:\/\/www.apfelpatient.de\/en\/wp-json\/wp\/v2\/types\/post"}],"author":[{"embeddable":true,"href":"https:\/\/www.apfelpatient.de\/en\/wp-json\/wp\/v2\/users\/2"}],"replies":[{"embeddable":true,"href":"https:\/\/www.apfelpatient.de\/en\/wp-json\/wp\/v2\/comments?post=21555"}],"version-history":[{"count":0,"href":"https:\/\/www.apfelpatient.de\/en\/wp-json\/wp\/v2\/posts\/21555\/revisions"}],"wp:featuredmedia":[{"embeddable":true,"href":"https:\/\/www.apfelpatient.de\/en\/wp-json\/wp\/v2\/media\/21492"}],"wp:attachment":[{"href":"https:\/\/www.apfelpatient.de\/en\/wp-json\/wp\/v2\/media?parent=21555"}],"wp:term":[{"taxonomy":"category","embeddable":true,"href":"https:\/\/www.apfelpatient.de\/en\/wp-json\/wp\/v2\/categories?post=21555"},{"taxonomy":"post_tag","embeddable":true,"href":"https:\/\/www.apfelpatient.de\/en\/wp-json\/wp\/v2\/tags?post=21555"}],"curies":[{"name":"wp","href":"https:\/\/api.w.org\/{rel}","templated":true}]}}