{"id":21517,"date":"2021-04-20T21:07:06","date_gmt":"2021-04-20T19:07:06","guid":{"rendered":"https:\/\/www.apfelpatient.de\/?p=21517"},"modified":"2021-04-24T23:22:16","modified_gmt":"2021-04-24T21:22:16","slug":"spring-loaded-event-apple-introduces-new-ipad-pro-models","status":"publish","type":"post","link":"https:\/\/www.apfelpatient.de\/en\/news\/spring-loaded-event-apple-stellt-neue-ipad-pro-modelle-vor","title":{"rendered":"\u201cSpring Loaded\u201d event: Apple introduces new iPad Pro models"},"content":{"rendered":"<p class=\"has-drop-cap\"><strong>As expected, Apple unveiled the brand new iPad Pro 2021 series at the \u201cSpring Loaded\u201d event and made some interesting changes.<\/strong><\/p>\n\n\n\n<p>The 12.9-inch iPad Pro, which was introduced during the \u201cSpring Loaded\u201d event <a href=\"https:\/\/www.apple.com\/newsroom\/2021\/04\/apple-unveils-new-ipad-pro-with-m1-chip-and-stunning-liquid-retina-xdr-display\/\" target=\"_blank\" rel=\"noreferrer noopener\">presented<\/a> differs from the 11-inch update by using a new display that Apple calls Liquid Retina XDR. For this iteration, Apple uses mini-LED technology. It houses 10,000 mini-LEDs behind the 12.9-inch screen, using significantly more light sources than the 72 LEDs on the previous model. Overall, the display can output 1,000 nits at full screen brightness and 1,600 nits at peak brightness. The benefit of this technology is similar to the Pro Display XDR. But the iPad Pro goes even further. Due to the sheer number of mini-LEDs, it has 2,596 local dimming zones, achieving a contrast ratio of 1 million to 1.<\/p>\n\n\n\n<figure class=\"wp-block-image size-large\"><img decoding=\"async\" width=\"1024\" height=\"819\" src=\"https:\/\/www.apfelpatient.de\/wp-content\/uploads\/2021\/04\/apple_ipad-pro-spring21_liquid-xdr-display-photos_04202021-1024x819.jpg\" alt=\"iPad Pro 2021\" class=\"wp-image-21515\" srcset=\"https:\/\/www.apfelpatient.de\/wp-content\/uploads\/2021\/04\/apple_ipad-pro-spring21_liquid-xdr-display-photos_04202021-1024x819.jpg 1024w, https:\/\/www.apfelpatient.de\/wp-content\/uploads\/2021\/04\/apple_ipad-pro-spring21_liquid-xdr-display-photos_04202021-300x240.jpg 300w, https:\/\/www.apfelpatient.de\/wp-content\/uploads\/2021\/04\/apple_ipad-pro-spring21_liquid-xdr-display-photos_04202021-768x614.jpg 768w, https:\/\/www.apfelpatient.de\/wp-content\/uploads\/2021\/04\/apple_ipad-pro-spring21_liquid-xdr-display-photos_04202021-1536x1229.jpg 1536w, https:\/\/www.apfelpatient.de\/wp-content\/uploads\/2021\/04\/apple_ipad-pro-spring21_liquid-xdr-display-photos_04202021-2048x1638.jpg 2048w, https:\/\/www.apfelpatient.de\/wp-content\/uploads\/2021\/04\/apple_ipad-pro-spring21_liquid-xdr-display-photos_04202021-750x600.jpg 750w, https:\/\/www.apfelpatient.de\/wp-content\/uploads\/2021\/04\/apple_ipad-pro-spring21_liquid-xdr-display-photos_04202021-1140x912.jpg 1140w\" sizes=\"(max-width: 1024px) 100vw, 1024px\" \/><figcaption>Image: Apple<\/figcaption><\/figure>\n\n\n\n<h3 class=\"wp-block-heading\" id=\"h-ipad-pro-2021-erh-lt-den-m1-chip\">iPad Pro 2021 gets the M1 chip<\/h3>\n\n\n\n<p>In addition to the display improvements, the 12.9-inch model has the same screen features as the 11-inch model, including ProMotion, True Tone, and P3 Wide Color support. Of course, it&#039;s higher resolution than its little brother at 2,732 x 2,048 pixels, giving it a pixel density of 264ppi. Along with the display upgrade, it has the same internal changes as its 11-inch counterpart, including the use of the eight-core M1 chip with an 8-core GPU. It&#039;s paired with 8GB on the 128GB, 256GB, and 512GB storage models, with the capacity increasing to 16GB on the 1TB and 2TB versions. There&#039;s a Thunderbolt 4 port in the base, allowing connection to external devices at up to 40Gbps. The port also includes support for USB 4. The updates also extend to 5G connectivity, bringing it on par with the iPhone 12 in offering users faster mobile internet access.<\/p>\n\n\n\n<figure class=\"wp-block-image size-large\"><img decoding=\"async\" width=\"1024\" height=\"1024\" src=\"https:\/\/www.apfelpatient.de\/wp-content\/uploads\/2021\/04\/apple_ipad-pro-spring21_hero_04202021-1024x1024.jpg\" alt=\"iPad Pro 2021\" class=\"wp-image-21516\" srcset=\"https:\/\/www.apfelpatient.de\/wp-content\/uploads\/2021\/04\/apple_ipad-pro-spring21_hero_04202021-1024x1024.jpg 1024w, https:\/\/www.apfelpatient.de\/wp-content\/uploads\/2021\/04\/apple_ipad-pro-spring21_hero_04202021-300x300.jpg 300w, https:\/\/www.apfelpatient.de\/wp-content\/uploads\/2021\/04\/apple_ipad-pro-spring21_hero_04202021-150x150.jpg 150w, https:\/\/www.apfelpatient.de\/wp-content\/uploads\/2021\/04\/apple_ipad-pro-spring21_hero_04202021-768x768.jpg 768w, https:\/\/www.apfelpatient.de\/wp-content\/uploads\/2021\/04\/apple_ipad-pro-spring21_hero_04202021-1536x1536.jpg 1536w, https:\/\/www.apfelpatient.de\/wp-content\/uploads\/2021\/04\/apple_ipad-pro-spring21_hero_04202021-2048x2048.jpg 2048w, https:\/\/www.apfelpatient.de\/wp-content\/uploads\/2021\/04\/apple_ipad-pro-spring21_hero_04202021-75x75.jpg 75w, https:\/\/www.apfelpatient.de\/wp-content\/uploads\/2021\/04\/apple_ipad-pro-spring21_hero_04202021-350x350.jpg 350w, https:\/\/www.apfelpatient.de\/wp-content\/uploads\/2021\/04\/apple_ipad-pro-spring21_hero_04202021-750x750.jpg 750w, https:\/\/www.apfelpatient.de\/wp-content\/uploads\/2021\/04\/apple_ipad-pro-spring21_hero_04202021-1140x1140.jpg 1140w\" sizes=\"(max-width: 1024px) 100vw, 1024px\" \/><figcaption>Image: Apple<\/figcaption><\/figure>\n\n\n\n<h3 class=\"wp-block-heading\" id=\"h-ipad-pro-2021-maximalausstattung-kostet-2-579-euro\">iPad Pro 2021: Maximum configuration costs 2,579 euros<\/h3>\n\n\n\n\n\n\n\n<p>On the back is the Pro camera system, which combines a 12-megapixel wide-angle and a 10-megapixel ultra-wide-angle camera and offers 2x optical zoom. The cameras are capable of recording 4K video at up to 60fps, with slo-mo at 1080p 240fps. On the front, the TrueDepth camera uses a 12-megapixel ultra-wide camera and can record 1080p video at 60fps. Audio is the usual four-speaker setup of the iPad Pro, plus five studio-quality microphones for calls and audio recording. The 12.9-inch iPad Pro is available in silver and space gray starting at \u20ac1,199, with the 2TB model with cellular functionality (\u20ac200 extra) even costing \u20ac2,579. The 11-inch model, on the other hand, starts at 879 euros and costs around 2,259 euros in the maximum configuration. Pre-orders will be accepted from April 30th. Delivery is scheduled to begin in the second half of May. (Image: Apple)<\/p>\n\n\n\n<h6 class=\"wp-block-heading translation-block\" id=\"h-kennt-ihr-schon-unsere-amazon-storefront-dort-findet-ihr-eine-handverlesene-auswahl-von-diversen-produkten-f-r-euer-iphone-und-co-viel-spa-beim-st-bern\"><em>Have you already visited our Amazon Storefront? There you&#039;ll find a hand-picked selection of various products for your iPhone and other devices \u2013 <span class=\"has-inline-color has-vivid-red-color\"><a href=\"https:\/\/www.amazon.de\/shop\/apfelpatientofficial\" class=\"ek-link\" data-wpel-link=\"exclude\" rel=\"follow noopener\" target=\"_self\"><span style=\"text-decoration: underline\" class=\"ek-underline\">enjoy browsing<\/span><\/a> !<\/span><\/em><\/h6>\n\n\n\n<h6 class=\"wp-block-heading translation-block\" id=\"h-der-beitrag-enthalt-partnerlinks\">This post contains <a data-type=\"URL\" data-id=\"https:\/\/www.apfelpatient.de\/partnerprogramm\" href=\"https:\/\/www.apfelpatient.de\/en\/partner-program\" data-wpel-link=\"internal\" target=\"_self\">affiliate links<\/a>.<\/h6>","protected":false},"excerpt":{"rendered":"<p>As expected, Apple unveiled the brand new iPad Pro 2021 series at its \u201cSpring Loaded\u201d event.<\/p>","protected":false},"author":2,"featured_media":21514,"comment_status":"closed","ping_status":"closed","sticky":false,"template":"","format":"standard","meta":{"jnews-multi-image_gallery":[],"jnews_single_post":{"subtitle":"","format":"standard","video":"","gallery":"","source_name":"","source_url":"","via_name":"","via_url":"","override":[{"single_blog_custom":"","sidebar":"","second_sidebar":"","share_position":"","share_float_style":"","post_date_format":"","post_date_format_custom":"","post_reading_time_wpm":"","zoom_button_out_step":"1","zoom_button_in_step":"1","number_popup_post":"1"}],"image_override":[{"single_post_thumbnail_size":"","single_post_gallery_size":""}],"trending_post_position":"","trending_post_label":"","sponsored_post_label":"","sponsored_post_name":"","sponsored_post_url":"","sponsored_post_logo":"","sponsored_post_desc":""},"jnews_primary_category":{"id":"9"},"footnotes":""},"categories":[9],"tags":[18,66],"class_list":["post-21517","post","type-post","status-publish","format-standard","has-post-thumbnail","hentry","category-news","tag-ipad","tag-ipad-pro"],"yoast_head":"<!-- This site is optimized with the Yoast SEO Premium plugin v27.5 (Yoast SEO v27.5) - https:\/\/yoast.com\/product\/yoast-seo-premium-wordpress\/ -->\n<title>&quot;Spring Loaded&quot;-Event: Apple stellt neue iPad Pro Modelle vor<\/title>\n<meta name=\"description\" content=\"Apple hat, wie zu erwarten, im Rahmen des &quot;Spring Loaded&quot;-Events die brandneue iPad Pro 2021 Reihe vorgestellt.\" \/>\n<meta name=\"robots\" content=\"index, follow, max-snippet:-1, max-image-preview:large, max-video-preview:-1\" \/>\n<link rel=\"canonical\" href=\"https:\/\/www.apfelpatient.de\/en\/news\/spring-loaded-event-apple-introduces-new-ipad-pro-models\" \/>\n<meta property=\"og:locale\" content=\"en_US\" \/>\n<meta property=\"og:type\" content=\"article\" \/>\n<meta property=\"og:title\" content=\"&quot;Spring Loaded&quot;-Event: Apple stellt neue iPad Pro Modelle vor\" \/>\n<meta property=\"og:description\" content=\"Apple hat, wie zu erwarten, im Rahmen des &quot;Spring Loaded&quot;-Events die brandneue iPad Pro 2021 Reihe vorgestellt.\" \/>\n<meta property=\"og:url\" content=\"https:\/\/www.apfelpatient.de\/en\/news\/spring-loaded-event-apple-introduces-new-ipad-pro-models\" \/>\n<meta property=\"og:site_name\" content=\"Apfelpatient\" \/>\n<meta property=\"article:publisher\" content=\"https:\/\/www.facebook.com\/apfelpatientOfficial\" \/>\n<meta property=\"article:author\" content=\"https:\/\/www.facebook.com\/apfelpatientOfficial\" \/>\n<meta property=\"article:published_time\" content=\"2021-04-20T19:07:06+00:00\" \/>\n<meta property=\"article:modified_time\" content=\"2021-04-24T21:22:16+00:00\" \/>\n<meta property=\"og:image\" content=\"https:\/\/www.apfelpatient.de\/wp-content\/uploads\/2021\/04\/apple_ipad-pro-spring21_ipad-pro-magic-keyboard-2up_04202021.jpg\" \/>\n\t<meta property=\"og:image:width\" content=\"2400\" \/>\n\t<meta property=\"og:image:height\" content=\"1350\" \/>\n\t<meta property=\"og:image:type\" content=\"image\/jpeg\" \/>\n<meta name=\"author\" content=\"Milan\" \/>\n<meta name=\"twitter:card\" content=\"summary_large_image\" \/>\n<meta name=\"twitter:description\" content=\"Apple hat, wie zu erwarten, im Rahmen des &quot;Spring Loaded&quot;-Events die brandneue iPad Pro 2021 Reihe vorgestellt.\" \/>\n<meta name=\"twitter:label1\" content=\"Written by\" \/>\n\t<meta name=\"twitter:data1\" content=\"Milan\" \/>\n\t<meta name=\"twitter:label2\" content=\"Est. reading time\" \/>\n\t<meta name=\"twitter:data2\" content=\"3 minutes\" \/>\n<script type=\"application\/ld+json\" class=\"yoast-schema-graph\">{\"@context\":\"https:\\\/\\\/schema.org\",\"@graph\":[{\"@type\":\"NewsArticle\",\"@id\":\"https:\\\/\\\/www.apfelpatient.de\\\/news\\\/spring-loaded-event-apple-stellt-neue-ipad-pro-modelle-vor#article\",\"isPartOf\":{\"@id\":\"https:\\\/\\\/www.apfelpatient.de\\\/news\\\/spring-loaded-event-apple-stellt-neue-ipad-pro-modelle-vor\"},\"author\":{\"@type\":\"Organization\",\"@id\":\"https:\\\/\\\/www.apfelpatient.de\\\/en\\\/#organization\",\"name\":\"Apfelpatient\",\"url\":\"https:\\\/\\\/www.apfelpatient.de\\\/en\\\/\"},\"headline\":\"&#8222;Spring Loaded&#8220;-Event: Apple stellt neue iPad Pro Modelle vor\",\"datePublished\":\"2021-04-20T19:07:06+00:00\",\"dateModified\":\"2021-04-24T21:22:16+00:00\",\"mainEntityOfPage\":{\"@id\":\"https:\\\/\\\/www.apfelpatient.de\\\/news\\\/spring-loaded-event-apple-stellt-neue-ipad-pro-modelle-vor\"},\"wordCount\":444,\"publisher\":{\"@type\":\"Organization\",\"@id\":\"https:\\\/\\\/www.apfelpatient.de\\\/en\\\/#organization\",\"name\":\"Apfelpatient\",\"url\":\"https:\\\/\\\/www.apfelpatient.de\\\/en\\\/\"},\"image\":{\"@id\":\"https:\\\/\\\/www.apfelpatient.de\\\/news\\\/spring-loaded-event-apple-stellt-neue-ipad-pro-modelle-vor#primaryimage\"},\"thumbnailUrl\":\"https:\\\/\\\/www.apfelpatient.de\\\/wp-content\\\/uploads\\\/2021\\\/04\\\/apple_ipad-pro-spring21_ipad-pro-magic-keyboard-2up_04202021.jpg\",\"keywords\":[\"iPad\",\"iPad Pro\"],\"articleSection\":\"News\",\"inLanguage\":\"en-US\",\"copyrightYear\":\"2021\",\"copyrightHolder\":{\"@id\":\"https:\\\/\\\/www.apfelpatient.de\\\/en\\\/#organization\"}},{\"@type\":\"WebPage\",\"@id\":\"https:\\\/\\\/www.apfelpatient.de\\\/news\\\/spring-loaded-event-apple-stellt-neue-ipad-pro-modelle-vor\",\"url\":\"https:\\\/\\\/www.apfelpatient.de\\\/news\\\/spring-loaded-event-apple-stellt-neue-ipad-pro-modelle-vor\",\"name\":\"\\\"Spring Loaded\\\"-Event: Apple stellt neue iPad Pro Modelle vor\",\"isPartOf\":{\"@id\":\"https:\\\/\\\/www.apfelpatient.de\\\/#website\"},\"primaryImageOfPage\":{\"@id\":\"https:\\\/\\\/www.apfelpatient.de\\\/news\\\/spring-loaded-event-apple-stellt-neue-ipad-pro-modelle-vor#primaryimage\"},\"image\":{\"@id\":\"https:\\\/\\\/www.apfelpatient.de\\\/news\\\/spring-loaded-event-apple-stellt-neue-ipad-pro-modelle-vor#primaryimage\"},\"thumbnailUrl\":\"https:\\\/\\\/www.apfelpatient.de\\\/wp-content\\\/uploads\\\/2021\\\/04\\\/apple_ipad-pro-spring21_ipad-pro-magic-keyboard-2up_04202021.jpg\",\"datePublished\":\"2021-04-20T19:07:06+00:00\",\"dateModified\":\"2021-04-24T21:22:16+00:00\",\"description\":\"Apple hat, wie zu erwarten, im Rahmen des \\\"Spring Loaded\\\"-Events die brandneue iPad Pro 2021 Reihe vorgestellt.\",\"breadcrumb\":{\"@id\":\"https:\\\/\\\/www.apfelpatient.de\\\/news\\\/spring-loaded-event-apple-stellt-neue-ipad-pro-modelle-vor#breadcrumb\"},\"inLanguage\":\"en-US\",\"potentialAction\":[{\"@type\":\"ReadAction\",\"target\":[\"https:\\\/\\\/www.apfelpatient.de\\\/news\\\/spring-loaded-event-apple-stellt-neue-ipad-pro-modelle-vor\"]}]},{\"@type\":\"ImageObject\",\"inLanguage\":\"en-US\",\"@id\":\"https:\\\/\\\/www.apfelpatient.de\\\/news\\\/spring-loaded-event-apple-stellt-neue-ipad-pro-modelle-vor#primaryimage\",\"url\":\"https:\\\/\\\/www.apfelpatient.de\\\/wp-content\\\/uploads\\\/2021\\\/04\\\/apple_ipad-pro-spring21_ipad-pro-magic-keyboard-2up_04202021.jpg\",\"contentUrl\":\"https:\\\/\\\/www.apfelpatient.de\\\/wp-content\\\/uploads\\\/2021\\\/04\\\/apple_ipad-pro-spring21_ipad-pro-magic-keyboard-2up_04202021.jpg\",\"width\":2400,\"height\":1350,\"caption\":\"Bild: Apple\"},{\"@type\":\"BreadcrumbList\",\"@id\":\"https:\\\/\\\/www.apfelpatient.de\\\/news\\\/spring-loaded-event-apple-stellt-neue-ipad-pro-modelle-vor#breadcrumb\",\"itemListElement\":[{\"@type\":\"ListItem\",\"position\":1,\"name\":\"Startseite\",\"item\":\"https:\\\/\\\/www.apfelpatient.de\\\/\"},{\"@type\":\"ListItem\",\"position\":2,\"name\":\"&#8222;Spring Loaded&#8220;-Event: Apple stellt neue iPad Pro Modelle vor\"}]},{\"@type\":\"WebSite\",\"@id\":\"https:\\\/\\\/www.apfelpatient.de\\\/#website\",\"url\":\"https:\\\/\\\/www.apfelpatient.de\\\/\",\"name\":\"Apfelpatient\",\"description\":\"Alles rund um Apple!\",\"publisher\":{\"@type\":\"Organization\",\"@id\":\"https:\\\/\\\/www.apfelpatient.de\\\/en\\\/#organization\",\"name\":\"Apfelpatient\",\"url\":\"https:\\\/\\\/www.apfelpatient.de\\\/en\\\/\"},\"alternateName\":\"Apfelpatient\",\"potentialAction\":[{\"@type\":\"SearchAction\",\"target\":{\"@type\":\"EntryPoint\",\"urlTemplate\":\"https:\\\/\\\/www.apfelpatient.de\\\/?s={search_term_string}\"},\"query-input\":{\"@type\":\"PropertyValueSpecification\",\"valueRequired\":true,\"valueName\":\"search_term_string\"}}],\"inLanguage\":\"en-US\"},{\"@type\":[\"Person\",\"Organization\"],\"@id\":\"https:\\\/\\\/www.apfelpatient.de\\\/#\\\/schema\\\/person\\\/7dc56ad6c8e9824b76d2c08d4c140e13\",\"name\":\"Milan\",\"logo\":{\"@id\":\"https:\\\/\\\/www.apfelpatient.de\\\/#\\\/schema\\\/person\\\/image\\\/\"},\"description\":\"Hallo und herzlich willkommen auf meinem Technik-Blog! Als gro\u00dfer Apple-Fan berichte ich hier \u00fcber alles, was mit Apple zu tun hat: von den neuesten News und spannenden Ger\u00fcchten \u00fcber hilfreiche Tipps und Tricks bis hin zu ausf\u00fchrlichen Produkttests. Wenn du genauso technikbegeistert bist wie ich, bist du hier genau richtig!\",\"sameAs\":[\"https:\\\/\\\/www.facebook.com\\\/apfelpatientOfficial\",\"https:\\\/\\\/www.linkedin.com\\\/in\\\/milan-jovicic-42aa0231b\"],\"url\":\"https:\\\/\\\/www.apfelpatient.de\\\/en\\\/author\\\/apfeladmin\"}]}<\/script>\n<!-- \/ Yoast SEO Premium plugin. -->","yoast_head_json":{"title":"&quot;Spring Loaded&quot; event: Apple introduces new iPad Pro models","description":"As expected, Apple unveiled the brand new iPad Pro 2021 series at the &quot;Spring Loaded&quot; event.","robots":{"index":"index","follow":"follow","max-snippet":"max-snippet:-1","max-image-preview":"max-image-preview:large","max-video-preview":"max-video-preview:-1"},"canonical":"https:\/\/www.apfelpatient.de\/en\/news\/spring-loaded-event-apple-introduces-new-ipad-pro-models","og_locale":"en_US","og_type":"article","og_title":"\"Spring Loaded\"-Event: Apple stellt neue iPad Pro Modelle vor","og_description":"Apple hat, wie zu erwarten, im Rahmen des \"Spring Loaded\"-Events die brandneue iPad Pro 2021 Reihe vorgestellt.","og_url":"https:\/\/www.apfelpatient.de\/en\/news\/spring-loaded-event-apple-introduces-new-ipad-pro-models","og_site_name":"Apfelpatient","article_publisher":"https:\/\/www.facebook.com\/apfelpatientOfficial","article_author":"https:\/\/www.facebook.com\/apfelpatientOfficial","article_published_time":"2021-04-20T19:07:06+00:00","article_modified_time":"2021-04-24T21:22:16+00:00","og_image":[{"width":2400,"height":1350,"url":"https:\/\/www.apfelpatient.de\/wp-content\/uploads\/2021\/04\/apple_ipad-pro-spring21_ipad-pro-magic-keyboard-2up_04202021.jpg","type":"image\/jpeg"}],"author":"Milan","twitter_card":"summary_large_image","twitter_description":"Apple hat, wie zu erwarten, im Rahmen des \"Spring Loaded\"-Events die brandneue iPad Pro 2021 Reihe vorgestellt.","twitter_misc":{"Written by":"Milan","Est. reading time":"3 minutes"},"schema":{"@context":"https:\/\/schema.org","@graph":[{"@type":"NewsArticle","@id":"https:\/\/www.apfelpatient.de\/news\/spring-loaded-event-apple-stellt-neue-ipad-pro-modelle-vor#article","isPartOf":{"@id":"https:\/\/www.apfelpatient.de\/news\/spring-loaded-event-apple-stellt-neue-ipad-pro-modelle-vor"},"author":{"@type":"Organization","@id":"https:\/\/www.apfelpatient.de\/en\/#organization","name":"Apfelpatient","url":"https:\/\/www.apfelpatient.de\/en\/"},"headline":"&#8222;Spring Loaded&#8220;-Event: Apple stellt neue iPad Pro Modelle vor","datePublished":"2021-04-20T19:07:06+00:00","dateModified":"2021-04-24T21:22:16+00:00","mainEntityOfPage":{"@id":"https:\/\/www.apfelpatient.de\/news\/spring-loaded-event-apple-stellt-neue-ipad-pro-modelle-vor"},"wordCount":444,"publisher":{"@type":"Organization","@id":"https:\/\/www.apfelpatient.de\/en\/#organization","name":"Apfelpatient","url":"https:\/\/www.apfelpatient.de\/en\/"},"image":{"@id":"https:\/\/www.apfelpatient.de\/news\/spring-loaded-event-apple-stellt-neue-ipad-pro-modelle-vor#primaryimage"},"thumbnailUrl":"https:\/\/www.apfelpatient.de\/wp-content\/uploads\/2021\/04\/apple_ipad-pro-spring21_ipad-pro-magic-keyboard-2up_04202021.jpg","keywords":["iPad","iPad Pro"],"articleSection":"News","inLanguage":"en-US","copyrightYear":"2021","copyrightHolder":{"@id":"https:\/\/www.apfelpatient.de\/en\/#organization"}},{"@type":"WebPage","@id":"https:\/\/www.apfelpatient.de\/news\/spring-loaded-event-apple-stellt-neue-ipad-pro-modelle-vor","url":"https:\/\/www.apfelpatient.de\/news\/spring-loaded-event-apple-stellt-neue-ipad-pro-modelle-vor","name":"&quot;Spring Loaded&quot; event: Apple introduces new iPad Pro models","isPartOf":{"@id":"https:\/\/www.apfelpatient.de\/#website"},"primaryImageOfPage":{"@id":"https:\/\/www.apfelpatient.de\/news\/spring-loaded-event-apple-stellt-neue-ipad-pro-modelle-vor#primaryimage"},"image":{"@id":"https:\/\/www.apfelpatient.de\/news\/spring-loaded-event-apple-stellt-neue-ipad-pro-modelle-vor#primaryimage"},"thumbnailUrl":"https:\/\/www.apfelpatient.de\/wp-content\/uploads\/2021\/04\/apple_ipad-pro-spring21_ipad-pro-magic-keyboard-2up_04202021.jpg","datePublished":"2021-04-20T19:07:06+00:00","dateModified":"2021-04-24T21:22:16+00:00","description":"As expected, Apple unveiled the brand new iPad Pro 2021 series at the &quot;Spring Loaded&quot; event.","breadcrumb":{"@id":"https:\/\/www.apfelpatient.de\/news\/spring-loaded-event-apple-stellt-neue-ipad-pro-modelle-vor#breadcrumb"},"inLanguage":"en-US","potentialAction":[{"@type":"ReadAction","target":["https:\/\/www.apfelpatient.de\/news\/spring-loaded-event-apple-stellt-neue-ipad-pro-modelle-vor"]}]},{"@type":"ImageObject","inLanguage":"en-US","@id":"https:\/\/www.apfelpatient.de\/news\/spring-loaded-event-apple-stellt-neue-ipad-pro-modelle-vor#primaryimage","url":"https:\/\/www.apfelpatient.de\/wp-content\/uploads\/2021\/04\/apple_ipad-pro-spring21_ipad-pro-magic-keyboard-2up_04202021.jpg","contentUrl":"https:\/\/www.apfelpatient.de\/wp-content\/uploads\/2021\/04\/apple_ipad-pro-spring21_ipad-pro-magic-keyboard-2up_04202021.jpg","width":2400,"height":1350,"caption":"Bild: Apple"},{"@type":"BreadcrumbList","@id":"https:\/\/www.apfelpatient.de\/news\/spring-loaded-event-apple-stellt-neue-ipad-pro-modelle-vor#breadcrumb","itemListElement":[{"@type":"ListItem","position":1,"name":"Startseite","item":"https:\/\/www.apfelpatient.de\/"},{"@type":"ListItem","position":2,"name":"&#8222;Spring Loaded&#8220;-Event: Apple stellt neue iPad Pro Modelle vor"}]},{"@type":"WebSite","@id":"https:\/\/www.apfelpatient.de\/#website","url":"https:\/\/www.apfelpatient.de\/","name":"apple patient","description":"Everything about Apple!","publisher":{"@type":"Organization","@id":"https:\/\/www.apfelpatient.de\/en\/#organization","name":"Apfelpatient","url":"https:\/\/www.apfelpatient.de\/en\/"},"alternateName":"Apfelpatient","potentialAction":[{"@type":"SearchAction","target":{"@type":"EntryPoint","urlTemplate":"https:\/\/www.apfelpatient.de\/?s={search_term_string}"},"query-input":{"@type":"PropertyValueSpecification","valueRequired":true,"valueName":"search_term_string"}}],"inLanguage":"en-US"},{"@type":["Person","Organization"],"@id":"https:\/\/www.apfelpatient.de\/#\/schema\/person\/7dc56ad6c8e9824b76d2c08d4c140e13","name":"Milan","logo":{"@id":"https:\/\/www.apfelpatient.de\/#\/schema\/person\/image\/"},"description":"Hello and welcome to my technology blog! As a big Apple fan, I report on everything to do with Apple: from the latest news and exciting rumors to helpful tips and tricks and detailed product tests. If you are as enthusiastic about technology as I am, you have come to the right place!","sameAs":["https:\/\/www.facebook.com\/apfelpatientOfficial","https:\/\/www.linkedin.com\/in\/milan-jovicic-42aa0231b"],"url":"https:\/\/www.apfelpatient.de\/en\/author\/apfeladmin"}]}},"_links":{"self":[{"href":"https:\/\/www.apfelpatient.de\/en\/wp-json\/wp\/v2\/posts\/21517","targetHints":{"allow":["GET"]}}],"collection":[{"href":"https:\/\/www.apfelpatient.de\/en\/wp-json\/wp\/v2\/posts"}],"about":[{"href":"https:\/\/www.apfelpatient.de\/en\/wp-json\/wp\/v2\/types\/post"}],"author":[{"embeddable":true,"href":"https:\/\/www.apfelpatient.de\/en\/wp-json\/wp\/v2\/users\/2"}],"replies":[{"embeddable":true,"href":"https:\/\/www.apfelpatient.de\/en\/wp-json\/wp\/v2\/comments?post=21517"}],"version-history":[{"count":0,"href":"https:\/\/www.apfelpatient.de\/en\/wp-json\/wp\/v2\/posts\/21517\/revisions"}],"wp:featuredmedia":[{"embeddable":true,"href":"https:\/\/www.apfelpatient.de\/en\/wp-json\/wp\/v2\/media\/21514"}],"wp:attachment":[{"href":"https:\/\/www.apfelpatient.de\/en\/wp-json\/wp\/v2\/media?parent=21517"}],"wp:term":[{"taxonomy":"category","embeddable":true,"href":"https:\/\/www.apfelpatient.de\/en\/wp-json\/wp\/v2\/categories?post=21517"},{"taxonomy":"post_tag","embeddable":true,"href":"https:\/\/www.apfelpatient.de\/en\/wp-json\/wp\/v2\/tags?post=21517"}],"curies":[{"name":"wp","href":"https:\/\/api.w.org\/{rel}","templated":true}]}}