{"id":21498,"date":"2021-04-20T20:28:11","date_gmt":"2021-04-20T18:28:11","guid":{"rendered":"https:\/\/www.apfelpatient.de\/?p=21498"},"modified":"2021-04-24T23:23:39","modified_gmt":"2021-04-24T21:23:39","slug":"spring-loaded-event-apple-unveils-new-imac-generation","status":"publish","type":"post","link":"https:\/\/www.apfelpatient.de\/en\/news\/spring-loaded-event-apple-enthuellt-neue-imac-generation","title":{"rendered":"\u201cSpring Loaded\u201d event: Apple unveils new iMac generation"},"content":{"rendered":"<p class=\"has-drop-cap\"><strong>Rumors have already suggested it. Now it&#039;s official. Apple has introduced a new generation of iMacs in a brand new design with Apple Silicon Chip.<\/strong><\/p>\n\n\n\n<p>The redesigned 2021 iMac has an updated and sleeker design that is much more compact than its predecessors thanks to the smaller footprint of the M1 system-on-chip design. It has softer edges and a front bezel made from a single pane of glass. On the display side <a href=\"https:\/\/www.apple.com\/newsroom\/2021\/04\/imac-features-all-new-design-in-vibrant-colors-m1-chip-and-45k-retina-display\/\" target=\"_blank\" rel=\"noreferrer noopener\">has<\/a> The new iMac has a 24-inch Retina display with True Tone support. <\/p>\n\n\n\n<figure class=\"wp-block-image size-large\"><img decoding=\"async\" width=\"1024\" height=\"576\" src=\"https:\/\/www.apfelpatient.de\/wp-content\/uploads\/2021\/04\/apple_new-imac-spring21_hero_04202021-1024x576.jpg\" alt=\"iMac 2021\" class=\"wp-image-21499\" srcset=\"https:\/\/www.apfelpatient.de\/wp-content\/uploads\/2021\/04\/apple_new-imac-spring21_hero_04202021-1024x576.jpg 1024w, https:\/\/www.apfelpatient.de\/wp-content\/uploads\/2021\/04\/apple_new-imac-spring21_hero_04202021-300x169.jpg 300w, https:\/\/www.apfelpatient.de\/wp-content\/uploads\/2021\/04\/apple_new-imac-spring21_hero_04202021-768x432.jpg 768w, https:\/\/www.apfelpatient.de\/wp-content\/uploads\/2021\/04\/apple_new-imac-spring21_hero_04202021-1536x864.jpg 1536w, https:\/\/www.apfelpatient.de\/wp-content\/uploads\/2021\/04\/apple_new-imac-spring21_hero_04202021-2048x1153.jpg 2048w, https:\/\/www.apfelpatient.de\/wp-content\/uploads\/2021\/04\/apple_new-imac-spring21_hero_04202021-750x422.jpg 750w, https:\/\/www.apfelpatient.de\/wp-content\/uploads\/2021\/04\/apple_new-imac-spring21_hero_04202021-1140x642.jpg 1140w\" sizes=\"(max-width: 1024px) 100vw, 1024px\" \/><figcaption>Image: Apple<\/figcaption><\/figure>\n\n\n\n<p>Apple has also given the new iMac a major upgrade in audio and video channels, including a three-microphone array, a 1080p FaceTime camera, and increased speaker power. It also supports Dolby Audio and Spatial Audio. Equipped with Apple Silicon in the form of the M1 chip, it is, according to Apple, the fastest iMac ever. Apple says the iMac is up to 85% faster than previous models in applications such as Xcode, Lightroom, and iMovie.<\/p>\n\n\n\n<figure class=\"wp-block-image size-large\"><img decoding=\"async\" width=\"731\" height=\"1024\" src=\"https:\/\/www.apfelpatient.de\/wp-content\/uploads\/2021\/04\/apple_new-imac-spring21_color-lineup_04202021-731x1024.jpg\" alt=\"iMac 2021\" class=\"wp-image-21500\" srcset=\"https:\/\/www.apfelpatient.de\/wp-content\/uploads\/2021\/04\/apple_new-imac-spring21_color-lineup_04202021-731x1024.jpg 731w, https:\/\/www.apfelpatient.de\/wp-content\/uploads\/2021\/04\/apple_new-imac-spring21_color-lineup_04202021-214x300.jpg 214w, https:\/\/www.apfelpatient.de\/wp-content\/uploads\/2021\/04\/apple_new-imac-spring21_color-lineup_04202021-768x1075.jpg 768w, https:\/\/www.apfelpatient.de\/wp-content\/uploads\/2021\/04\/apple_new-imac-spring21_color-lineup_04202021-1097x1536.jpg 1097w, https:\/\/www.apfelpatient.de\/wp-content\/uploads\/2021\/04\/apple_new-imac-spring21_color-lineup_04202021-1463x2048.jpg 1463w, https:\/\/www.apfelpatient.de\/wp-content\/uploads\/2021\/04\/apple_new-imac-spring21_color-lineup_04202021-360x504.jpg 360w, https:\/\/www.apfelpatient.de\/wp-content\/uploads\/2021\/04\/apple_new-imac-spring21_color-lineup_04202021-750x1050.jpg 750w, https:\/\/www.apfelpatient.de\/wp-content\/uploads\/2021\/04\/apple_new-imac-spring21_color-lineup_04202021-1140x1596.jpg 1140w, https:\/\/www.apfelpatient.de\/wp-content\/uploads\/2021\/04\/apple_new-imac-spring21_color-lineup_04202021-scaled.jpg 1829w\" sizes=\"(max-width: 731px) 100vw, 731px\" \/><figcaption>Image: Apple<\/figcaption><\/figure>\n\n\n\n<h3 class=\"wp-block-heading\" id=\"h-imac-2021-in-sieben-verschiedenen-farben-erh-ltlich\">iMac 2021 available in seven different colors<\/h3>\n\n\n\n\n\n\n\n<p>It also comes with a graphics card that&#039;s up to 2x faster than previous models. In a nod to the original iMac G3 from 1998, the new iMacs come in a range of new color options including green, yellow, orange, pink, purple, blue, and silver. On the back, it features up to 4 USB-C ports, two of which are Thunderbolt 3, as well as a new magnetic power connector. The device also features an updated Magic Keyboard with Touch ID. <\/p>\n\n\n\n<figure class=\"wp-block-image size-large\"><img decoding=\"async\" width=\"1024\" height=\"576\" src=\"https:\/\/www.apfelpatient.de\/wp-content\/uploads\/2021\/04\/apple_new-imac-spring21_magic-keyboard-with-numeric-keypad-yellow_04202021-1024x576.jpg\" alt=\"iMac 2021\" class=\"wp-image-21501\" srcset=\"https:\/\/www.apfelpatient.de\/wp-content\/uploads\/2021\/04\/apple_new-imac-spring21_magic-keyboard-with-numeric-keypad-yellow_04202021-1024x576.jpg 1024w, https:\/\/www.apfelpatient.de\/wp-content\/uploads\/2021\/04\/apple_new-imac-spring21_magic-keyboard-with-numeric-keypad-yellow_04202021-300x169.jpg 300w, https:\/\/www.apfelpatient.de\/wp-content\/uploads\/2021\/04\/apple_new-imac-spring21_magic-keyboard-with-numeric-keypad-yellow_04202021-768x432.jpg 768w, https:\/\/www.apfelpatient.de\/wp-content\/uploads\/2021\/04\/apple_new-imac-spring21_magic-keyboard-with-numeric-keypad-yellow_04202021-1536x864.jpg 1536w, https:\/\/www.apfelpatient.de\/wp-content\/uploads\/2021\/04\/apple_new-imac-spring21_magic-keyboard-with-numeric-keypad-yellow_04202021-2048x1152.jpg 2048w, https:\/\/www.apfelpatient.de\/wp-content\/uploads\/2021\/04\/apple_new-imac-spring21_magic-keyboard-with-numeric-keypad-yellow_04202021-750x422.jpg 750w, https:\/\/www.apfelpatient.de\/wp-content\/uploads\/2021\/04\/apple_new-imac-spring21_magic-keyboard-with-numeric-keypad-yellow_04202021-1140x641.jpg 1140w\" sizes=\"(max-width: 1024px) 100vw, 1024px\" \/><figcaption>Image: Apple<\/figcaption><\/figure>\n\n\n\n<p>It starts at $1,299 and will be available for pre-order starting April 30, 2021. Delivery of the device to customers will begin in the second half of May. The iMac is the fourth Mac to switch to Apple Silicon, following the debut of the entry-level MacBook Pro, MacBook Air and Mac mini last fall. (Image: Apple)<\/p>\n\n\n\n<h6 class=\"wp-block-heading translation-block\" id=\"h-kennt-ihr-schon-unsere-amazon-storefront-dort-findet-ihr-eine-handverlesene-auswahl-von-diversen-produkten-f-r-euer-iphone-und-co-viel-spa-beim-st-bern\"><em>Have you already visited our Amazon Storefront? There you&#039;ll find a hand-picked selection of various products for your iPhone and other devices \u2013 <span class=\"has-inline-color has-vivid-red-color\"><a href=\"https:\/\/www.amazon.de\/shop\/apfelpatientofficial\" class=\"ek-link\" data-wpel-link=\"exclude\" rel=\"follow noopener\" target=\"_self\"><span style=\"text-decoration: underline\" class=\"ek-underline\">enjoy browsing<\/span><\/a> !<\/span><\/em><\/h6>\n\n\n\n<h6 class=\"wp-block-heading translation-block\" id=\"h-der-beitrag-enthalt-partnerlinks\">This post contains <a data-type=\"URL\" data-id=\"https:\/\/www.apfelpatient.de\/partnerprogramm\" href=\"https:\/\/www.apfelpatient.de\/en\/partner-program\" data-wpel-link=\"internal\" target=\"_self\">affiliate links<\/a>.<\/h6>","protected":false},"excerpt":{"rendered":"<p>Now it&#039;s official. Apple has introduced a new generation of iMacs in a brand new design with Apple Silicon Chip.<\/p>","protected":false},"author":2,"featured_media":21499,"comment_status":"closed","ping_status":"closed","sticky":false,"template":"","format":"standard","meta":{"jnews-multi-image_gallery":[],"jnews_single_post":{"subtitle":"","format":"standard","video":"","gallery":"","source_name":"","source_url":"","via_name":"","via_url":"","override":[{"single_blog_custom":"","sidebar":"","second_sidebar":"","share_position":"","share_float_style":"","post_date_format":"","post_date_format_custom":"","post_reading_time_wpm":"","zoom_button_out_step":"1","zoom_button_in_step":"1","number_popup_post":"1"}],"image_override":[{"single_post_thumbnail_size":"","single_post_gallery_size":""}],"trending_post_position":"","trending_post_label":"","sponsored_post_label":"","sponsored_post_name":"","sponsored_post_url":"","sponsored_post_logo":"","sponsored_post_desc":""},"jnews_primary_category":{"id":"9"},"footnotes":""},"categories":[9],"tags":[40],"class_list":["post-21498","post","type-post","status-publish","format-standard","has-post-thumbnail","hentry","category-news","tag-mac"],"yoast_head":"<!-- This site is optimized with the Yoast SEO Premium plugin v27.5 (Yoast SEO v27.5) - https:\/\/yoast.com\/product\/yoast-seo-premium-wordpress\/ -->\n<title>&quot;Spring Loaded&quot;-Event: Apple enth\u00fcllt neue iMac Generation Apfelpatient<\/title>\n<meta name=\"description\" content=\"Nun ist es offiziell. Apple hat eine neue Generation des iMacs in brandneuem Design mit Apple Silicon Chip vorgestellt.\" \/>\n<meta name=\"robots\" content=\"index, follow, max-snippet:-1, max-image-preview:large, max-video-preview:-1\" \/>\n<link rel=\"canonical\" href=\"https:\/\/www.apfelpatient.de\/en\/news\/spring-loaded-event-apple-unveils-new-imac-generation\" \/>\n<meta property=\"og:locale\" content=\"en_US\" \/>\n<meta property=\"og:type\" content=\"article\" \/>\n<meta property=\"og:title\" content=\"&quot;Spring Loaded&quot;-Event: Apple enth\u00fcllt neue iMac Generation\" \/>\n<meta property=\"og:description\" content=\"Nun ist es offiziell. Apple hat eine neue Generation des iMacs in brandneuem Design mit Apple Silicon Chip vorgestellt.\" \/>\n<meta property=\"og:url\" content=\"https:\/\/www.apfelpatient.de\/en\/news\/spring-loaded-event-apple-unveils-new-imac-generation\" \/>\n<meta property=\"og:site_name\" content=\"Apfelpatient\" \/>\n<meta property=\"article:publisher\" content=\"https:\/\/www.facebook.com\/apfelpatientOfficial\" \/>\n<meta property=\"article:author\" content=\"https:\/\/www.facebook.com\/apfelpatientOfficial\" \/>\n<meta property=\"article:published_time\" content=\"2021-04-20T18:28:11+00:00\" \/>\n<meta property=\"article:modified_time\" content=\"2021-04-24T21:23:39+00:00\" \/>\n<meta property=\"og:image\" content=\"https:\/\/www.apfelpatient.de\/wp-content\/uploads\/2021\/04\/apple_new-imac-spring21_hero_04202021-scaled.jpg\" \/>\n\t<meta property=\"og:image:width\" content=\"2560\" \/>\n\t<meta property=\"og:image:height\" content=\"1441\" \/>\n\t<meta property=\"og:image:type\" content=\"image\/jpeg\" \/>\n<meta name=\"author\" content=\"Milan\" \/>\n<meta name=\"twitter:card\" content=\"summary_large_image\" \/>\n<meta name=\"twitter:description\" content=\"Nun ist es offiziell. Apple hat eine neue Generation des iMacs in brandneuem Design mit Apple Silicon Chip vorgestellt.\" \/>\n<meta name=\"twitter:label1\" content=\"Written by\" \/>\n\t<meta name=\"twitter:data1\" content=\"Milan\" \/>\n\t<meta name=\"twitter:label2\" content=\"Est. reading time\" \/>\n\t<meta name=\"twitter:data2\" content=\"2 minutes\" \/>\n<script type=\"application\/ld+json\" class=\"yoast-schema-graph\">{\"@context\":\"https:\\\/\\\/schema.org\",\"@graph\":[{\"@type\":\"NewsArticle\",\"@id\":\"https:\\\/\\\/www.apfelpatient.de\\\/news\\\/spring-loaded-event-apple-enthuellt-neue-imac-generation#article\",\"isPartOf\":{\"@id\":\"https:\\\/\\\/www.apfelpatient.de\\\/news\\\/spring-loaded-event-apple-enthuellt-neue-imac-generation\"},\"author\":{\"@type\":\"Organization\",\"@id\":\"https:\\\/\\\/www.apfelpatient.de\\\/en\\\/#organization\",\"name\":\"Apfelpatient\",\"url\":\"https:\\\/\\\/www.apfelpatient.de\\\/en\\\/\"},\"headline\":\"&#8222;Spring Loaded&#8220;-Event: Apple enth\u00fcllt neue iMac Generation\",\"datePublished\":\"2021-04-20T18:28:11+00:00\",\"dateModified\":\"2021-04-24T21:23:39+00:00\",\"mainEntityOfPage\":{\"@id\":\"https:\\\/\\\/www.apfelpatient.de\\\/news\\\/spring-loaded-event-apple-enthuellt-neue-imac-generation\"},\"wordCount\":328,\"publisher\":{\"@type\":\"Organization\",\"@id\":\"https:\\\/\\\/www.apfelpatient.de\\\/en\\\/#organization\",\"name\":\"Apfelpatient\",\"url\":\"https:\\\/\\\/www.apfelpatient.de\\\/en\\\/\"},\"image\":{\"@id\":\"https:\\\/\\\/www.apfelpatient.de\\\/news\\\/spring-loaded-event-apple-enthuellt-neue-imac-generation#primaryimage\"},\"thumbnailUrl\":\"https:\\\/\\\/www.apfelpatient.de\\\/wp-content\\\/uploads\\\/2021\\\/04\\\/apple_new-imac-spring21_hero_04202021-scaled.jpg\",\"keywords\":[\"Mac\"],\"articleSection\":\"News\",\"inLanguage\":\"en-US\",\"copyrightYear\":\"2021\",\"copyrightHolder\":{\"@id\":\"https:\\\/\\\/www.apfelpatient.de\\\/en\\\/#organization\"}},{\"@type\":\"WebPage\",\"@id\":\"https:\\\/\\\/www.apfelpatient.de\\\/news\\\/spring-loaded-event-apple-enthuellt-neue-imac-generation\",\"url\":\"https:\\\/\\\/www.apfelpatient.de\\\/news\\\/spring-loaded-event-apple-enthuellt-neue-imac-generation\",\"name\":\"\\\"Spring Loaded\\\"-Event: Apple enth\u00fcllt neue iMac Generation Apfelpatient\",\"isPartOf\":{\"@id\":\"https:\\\/\\\/www.apfelpatient.de\\\/#website\"},\"primaryImageOfPage\":{\"@id\":\"https:\\\/\\\/www.apfelpatient.de\\\/news\\\/spring-loaded-event-apple-enthuellt-neue-imac-generation#primaryimage\"},\"image\":{\"@id\":\"https:\\\/\\\/www.apfelpatient.de\\\/news\\\/spring-loaded-event-apple-enthuellt-neue-imac-generation#primaryimage\"},\"thumbnailUrl\":\"https:\\\/\\\/www.apfelpatient.de\\\/wp-content\\\/uploads\\\/2021\\\/04\\\/apple_new-imac-spring21_hero_04202021-scaled.jpg\",\"datePublished\":\"2021-04-20T18:28:11+00:00\",\"dateModified\":\"2021-04-24T21:23:39+00:00\",\"description\":\"Nun ist es offiziell. Apple hat eine neue Generation des iMacs in brandneuem Design mit Apple Silicon Chip vorgestellt.\",\"breadcrumb\":{\"@id\":\"https:\\\/\\\/www.apfelpatient.de\\\/news\\\/spring-loaded-event-apple-enthuellt-neue-imac-generation#breadcrumb\"},\"inLanguage\":\"en-US\",\"potentialAction\":[{\"@type\":\"ReadAction\",\"target\":[\"https:\\\/\\\/www.apfelpatient.de\\\/news\\\/spring-loaded-event-apple-enthuellt-neue-imac-generation\"]}]},{\"@type\":\"ImageObject\",\"inLanguage\":\"en-US\",\"@id\":\"https:\\\/\\\/www.apfelpatient.de\\\/news\\\/spring-loaded-event-apple-enthuellt-neue-imac-generation#primaryimage\",\"url\":\"https:\\\/\\\/www.apfelpatient.de\\\/wp-content\\\/uploads\\\/2021\\\/04\\\/apple_new-imac-spring21_hero_04202021-scaled.jpg\",\"contentUrl\":\"https:\\\/\\\/www.apfelpatient.de\\\/wp-content\\\/uploads\\\/2021\\\/04\\\/apple_new-imac-spring21_hero_04202021-scaled.jpg\",\"width\":2560,\"height\":1441,\"caption\":\"Bild: Apple\"},{\"@type\":\"BreadcrumbList\",\"@id\":\"https:\\\/\\\/www.apfelpatient.de\\\/news\\\/spring-loaded-event-apple-enthuellt-neue-imac-generation#breadcrumb\",\"itemListElement\":[{\"@type\":\"ListItem\",\"position\":1,\"name\":\"Startseite\",\"item\":\"https:\\\/\\\/www.apfelpatient.de\\\/\"},{\"@type\":\"ListItem\",\"position\":2,\"name\":\"&#8222;Spring Loaded&#8220;-Event: Apple enth\u00fcllt neue iMac Generation\"}]},{\"@type\":\"WebSite\",\"@id\":\"https:\\\/\\\/www.apfelpatient.de\\\/#website\",\"url\":\"https:\\\/\\\/www.apfelpatient.de\\\/\",\"name\":\"Apfelpatient\",\"description\":\"Alles rund um Apple!\",\"publisher\":{\"@type\":\"Organization\",\"@id\":\"https:\\\/\\\/www.apfelpatient.de\\\/en\\\/#organization\",\"name\":\"Apfelpatient\",\"url\":\"https:\\\/\\\/www.apfelpatient.de\\\/en\\\/\"},\"alternateName\":\"Apfelpatient\",\"potentialAction\":[{\"@type\":\"SearchAction\",\"target\":{\"@type\":\"EntryPoint\",\"urlTemplate\":\"https:\\\/\\\/www.apfelpatient.de\\\/?s={search_term_string}\"},\"query-input\":{\"@type\":\"PropertyValueSpecification\",\"valueRequired\":true,\"valueName\":\"search_term_string\"}}],\"inLanguage\":\"en-US\"},{\"@type\":[\"Person\",\"Organization\"],\"@id\":\"https:\\\/\\\/www.apfelpatient.de\\\/#\\\/schema\\\/person\\\/7dc56ad6c8e9824b76d2c08d4c140e13\",\"name\":\"Milan\",\"logo\":{\"@id\":\"https:\\\/\\\/www.apfelpatient.de\\\/#\\\/schema\\\/person\\\/image\\\/\"},\"description\":\"Hallo und herzlich willkommen auf meinem Technik-Blog! Als gro\u00dfer Apple-Fan berichte ich hier \u00fcber alles, was mit Apple zu tun hat: von den neuesten News und spannenden Ger\u00fcchten \u00fcber hilfreiche Tipps und Tricks bis hin zu ausf\u00fchrlichen Produkttests. Wenn du genauso technikbegeistert bist wie ich, bist du hier genau richtig!\",\"sameAs\":[\"https:\\\/\\\/www.facebook.com\\\/apfelpatientOfficial\",\"https:\\\/\\\/www.linkedin.com\\\/in\\\/milan-jovicic-42aa0231b\"],\"url\":\"https:\\\/\\\/www.apfelpatient.de\\\/en\\\/author\\\/apfeladmin\"}]}<\/script>\n<!-- \/ Yoast SEO Premium plugin. -->","yoast_head_json":{"title":"&quot;Spring Loaded&quot; event: Apple unveils new iMac generation Apfelpatient","description":"Now it&#039;s official. Apple has introduced a new generation of iMacs in a brand new design with Apple Silicon Chip.","robots":{"index":"index","follow":"follow","max-snippet":"max-snippet:-1","max-image-preview":"max-image-preview:large","max-video-preview":"max-video-preview:-1"},"canonical":"https:\/\/www.apfelpatient.de\/en\/news\/spring-loaded-event-apple-unveils-new-imac-generation","og_locale":"en_US","og_type":"article","og_title":"\"Spring Loaded\"-Event: Apple enth\u00fcllt neue iMac Generation","og_description":"Nun ist es offiziell. Apple hat eine neue Generation des iMacs in brandneuem Design mit Apple Silicon Chip vorgestellt.","og_url":"https:\/\/www.apfelpatient.de\/en\/news\/spring-loaded-event-apple-unveils-new-imac-generation","og_site_name":"Apfelpatient","article_publisher":"https:\/\/www.facebook.com\/apfelpatientOfficial","article_author":"https:\/\/www.facebook.com\/apfelpatientOfficial","article_published_time":"2021-04-20T18:28:11+00:00","article_modified_time":"2021-04-24T21:23:39+00:00","og_image":[{"width":2560,"height":1441,"url":"https:\/\/www.apfelpatient.de\/wp-content\/uploads\/2021\/04\/apple_new-imac-spring21_hero_04202021-scaled.jpg","type":"image\/jpeg"}],"author":"Milan","twitter_card":"summary_large_image","twitter_description":"Nun ist es offiziell. Apple hat eine neue Generation des iMacs in brandneuem Design mit Apple Silicon Chip vorgestellt.","twitter_misc":{"Written by":"Milan","Est. reading time":"2 minutes"},"schema":{"@context":"https:\/\/schema.org","@graph":[{"@type":"NewsArticle","@id":"https:\/\/www.apfelpatient.de\/news\/spring-loaded-event-apple-enthuellt-neue-imac-generation#article","isPartOf":{"@id":"https:\/\/www.apfelpatient.de\/news\/spring-loaded-event-apple-enthuellt-neue-imac-generation"},"author":{"@type":"Organization","@id":"https:\/\/www.apfelpatient.de\/en\/#organization","name":"Apfelpatient","url":"https:\/\/www.apfelpatient.de\/en\/"},"headline":"&#8222;Spring Loaded&#8220;-Event: Apple enth\u00fcllt neue iMac Generation","datePublished":"2021-04-20T18:28:11+00:00","dateModified":"2021-04-24T21:23:39+00:00","mainEntityOfPage":{"@id":"https:\/\/www.apfelpatient.de\/news\/spring-loaded-event-apple-enthuellt-neue-imac-generation"},"wordCount":328,"publisher":{"@type":"Organization","@id":"https:\/\/www.apfelpatient.de\/en\/#organization","name":"Apfelpatient","url":"https:\/\/www.apfelpatient.de\/en\/"},"image":{"@id":"https:\/\/www.apfelpatient.de\/news\/spring-loaded-event-apple-enthuellt-neue-imac-generation#primaryimage"},"thumbnailUrl":"https:\/\/www.apfelpatient.de\/wp-content\/uploads\/2021\/04\/apple_new-imac-spring21_hero_04202021-scaled.jpg","keywords":["Mac"],"articleSection":"News","inLanguage":"en-US","copyrightYear":"2021","copyrightHolder":{"@id":"https:\/\/www.apfelpatient.de\/en\/#organization"}},{"@type":"WebPage","@id":"https:\/\/www.apfelpatient.de\/news\/spring-loaded-event-apple-enthuellt-neue-imac-generation","url":"https:\/\/www.apfelpatient.de\/news\/spring-loaded-event-apple-enthuellt-neue-imac-generation","name":"&quot;Spring Loaded&quot; event: Apple unveils new iMac generation Apfelpatient","isPartOf":{"@id":"https:\/\/www.apfelpatient.de\/#website"},"primaryImageOfPage":{"@id":"https:\/\/www.apfelpatient.de\/news\/spring-loaded-event-apple-enthuellt-neue-imac-generation#primaryimage"},"image":{"@id":"https:\/\/www.apfelpatient.de\/news\/spring-loaded-event-apple-enthuellt-neue-imac-generation#primaryimage"},"thumbnailUrl":"https:\/\/www.apfelpatient.de\/wp-content\/uploads\/2021\/04\/apple_new-imac-spring21_hero_04202021-scaled.jpg","datePublished":"2021-04-20T18:28:11+00:00","dateModified":"2021-04-24T21:23:39+00:00","description":"Now it&#039;s official. Apple has introduced a new generation of iMacs in a brand new design with Apple Silicon Chip.","breadcrumb":{"@id":"https:\/\/www.apfelpatient.de\/news\/spring-loaded-event-apple-enthuellt-neue-imac-generation#breadcrumb"},"inLanguage":"en-US","potentialAction":[{"@type":"ReadAction","target":["https:\/\/www.apfelpatient.de\/news\/spring-loaded-event-apple-enthuellt-neue-imac-generation"]}]},{"@type":"ImageObject","inLanguage":"en-US","@id":"https:\/\/www.apfelpatient.de\/news\/spring-loaded-event-apple-enthuellt-neue-imac-generation#primaryimage","url":"https:\/\/www.apfelpatient.de\/wp-content\/uploads\/2021\/04\/apple_new-imac-spring21_hero_04202021-scaled.jpg","contentUrl":"https:\/\/www.apfelpatient.de\/wp-content\/uploads\/2021\/04\/apple_new-imac-spring21_hero_04202021-scaled.jpg","width":2560,"height":1441,"caption":"Bild: Apple"},{"@type":"BreadcrumbList","@id":"https:\/\/www.apfelpatient.de\/news\/spring-loaded-event-apple-enthuellt-neue-imac-generation#breadcrumb","itemListElement":[{"@type":"ListItem","position":1,"name":"Startseite","item":"https:\/\/www.apfelpatient.de\/"},{"@type":"ListItem","position":2,"name":"&#8222;Spring Loaded&#8220;-Event: Apple enth\u00fcllt neue iMac Generation"}]},{"@type":"WebSite","@id":"https:\/\/www.apfelpatient.de\/#website","url":"https:\/\/www.apfelpatient.de\/","name":"apple patient","description":"Everything about Apple!","publisher":{"@type":"Organization","@id":"https:\/\/www.apfelpatient.de\/en\/#organization","name":"Apfelpatient","url":"https:\/\/www.apfelpatient.de\/en\/"},"alternateName":"Apfelpatient","potentialAction":[{"@type":"SearchAction","target":{"@type":"EntryPoint","urlTemplate":"https:\/\/www.apfelpatient.de\/?s={search_term_string}"},"query-input":{"@type":"PropertyValueSpecification","valueRequired":true,"valueName":"search_term_string"}}],"inLanguage":"en-US"},{"@type":["Person","Organization"],"@id":"https:\/\/www.apfelpatient.de\/#\/schema\/person\/7dc56ad6c8e9824b76d2c08d4c140e13","name":"Milan","logo":{"@id":"https:\/\/www.apfelpatient.de\/#\/schema\/person\/image\/"},"description":"Hello and welcome to my technology blog! As a big Apple fan, I report on everything to do with Apple: from the latest news and exciting rumors to helpful tips and tricks and detailed product tests. If you are as enthusiastic about technology as I am, you have come to the right place!","sameAs":["https:\/\/www.facebook.com\/apfelpatientOfficial","https:\/\/www.linkedin.com\/in\/milan-jovicic-42aa0231b"],"url":"https:\/\/www.apfelpatient.de\/en\/author\/apfeladmin"}]}},"_links":{"self":[{"href":"https:\/\/www.apfelpatient.de\/en\/wp-json\/wp\/v2\/posts\/21498","targetHints":{"allow":["GET"]}}],"collection":[{"href":"https:\/\/www.apfelpatient.de\/en\/wp-json\/wp\/v2\/posts"}],"about":[{"href":"https:\/\/www.apfelpatient.de\/en\/wp-json\/wp\/v2\/types\/post"}],"author":[{"embeddable":true,"href":"https:\/\/www.apfelpatient.de\/en\/wp-json\/wp\/v2\/users\/2"}],"replies":[{"embeddable":true,"href":"https:\/\/www.apfelpatient.de\/en\/wp-json\/wp\/v2\/comments?post=21498"}],"version-history":[{"count":0,"href":"https:\/\/www.apfelpatient.de\/en\/wp-json\/wp\/v2\/posts\/21498\/revisions"}],"wp:featuredmedia":[{"embeddable":true,"href":"https:\/\/www.apfelpatient.de\/en\/wp-json\/wp\/v2\/media\/21499"}],"wp:attachment":[{"href":"https:\/\/www.apfelpatient.de\/en\/wp-json\/wp\/v2\/media?parent=21498"}],"wp:term":[{"taxonomy":"category","embeddable":true,"href":"https:\/\/www.apfelpatient.de\/en\/wp-json\/wp\/v2\/categories?post=21498"},{"taxonomy":"post_tag","embeddable":true,"href":"https:\/\/www.apfelpatient.de\/en\/wp-json\/wp\/v2\/tags?post=21498"}],"curies":[{"name":"wp","href":"https:\/\/api.w.org\/{rel}","templated":true}]}}