{"id":21489,"date":"2021-04-20T19:53:19","date_gmt":"2021-04-20T17:53:19","guid":{"rendered":"https:\/\/www.apfelpatient.de\/?p=21489"},"modified":"2021-04-24T23:23:57","modified_gmt":"2021-04-24T21:23:57","slug":"spring-loaded-event-apple-introduces-iphone-12-in-new-color","status":"publish","type":"post","link":"https:\/\/www.apfelpatient.de\/en\/news\/spring-loaded-event-apple-stellt-iphone-12-in-neuer-farbe-vor","title":{"rendered":"\u201cSpring Loaded\u201d event: Apple introduces iPhone 12 in new color"},"content":{"rendered":"<p class=\"has-drop-cap\"><strong>Apple introduced a new version of the iPhone 12 and iPhone 12 mini at the &quot;Spring Loaded&quot; event. The devices introduced in October are now available in a new color.<\/strong><\/p>\n\n\n\n<p>Apple briefly mentioned the upcoming new iPhone 12 model during the event, noting that it is a spring color. The new color is only available for the standard iPhone 12 and iPhone 12 mini - not the &quot;Pro&quot; models. The purple iPhone 12 will be available for pre-order starting Friday, April 23. It will ship a week later, on April 30. Greg Joswiak <a href=\"https:\/\/www.apple.com\/newsroom\/2021\/04\/apple-introduces-iphone-12-and-iphone-12-mini-in-a-stunning-new-purple\/\" target=\"_blank\" rel=\"noreferrer noopener\">expressed<\/a> as follows:<\/p>\n\n\n\n<figure class=\"wp-block-image size-large\"><img decoding=\"async\" width=\"1024\" height=\"767\" src=\"https:\/\/www.apfelpatient.de\/wp-content\/uploads\/2021\/04\/apple_iphone-12-spring21_purple_04202021-1024x767.jpg\" alt=\"iPhone 12\" class=\"wp-image-21488\" srcset=\"https:\/\/www.apfelpatient.de\/wp-content\/uploads\/2021\/04\/apple_iphone-12-spring21_purple_04202021-1024x767.jpg 1024w, https:\/\/www.apfelpatient.de\/wp-content\/uploads\/2021\/04\/apple_iphone-12-spring21_purple_04202021-300x225.jpg 300w, https:\/\/www.apfelpatient.de\/wp-content\/uploads\/2021\/04\/apple_iphone-12-spring21_purple_04202021-768x575.jpg 768w, https:\/\/www.apfelpatient.de\/wp-content\/uploads\/2021\/04\/apple_iphone-12-spring21_purple_04202021-1536x1151.jpg 1536w, https:\/\/www.apfelpatient.de\/wp-content\/uploads\/2021\/04\/apple_iphone-12-spring21_purple_04202021-2048x1534.jpg 2048w, https:\/\/www.apfelpatient.de\/wp-content\/uploads\/2021\/04\/apple_iphone-12-spring21_purple_04202021-750x562.jpg 750w, https:\/\/www.apfelpatient.de\/wp-content\/uploads\/2021\/04\/apple_iphone-12-spring21_purple_04202021-1140x854.jpg 1140w\" sizes=\"(max-width: 1024px) 100vw, 1024px\" \/><figcaption>Image: Apple<\/figcaption><\/figure>\n\n\n\n<h3 class=\"wp-block-heading\" id=\"h-iphone-12-in-neuer-farbe-spezifikationen-bleiben-unver-ndert\">iPhone 12 in new color: specifications remain unchanged<\/h3>\n\n\n\n\n\n\n\n<blockquote class=\"wp-block-quote is-layout-flow wp-block-quote-is-layout-flow\"><p>iPhone 12 is the most popular smartphone in the world. The iPhone 12 family has a customer satisfaction rate of over 99 percent. The new purple color, just in time for spring, adds another bright and fun option to the lineup, and we think customers will love it. This gorgeous new color joins the iPhone 12 and iPhone 12 mini family, which comes in five other stunning colors, and features an advanced dual-camera system, a Super Retina XDR display, improved durability, A14 Bionic\u2014the fastest chip ever in a smartphone\u2014great battery life, and the best 5G experience on a smartphone.<\/p><\/blockquote>\n\n\n\n<p>While the iPhone 12 starts at $799 with 64GB of storage, the iPhone 12 mini can be purchased for as little as $699. The phones feature the same A14 chip, 5G wireless and a Super Retina XDR display as the models released in the fall. (Image: Apple)<\/p>\n\n\n\n<h6 class=\"wp-block-heading translation-block\" id=\"h-kennt-ihr-schon-unsere-amazon-storefront-dort-findet-ihr-eine-handverlesene-auswahl-von-diversen-produkten-f-r-euer-iphone-und-co-viel-spa-beim-st-bern\"><em>Have you already visited our Amazon Storefront? There you&#039;ll find a hand-picked selection of various products for your iPhone and other devices \u2013 <span class=\"has-inline-color has-vivid-red-color\"><a href=\"https:\/\/www.amazon.de\/shop\/apfelpatientofficial\" class=\"ek-link\" data-wpel-link=\"exclude\" rel=\"follow noopener\" target=\"_self\"><span style=\"text-decoration: underline\" class=\"ek-underline\">enjoy browsing<\/span><\/a> !<\/span><\/em><\/h6>\n\n\n\n<h6 class=\"wp-block-heading translation-block\" id=\"h-der-beitrag-enthalt-partnerlinks\">This post contains <a data-type=\"URL\" data-id=\"https:\/\/www.apfelpatient.de\/partnerprogramm\" href=\"https:\/\/www.apfelpatient.de\/en\/partner-program\" data-wpel-link=\"internal\" target=\"_self\">affiliate links<\/a>.<\/h6>","protected":false},"excerpt":{"rendered":"<p>Apple introduced a new version of the iPhone 12 and iPhone 12 mini at the \u201cSpring Loaded\u201d event.<\/p>","protected":false},"author":2,"featured_media":21487,"comment_status":"closed","ping_status":"closed","sticky":false,"template":"","format":"standard","meta":{"jnews-multi-image_gallery":[],"jnews_single_post":{"subtitle":"","format":"standard","video":"","gallery":"","source_name":"","source_url":"","via_name":"","via_url":"","override":[{"single_blog_custom":"","sidebar":"","second_sidebar":"","share_position":"","share_float_style":"","post_date_format":"","post_date_format_custom":"","post_reading_time_wpm":"","zoom_button_out_step":"1","zoom_button_in_step":"1","number_popup_post":"1"}],"image_override":[{"single_post_thumbnail_size":"","single_post_gallery_size":""}],"trending_post_position":"","trending_post_label":"","sponsored_post_label":"","sponsored_post_name":"","sponsored_post_url":"","sponsored_post_logo":"","sponsored_post_desc":""},"jnews_primary_category":{"id":"9"},"footnotes":""},"categories":[9],"tags":[8,321],"class_list":["post-21489","post","type-post","status-publish","format-standard","has-post-thumbnail","hentry","category-news","tag-iphone","tag-iphone-12"],"yoast_head":"<!-- This site is optimized with the Yoast SEO Premium plugin v27.5 (Yoast SEO v27.5) - https:\/\/yoast.com\/product\/yoast-seo-premium-wordpress\/ -->\n<title>&quot;Spring Loaded&quot;-Event: Apple stellt iPhone 12 in neuer Farbe vor<\/title>\n<meta name=\"description\" content=\"Apple hat im Rahmen des &quot;Spring Loaded&quot;-Events eine neue Version des iPhone 12 und iPhone 12 mini vorgestellt.\" \/>\n<meta name=\"robots\" content=\"index, follow, max-snippet:-1, max-image-preview:large, max-video-preview:-1\" \/>\n<link rel=\"canonical\" href=\"https:\/\/www.apfelpatient.de\/en\/news\/spring-loaded-event-apple-introduces-iphone-12-in-new-color\" \/>\n<meta property=\"og:locale\" content=\"en_US\" \/>\n<meta property=\"og:type\" content=\"article\" \/>\n<meta property=\"og:title\" content=\"&quot;Spring Loaded&quot;-Event: Apple stellt iPhone 12 in neuer Farbe vor\" \/>\n<meta property=\"og:description\" content=\"Apple hat im Rahmen des &quot;Spring Loaded&quot;-Events eine neue Version des iPhone 12 und iPhone 12 mini vorgestellt.\" \/>\n<meta property=\"og:url\" content=\"https:\/\/www.apfelpatient.de\/en\/news\/spring-loaded-event-apple-introduces-iphone-12-in-new-color\" \/>\n<meta property=\"og:site_name\" content=\"Apfelpatient\" \/>\n<meta property=\"article:publisher\" content=\"https:\/\/www.facebook.com\/apfelpatientOfficial\" \/>\n<meta property=\"article:author\" content=\"https:\/\/www.facebook.com\/apfelpatientOfficial\" \/>\n<meta property=\"article:published_time\" content=\"2021-04-20T17:53:19+00:00\" \/>\n<meta property=\"article:modified_time\" content=\"2021-04-24T21:23:57+00:00\" \/>\n<meta property=\"og:image\" content=\"https:\/\/www.apfelpatient.de\/wp-content\/uploads\/2021\/04\/apple_iphone-12-spring21_durable-design-display_us_04202021.jpg\" \/>\n\t<meta property=\"og:image:width\" content=\"2400\" \/>\n\t<meta property=\"og:image:height\" content=\"1350\" \/>\n\t<meta property=\"og:image:type\" content=\"image\/jpeg\" \/>\n<meta name=\"author\" content=\"Milan\" \/>\n<meta name=\"twitter:card\" content=\"summary_large_image\" \/>\n<meta name=\"twitter:description\" content=\"Apple hat im Rahmen des &quot;Spring Loaded&quot;-Events eine neue Version des iPhone 12 und iPhone 12 mini vorgestellt.\" \/>\n<meta name=\"twitter:label1\" content=\"Written by\" \/>\n\t<meta name=\"twitter:data1\" content=\"Milan\" \/>\n\t<meta name=\"twitter:label2\" content=\"Est. reading time\" \/>\n\t<meta name=\"twitter:data2\" content=\"2 minutes\" \/>\n<script type=\"application\/ld+json\" class=\"yoast-schema-graph\">{\"@context\":\"https:\\\/\\\/schema.org\",\"@graph\":[{\"@type\":\"NewsArticle\",\"@id\":\"https:\\\/\\\/www.apfelpatient.de\\\/news\\\/spring-loaded-event-apple-stellt-iphone-12-in-neuer-farbe-vor#article\",\"isPartOf\":{\"@id\":\"https:\\\/\\\/www.apfelpatient.de\\\/news\\\/spring-loaded-event-apple-stellt-iphone-12-in-neuer-farbe-vor\"},\"author\":{\"@type\":\"Organization\",\"@id\":\"https:\\\/\\\/www.apfelpatient.de\\\/en\\\/#organization\",\"name\":\"Apfelpatient\",\"url\":\"https:\\\/\\\/www.apfelpatient.de\\\/en\\\/\"},\"headline\":\"&#8222;Spring Loaded&#8220;-Event: Apple stellt iPhone 12 in neuer Farbe vor\",\"datePublished\":\"2021-04-20T17:53:19+00:00\",\"dateModified\":\"2021-04-24T21:23:57+00:00\",\"mainEntityOfPage\":{\"@id\":\"https:\\\/\\\/www.apfelpatient.de\\\/news\\\/spring-loaded-event-apple-stellt-iphone-12-in-neuer-farbe-vor\"},\"wordCount\":277,\"publisher\":{\"@type\":\"Organization\",\"@id\":\"https:\\\/\\\/www.apfelpatient.de\\\/en\\\/#organization\",\"name\":\"Apfelpatient\",\"url\":\"https:\\\/\\\/www.apfelpatient.de\\\/en\\\/\"},\"image\":{\"@id\":\"https:\\\/\\\/www.apfelpatient.de\\\/news\\\/spring-loaded-event-apple-stellt-iphone-12-in-neuer-farbe-vor#primaryimage\"},\"thumbnailUrl\":\"https:\\\/\\\/www.apfelpatient.de\\\/wp-content\\\/uploads\\\/2021\\\/04\\\/apple_iphone-12-spring21_durable-design-display_us_04202021.jpg\",\"keywords\":[\"iPhone\",\"iPhone 12\"],\"articleSection\":\"News\",\"inLanguage\":\"en-US\",\"copyrightYear\":\"2021\",\"copyrightHolder\":{\"@id\":\"https:\\\/\\\/www.apfelpatient.de\\\/en\\\/#organization\"}},{\"@type\":\"WebPage\",\"@id\":\"https:\\\/\\\/www.apfelpatient.de\\\/news\\\/spring-loaded-event-apple-stellt-iphone-12-in-neuer-farbe-vor\",\"url\":\"https:\\\/\\\/www.apfelpatient.de\\\/news\\\/spring-loaded-event-apple-stellt-iphone-12-in-neuer-farbe-vor\",\"name\":\"\\\"Spring Loaded\\\"-Event: Apple stellt iPhone 12 in neuer Farbe vor\",\"isPartOf\":{\"@id\":\"https:\\\/\\\/www.apfelpatient.de\\\/#website\"},\"primaryImageOfPage\":{\"@id\":\"https:\\\/\\\/www.apfelpatient.de\\\/news\\\/spring-loaded-event-apple-stellt-iphone-12-in-neuer-farbe-vor#primaryimage\"},\"image\":{\"@id\":\"https:\\\/\\\/www.apfelpatient.de\\\/news\\\/spring-loaded-event-apple-stellt-iphone-12-in-neuer-farbe-vor#primaryimage\"},\"thumbnailUrl\":\"https:\\\/\\\/www.apfelpatient.de\\\/wp-content\\\/uploads\\\/2021\\\/04\\\/apple_iphone-12-spring21_durable-design-display_us_04202021.jpg\",\"datePublished\":\"2021-04-20T17:53:19+00:00\",\"dateModified\":\"2021-04-24T21:23:57+00:00\",\"description\":\"Apple hat im Rahmen des \\\"Spring Loaded\\\"-Events eine neue Version des iPhone 12 und iPhone 12 mini vorgestellt.\",\"breadcrumb\":{\"@id\":\"https:\\\/\\\/www.apfelpatient.de\\\/news\\\/spring-loaded-event-apple-stellt-iphone-12-in-neuer-farbe-vor#breadcrumb\"},\"inLanguage\":\"en-US\",\"potentialAction\":[{\"@type\":\"ReadAction\",\"target\":[\"https:\\\/\\\/www.apfelpatient.de\\\/news\\\/spring-loaded-event-apple-stellt-iphone-12-in-neuer-farbe-vor\"]}]},{\"@type\":\"ImageObject\",\"inLanguage\":\"en-US\",\"@id\":\"https:\\\/\\\/www.apfelpatient.de\\\/news\\\/spring-loaded-event-apple-stellt-iphone-12-in-neuer-farbe-vor#primaryimage\",\"url\":\"https:\\\/\\\/www.apfelpatient.de\\\/wp-content\\\/uploads\\\/2021\\\/04\\\/apple_iphone-12-spring21_durable-design-display_us_04202021.jpg\",\"contentUrl\":\"https:\\\/\\\/www.apfelpatient.de\\\/wp-content\\\/uploads\\\/2021\\\/04\\\/apple_iphone-12-spring21_durable-design-display_us_04202021.jpg\",\"width\":2400,\"height\":1350,\"caption\":\"Bild: Apple\"},{\"@type\":\"BreadcrumbList\",\"@id\":\"https:\\\/\\\/www.apfelpatient.de\\\/news\\\/spring-loaded-event-apple-stellt-iphone-12-in-neuer-farbe-vor#breadcrumb\",\"itemListElement\":[{\"@type\":\"ListItem\",\"position\":1,\"name\":\"Startseite\",\"item\":\"https:\\\/\\\/www.apfelpatient.de\\\/\"},{\"@type\":\"ListItem\",\"position\":2,\"name\":\"&#8222;Spring Loaded&#8220;-Event: Apple stellt iPhone 12 in neuer Farbe vor\"}]},{\"@type\":\"WebSite\",\"@id\":\"https:\\\/\\\/www.apfelpatient.de\\\/#website\",\"url\":\"https:\\\/\\\/www.apfelpatient.de\\\/\",\"name\":\"Apfelpatient\",\"description\":\"Alles rund um Apple!\",\"publisher\":{\"@type\":\"Organization\",\"@id\":\"https:\\\/\\\/www.apfelpatient.de\\\/en\\\/#organization\",\"name\":\"Apfelpatient\",\"url\":\"https:\\\/\\\/www.apfelpatient.de\\\/en\\\/\"},\"alternateName\":\"Apfelpatient\",\"potentialAction\":[{\"@type\":\"SearchAction\",\"target\":{\"@type\":\"EntryPoint\",\"urlTemplate\":\"https:\\\/\\\/www.apfelpatient.de\\\/?s={search_term_string}\"},\"query-input\":{\"@type\":\"PropertyValueSpecification\",\"valueRequired\":true,\"valueName\":\"search_term_string\"}}],\"inLanguage\":\"en-US\"},{\"@type\":[\"Person\",\"Organization\"],\"@id\":\"https:\\\/\\\/www.apfelpatient.de\\\/#\\\/schema\\\/person\\\/35b3ddba5832f2bfc7fff5206d4f6b7b\",\"name\":\"Milan\",\"logo\":{\"@id\":\"https:\\\/\\\/www.apfelpatient.de\\\/#\\\/schema\\\/person\\\/image\\\/\"},\"description\":\"Hallo und herzlich willkommen auf meinem Technik-Blog! Als gro\u00dfer Apple-Fan berichte ich hier \u00fcber alles, was mit Apple zu tun hat: von den neuesten News und spannenden Ger\u00fcchten \u00fcber hilfreiche Tipps und Tricks bis hin zu ausf\u00fchrlichen Produkttests. Wenn du genauso technikbegeistert bist wie ich, bist du hier genau richtig!\",\"sameAs\":[\"https:\\\/\\\/www.facebook.com\\\/apfelpatientOfficial\",\"https:\\\/\\\/www.linkedin.com\\\/in\\\/milan-jovicic-42aa0231b\"],\"url\":\"https:\\\/\\\/www.apfelpatient.de\\\/en\\\/author\\\/apfeladmin\"}]}<\/script>\n<!-- \/ Yoast SEO Premium plugin. -->","yoast_head_json":{"title":"&quot;Spring Loaded&quot; event: Apple introduces iPhone 12 in new color","description":"Apple introduced a new version of the iPhone 12 and iPhone 12 mini at the &quot;Spring Loaded&quot; event.","robots":{"index":"index","follow":"follow","max-snippet":"max-snippet:-1","max-image-preview":"max-image-preview:large","max-video-preview":"max-video-preview:-1"},"canonical":"https:\/\/www.apfelpatient.de\/en\/news\/spring-loaded-event-apple-introduces-iphone-12-in-new-color","og_locale":"en_US","og_type":"article","og_title":"\"Spring Loaded\"-Event: Apple stellt iPhone 12 in neuer Farbe vor","og_description":"Apple hat im Rahmen des \"Spring Loaded\"-Events eine neue Version des iPhone 12 und iPhone 12 mini vorgestellt.","og_url":"https:\/\/www.apfelpatient.de\/en\/news\/spring-loaded-event-apple-introduces-iphone-12-in-new-color","og_site_name":"Apfelpatient","article_publisher":"https:\/\/www.facebook.com\/apfelpatientOfficial","article_author":"https:\/\/www.facebook.com\/apfelpatientOfficial","article_published_time":"2021-04-20T17:53:19+00:00","article_modified_time":"2021-04-24T21:23:57+00:00","og_image":[{"width":2400,"height":1350,"url":"https:\/\/www.apfelpatient.de\/wp-content\/uploads\/2021\/04\/apple_iphone-12-spring21_durable-design-display_us_04202021.jpg","type":"image\/jpeg"}],"author":"Milan","twitter_card":"summary_large_image","twitter_description":"Apple hat im Rahmen des \"Spring Loaded\"-Events eine neue Version des iPhone 12 und iPhone 12 mini vorgestellt.","twitter_misc":{"Written by":"Milan","Est. reading time":"2 minutes"},"schema":{"@context":"https:\/\/schema.org","@graph":[{"@type":"NewsArticle","@id":"https:\/\/www.apfelpatient.de\/news\/spring-loaded-event-apple-stellt-iphone-12-in-neuer-farbe-vor#article","isPartOf":{"@id":"https:\/\/www.apfelpatient.de\/news\/spring-loaded-event-apple-stellt-iphone-12-in-neuer-farbe-vor"},"author":{"@type":"Organization","@id":"https:\/\/www.apfelpatient.de\/en\/#organization","name":"Apfelpatient","url":"https:\/\/www.apfelpatient.de\/en\/"},"headline":"&#8222;Spring Loaded&#8220;-Event: Apple stellt iPhone 12 in neuer Farbe vor","datePublished":"2021-04-20T17:53:19+00:00","dateModified":"2021-04-24T21:23:57+00:00","mainEntityOfPage":{"@id":"https:\/\/www.apfelpatient.de\/news\/spring-loaded-event-apple-stellt-iphone-12-in-neuer-farbe-vor"},"wordCount":277,"publisher":{"@type":"Organization","@id":"https:\/\/www.apfelpatient.de\/en\/#organization","name":"Apfelpatient","url":"https:\/\/www.apfelpatient.de\/en\/"},"image":{"@id":"https:\/\/www.apfelpatient.de\/news\/spring-loaded-event-apple-stellt-iphone-12-in-neuer-farbe-vor#primaryimage"},"thumbnailUrl":"https:\/\/www.apfelpatient.de\/wp-content\/uploads\/2021\/04\/apple_iphone-12-spring21_durable-design-display_us_04202021.jpg","keywords":["iPhone","iPhone 12"],"articleSection":"News","inLanguage":"en-US","copyrightYear":"2021","copyrightHolder":{"@id":"https:\/\/www.apfelpatient.de\/en\/#organization"}},{"@type":"WebPage","@id":"https:\/\/www.apfelpatient.de\/news\/spring-loaded-event-apple-stellt-iphone-12-in-neuer-farbe-vor","url":"https:\/\/www.apfelpatient.de\/news\/spring-loaded-event-apple-stellt-iphone-12-in-neuer-farbe-vor","name":"&quot;Spring Loaded&quot; event: Apple introduces iPhone 12 in new color","isPartOf":{"@id":"https:\/\/www.apfelpatient.de\/#website"},"primaryImageOfPage":{"@id":"https:\/\/www.apfelpatient.de\/news\/spring-loaded-event-apple-stellt-iphone-12-in-neuer-farbe-vor#primaryimage"},"image":{"@id":"https:\/\/www.apfelpatient.de\/news\/spring-loaded-event-apple-stellt-iphone-12-in-neuer-farbe-vor#primaryimage"},"thumbnailUrl":"https:\/\/www.apfelpatient.de\/wp-content\/uploads\/2021\/04\/apple_iphone-12-spring21_durable-design-display_us_04202021.jpg","datePublished":"2021-04-20T17:53:19+00:00","dateModified":"2021-04-24T21:23:57+00:00","description":"Apple introduced a new version of the iPhone 12 and iPhone 12 mini at the &quot;Spring Loaded&quot; event.","breadcrumb":{"@id":"https:\/\/www.apfelpatient.de\/news\/spring-loaded-event-apple-stellt-iphone-12-in-neuer-farbe-vor#breadcrumb"},"inLanguage":"en-US","potentialAction":[{"@type":"ReadAction","target":["https:\/\/www.apfelpatient.de\/news\/spring-loaded-event-apple-stellt-iphone-12-in-neuer-farbe-vor"]}]},{"@type":"ImageObject","inLanguage":"en-US","@id":"https:\/\/www.apfelpatient.de\/news\/spring-loaded-event-apple-stellt-iphone-12-in-neuer-farbe-vor#primaryimage","url":"https:\/\/www.apfelpatient.de\/wp-content\/uploads\/2021\/04\/apple_iphone-12-spring21_durable-design-display_us_04202021.jpg","contentUrl":"https:\/\/www.apfelpatient.de\/wp-content\/uploads\/2021\/04\/apple_iphone-12-spring21_durable-design-display_us_04202021.jpg","width":2400,"height":1350,"caption":"Bild: Apple"},{"@type":"BreadcrumbList","@id":"https:\/\/www.apfelpatient.de\/news\/spring-loaded-event-apple-stellt-iphone-12-in-neuer-farbe-vor#breadcrumb","itemListElement":[{"@type":"ListItem","position":1,"name":"Startseite","item":"https:\/\/www.apfelpatient.de\/"},{"@type":"ListItem","position":2,"name":"&#8222;Spring Loaded&#8220;-Event: Apple stellt iPhone 12 in neuer Farbe vor"}]},{"@type":"WebSite","@id":"https:\/\/www.apfelpatient.de\/#website","url":"https:\/\/www.apfelpatient.de\/","name":"apple patient","description":"Everything about Apple!","publisher":{"@type":"Organization","@id":"https:\/\/www.apfelpatient.de\/en\/#organization","name":"Apfelpatient","url":"https:\/\/www.apfelpatient.de\/en\/"},"alternateName":"Apfelpatient","potentialAction":[{"@type":"SearchAction","target":{"@type":"EntryPoint","urlTemplate":"https:\/\/www.apfelpatient.de\/?s={search_term_string}"},"query-input":{"@type":"PropertyValueSpecification","valueRequired":true,"valueName":"search_term_string"}}],"inLanguage":"en-US"},{"@type":["Person","Organization"],"@id":"https:\/\/www.apfelpatient.de\/#\/schema\/person\/35b3ddba5832f2bfc7fff5206d4f6b7b","name":"Milan","logo":{"@id":"https:\/\/www.apfelpatient.de\/#\/schema\/person\/image\/"},"description":"Hello and welcome to my technology blog! As a big Apple fan, I report on everything to do with Apple: from the latest news and exciting rumors to helpful tips and tricks and detailed product tests. If you are as enthusiastic about technology as I am, you have come to the right place!","sameAs":["https:\/\/www.facebook.com\/apfelpatientOfficial","https:\/\/www.linkedin.com\/in\/milan-jovicic-42aa0231b"],"url":"https:\/\/www.apfelpatient.de\/en\/author\/apfeladmin"}]}},"_links":{"self":[{"href":"https:\/\/www.apfelpatient.de\/en\/wp-json\/wp\/v2\/posts\/21489","targetHints":{"allow":["GET"]}}],"collection":[{"href":"https:\/\/www.apfelpatient.de\/en\/wp-json\/wp\/v2\/posts"}],"about":[{"href":"https:\/\/www.apfelpatient.de\/en\/wp-json\/wp\/v2\/types\/post"}],"author":[{"embeddable":true,"href":"https:\/\/www.apfelpatient.de\/en\/wp-json\/wp\/v2\/users\/2"}],"replies":[{"embeddable":true,"href":"https:\/\/www.apfelpatient.de\/en\/wp-json\/wp\/v2\/comments?post=21489"}],"version-history":[{"count":0,"href":"https:\/\/www.apfelpatient.de\/en\/wp-json\/wp\/v2\/posts\/21489\/revisions"}],"wp:featuredmedia":[{"embeddable":true,"href":"https:\/\/www.apfelpatient.de\/en\/wp-json\/wp\/v2\/media\/21487"}],"wp:attachment":[{"href":"https:\/\/www.apfelpatient.de\/en\/wp-json\/wp\/v2\/media?parent=21489"}],"wp:term":[{"taxonomy":"category","embeddable":true,"href":"https:\/\/www.apfelpatient.de\/en\/wp-json\/wp\/v2\/categories?post=21489"},{"taxonomy":"post_tag","embeddable":true,"href":"https:\/\/www.apfelpatient.de\/en\/wp-json\/wp\/v2\/tags?post=21489"}],"curies":[{"name":"wp","href":"https:\/\/api.w.org\/{rel}","templated":true}]}}