{"id":2143,"date":"2018-09-24T19:12:30","date_gmt":"2018-09-24T17:12:30","guid":{"rendered":"https:\/\/www.apfelpatient.de\/?p=2143"},"modified":"2018-09-24T19:12:30","modified_gmt":"2018-09-24T17:12:30","slug":"apple-releases-macos-mojave","status":"publish","type":"post","link":"https:\/\/www.apfelpatient.de\/en\/news\/apple-veroeffentlicht-macos-mojave","title":{"rendered":"Apple releases macOS Mojave"},"content":{"rendered":"<p><strong>This evening, Apple released the final version of macOS Mojave.<\/strong><\/p>\n<p>Which Macs are compatible with macOS Mojave? Since the new operating system requires Metal support, fewer Mac models will be moving into the next round this year. These are the devices compatible with macOS Mojave:<\/p>\n\n<p>\u2013 All MacBooks since 2015<br \/>\n\u2013 MacBook Air since mid-2012<br \/>\n\u2013 MacBook Pro since mid-2012<br \/>\n\u2013 Mac mini since the end of 2012<br \/>\n\u2013 iMac since the end of 2012<br \/>\n\u2013 Mac Pro from 2013<br \/>\n\u2013 Mac Pro from 2010 and 2012 only with Metal-capable GPU<br \/>\n\u2013 iMac Pro<\/p>\n<p>The new operating system can be downloaded from the Mac App Store.<\/p>","protected":false},"excerpt":{"rendered":"<p>Am heutigen Abend hat Apple die finale Version von macOS Mojave freigegeben. Welche Macs sind mit macOS Mojave kompatibel? Da f\u00fcr das neue Betriebssystem Metal-Unterst\u00fctzung die Voraussetzung ist, werden in diesem Jahr weniger Mac-Modelle in die n\u00e4chste Runde gehen. Das sind die mit macOS Mojave kompatiblen Ger\u00e4te: \u2013 Alle MacBooks seit 2015 \u2013 MacBook Air [&hellip;]<\/p>\n","protected":false},"author":2,"featured_media":2144,"comment_status":"open","ping_status":"open","sticky":false,"template":"","format":"standard","meta":{"jnews-multi-image_gallery":[],"jnews_single_post":[],"jnews_primary_category":[],"footnotes":""},"categories":[9],"tags":[4,82],"class_list":["post-2143","post","type-post","status-publish","format-standard","has-post-thumbnail","hentry","category-news","tag-macos","tag-macos-mojave"],"yoast_head":"<!-- This site is optimized with the Yoast SEO Premium plugin v27.5 (Yoast SEO v27.5) - https:\/\/yoast.com\/product\/yoast-seo-premium-wordpress\/ -->\n<title>Apple ver\u00f6ffentlicht macOS Mojave Apfelpatient<\/title>\n<meta name=\"description\" content=\"Am heutigen Abend hat Apple die finale Version von macOS Mojave freigegeben. Welche Macs sind mit macOS Mojave kompatibel? Da f\u00fcr das neue Betriebssystem\" \/>\n<meta name=\"robots\" content=\"index, follow, max-snippet:-1, max-image-preview:large, max-video-preview:-1\" \/>\n<link rel=\"canonical\" href=\"https:\/\/www.apfelpatient.de\/en\/news\/apple-releases-macos-mojave\" \/>\n<meta property=\"og:locale\" content=\"en_US\" \/>\n<meta property=\"og:type\" content=\"article\" \/>\n<meta property=\"og:title\" content=\"Apple ver\u00f6ffentlicht macOS Mojave\" \/>\n<meta property=\"og:description\" content=\"Am heutigen Abend hat Apple die finale Version von macOS Mojave freigegeben. Welche Macs sind mit macOS Mojave kompatibel? Da f\u00fcr das neue Betriebssystem\" \/>\n<meta property=\"og:url\" content=\"https:\/\/www.apfelpatient.de\/en\/news\/apple-releases-macos-mojave\" \/>\n<meta property=\"og:site_name\" content=\"Apfelpatient\" \/>\n<meta property=\"article:publisher\" content=\"https:\/\/www.facebook.com\/apfelpatientOfficial\" \/>\n<meta property=\"article:author\" content=\"https:\/\/www.facebook.com\/apfelpatientOfficial\" \/>\n<meta property=\"article:published_time\" content=\"2018-09-24T17:12:30+00:00\" \/>\n<meta property=\"og:image\" content=\"https:\/\/www.apfelpatient.de\/wp-content\/uploads\/2018\/09\/Apple-MacBook-Pro-macOS-Mojave-Home-screen-09242018.jpg\" \/>\n\t<meta property=\"og:image:width\" content=\"2600\" \/>\n\t<meta property=\"og:image:height\" content=\"1625\" \/>\n\t<meta property=\"og:image:type\" content=\"image\/jpeg\" \/>\n<meta name=\"author\" content=\"Milan\" \/>\n<meta name=\"twitter:card\" content=\"summary_large_image\" \/>\n<meta name=\"twitter:label1\" content=\"Written by\" \/>\n\t<meta name=\"twitter:data1\" content=\"Milan\" \/>\n<script type=\"application\/ld+json\" class=\"yoast-schema-graph\">{\"@context\":\"https:\\\/\\\/schema.org\",\"@graph\":[{\"@type\":\"NewsArticle\",\"@id\":\"https:\\\/\\\/www.apfelpatient.de\\\/news\\\/apple-veroeffentlicht-macos-mojave#article\",\"isPartOf\":{\"@id\":\"https:\\\/\\\/www.apfelpatient.de\\\/news\\\/apple-veroeffentlicht-macos-mojave\"},\"author\":{\"@type\":\"Organization\",\"@id\":\"https:\\\/\\\/www.apfelpatient.de\\\/en\\\/#organization\",\"name\":\"Apfelpatient\",\"url\":\"https:\\\/\\\/www.apfelpatient.de\\\/en\\\/\"},\"headline\":\"Apple ver\u00f6ffentlicht macOS Mojave\",\"datePublished\":\"2018-09-24T17:12:30+00:00\",\"mainEntityOfPage\":{\"@id\":\"https:\\\/\\\/www.apfelpatient.de\\\/news\\\/apple-veroeffentlicht-macos-mojave\"},\"wordCount\":102,\"commentCount\":0,\"publisher\":{\"@type\":\"Organization\",\"@id\":\"https:\\\/\\\/www.apfelpatient.de\\\/en\\\/#organization\",\"name\":\"Apfelpatient\",\"url\":\"https:\\\/\\\/www.apfelpatient.de\\\/en\\\/\"},\"image\":{\"@id\":\"https:\\\/\\\/www.apfelpatient.de\\\/news\\\/apple-veroeffentlicht-macos-mojave#primaryimage\"},\"thumbnailUrl\":\"https:\\\/\\\/www.apfelpatient.de\\\/wp-content\\\/uploads\\\/2018\\\/09\\\/Apple-MacBook-Pro-macOS-Mojave-Home-screen-09242018.jpg\",\"keywords\":[\"macOS\",\"macOS Mojave\"],\"articleSection\":\"News\",\"inLanguage\":\"en-US\",\"potentialAction\":[{\"@type\":\"CommentAction\",\"name\":\"Comment\",\"target\":[\"https:\\\/\\\/www.apfelpatient.de\\\/news\\\/apple-veroeffentlicht-macos-mojave#respond\"]}],\"copyrightYear\":\"2018\",\"copyrightHolder\":{\"@id\":\"https:\\\/\\\/www.apfelpatient.de\\\/en\\\/#organization\"}},{\"@type\":\"WebPage\",\"@id\":\"https:\\\/\\\/www.apfelpatient.de\\\/news\\\/apple-veroeffentlicht-macos-mojave\",\"url\":\"https:\\\/\\\/www.apfelpatient.de\\\/news\\\/apple-veroeffentlicht-macos-mojave\",\"name\":\"Apple ver\u00f6ffentlicht macOS Mojave Apfelpatient\",\"isPartOf\":{\"@id\":\"https:\\\/\\\/www.apfelpatient.de\\\/#website\"},\"primaryImageOfPage\":{\"@id\":\"https:\\\/\\\/www.apfelpatient.de\\\/news\\\/apple-veroeffentlicht-macos-mojave#primaryimage\"},\"image\":{\"@id\":\"https:\\\/\\\/www.apfelpatient.de\\\/news\\\/apple-veroeffentlicht-macos-mojave#primaryimage\"},\"thumbnailUrl\":\"https:\\\/\\\/www.apfelpatient.de\\\/wp-content\\\/uploads\\\/2018\\\/09\\\/Apple-MacBook-Pro-macOS-Mojave-Home-screen-09242018.jpg\",\"datePublished\":\"2018-09-24T17:12:30+00:00\",\"description\":\"Am heutigen Abend hat Apple die finale Version von macOS Mojave freigegeben. Welche Macs sind mit macOS Mojave kompatibel? Da f\u00fcr das neue Betriebssystem\",\"breadcrumb\":{\"@id\":\"https:\\\/\\\/www.apfelpatient.de\\\/news\\\/apple-veroeffentlicht-macos-mojave#breadcrumb\"},\"inLanguage\":\"en-US\",\"potentialAction\":[{\"@type\":\"ReadAction\",\"target\":[\"https:\\\/\\\/www.apfelpatient.de\\\/news\\\/apple-veroeffentlicht-macos-mojave\"]}]},{\"@type\":\"ImageObject\",\"inLanguage\":\"en-US\",\"@id\":\"https:\\\/\\\/www.apfelpatient.de\\\/news\\\/apple-veroeffentlicht-macos-mojave#primaryimage\",\"url\":\"https:\\\/\\\/www.apfelpatient.de\\\/wp-content\\\/uploads\\\/2018\\\/09\\\/Apple-MacBook-Pro-macOS-Mojave-Home-screen-09242018.jpg\",\"contentUrl\":\"https:\\\/\\\/www.apfelpatient.de\\\/wp-content\\\/uploads\\\/2018\\\/09\\\/Apple-MacBook-Pro-macOS-Mojave-Home-screen-09242018.jpg\",\"width\":2600,\"height\":1625,\"caption\":\"Bild: Apple\"},{\"@type\":\"BreadcrumbList\",\"@id\":\"https:\\\/\\\/www.apfelpatient.de\\\/news\\\/apple-veroeffentlicht-macos-mojave#breadcrumb\",\"itemListElement\":[{\"@type\":\"ListItem\",\"position\":1,\"name\":\"Startseite\",\"item\":\"https:\\\/\\\/www.apfelpatient.de\\\/\"},{\"@type\":\"ListItem\",\"position\":2,\"name\":\"Apple ver\u00f6ffentlicht macOS Mojave\"}]},{\"@type\":\"WebSite\",\"@id\":\"https:\\\/\\\/www.apfelpatient.de\\\/#website\",\"url\":\"https:\\\/\\\/www.apfelpatient.de\\\/\",\"name\":\"Apfelpatient\",\"description\":\"Alles rund um Apple!\",\"publisher\":{\"@type\":\"Organization\",\"@id\":\"https:\\\/\\\/www.apfelpatient.de\\\/en\\\/#organization\",\"name\":\"Apfelpatient\",\"url\":\"https:\\\/\\\/www.apfelpatient.de\\\/en\\\/\"},\"alternateName\":\"Apfelpatient\",\"potentialAction\":[{\"@type\":\"SearchAction\",\"target\":{\"@type\":\"EntryPoint\",\"urlTemplate\":\"https:\\\/\\\/www.apfelpatient.de\\\/?s={search_term_string}\"},\"query-input\":{\"@type\":\"PropertyValueSpecification\",\"valueRequired\":true,\"valueName\":\"search_term_string\"}}],\"inLanguage\":\"en-US\"},{\"@type\":[\"Person\",\"Organization\"],\"@id\":\"https:\\\/\\\/www.apfelpatient.de\\\/#\\\/schema\\\/person\\\/7dc56ad6c8e9824b76d2c08d4c140e13\",\"name\":\"Milan\",\"logo\":{\"@id\":\"https:\\\/\\\/www.apfelpatient.de\\\/#\\\/schema\\\/person\\\/image\\\/\"},\"description\":\"Hallo und herzlich willkommen auf meinem Technik-Blog! Als gro\u00dfer Apple-Fan berichte ich hier \u00fcber alles, was mit Apple zu tun hat: von den neuesten News und spannenden Ger\u00fcchten \u00fcber hilfreiche Tipps und Tricks bis hin zu ausf\u00fchrlichen Produkttests. Wenn du genauso technikbegeistert bist wie ich, bist du hier genau richtig!\",\"sameAs\":[\"https:\\\/\\\/www.facebook.com\\\/apfelpatientOfficial\",\"https:\\\/\\\/www.linkedin.com\\\/in\\\/milan-jovicic-42aa0231b\"],\"url\":\"https:\\\/\\\/www.apfelpatient.de\\\/en\\\/author\\\/apfeladmin\"}]}<\/script>\n<!-- \/ Yoast SEO Premium plugin. -->","yoast_head_json":{"title":"Apple releases macOS Mojave Apfelpatient","description":"This evening, Apple released the final version of macOS Mojave. Which Macs are compatible with macOS Mojave? Since the new operating system","robots":{"index":"index","follow":"follow","max-snippet":"max-snippet:-1","max-image-preview":"max-image-preview:large","max-video-preview":"max-video-preview:-1"},"canonical":"https:\/\/www.apfelpatient.de\/en\/news\/apple-releases-macos-mojave","og_locale":"en_US","og_type":"article","og_title":"Apple ver\u00f6ffentlicht macOS Mojave","og_description":"Am heutigen Abend hat Apple die finale Version von macOS Mojave freigegeben. Welche Macs sind mit macOS Mojave kompatibel? Da f\u00fcr das neue Betriebssystem","og_url":"https:\/\/www.apfelpatient.de\/en\/news\/apple-releases-macos-mojave","og_site_name":"Apfelpatient","article_publisher":"https:\/\/www.facebook.com\/apfelpatientOfficial","article_author":"https:\/\/www.facebook.com\/apfelpatientOfficial","article_published_time":"2018-09-24T17:12:30+00:00","og_image":[{"width":2600,"height":1625,"url":"https:\/\/www.apfelpatient.de\/wp-content\/uploads\/2018\/09\/Apple-MacBook-Pro-macOS-Mojave-Home-screen-09242018.jpg","type":"image\/jpeg"}],"author":"Milan","twitter_card":"summary_large_image","twitter_misc":{"Written by":"Milan"},"schema":{"@context":"https:\/\/schema.org","@graph":[{"@type":"NewsArticle","@id":"https:\/\/www.apfelpatient.de\/news\/apple-veroeffentlicht-macos-mojave#article","isPartOf":{"@id":"https:\/\/www.apfelpatient.de\/news\/apple-veroeffentlicht-macos-mojave"},"author":{"@type":"Organization","@id":"https:\/\/www.apfelpatient.de\/en\/#organization","name":"Apfelpatient","url":"https:\/\/www.apfelpatient.de\/en\/"},"headline":"Apple ver\u00f6ffentlicht macOS Mojave","datePublished":"2018-09-24T17:12:30+00:00","mainEntityOfPage":{"@id":"https:\/\/www.apfelpatient.de\/news\/apple-veroeffentlicht-macos-mojave"},"wordCount":102,"commentCount":0,"publisher":{"@type":"Organization","@id":"https:\/\/www.apfelpatient.de\/en\/#organization","name":"Apfelpatient","url":"https:\/\/www.apfelpatient.de\/en\/"},"image":{"@id":"https:\/\/www.apfelpatient.de\/news\/apple-veroeffentlicht-macos-mojave#primaryimage"},"thumbnailUrl":"https:\/\/www.apfelpatient.de\/wp-content\/uploads\/2018\/09\/Apple-MacBook-Pro-macOS-Mojave-Home-screen-09242018.jpg","keywords":["macOS","macOS Mojave"],"articleSection":"News","inLanguage":"en-US","potentialAction":[{"@type":"CommentAction","name":"Comment","target":["https:\/\/www.apfelpatient.de\/news\/apple-veroeffentlicht-macos-mojave#respond"]}],"copyrightYear":"2018","copyrightHolder":{"@id":"https:\/\/www.apfelpatient.de\/en\/#organization"}},{"@type":"WebPage","@id":"https:\/\/www.apfelpatient.de\/news\/apple-veroeffentlicht-macos-mojave","url":"https:\/\/www.apfelpatient.de\/news\/apple-veroeffentlicht-macos-mojave","name":"Apple releases macOS Mojave Apfelpatient","isPartOf":{"@id":"https:\/\/www.apfelpatient.de\/#website"},"primaryImageOfPage":{"@id":"https:\/\/www.apfelpatient.de\/news\/apple-veroeffentlicht-macos-mojave#primaryimage"},"image":{"@id":"https:\/\/www.apfelpatient.de\/news\/apple-veroeffentlicht-macos-mojave#primaryimage"},"thumbnailUrl":"https:\/\/www.apfelpatient.de\/wp-content\/uploads\/2018\/09\/Apple-MacBook-Pro-macOS-Mojave-Home-screen-09242018.jpg","datePublished":"2018-09-24T17:12:30+00:00","description":"This evening, Apple released the final version of macOS Mojave. Which Macs are compatible with macOS Mojave? Since the new operating system","breadcrumb":{"@id":"https:\/\/www.apfelpatient.de\/news\/apple-veroeffentlicht-macos-mojave#breadcrumb"},"inLanguage":"en-US","potentialAction":[{"@type":"ReadAction","target":["https:\/\/www.apfelpatient.de\/news\/apple-veroeffentlicht-macos-mojave"]}]},{"@type":"ImageObject","inLanguage":"en-US","@id":"https:\/\/www.apfelpatient.de\/news\/apple-veroeffentlicht-macos-mojave#primaryimage","url":"https:\/\/www.apfelpatient.de\/wp-content\/uploads\/2018\/09\/Apple-MacBook-Pro-macOS-Mojave-Home-screen-09242018.jpg","contentUrl":"https:\/\/www.apfelpatient.de\/wp-content\/uploads\/2018\/09\/Apple-MacBook-Pro-macOS-Mojave-Home-screen-09242018.jpg","width":2600,"height":1625,"caption":"Bild: Apple"},{"@type":"BreadcrumbList","@id":"https:\/\/www.apfelpatient.de\/news\/apple-veroeffentlicht-macos-mojave#breadcrumb","itemListElement":[{"@type":"ListItem","position":1,"name":"Startseite","item":"https:\/\/www.apfelpatient.de\/"},{"@type":"ListItem","position":2,"name":"Apple ver\u00f6ffentlicht macOS Mojave"}]},{"@type":"WebSite","@id":"https:\/\/www.apfelpatient.de\/#website","url":"https:\/\/www.apfelpatient.de\/","name":"apple patient","description":"Everything about Apple!","publisher":{"@type":"Organization","@id":"https:\/\/www.apfelpatient.de\/en\/#organization","name":"Apfelpatient","url":"https:\/\/www.apfelpatient.de\/en\/"},"alternateName":"Apfelpatient","potentialAction":[{"@type":"SearchAction","target":{"@type":"EntryPoint","urlTemplate":"https:\/\/www.apfelpatient.de\/?s={search_term_string}"},"query-input":{"@type":"PropertyValueSpecification","valueRequired":true,"valueName":"search_term_string"}}],"inLanguage":"en-US"},{"@type":["Person","Organization"],"@id":"https:\/\/www.apfelpatient.de\/#\/schema\/person\/7dc56ad6c8e9824b76d2c08d4c140e13","name":"Milan","logo":{"@id":"https:\/\/www.apfelpatient.de\/#\/schema\/person\/image\/"},"description":"Hello and welcome to my technology blog! As a big Apple fan, I report on everything to do with Apple: from the latest news and exciting rumors to helpful tips and tricks and detailed product tests. If you are as enthusiastic about technology as I am, you have come to the right place!","sameAs":["https:\/\/www.facebook.com\/apfelpatientOfficial","https:\/\/www.linkedin.com\/in\/milan-jovicic-42aa0231b"],"url":"https:\/\/www.apfelpatient.de\/en\/author\/apfeladmin"}]}},"_links":{"self":[{"href":"https:\/\/www.apfelpatient.de\/en\/wp-json\/wp\/v2\/posts\/2143","targetHints":{"allow":["GET"]}}],"collection":[{"href":"https:\/\/www.apfelpatient.de\/en\/wp-json\/wp\/v2\/posts"}],"about":[{"href":"https:\/\/www.apfelpatient.de\/en\/wp-json\/wp\/v2\/types\/post"}],"author":[{"embeddable":true,"href":"https:\/\/www.apfelpatient.de\/en\/wp-json\/wp\/v2\/users\/2"}],"replies":[{"embeddable":true,"href":"https:\/\/www.apfelpatient.de\/en\/wp-json\/wp\/v2\/comments?post=2143"}],"version-history":[{"count":0,"href":"https:\/\/www.apfelpatient.de\/en\/wp-json\/wp\/v2\/posts\/2143\/revisions"}],"wp:featuredmedia":[{"embeddable":true,"href":"https:\/\/www.apfelpatient.de\/en\/wp-json\/wp\/v2\/media\/2144"}],"wp:attachment":[{"href":"https:\/\/www.apfelpatient.de\/en\/wp-json\/wp\/v2\/media?parent=2143"}],"wp:term":[{"taxonomy":"category","embeddable":true,"href":"https:\/\/www.apfelpatient.de\/en\/wp-json\/wp\/v2\/categories?post=2143"},{"taxonomy":"post_tag","embeddable":true,"href":"https:\/\/www.apfelpatient.de\/en\/wp-json\/wp\/v2\/tags?post=2143"}],"curies":[{"name":"wp","href":"https:\/\/api.w.org\/{rel}","templated":true}]}}