{"id":21379,"date":"2021-04-16T16:54:51","date_gmt":"2021-04-16T14:54:51","guid":{"rendered":"https:\/\/www.apfelpatient.de\/?p=21379"},"modified":"2021-04-16T16:54:53","modified_gmt":"2021-04-16T14:54:53","slug":"instagram-for-kids-zuckerberg-faces-headwind","status":"publish","type":"post","link":"https:\/\/www.apfelpatient.de\/en\/news\/instagram-for-kids-zuckerberg-erhaelt-gegenwind","title":{"rendered":"Instagram for Kids: Zuckerberg faces headwind"},"content":{"rendered":"<p class=\"has-drop-cap\"><strong>Facebook is facing calls from an international coalition of child health advocates to abandon plans to develop a version of Instagram for Kids, the Guardian reports.<\/strong><\/p>\n\n\n\n<p>The campaign follows news that broke in March revealing that Facebook is developing a version of Instagram specifically aimed at children under 13. Instagram&#039;s current policies prohibit children under 13 from using the platform. In an open letter organized by the nonprofit Campaign for a Commercial-Free Childhood, dozens of groups, individual advocates and researchers are calling on Facebook CEO Mark Zuckerberg to scrap the plan, arguing that it would put young people at risk and do more harm than good.<\/p>\n\n\n\n<blockquote class=\"wp-block-quote is-layout-flow wp-block-quote-is-layout-flow\"><p>A growing body of research shows that excessive use of digital devices and social media is harmful to adolescents. Instagram, in particular, exploits young people&#039;s fear of missing out and desire for peer approval to keep children and teens constantly checking their devices and sharing photos with their followers. The platform&#039;s relentless focus on appearance, self-expression and branding poses a challenge to adolescents&#039; privacy and wellbeing.<\/p><\/blockquote>\n\n\n\n<p>In the further course <a href=\"https:\/\/www.theguardian.com\/technology\/2021\/apr\/15\/facebook-instagram-children-health-social-media\" target=\"_blank\" rel=\"noreferrer noopener\">is called<\/a> it:<\/p>\n\n\n\n\n\n\n\n<blockquote class=\"wp-block-quote is-layout-flow wp-block-quote-is-layout-flow\"><p>Younger children are even less developmentally equipped to deal with these challenges, as they are learning to navigate social interactions, friendships, and their internal sense of strengths and challenges during this crucial developmental window. In addition, young children are very easily persuaded by algorithmic predictions of what they might click next, and we are very concerned about how automated decision-making would determine what children see and experience on an Instagram platform for kids.<\/p><\/blockquote>\n\n\n\n<h3 class=\"wp-block-heading\" id=\"h-instagram-for-kids-kongress-demokraten-sind-skeptisch\">Instagram for Kids: Congressional Democrats are skeptical<\/h3>\n\n\n\n<p>The letter further argues that preschoolers who have already set up an Instagram account by lying about their birth date are unlikely to switch to a &quot;child-friendly&quot; version of the platform, and that the real target audience for a kids&#039; version of Instagram is a much younger cohort that doesn&#039;t currently use the platform. Last month, congressional Democrats Edward Markey, Kathy Castor, Richard Blumenthal and Lori Trahan wrote to Zuckerberg to tell him they have &quot;serious concerns&quot; about his plans to create a version of Instagram for kids.<\/p>\n\n\n\n<blockquote class=\"wp-block-quote is-layout-flow wp-block-quote-is-layout-flow\"><p>Facebook has an obligation to ensure that any new platforms or projects targeting children put the best interests of those users first, and we are skeptical that Facebook is willing to fulfill that obligation.<\/p><\/blockquote>\n\n\n\n<h3 class=\"wp-block-heading\" id=\"h-app-k-nnte-gesunde-entwicklung-der-kinder-untergraben\">App could undermine children&#039;s healthy development<\/h3>\n\n\n\n\n\n\n\n<p>In 2017, Facebook launched Messenger Kids, aimed at children ages 6 to 12. Following its launch, several child health advocates called on Facebook CEO Mark Zuckerberg to discontinue the product, citing research that says excessive use of digital devices and social media is harmful to children and teens, making it very likely that this new app will undermine children&#039;s healthy development. Facebook said it consulted several experts during the development of the app, although a report by Wired later revealed that the company had financial relationships with many of the people and organizations that advised on the product. (Photo by Unsplash \/ Alexander Shatov)<\/p>\n\n\n\n<ul class=\"wp-block-list\"><li><a href=\"https:\/\/www.apfelpatient.de\/en\/rumors\/facebook-is-reportedly-working-on-instagram-for-kids\">Facebook is reportedly working on \u201cInstagram for Kids\u201d<\/a><\/li><\/ul>\n\n\n\n<h6 class=\"wp-block-heading translation-block\" id=\"h-kennt-ihr-schon-unsere-amazon-storefront-dort-findet-ihr-eine-handverlesene-auswahl-von-diversen-produkten-f-r-euer-iphone-und-co-viel-spa-beim-st-bern\"><em>Have you already visited our Amazon Storefront? There you&#039;ll find a hand-picked selection of various products for your iPhone and other devices \u2013 <span class=\"has-inline-color has-vivid-red-color\"><a href=\"https:\/\/www.amazon.de\/shop\/apfelpatientofficial\" class=\"ek-link\" data-wpel-link=\"exclude\" rel=\"follow noopener\" target=\"_self\"><span style=\"text-decoration: underline\" class=\"ek-underline\">enjoy browsing<\/span><\/a> !<\/span><\/em><\/h6>\n\n\n\n<h6 class=\"wp-block-heading translation-block\" id=\"h-der-beitrag-enthalt-partnerlinks\">This post contains <a data-type=\"URL\" data-id=\"https:\/\/www.apfelpatient.de\/partnerprogramm\" href=\"https:\/\/www.apfelpatient.de\/en\/partner-program\" data-wpel-link=\"internal\" target=\"_self\">affiliate links<\/a>.<\/h6>","protected":false},"excerpt":{"rendered":"<p>Instagram for Kids: Facebook faces calls from an international coalition of child health advocates.<\/p>","protected":false},"author":2,"featured_media":21374,"comment_status":"closed","ping_status":"closed","sticky":false,"template":"","format":"standard","meta":{"jnews-multi-image_gallery":[],"jnews_single_post":{"subtitle":"","format":"standard","video":"","gallery":"","source_name":"","source_url":"","via_name":"","via_url":"","override":[{"single_blog_custom":"","sidebar":"","second_sidebar":"","share_position":"","share_float_style":"","post_date_format":"","post_date_format_custom":"","post_reading_time_wpm":"","zoom_button_out_step":"1","zoom_button_in_step":"1","number_popup_post":"1"}],"image_override":[{"single_post_thumbnail_size":"","single_post_gallery_size":""}],"trending_post_position":"","trending_post_label":"","sponsored_post_label":"","sponsored_post_name":"","sponsored_post_url":"","sponsored_post_logo":"","sponsored_post_desc":""},"jnews_primary_category":{"id":"9"},"footnotes":""},"categories":[9],"tags":[142,143,13],"class_list":["post-21379","post","type-post","status-publish","format-standard","has-post-thumbnail","hentry","category-news","tag-facebook","tag-instagram","tag-techpatient"],"yoast_head":"<!-- This site is optimized with the Yoast SEO Premium plugin v27.5 (Yoast SEO v27.5) - https:\/\/yoast.com\/product\/yoast-seo-premium-wordpress\/ -->\n<title>Instagram for Kids: Zuckerberg erh\u00e4lt Gegenwind Apfelpatient<\/title>\n<meta name=\"description\" content=\"Instagram for Kids: Facebook sieht sich mit Aufrufen einer internationalen Koalition von Bef\u00fcrwortern der Kindergesundheit konfrontiert.\" \/>\n<meta name=\"robots\" content=\"index, follow, max-snippet:-1, max-image-preview:large, max-video-preview:-1\" \/>\n<link rel=\"canonical\" href=\"https:\/\/www.apfelpatient.de\/en\/news\/instagram-for-kids-zuckerberg-faces-headwind\" \/>\n<meta property=\"og:locale\" content=\"en_US\" \/>\n<meta property=\"og:type\" content=\"article\" \/>\n<meta property=\"og:title\" content=\"Instagram for Kids: Zuckerberg erh\u00e4lt Gegenwind\" \/>\n<meta property=\"og:description\" content=\"Instagram for Kids: Facebook sieht sich mit Aufrufen einer internationalen Koalition von Bef\u00fcrwortern der Kindergesundheit konfrontiert.\" \/>\n<meta property=\"og:url\" content=\"https:\/\/www.apfelpatient.de\/en\/news\/instagram-for-kids-zuckerberg-faces-headwind\" \/>\n<meta property=\"og:site_name\" content=\"Apfelpatient\" \/>\n<meta property=\"article:publisher\" content=\"https:\/\/www.facebook.com\/apfelpatientOfficial\" \/>\n<meta property=\"article:author\" content=\"https:\/\/www.facebook.com\/apfelpatientOfficial\" \/>\n<meta property=\"article:published_time\" content=\"2021-04-16T14:54:51+00:00\" \/>\n<meta property=\"article:modified_time\" content=\"2021-04-16T14:54:53+00:00\" \/>\n<meta property=\"og:image\" content=\"https:\/\/www.apfelpatient.de\/wp-content\/uploads\/2021\/04\/alexander-shatov-71Qk8ODIBko-unsplash-scaled.jpg\" \/>\n\t<meta property=\"og:image:width\" content=\"2560\" \/>\n\t<meta property=\"og:image:height\" content=\"1920\" \/>\n\t<meta property=\"og:image:type\" content=\"image\/jpeg\" \/>\n<meta name=\"author\" content=\"Milan\" \/>\n<meta name=\"twitter:card\" content=\"summary_large_image\" \/>\n<meta name=\"twitter:description\" content=\"Instagram for Kids: Facebook sieht sich mit Aufrufen einer internationalen Koalition von Bef\u00fcrwortern der Kindergesundheit konfrontiert.\" \/>\n<meta name=\"twitter:label1\" content=\"Written by\" \/>\n\t<meta name=\"twitter:data1\" content=\"Milan\" \/>\n\t<meta name=\"twitter:label2\" content=\"Est. reading time\" \/>\n\t<meta name=\"twitter:data2\" content=\"3 minutes\" \/>\n<script type=\"application\/ld+json\" class=\"yoast-schema-graph\">{\"@context\":\"https:\\\/\\\/schema.org\",\"@graph\":[{\"@type\":\"NewsArticle\",\"@id\":\"https:\\\/\\\/www.apfelpatient.de\\\/news\\\/instagram-for-kids-zuckerberg-erhaelt-gegenwind#article\",\"isPartOf\":{\"@id\":\"https:\\\/\\\/www.apfelpatient.de\\\/news\\\/instagram-for-kids-zuckerberg-erhaelt-gegenwind\"},\"author\":{\"@type\":\"Organization\",\"@id\":\"https:\\\/\\\/www.apfelpatient.de\\\/en\\\/#organization\",\"name\":\"Apfelpatient\",\"url\":\"https:\\\/\\\/www.apfelpatient.de\\\/en\\\/\"},\"headline\":\"Instagram for Kids: Zuckerberg erh\u00e4lt Gegenwind\",\"datePublished\":\"2021-04-16T14:54:51+00:00\",\"dateModified\":\"2021-04-16T14:54:53+00:00\",\"mainEntityOfPage\":{\"@id\":\"https:\\\/\\\/www.apfelpatient.de\\\/news\\\/instagram-for-kids-zuckerberg-erhaelt-gegenwind\"},\"wordCount\":592,\"publisher\":{\"@type\":\"Organization\",\"@id\":\"https:\\\/\\\/www.apfelpatient.de\\\/en\\\/#organization\",\"name\":\"Apfelpatient\",\"url\":\"https:\\\/\\\/www.apfelpatient.de\\\/en\\\/\"},\"image\":{\"@id\":\"https:\\\/\\\/www.apfelpatient.de\\\/news\\\/instagram-for-kids-zuckerberg-erhaelt-gegenwind#primaryimage\"},\"thumbnailUrl\":\"https:\\\/\\\/www.apfelpatient.de\\\/wp-content\\\/uploads\\\/2021\\\/04\\\/alexander-shatov-71Qk8ODIBko-unsplash-scaled.jpg\",\"keywords\":[\"Facebook\",\"Instagram\",\"TechPatient\"],\"articleSection\":\"News\",\"inLanguage\":\"en-US\",\"copyrightYear\":\"2021\",\"copyrightHolder\":{\"@id\":\"https:\\\/\\\/www.apfelpatient.de\\\/en\\\/#organization\"}},{\"@type\":\"WebPage\",\"@id\":\"https:\\\/\\\/www.apfelpatient.de\\\/news\\\/instagram-for-kids-zuckerberg-erhaelt-gegenwind\",\"url\":\"https:\\\/\\\/www.apfelpatient.de\\\/news\\\/instagram-for-kids-zuckerberg-erhaelt-gegenwind\",\"name\":\"Instagram for Kids: Zuckerberg erh\u00e4lt Gegenwind Apfelpatient\",\"isPartOf\":{\"@id\":\"https:\\\/\\\/www.apfelpatient.de\\\/#website\"},\"primaryImageOfPage\":{\"@id\":\"https:\\\/\\\/www.apfelpatient.de\\\/news\\\/instagram-for-kids-zuckerberg-erhaelt-gegenwind#primaryimage\"},\"image\":{\"@id\":\"https:\\\/\\\/www.apfelpatient.de\\\/news\\\/instagram-for-kids-zuckerberg-erhaelt-gegenwind#primaryimage\"},\"thumbnailUrl\":\"https:\\\/\\\/www.apfelpatient.de\\\/wp-content\\\/uploads\\\/2021\\\/04\\\/alexander-shatov-71Qk8ODIBko-unsplash-scaled.jpg\",\"datePublished\":\"2021-04-16T14:54:51+00:00\",\"dateModified\":\"2021-04-16T14:54:53+00:00\",\"description\":\"Instagram for Kids: Facebook sieht sich mit Aufrufen einer internationalen Koalition von Bef\u00fcrwortern der Kindergesundheit konfrontiert.\",\"breadcrumb\":{\"@id\":\"https:\\\/\\\/www.apfelpatient.de\\\/news\\\/instagram-for-kids-zuckerberg-erhaelt-gegenwind#breadcrumb\"},\"inLanguage\":\"en-US\",\"potentialAction\":[{\"@type\":\"ReadAction\",\"target\":[\"https:\\\/\\\/www.apfelpatient.de\\\/news\\\/instagram-for-kids-zuckerberg-erhaelt-gegenwind\"]}]},{\"@type\":\"ImageObject\",\"inLanguage\":\"en-US\",\"@id\":\"https:\\\/\\\/www.apfelpatient.de\\\/news\\\/instagram-for-kids-zuckerberg-erhaelt-gegenwind#primaryimage\",\"url\":\"https:\\\/\\\/www.apfelpatient.de\\\/wp-content\\\/uploads\\\/2021\\\/04\\\/alexander-shatov-71Qk8ODIBko-unsplash-scaled.jpg\",\"contentUrl\":\"https:\\\/\\\/www.apfelpatient.de\\\/wp-content\\\/uploads\\\/2021\\\/04\\\/alexander-shatov-71Qk8ODIBko-unsplash-scaled.jpg\",\"width\":2560,\"height\":1920,\"caption\":\"Photo by Unsplash \\\/ Alexander Shatov\"},{\"@type\":\"BreadcrumbList\",\"@id\":\"https:\\\/\\\/www.apfelpatient.de\\\/news\\\/instagram-for-kids-zuckerberg-erhaelt-gegenwind#breadcrumb\",\"itemListElement\":[{\"@type\":\"ListItem\",\"position\":1,\"name\":\"Startseite\",\"item\":\"https:\\\/\\\/www.apfelpatient.de\\\/\"},{\"@type\":\"ListItem\",\"position\":2,\"name\":\"Instagram for Kids: Zuckerberg erh\u00e4lt Gegenwind\"}]},{\"@type\":\"WebSite\",\"@id\":\"https:\\\/\\\/www.apfelpatient.de\\\/#website\",\"url\":\"https:\\\/\\\/www.apfelpatient.de\\\/\",\"name\":\"Apfelpatient\",\"description\":\"Alles rund um Apple!\",\"publisher\":{\"@type\":\"Organization\",\"@id\":\"https:\\\/\\\/www.apfelpatient.de\\\/en\\\/#organization\",\"name\":\"Apfelpatient\",\"url\":\"https:\\\/\\\/www.apfelpatient.de\\\/en\\\/\"},\"alternateName\":\"Apfelpatient\",\"potentialAction\":[{\"@type\":\"SearchAction\",\"target\":{\"@type\":\"EntryPoint\",\"urlTemplate\":\"https:\\\/\\\/www.apfelpatient.de\\\/?s={search_term_string}\"},\"query-input\":{\"@type\":\"PropertyValueSpecification\",\"valueRequired\":true,\"valueName\":\"search_term_string\"}}],\"inLanguage\":\"en-US\"},{\"@type\":[\"Person\",\"Organization\"],\"@id\":\"https:\\\/\\\/www.apfelpatient.de\\\/#\\\/schema\\\/person\\\/35b3ddba5832f2bfc7fff5206d4f6b7b\",\"name\":\"Milan\",\"logo\":{\"@id\":\"https:\\\/\\\/www.apfelpatient.de\\\/#\\\/schema\\\/person\\\/image\\\/\"},\"description\":\"Hallo und herzlich willkommen auf meinem Technik-Blog! Als gro\u00dfer Apple-Fan berichte ich hier \u00fcber alles, was mit Apple zu tun hat: von den neuesten News und spannenden Ger\u00fcchten \u00fcber hilfreiche Tipps und Tricks bis hin zu ausf\u00fchrlichen Produkttests. Wenn du genauso technikbegeistert bist wie ich, bist du hier genau richtig!\",\"sameAs\":[\"https:\\\/\\\/www.facebook.com\\\/apfelpatientOfficial\",\"https:\\\/\\\/www.linkedin.com\\\/in\\\/milan-jovicic-42aa0231b\"],\"url\":\"https:\\\/\\\/www.apfelpatient.de\\\/en\\\/author\\\/apfeladmin\"}]}<\/script>\n<!-- \/ Yoast SEO Premium plugin. -->","yoast_head_json":{"title":"Instagram for Kids: Zuckerberg faces headwinds Apfelpatient","description":"Instagram for Kids: Facebook faces calls from an international coalition of child health advocates.","robots":{"index":"index","follow":"follow","max-snippet":"max-snippet:-1","max-image-preview":"max-image-preview:large","max-video-preview":"max-video-preview:-1"},"canonical":"https:\/\/www.apfelpatient.de\/en\/news\/instagram-for-kids-zuckerberg-faces-headwind","og_locale":"en_US","og_type":"article","og_title":"Instagram for Kids: Zuckerberg erh\u00e4lt Gegenwind","og_description":"Instagram for Kids: Facebook sieht sich mit Aufrufen einer internationalen Koalition von Bef\u00fcrwortern der Kindergesundheit konfrontiert.","og_url":"https:\/\/www.apfelpatient.de\/en\/news\/instagram-for-kids-zuckerberg-faces-headwind","og_site_name":"Apfelpatient","article_publisher":"https:\/\/www.facebook.com\/apfelpatientOfficial","article_author":"https:\/\/www.facebook.com\/apfelpatientOfficial","article_published_time":"2021-04-16T14:54:51+00:00","article_modified_time":"2021-04-16T14:54:53+00:00","og_image":[{"width":2560,"height":1920,"url":"https:\/\/www.apfelpatient.de\/wp-content\/uploads\/2021\/04\/alexander-shatov-71Qk8ODIBko-unsplash-scaled.jpg","type":"image\/jpeg"}],"author":"Milan","twitter_card":"summary_large_image","twitter_description":"Instagram for Kids: Facebook sieht sich mit Aufrufen einer internationalen Koalition von Bef\u00fcrwortern der Kindergesundheit konfrontiert.","twitter_misc":{"Written by":"Milan","Est. reading time":"3 minutes"},"schema":{"@context":"https:\/\/schema.org","@graph":[{"@type":"NewsArticle","@id":"https:\/\/www.apfelpatient.de\/news\/instagram-for-kids-zuckerberg-erhaelt-gegenwind#article","isPartOf":{"@id":"https:\/\/www.apfelpatient.de\/news\/instagram-for-kids-zuckerberg-erhaelt-gegenwind"},"author":{"@type":"Organization","@id":"https:\/\/www.apfelpatient.de\/en\/#organization","name":"Apfelpatient","url":"https:\/\/www.apfelpatient.de\/en\/"},"headline":"Instagram for Kids: Zuckerberg erh\u00e4lt Gegenwind","datePublished":"2021-04-16T14:54:51+00:00","dateModified":"2021-04-16T14:54:53+00:00","mainEntityOfPage":{"@id":"https:\/\/www.apfelpatient.de\/news\/instagram-for-kids-zuckerberg-erhaelt-gegenwind"},"wordCount":592,"publisher":{"@type":"Organization","@id":"https:\/\/www.apfelpatient.de\/en\/#organization","name":"Apfelpatient","url":"https:\/\/www.apfelpatient.de\/en\/"},"image":{"@id":"https:\/\/www.apfelpatient.de\/news\/instagram-for-kids-zuckerberg-erhaelt-gegenwind#primaryimage"},"thumbnailUrl":"https:\/\/www.apfelpatient.de\/wp-content\/uploads\/2021\/04\/alexander-shatov-71Qk8ODIBko-unsplash-scaled.jpg","keywords":["Facebook","Instagram","TechPatient"],"articleSection":"News","inLanguage":"en-US","copyrightYear":"2021","copyrightHolder":{"@id":"https:\/\/www.apfelpatient.de\/en\/#organization"}},{"@type":"WebPage","@id":"https:\/\/www.apfelpatient.de\/news\/instagram-for-kids-zuckerberg-erhaelt-gegenwind","url":"https:\/\/www.apfelpatient.de\/news\/instagram-for-kids-zuckerberg-erhaelt-gegenwind","name":"Instagram for Kids: Zuckerberg faces headwinds Apfelpatient","isPartOf":{"@id":"https:\/\/www.apfelpatient.de\/#website"},"primaryImageOfPage":{"@id":"https:\/\/www.apfelpatient.de\/news\/instagram-for-kids-zuckerberg-erhaelt-gegenwind#primaryimage"},"image":{"@id":"https:\/\/www.apfelpatient.de\/news\/instagram-for-kids-zuckerberg-erhaelt-gegenwind#primaryimage"},"thumbnailUrl":"https:\/\/www.apfelpatient.de\/wp-content\/uploads\/2021\/04\/alexander-shatov-71Qk8ODIBko-unsplash-scaled.jpg","datePublished":"2021-04-16T14:54:51+00:00","dateModified":"2021-04-16T14:54:53+00:00","description":"Instagram for Kids: Facebook faces calls from an international coalition of child health advocates.","breadcrumb":{"@id":"https:\/\/www.apfelpatient.de\/news\/instagram-for-kids-zuckerberg-erhaelt-gegenwind#breadcrumb"},"inLanguage":"en-US","potentialAction":[{"@type":"ReadAction","target":["https:\/\/www.apfelpatient.de\/news\/instagram-for-kids-zuckerberg-erhaelt-gegenwind"]}]},{"@type":"ImageObject","inLanguage":"en-US","@id":"https:\/\/www.apfelpatient.de\/news\/instagram-for-kids-zuckerberg-erhaelt-gegenwind#primaryimage","url":"https:\/\/www.apfelpatient.de\/wp-content\/uploads\/2021\/04\/alexander-shatov-71Qk8ODIBko-unsplash-scaled.jpg","contentUrl":"https:\/\/www.apfelpatient.de\/wp-content\/uploads\/2021\/04\/alexander-shatov-71Qk8ODIBko-unsplash-scaled.jpg","width":2560,"height":1920,"caption":"Photo by Unsplash \/ Alexander Shatov"},{"@type":"BreadcrumbList","@id":"https:\/\/www.apfelpatient.de\/news\/instagram-for-kids-zuckerberg-erhaelt-gegenwind#breadcrumb","itemListElement":[{"@type":"ListItem","position":1,"name":"Startseite","item":"https:\/\/www.apfelpatient.de\/"},{"@type":"ListItem","position":2,"name":"Instagram for Kids: Zuckerberg erh\u00e4lt Gegenwind"}]},{"@type":"WebSite","@id":"https:\/\/www.apfelpatient.de\/#website","url":"https:\/\/www.apfelpatient.de\/","name":"apple patient","description":"Everything about Apple!","publisher":{"@type":"Organization","@id":"https:\/\/www.apfelpatient.de\/en\/#organization","name":"Apfelpatient","url":"https:\/\/www.apfelpatient.de\/en\/"},"alternateName":"Apfelpatient","potentialAction":[{"@type":"SearchAction","target":{"@type":"EntryPoint","urlTemplate":"https:\/\/www.apfelpatient.de\/?s={search_term_string}"},"query-input":{"@type":"PropertyValueSpecification","valueRequired":true,"valueName":"search_term_string"}}],"inLanguage":"en-US"},{"@type":["Person","Organization"],"@id":"https:\/\/www.apfelpatient.de\/#\/schema\/person\/35b3ddba5832f2bfc7fff5206d4f6b7b","name":"Milan","logo":{"@id":"https:\/\/www.apfelpatient.de\/#\/schema\/person\/image\/"},"description":"Hello and welcome to my technology blog! As a big Apple fan, I report on everything to do with Apple: from the latest news and exciting rumors to helpful tips and tricks and detailed product tests. If you are as enthusiastic about technology as I am, you have come to the right place!","sameAs":["https:\/\/www.facebook.com\/apfelpatientOfficial","https:\/\/www.linkedin.com\/in\/milan-jovicic-42aa0231b"],"url":"https:\/\/www.apfelpatient.de\/en\/author\/apfeladmin"}]}},"_links":{"self":[{"href":"https:\/\/www.apfelpatient.de\/en\/wp-json\/wp\/v2\/posts\/21379","targetHints":{"allow":["GET"]}}],"collection":[{"href":"https:\/\/www.apfelpatient.de\/en\/wp-json\/wp\/v2\/posts"}],"about":[{"href":"https:\/\/www.apfelpatient.de\/en\/wp-json\/wp\/v2\/types\/post"}],"author":[{"embeddable":true,"href":"https:\/\/www.apfelpatient.de\/en\/wp-json\/wp\/v2\/users\/2"}],"replies":[{"embeddable":true,"href":"https:\/\/www.apfelpatient.de\/en\/wp-json\/wp\/v2\/comments?post=21379"}],"version-history":[{"count":0,"href":"https:\/\/www.apfelpatient.de\/en\/wp-json\/wp\/v2\/posts\/21379\/revisions"}],"wp:featuredmedia":[{"embeddable":true,"href":"https:\/\/www.apfelpatient.de\/en\/wp-json\/wp\/v2\/media\/21374"}],"wp:attachment":[{"href":"https:\/\/www.apfelpatient.de\/en\/wp-json\/wp\/v2\/media?parent=21379"}],"wp:term":[{"taxonomy":"category","embeddable":true,"href":"https:\/\/www.apfelpatient.de\/en\/wp-json\/wp\/v2\/categories?post=21379"},{"taxonomy":"post_tag","embeddable":true,"href":"https:\/\/www.apfelpatient.de\/en\/wp-json\/wp\/v2\/tags?post=21379"}],"curies":[{"name":"wp","href":"https:\/\/api.w.org\/{rel}","templated":true}]}}