{"id":21366,"date":"2021-04-16T15:51:46","date_gmt":"2021-04-16T13:51:46","guid":{"rendered":"https:\/\/www.apfelpatient.de\/?p=21366"},"modified":"2021-04-16T15:51:47","modified_gmt":"2021-04-16T13:51:47","slug":"apple-pencil-3-back-to-the-shiny-design","status":"publish","type":"post","link":"https:\/\/www.apfelpatient.de\/en\/rumors\/apple-pencil-3-zurueck-zum-glaenzenden-design","title":{"rendered":"Apple Pencil 3: Back to the shiny design?"},"content":{"rendered":"<p class=\"has-drop-cap\"><strong>In the run-up to the \u201cSpring Loaded\u201d event that will take place next week, rumors keep surfacing that mention an Apple Pencil 3.<\/strong><\/p>\n\n\n\n<p>A Twitter user has posted a video on the short message service <a href=\"https:\/\/twitter.com\/ileakeer\/status\/1383034501325066240?ref_src=twsrc%5Etfw%7Ctwcamp%5Etweetembed%7Ctwterm%5E1383034501325066240%7Ctwgr%5E%7Ctwcon%5Es1_&amp;ref_url=https%3A%2F%2F9to5mac.com%2F2021%2F04%2F16%2Fapple-pencil-3-leaked-video-glossy%2F\" target=\"_blank\" rel=\"noreferrer noopener\">published<\/a>, which is said to show the Apple Pencil 3. The material allegedly comes from Apple&#039;s supply chain. Interestingly, it confirms an image that was published a few weeks ago. Based on the leaks we&#039;ve seen so far, the Apple Pencil 3 seems to be very similar to the second-generation Apple Pencil. However, there is one important change: the new Apple stylus again features a glossy finish. As a reminder, the first-generation Apple Pencil features a glossy design and is charged via a Lightning connector. Apple still sells the first-generation Apple Pencil for the iPad mini and the entry-level 9.7-inch iPad.<\/p>\n\n\n\n<figure class=\"wp-block-image size-large\"><img decoding=\"async\" width=\"576\" height=\"1024\" src=\"https:\/\/www.apfelpatient.de\/wp-content\/uploads\/2021\/04\/EvjsbvbVgAMzAgd-2-576x1024.jpeg\" alt=\"Apple Pencil 3\" class=\"wp-image-21362\" srcset=\"https:\/\/www.apfelpatient.de\/wp-content\/uploads\/2021\/04\/EvjsbvbVgAMzAgd-2-576x1024.jpeg 576w, https:\/\/www.apfelpatient.de\/wp-content\/uploads\/2021\/04\/EvjsbvbVgAMzAgd-2-169x300.jpeg 169w, https:\/\/www.apfelpatient.de\/wp-content\/uploads\/2021\/04\/EvjsbvbVgAMzAgd-2-768x1365.jpeg 768w, https:\/\/www.apfelpatient.de\/wp-content\/uploads\/2021\/04\/EvjsbvbVgAMzAgd-2-864x1536.jpeg 864w, https:\/\/www.apfelpatient.de\/wp-content\/uploads\/2021\/04\/EvjsbvbVgAMzAgd-2-750x1333.jpeg 750w, https:\/\/www.apfelpatient.de\/wp-content\/uploads\/2021\/04\/EvjsbvbVgAMzAgd-2.jpeg 1080w\" sizes=\"(max-width: 576px) 100vw, 576px\" \/><figcaption>via Mr. White<\/figcaption><\/figure>\n\n\n\n<h3 class=\"wp-block-heading\" id=\"h-apple-pencil-3-k-nnte-design-der-ersten-und-zweiten-generation-kombinieren\">Apple Pencil 3 could combine design of first and second generation<\/h3>\n\n\n\n\n\n\n\n<p>However, with the iPad Pro 2018, Apple introduced the second generation of the Apple Pencil with a matte design and the ability to magnetically attach it to the side of the iPad Pro for pairing and charging. The feature is also supported by the iPad Air introduced last year. The alleged Apple Pencil 3 appears to combine these two designs. That is, it appears to have a flat edge so that it can be magnetically attached to the iPad Air and iPad Pro for charging. At the same time, it has a glossy surface. If the images and video show the real third-generation Apple Pencil, only the design would now be known. The functionality remains a mystery. However, it is safe to assume that Apple has improved the sensors. Whether there will be new features remains to be seen. (Photo by Unsplash \/ Howard Bouchevereau)<\/p>\n\n\n\n<ul class=\"wp-block-list\"><li><a href=\"https:\/\/www.apfelpatient.de\/en\/rumors\/spring-loaded-event-also-apple-pencil-3-airpods-3-expected\">\u201cSpring Loaded\u201d event: Can we also expect Apple Pencil 3 &amp; AirPods 3?<\/a><\/li><\/ul>\n\n\n\n<h6 class=\"wp-block-heading translation-block\" id=\"h-kennt-ihr-schon-unsere-amazon-storefront-dort-findet-ihr-eine-handverlesene-auswahl-von-diversen-produkten-f-r-euer-iphone-und-co-viel-spa-beim-st-bern\"><em>Have you already visited our Amazon Storefront? There you&#039;ll find a hand-picked selection of various products for your iPhone and other devices \u2013 <span class=\"has-inline-color has-vivid-red-color\"><a href=\"https:\/\/www.amazon.de\/shop\/apfelpatientofficial\" class=\"ek-link\" data-wpel-link=\"exclude\" rel=\"follow noopener\" target=\"_self\"><span style=\"text-decoration: underline\" class=\"ek-underline\">enjoy browsing<\/span><\/a> !<\/span><\/em><\/h6>\n\n\n\n<h6 class=\"wp-block-heading translation-block\" id=\"h-der-beitrag-enthalt-partnerlinks\">This post contains <a data-type=\"URL\" data-id=\"https:\/\/www.apfelpatient.de\/partnerprogramm\" href=\"https:\/\/www.apfelpatient.de\/en\/partner-program\" data-wpel-link=\"internal\" target=\"_self\">affiliate links<\/a>.<\/h6>","protected":false},"excerpt":{"rendered":"<p>In the run-up to the \u201eSpring Loaded\u201c event, rumors keep surfacing that mention an Apple Pencil 3.<\/p>","protected":false},"author":2,"featured_media":21367,"comment_status":"closed","ping_status":"closed","sticky":false,"template":"","format":"standard","meta":{"jnews-multi-image_gallery":[],"jnews_single_post":{"subtitle":"","format":"standard","video":"","gallery":"","source_name":"","source_url":"","via_name":"","via_url":"","override":[{"single_blog_custom":"","sidebar":"","second_sidebar":"","share_position":"","share_float_style":"","post_date_format":"","post_date_format_custom":"","post_reading_time_wpm":"","zoom_button_out_step":"1","zoom_button_in_step":"1","number_popup_post":"1"}],"image_override":[{"single_post_thumbnail_size":"","single_post_gallery_size":""}],"trending_post_position":"","trending_post_label":"","sponsored_post_label":"","sponsored_post_name":"","sponsored_post_url":"","sponsored_post_logo":"","sponsored_post_desc":""},"jnews_primary_category":{"id":"25"},"footnotes":""},"categories":[25],"tags":[17,18],"class_list":["post-21366","post","type-post","status-publish","format-standard","has-post-thumbnail","hentry","category-rumors","tag-apple-pencil","tag-ipad"],"yoast_head":"<!-- This site is optimized with the Yoast SEO Premium plugin v27.5 (Yoast SEO v27.5) - https:\/\/yoast.com\/product\/yoast-seo-premium-wordpress\/ -->\n<title>Apple Pencil 3: Zur\u00fcck zum gl\u00e4nzenden Design? Apfelpatient<\/title>\n<meta name=\"description\" content=\"Im Vorfeld des &quot;Spring Loaded&quot;-Events tauchen immer wieder Ger\u00fcchte auf, die einen Apple Pencil 3 erw\u00e4hnen.\" \/>\n<meta name=\"robots\" content=\"index, follow, max-snippet:-1, max-image-preview:large, max-video-preview:-1\" \/>\n<link rel=\"canonical\" href=\"https:\/\/www.apfelpatient.de\/en\/rumors\/apple-pencil-3-back-to-the-shiny-design\" \/>\n<meta property=\"og:locale\" content=\"en_US\" \/>\n<meta property=\"og:type\" content=\"article\" \/>\n<meta property=\"og:title\" content=\"Apple Pencil 3: Zur\u00fcck zum gl\u00e4nzenden Design?\" \/>\n<meta property=\"og:description\" content=\"Im Vorfeld des &quot;Spring Loaded&quot;-Events tauchen immer wieder Ger\u00fcchte auf, die einen Apple Pencil 3 erw\u00e4hnen.\" \/>\n<meta property=\"og:url\" content=\"https:\/\/www.apfelpatient.de\/en\/rumors\/apple-pencil-3-back-to-the-shiny-design\" \/>\n<meta property=\"og:site_name\" content=\"Apfelpatient\" \/>\n<meta property=\"article:publisher\" content=\"https:\/\/www.facebook.com\/apfelpatientOfficial\" \/>\n<meta property=\"article:author\" content=\"https:\/\/www.facebook.com\/apfelpatientOfficial\" \/>\n<meta property=\"article:published_time\" content=\"2021-04-16T13:51:46+00:00\" \/>\n<meta property=\"article:modified_time\" content=\"2021-04-16T13:51:47+00:00\" \/>\n<meta property=\"og:image\" content=\"https:\/\/www.apfelpatient.de\/wp-content\/uploads\/2021\/04\/howard-bouchevereau-MU3SIgq5Gpw-unsplash-scaled.jpg\" \/>\n\t<meta property=\"og:image:width\" content=\"2560\" \/>\n\t<meta property=\"og:image:height\" content=\"1708\" \/>\n\t<meta property=\"og:image:type\" content=\"image\/jpeg\" \/>\n<meta name=\"author\" content=\"Milan\" \/>\n<meta name=\"twitter:card\" content=\"summary_large_image\" \/>\n<meta name=\"twitter:description\" content=\"Im Vorfeld des &quot;Spring Loaded&quot;-Events tauchen immer wieder Ger\u00fcchte auf, die einen Apple Pencil 3 erw\u00e4hnen.\" \/>\n<meta name=\"twitter:label1\" content=\"Written by\" \/>\n\t<meta name=\"twitter:data1\" content=\"Milan\" \/>\n\t<meta name=\"twitter:label2\" content=\"Est. reading time\" \/>\n\t<meta name=\"twitter:data2\" content=\"2 minutes\" \/>\n<script type=\"application\/ld+json\" class=\"yoast-schema-graph\">{\"@context\":\"https:\\\/\\\/schema.org\",\"@graph\":[{\"@type\":\"NewsArticle\",\"@id\":\"https:\\\/\\\/www.apfelpatient.de\\\/rumors\\\/apple-pencil-3-zurueck-zum-glaenzenden-design#article\",\"isPartOf\":{\"@id\":\"https:\\\/\\\/www.apfelpatient.de\\\/rumors\\\/apple-pencil-3-zurueck-zum-glaenzenden-design\"},\"author\":{\"@type\":\"Organization\",\"@id\":\"https:\\\/\\\/www.apfelpatient.de\\\/en\\\/#organization\",\"name\":\"Apfelpatient\",\"url\":\"https:\\\/\\\/www.apfelpatient.de\\\/en\\\/\"},\"headline\":\"Apple Pencil 3: Zur\u00fcck zum gl\u00e4nzenden Design?\",\"datePublished\":\"2021-04-16T13:51:46+00:00\",\"dateModified\":\"2021-04-16T13:51:47+00:00\",\"mainEntityOfPage\":{\"@id\":\"https:\\\/\\\/www.apfelpatient.de\\\/rumors\\\/apple-pencil-3-zurueck-zum-glaenzenden-design\"},\"wordCount\":331,\"publisher\":{\"@type\":\"Organization\",\"@id\":\"https:\\\/\\\/www.apfelpatient.de\\\/en\\\/#organization\",\"name\":\"Apfelpatient\",\"url\":\"https:\\\/\\\/www.apfelpatient.de\\\/en\\\/\"},\"image\":{\"@id\":\"https:\\\/\\\/www.apfelpatient.de\\\/rumors\\\/apple-pencil-3-zurueck-zum-glaenzenden-design#primaryimage\"},\"thumbnailUrl\":\"https:\\\/\\\/www.apfelpatient.de\\\/wp-content\\\/uploads\\\/2021\\\/04\\\/howard-bouchevereau-MU3SIgq5Gpw-unsplash-scaled.jpg\",\"keywords\":[\"Apple Pencil\",\"iPad\"],\"articleSection\":\"Rumors\",\"inLanguage\":\"en-US\",\"copyrightYear\":\"2021\",\"copyrightHolder\":{\"@id\":\"https:\\\/\\\/www.apfelpatient.de\\\/en\\\/#organization\"}},{\"@type\":\"WebPage\",\"@id\":\"https:\\\/\\\/www.apfelpatient.de\\\/rumors\\\/apple-pencil-3-zurueck-zum-glaenzenden-design\",\"url\":\"https:\\\/\\\/www.apfelpatient.de\\\/rumors\\\/apple-pencil-3-zurueck-zum-glaenzenden-design\",\"name\":\"Apple Pencil 3: Zur\u00fcck zum gl\u00e4nzenden Design? Apfelpatient\",\"isPartOf\":{\"@id\":\"https:\\\/\\\/www.apfelpatient.de\\\/#website\"},\"primaryImageOfPage\":{\"@id\":\"https:\\\/\\\/www.apfelpatient.de\\\/rumors\\\/apple-pencil-3-zurueck-zum-glaenzenden-design#primaryimage\"},\"image\":{\"@id\":\"https:\\\/\\\/www.apfelpatient.de\\\/rumors\\\/apple-pencil-3-zurueck-zum-glaenzenden-design#primaryimage\"},\"thumbnailUrl\":\"https:\\\/\\\/www.apfelpatient.de\\\/wp-content\\\/uploads\\\/2021\\\/04\\\/howard-bouchevereau-MU3SIgq5Gpw-unsplash-scaled.jpg\",\"datePublished\":\"2021-04-16T13:51:46+00:00\",\"dateModified\":\"2021-04-16T13:51:47+00:00\",\"description\":\"Im Vorfeld des \\\"Spring Loaded\\\"-Events tauchen immer wieder Ger\u00fcchte auf, die einen Apple Pencil 3 erw\u00e4hnen.\",\"breadcrumb\":{\"@id\":\"https:\\\/\\\/www.apfelpatient.de\\\/rumors\\\/apple-pencil-3-zurueck-zum-glaenzenden-design#breadcrumb\"},\"inLanguage\":\"en-US\",\"potentialAction\":[{\"@type\":\"ReadAction\",\"target\":[\"https:\\\/\\\/www.apfelpatient.de\\\/rumors\\\/apple-pencil-3-zurueck-zum-glaenzenden-design\"]}]},{\"@type\":\"ImageObject\",\"inLanguage\":\"en-US\",\"@id\":\"https:\\\/\\\/www.apfelpatient.de\\\/rumors\\\/apple-pencil-3-zurueck-zum-glaenzenden-design#primaryimage\",\"url\":\"https:\\\/\\\/www.apfelpatient.de\\\/wp-content\\\/uploads\\\/2021\\\/04\\\/howard-bouchevereau-MU3SIgq5Gpw-unsplash-scaled.jpg\",\"contentUrl\":\"https:\\\/\\\/www.apfelpatient.de\\\/wp-content\\\/uploads\\\/2021\\\/04\\\/howard-bouchevereau-MU3SIgq5Gpw-unsplash-scaled.jpg\",\"width\":2560,\"height\":1708,\"caption\":\"Photo by Unsplash \\\/ Howard Bouchevereau\"},{\"@type\":\"BreadcrumbList\",\"@id\":\"https:\\\/\\\/www.apfelpatient.de\\\/rumors\\\/apple-pencil-3-zurueck-zum-glaenzenden-design#breadcrumb\",\"itemListElement\":[{\"@type\":\"ListItem\",\"position\":1,\"name\":\"Startseite\",\"item\":\"https:\\\/\\\/www.apfelpatient.de\\\/\"},{\"@type\":\"ListItem\",\"position\":2,\"name\":\"Apple Pencil 3: Zur\u00fcck zum gl\u00e4nzenden Design?\"}]},{\"@type\":\"WebSite\",\"@id\":\"https:\\\/\\\/www.apfelpatient.de\\\/#website\",\"url\":\"https:\\\/\\\/www.apfelpatient.de\\\/\",\"name\":\"Apfelpatient\",\"description\":\"Alles rund um Apple!\",\"publisher\":{\"@type\":\"Organization\",\"@id\":\"https:\\\/\\\/www.apfelpatient.de\\\/en\\\/#organization\",\"name\":\"Apfelpatient\",\"url\":\"https:\\\/\\\/www.apfelpatient.de\\\/en\\\/\"},\"alternateName\":\"Apfelpatient\",\"potentialAction\":[{\"@type\":\"SearchAction\",\"target\":{\"@type\":\"EntryPoint\",\"urlTemplate\":\"https:\\\/\\\/www.apfelpatient.de\\\/?s={search_term_string}\"},\"query-input\":{\"@type\":\"PropertyValueSpecification\",\"valueRequired\":true,\"valueName\":\"search_term_string\"}}],\"inLanguage\":\"en-US\"},{\"@type\":[\"Person\",\"Organization\"],\"@id\":\"https:\\\/\\\/www.apfelpatient.de\\\/#\\\/schema\\\/person\\\/35b3ddba5832f2bfc7fff5206d4f6b7b\",\"name\":\"Milan\",\"logo\":{\"@id\":\"https:\\\/\\\/www.apfelpatient.de\\\/#\\\/schema\\\/person\\\/image\\\/\"},\"description\":\"Hallo und herzlich willkommen auf meinem Technik-Blog! Als gro\u00dfer Apple-Fan berichte ich hier \u00fcber alles, was mit Apple zu tun hat: von den neuesten News und spannenden Ger\u00fcchten \u00fcber hilfreiche Tipps und Tricks bis hin zu ausf\u00fchrlichen Produkttests. Wenn du genauso technikbegeistert bist wie ich, bist du hier genau richtig!\",\"sameAs\":[\"https:\\\/\\\/www.facebook.com\\\/apfelpatientOfficial\",\"https:\\\/\\\/www.linkedin.com\\\/in\\\/milan-jovicic-42aa0231b\"],\"url\":\"https:\\\/\\\/www.apfelpatient.de\\\/en\\\/author\\\/apfeladmin\"}]}<\/script>\n<!-- \/ Yoast SEO Premium plugin. -->","yoast_head_json":{"title":"Apple Pencil 3: Back to the shiny design? Apfelpatient","description":"In the run-up to the &quot;Spring Loaded&quot; event, rumors keep surfacing that mention an Apple Pencil 3.","robots":{"index":"index","follow":"follow","max-snippet":"max-snippet:-1","max-image-preview":"max-image-preview:large","max-video-preview":"max-video-preview:-1"},"canonical":"https:\/\/www.apfelpatient.de\/en\/rumors\/apple-pencil-3-back-to-the-shiny-design","og_locale":"en_US","og_type":"article","og_title":"Apple Pencil 3: Zur\u00fcck zum gl\u00e4nzenden Design?","og_description":"Im Vorfeld des \"Spring Loaded\"-Events tauchen immer wieder Ger\u00fcchte auf, die einen Apple Pencil 3 erw\u00e4hnen.","og_url":"https:\/\/www.apfelpatient.de\/en\/rumors\/apple-pencil-3-back-to-the-shiny-design","og_site_name":"Apfelpatient","article_publisher":"https:\/\/www.facebook.com\/apfelpatientOfficial","article_author":"https:\/\/www.facebook.com\/apfelpatientOfficial","article_published_time":"2021-04-16T13:51:46+00:00","article_modified_time":"2021-04-16T13:51:47+00:00","og_image":[{"width":2560,"height":1708,"url":"https:\/\/www.apfelpatient.de\/wp-content\/uploads\/2021\/04\/howard-bouchevereau-MU3SIgq5Gpw-unsplash-scaled.jpg","type":"image\/jpeg"}],"author":"Milan","twitter_card":"summary_large_image","twitter_description":"Im Vorfeld des \"Spring Loaded\"-Events tauchen immer wieder Ger\u00fcchte auf, die einen Apple Pencil 3 erw\u00e4hnen.","twitter_misc":{"Written by":"Milan","Est. reading time":"2 minutes"},"schema":{"@context":"https:\/\/schema.org","@graph":[{"@type":"NewsArticle","@id":"https:\/\/www.apfelpatient.de\/rumors\/apple-pencil-3-zurueck-zum-glaenzenden-design#article","isPartOf":{"@id":"https:\/\/www.apfelpatient.de\/rumors\/apple-pencil-3-zurueck-zum-glaenzenden-design"},"author":{"@type":"Organization","@id":"https:\/\/www.apfelpatient.de\/en\/#organization","name":"Apfelpatient","url":"https:\/\/www.apfelpatient.de\/en\/"},"headline":"Apple Pencil 3: Zur\u00fcck zum gl\u00e4nzenden Design?","datePublished":"2021-04-16T13:51:46+00:00","dateModified":"2021-04-16T13:51:47+00:00","mainEntityOfPage":{"@id":"https:\/\/www.apfelpatient.de\/rumors\/apple-pencil-3-zurueck-zum-glaenzenden-design"},"wordCount":331,"publisher":{"@type":"Organization","@id":"https:\/\/www.apfelpatient.de\/en\/#organization","name":"Apfelpatient","url":"https:\/\/www.apfelpatient.de\/en\/"},"image":{"@id":"https:\/\/www.apfelpatient.de\/rumors\/apple-pencil-3-zurueck-zum-glaenzenden-design#primaryimage"},"thumbnailUrl":"https:\/\/www.apfelpatient.de\/wp-content\/uploads\/2021\/04\/howard-bouchevereau-MU3SIgq5Gpw-unsplash-scaled.jpg","keywords":["Apple Pencil","iPad"],"articleSection":"Rumors","inLanguage":"en-US","copyrightYear":"2021","copyrightHolder":{"@id":"https:\/\/www.apfelpatient.de\/en\/#organization"}},{"@type":"WebPage","@id":"https:\/\/www.apfelpatient.de\/rumors\/apple-pencil-3-zurueck-zum-glaenzenden-design","url":"https:\/\/www.apfelpatient.de\/rumors\/apple-pencil-3-zurueck-zum-glaenzenden-design","name":"Apple Pencil 3: Back to the shiny design? Apfelpatient","isPartOf":{"@id":"https:\/\/www.apfelpatient.de\/#website"},"primaryImageOfPage":{"@id":"https:\/\/www.apfelpatient.de\/rumors\/apple-pencil-3-zurueck-zum-glaenzenden-design#primaryimage"},"image":{"@id":"https:\/\/www.apfelpatient.de\/rumors\/apple-pencil-3-zurueck-zum-glaenzenden-design#primaryimage"},"thumbnailUrl":"https:\/\/www.apfelpatient.de\/wp-content\/uploads\/2021\/04\/howard-bouchevereau-MU3SIgq5Gpw-unsplash-scaled.jpg","datePublished":"2021-04-16T13:51:46+00:00","dateModified":"2021-04-16T13:51:47+00:00","description":"In the run-up to the &quot;Spring Loaded&quot; event, rumors keep surfacing that mention an Apple Pencil 3.","breadcrumb":{"@id":"https:\/\/www.apfelpatient.de\/rumors\/apple-pencil-3-zurueck-zum-glaenzenden-design#breadcrumb"},"inLanguage":"en-US","potentialAction":[{"@type":"ReadAction","target":["https:\/\/www.apfelpatient.de\/rumors\/apple-pencil-3-zurueck-zum-glaenzenden-design"]}]},{"@type":"ImageObject","inLanguage":"en-US","@id":"https:\/\/www.apfelpatient.de\/rumors\/apple-pencil-3-zurueck-zum-glaenzenden-design#primaryimage","url":"https:\/\/www.apfelpatient.de\/wp-content\/uploads\/2021\/04\/howard-bouchevereau-MU3SIgq5Gpw-unsplash-scaled.jpg","contentUrl":"https:\/\/www.apfelpatient.de\/wp-content\/uploads\/2021\/04\/howard-bouchevereau-MU3SIgq5Gpw-unsplash-scaled.jpg","width":2560,"height":1708,"caption":"Photo by Unsplash \/ Howard Bouchevereau"},{"@type":"BreadcrumbList","@id":"https:\/\/www.apfelpatient.de\/rumors\/apple-pencil-3-zurueck-zum-glaenzenden-design#breadcrumb","itemListElement":[{"@type":"ListItem","position":1,"name":"Startseite","item":"https:\/\/www.apfelpatient.de\/"},{"@type":"ListItem","position":2,"name":"Apple Pencil 3: Zur\u00fcck zum gl\u00e4nzenden Design?"}]},{"@type":"WebSite","@id":"https:\/\/www.apfelpatient.de\/#website","url":"https:\/\/www.apfelpatient.de\/","name":"apple patient","description":"Everything about Apple!","publisher":{"@type":"Organization","@id":"https:\/\/www.apfelpatient.de\/en\/#organization","name":"Apfelpatient","url":"https:\/\/www.apfelpatient.de\/en\/"},"alternateName":"Apfelpatient","potentialAction":[{"@type":"SearchAction","target":{"@type":"EntryPoint","urlTemplate":"https:\/\/www.apfelpatient.de\/?s={search_term_string}"},"query-input":{"@type":"PropertyValueSpecification","valueRequired":true,"valueName":"search_term_string"}}],"inLanguage":"en-US"},{"@type":["Person","Organization"],"@id":"https:\/\/www.apfelpatient.de\/#\/schema\/person\/35b3ddba5832f2bfc7fff5206d4f6b7b","name":"Milan","logo":{"@id":"https:\/\/www.apfelpatient.de\/#\/schema\/person\/image\/"},"description":"Hello and welcome to my technology blog! As a big Apple fan, I report on everything to do with Apple: from the latest news and exciting rumors to helpful tips and tricks and detailed product tests. If you are as enthusiastic about technology as I am, you have come to the right place!","sameAs":["https:\/\/www.facebook.com\/apfelpatientOfficial","https:\/\/www.linkedin.com\/in\/milan-jovicic-42aa0231b"],"url":"https:\/\/www.apfelpatient.de\/en\/author\/apfeladmin"}]}},"_links":{"self":[{"href":"https:\/\/www.apfelpatient.de\/en\/wp-json\/wp\/v2\/posts\/21366","targetHints":{"allow":["GET"]}}],"collection":[{"href":"https:\/\/www.apfelpatient.de\/en\/wp-json\/wp\/v2\/posts"}],"about":[{"href":"https:\/\/www.apfelpatient.de\/en\/wp-json\/wp\/v2\/types\/post"}],"author":[{"embeddable":true,"href":"https:\/\/www.apfelpatient.de\/en\/wp-json\/wp\/v2\/users\/2"}],"replies":[{"embeddable":true,"href":"https:\/\/www.apfelpatient.de\/en\/wp-json\/wp\/v2\/comments?post=21366"}],"version-history":[{"count":0,"href":"https:\/\/www.apfelpatient.de\/en\/wp-json\/wp\/v2\/posts\/21366\/revisions"}],"wp:featuredmedia":[{"embeddable":true,"href":"https:\/\/www.apfelpatient.de\/en\/wp-json\/wp\/v2\/media\/21367"}],"wp:attachment":[{"href":"https:\/\/www.apfelpatient.de\/en\/wp-json\/wp\/v2\/media?parent=21366"}],"wp:term":[{"taxonomy":"category","embeddable":true,"href":"https:\/\/www.apfelpatient.de\/en\/wp-json\/wp\/v2\/categories?post=21366"},{"taxonomy":"post_tag","embeddable":true,"href":"https:\/\/www.apfelpatient.de\/en\/wp-json\/wp\/v2\/tags?post=21366"}],"curies":[{"name":"wp","href":"https:\/\/api.w.org\/{rel}","templated":true}]}}