{"id":21315,"date":"2021-04-15T14:58:50","date_gmt":"2021-04-15T12:58:50","guid":{"rendered":"https:\/\/www.apfelpatient.de\/?p=21315"},"modified":"2025-02-06T08:01:50","modified_gmt":"2025-02-06T07:01:50","slug":"spring-loaded-event-also-apple-pencil-3-airpods-3-expected","status":"publish","type":"post","link":"https:\/\/www.apfelpatient.de\/en\/rumors\/spring-loaded-event-auch-apple-pencil-3-airpods-3-zu-erwarten","title":{"rendered":"\u201cSpring Loaded\u201d event: Can we also expect Apple Pencil 3 &amp; AirPods 3?"},"content":{"rendered":"<p class=\"has-drop-cap\"><strong>Apple will host the &quot;Spring Loaded&quot; event next week and unveil new products. Now a post has appeared on Weibo that hints at the Apple Pencil 3 and AirPods 3.<\/strong><\/p>\n\n\n\n<p>According to a leak on Weibo, Apple is preparing to introduce the third generation of Apple Pencil. The Weibo account, <a href=\"https:\/\/weibo.com\/5367283758\/Kb1nQno26?from=page_1005055367283758_profile&amp;wvr=6&amp;mod=weibotime&amp;type=comment#_rnd1618490394995\" target=\"_blank\" rel=\"noreferrer noopener\">UnclePan<\/a>, has been pretty accurate in the past. Which is why it&#039;s naturally getting attention. The third-generation Apple Pencil was reportedly revealed in a photo shared on Twitter last month. However, the accessory was hard to distinguish from the previous generation, aside from the fact that the case appeared to have a glossy finish rather than a matte finish. The current Apple Pencil line was last updated in 2018, along with the 2018 iPad Pro. To this day, Apple still sells both the first and second generation Apple Pencil.<\/p>\n\n\n\n<h3 class=\"wp-block-heading\" id=\"h-airpods-3-quellen-widersprechen-sich\">AirPods 3: Sources contradict each other<\/h3>\n\n\n\n\n\n\n\n<p>This is because some iPads, such as the 9.7-inch iPad and the iPad mini, are not compatible with the second-generation Pencil. Details about the new model are very sparse. However, it is not impossible that the third generation will have new sensors to work more precisely. In addition to the Apple Pencil 3, new third-generation AirPods have also been hinted at. <\/p>\n\n\n\n<figure class=\"wp-block-image size-large\"><img decoding=\"async\" width=\"690\" height=\"518\" src=\"https:\/\/www.apfelpatient.de\/wp-content\/uploads\/2021\/04\/005RezGSgy1gpkgsw75kjj33402c0kjl.jpg\" alt=\"AirPods 3\" class=\"wp-image-21310\" srcset=\"https:\/\/www.apfelpatient.de\/wp-content\/uploads\/2021\/04\/005RezGSgy1gpkgsw75kjj33402c0kjl.jpg 690w, https:\/\/www.apfelpatient.de\/wp-content\/uploads\/2021\/04\/005RezGSgy1gpkgsw75kjj33402c0kjl-300x225.jpg 300w\" sizes=\"(max-width: 690px) 100vw, 690px\" \/><figcaption>Image via Weibo<\/figcaption><\/figure>\n\n\n\n<p>As a result, the account published a picture that is supposed to show the new earbuds. Interestingly, the sources are divided as to whether the AirPods 3 will actually be delivered soon. Some analysts have already stated that Apple will not introduce the AirPods 3 until the second half of the year. So the whole thing remains exciting as always. (Photo by Unsplash \/ Kelly Sikkema)<\/p>\n\n\n\n<ul class=\"wp-block-list\"><li><a href=\"https:\/\/www.apfelpatient.de\/en\/news\/spring-loaded-apple-announces-new-event\">Spring Loaded: Apple announces new event<\/a><\/li><\/ul>\n\n\n\n<h6 class=\"wp-block-heading translation-block\" id=\"h-kennt-ihr-schon-unsere-amazon-storefront-dort-findet-ihr-eine-handverlesene-auswahl-von-diversen-produkten-f-r-euer-iphone-und-co-viel-spa-beim-st-bern\"><em>Have you already visited our Amazon Storefront? There you&#039;ll find a hand-picked selection of various products for your iPhone and other devices \u2013 <span class=\"has-inline-color has-vivid-red-color\"><a href=\"https:\/\/www.amazon.de\/shop\/apfelpatientofficial\" class=\"ek-link\" data-wpel-link=\"exclude\" rel=\"follow noopener\" target=\"_self\"><span style=\"text-decoration: underline\" class=\"ek-underline\">enjoy browsing<\/span><\/a> !<\/span><\/em><\/h6>\n\n\n\n<h6 class=\"wp-block-heading translation-block\" id=\"h-der-beitrag-enthalt-partnerlinks\">This post contains <a data-type=\"URL\" data-id=\"https:\/\/www.apfelpatient.de\/partnerprogramm\" href=\"https:\/\/www.apfelpatient.de\/en\/partner-program\" data-wpel-link=\"internal\" target=\"_self\">affiliate links<\/a>.<\/h6>","protected":false},"excerpt":{"rendered":"<p>Apple Pencil 3 &amp; AirPods 3 on the horizon? Apple will host its &quot;Spring Loaded&quot; event next week and unveil new products.<\/p>","protected":false},"author":2,"featured_media":21309,"comment_status":"closed","ping_status":"closed","sticky":false,"template":"","format":"standard","meta":{"jnews-multi-image_gallery":[],"jnews_single_post":{"subtitle":"","format":"standard","video":"","gallery":"","source_name":"","source_url":"","via_name":"","via_url":"","override":[{"single_blog_custom":"","sidebar":"","second_sidebar":"","share_position":"","share_float_style":"","post_date_format":"","post_date_format_custom":"","post_reading_time_wpm":"","zoom_button_out_step":"1","zoom_button_in_step":"1","number_popup_post":"1"}],"image_override":[{"single_post_thumbnail_size":"","single_post_gallery_size":""}],"trending_post_position":"","trending_post_label":"","sponsored_post_label":"","sponsored_post_name":"","sponsored_post_url":"","sponsored_post_logo":"","sponsored_post_desc":""},"jnews_primary_category":{"id":"25"},"footnotes":""},"categories":[25],"tags":[28,17,18],"class_list":["post-21315","post","type-post","status-publish","format-standard","has-post-thumbnail","hentry","category-rumors","tag-airpods","tag-apple-pencil","tag-ipad"],"yoast_head":"<!-- This site is optimized with the Yoast SEO Premium plugin v27.5 (Yoast SEO v27.5) - https:\/\/yoast.com\/product\/yoast-seo-premium-wordpress\/ -->\n<title>\u201eSpring Loaded\u201c-Event: Auch Apple Pencil 3 &amp; AirPods 3 zu erwarten?<\/title>\n<meta name=\"description\" content=\"Apple Pencil 3 &amp; AirPods 3 in Spee? Apple wird n\u00e4chste Woche das \u201eSpring Loaded\u201c-Event veranstalten und dabei neue Produkte vorstellen.\" \/>\n<meta name=\"robots\" content=\"index, follow, max-snippet:-1, max-image-preview:large, max-video-preview:-1\" \/>\n<link rel=\"canonical\" href=\"https:\/\/www.apfelpatient.de\/en\/rumors\/spring-loaded-event-also-apple-pencil-3-airpods-3-expected\" \/>\n<meta property=\"og:locale\" content=\"en_US\" \/>\n<meta property=\"og:type\" content=\"article\" \/>\n<meta property=\"og:title\" content=\"\u201eSpring Loaded\u201c-Event: Auch Apple Pencil 3 &amp; AirPods 3 zu erwarten?\" \/>\n<meta property=\"og:description\" content=\"Apple Pencil 3 &amp; AirPods 3 in Spee? Apple wird n\u00e4chste Woche das \u201eSpring Loaded\u201c-Event veranstalten und dabei neue Produkte vorstellen.\" \/>\n<meta property=\"og:url\" content=\"https:\/\/www.apfelpatient.de\/en\/rumors\/spring-loaded-event-also-apple-pencil-3-airpods-3-expected\" \/>\n<meta property=\"og:site_name\" content=\"Apfelpatient\" \/>\n<meta property=\"article:publisher\" content=\"https:\/\/www.facebook.com\/apfelpatientOfficial\" \/>\n<meta property=\"article:author\" content=\"https:\/\/www.facebook.com\/apfelpatientOfficial\" \/>\n<meta property=\"article:published_time\" content=\"2021-04-15T12:58:50+00:00\" \/>\n<meta property=\"article:modified_time\" content=\"2025-02-06T07:01:50+00:00\" \/>\n<meta property=\"og:image\" content=\"https:\/\/www.apfelpatient.de\/wp-content\/uploads\/2021\/04\/kelly-sikkema-fUdTivaXoYs-unsplash-scaled.jpg\" \/>\n\t<meta property=\"og:image:width\" content=\"2560\" \/>\n\t<meta property=\"og:image:height\" content=\"1707\" \/>\n\t<meta property=\"og:image:type\" content=\"image\/jpeg\" \/>\n<meta name=\"author\" content=\"Milan\" \/>\n<meta name=\"twitter:card\" content=\"summary_large_image\" \/>\n<meta name=\"twitter:description\" content=\"Apple Pencil 3 &amp; AirPods 3 in Spee? Apple wird n\u00e4chste Woche das \u201eSpring Loaded\u201c-Event veranstalten und dabei neue Produkte vorstellen.\" \/>\n<meta name=\"twitter:label1\" content=\"Written by\" \/>\n\t<meta name=\"twitter:data1\" content=\"Milan\" \/>\n\t<meta name=\"twitter:label2\" content=\"Est. reading time\" \/>\n\t<meta name=\"twitter:data2\" content=\"2 minutes\" \/>\n<script type=\"application\/ld+json\" class=\"yoast-schema-graph\">{\"@context\":\"https:\\\/\\\/schema.org\",\"@graph\":[{\"@type\":\"NewsArticle\",\"@id\":\"https:\\\/\\\/www.apfelpatient.de\\\/rumors\\\/spring-loaded-event-auch-apple-pencil-3-airpods-3-zu-erwarten#article\",\"isPartOf\":{\"@id\":\"https:\\\/\\\/www.apfelpatient.de\\\/rumors\\\/spring-loaded-event-auch-apple-pencil-3-airpods-3-zu-erwarten\"},\"author\":{\"@type\":\"Organization\",\"@id\":\"https:\\\/\\\/www.apfelpatient.de\\\/en\\\/#organization\",\"name\":\"Apfelpatient\",\"url\":\"https:\\\/\\\/www.apfelpatient.de\\\/en\\\/\"},\"headline\":\"\u201eSpring Loaded\u201c-Event: Auch Apple Pencil 3 &#038; AirPods 3 zu erwarten?\",\"datePublished\":\"2021-04-15T12:58:50+00:00\",\"dateModified\":\"2025-02-06T07:01:50+00:00\",\"mainEntityOfPage\":{\"@id\":\"https:\\\/\\\/www.apfelpatient.de\\\/rumors\\\/spring-loaded-event-auch-apple-pencil-3-airpods-3-zu-erwarten\"},\"wordCount\":300,\"publisher\":{\"@type\":\"Organization\",\"@id\":\"https:\\\/\\\/www.apfelpatient.de\\\/en\\\/#organization\",\"name\":\"Apfelpatient\",\"url\":\"https:\\\/\\\/www.apfelpatient.de\\\/en\\\/\"},\"image\":{\"@id\":\"https:\\\/\\\/www.apfelpatient.de\\\/rumors\\\/spring-loaded-event-auch-apple-pencil-3-airpods-3-zu-erwarten#primaryimage\"},\"thumbnailUrl\":\"https:\\\/\\\/www.apfelpatient.de\\\/wp-content\\\/uploads\\\/2021\\\/04\\\/kelly-sikkema-fUdTivaXoYs-unsplash-scaled.jpg\",\"keywords\":[\"AirPods\",\"Apple Pencil\",\"iPad\"],\"articleSection\":\"Rumors\",\"inLanguage\":\"en-US\",\"copyrightYear\":\"2021\",\"copyrightHolder\":{\"@id\":\"https:\\\/\\\/www.apfelpatient.de\\\/en\\\/#organization\"}},{\"@type\":\"WebPage\",\"@id\":\"https:\\\/\\\/www.apfelpatient.de\\\/rumors\\\/spring-loaded-event-auch-apple-pencil-3-airpods-3-zu-erwarten\",\"url\":\"https:\\\/\\\/www.apfelpatient.de\\\/rumors\\\/spring-loaded-event-auch-apple-pencil-3-airpods-3-zu-erwarten\",\"name\":\"\u201eSpring Loaded\u201c-Event: Auch Apple Pencil 3 & AirPods 3 zu erwarten?\",\"isPartOf\":{\"@id\":\"https:\\\/\\\/www.apfelpatient.de\\\/#website\"},\"primaryImageOfPage\":{\"@id\":\"https:\\\/\\\/www.apfelpatient.de\\\/rumors\\\/spring-loaded-event-auch-apple-pencil-3-airpods-3-zu-erwarten#primaryimage\"},\"image\":{\"@id\":\"https:\\\/\\\/www.apfelpatient.de\\\/rumors\\\/spring-loaded-event-auch-apple-pencil-3-airpods-3-zu-erwarten#primaryimage\"},\"thumbnailUrl\":\"https:\\\/\\\/www.apfelpatient.de\\\/wp-content\\\/uploads\\\/2021\\\/04\\\/kelly-sikkema-fUdTivaXoYs-unsplash-scaled.jpg\",\"datePublished\":\"2021-04-15T12:58:50+00:00\",\"dateModified\":\"2025-02-06T07:01:50+00:00\",\"description\":\"Apple Pencil 3 & AirPods 3 in Spee? Apple wird n\u00e4chste Woche das \u201eSpring Loaded\u201c-Event veranstalten und dabei neue Produkte vorstellen.\",\"breadcrumb\":{\"@id\":\"https:\\\/\\\/www.apfelpatient.de\\\/rumors\\\/spring-loaded-event-auch-apple-pencil-3-airpods-3-zu-erwarten#breadcrumb\"},\"inLanguage\":\"en-US\",\"potentialAction\":[{\"@type\":\"ReadAction\",\"target\":[\"https:\\\/\\\/www.apfelpatient.de\\\/rumors\\\/spring-loaded-event-auch-apple-pencil-3-airpods-3-zu-erwarten\"]}]},{\"@type\":\"ImageObject\",\"inLanguage\":\"en-US\",\"@id\":\"https:\\\/\\\/www.apfelpatient.de\\\/rumors\\\/spring-loaded-event-auch-apple-pencil-3-airpods-3-zu-erwarten#primaryimage\",\"url\":\"https:\\\/\\\/www.apfelpatient.de\\\/wp-content\\\/uploads\\\/2021\\\/04\\\/kelly-sikkema-fUdTivaXoYs-unsplash-scaled.jpg\",\"contentUrl\":\"https:\\\/\\\/www.apfelpatient.de\\\/wp-content\\\/uploads\\\/2021\\\/04\\\/kelly-sikkema-fUdTivaXoYs-unsplash-scaled.jpg\",\"width\":2560,\"height\":1707,\"caption\":\"Photo by Unsplash \\\/ Kelly Sikkema\"},{\"@type\":\"BreadcrumbList\",\"@id\":\"https:\\\/\\\/www.apfelpatient.de\\\/rumors\\\/spring-loaded-event-auch-apple-pencil-3-airpods-3-zu-erwarten#breadcrumb\",\"itemListElement\":[{\"@type\":\"ListItem\",\"position\":1,\"name\":\"Startseite\",\"item\":\"https:\\\/\\\/www.apfelpatient.de\\\/\"},{\"@type\":\"ListItem\",\"position\":2,\"name\":\"\u201eSpring Loaded\u201c-Event: Auch Apple Pencil 3 &#038; AirPods 3 zu erwarten?\"}]},{\"@type\":\"WebSite\",\"@id\":\"https:\\\/\\\/www.apfelpatient.de\\\/#website\",\"url\":\"https:\\\/\\\/www.apfelpatient.de\\\/\",\"name\":\"Apfelpatient\",\"description\":\"Alles rund um Apple!\",\"publisher\":{\"@type\":\"Organization\",\"@id\":\"https:\\\/\\\/www.apfelpatient.de\\\/en\\\/#organization\",\"name\":\"Apfelpatient\",\"url\":\"https:\\\/\\\/www.apfelpatient.de\\\/en\\\/\"},\"alternateName\":\"Apfelpatient\",\"potentialAction\":[{\"@type\":\"SearchAction\",\"target\":{\"@type\":\"EntryPoint\",\"urlTemplate\":\"https:\\\/\\\/www.apfelpatient.de\\\/?s={search_term_string}\"},\"query-input\":{\"@type\":\"PropertyValueSpecification\",\"valueRequired\":true,\"valueName\":\"search_term_string\"}}],\"inLanguage\":\"en-US\"},{\"@type\":[\"Person\",\"Organization\"],\"@id\":\"https:\\\/\\\/www.apfelpatient.de\\\/#\\\/schema\\\/person\\\/35b3ddba5832f2bfc7fff5206d4f6b7b\",\"name\":\"Milan\",\"logo\":{\"@id\":\"https:\\\/\\\/www.apfelpatient.de\\\/#\\\/schema\\\/person\\\/image\\\/\"},\"description\":\"Hallo und herzlich willkommen auf meinem Technik-Blog! Als gro\u00dfer Apple-Fan berichte ich hier \u00fcber alles, was mit Apple zu tun hat: von den neuesten News und spannenden Ger\u00fcchten \u00fcber hilfreiche Tipps und Tricks bis hin zu ausf\u00fchrlichen Produkttests. Wenn du genauso technikbegeistert bist wie ich, bist du hier genau richtig!\",\"sameAs\":[\"https:\\\/\\\/www.facebook.com\\\/apfelpatientOfficial\",\"https:\\\/\\\/www.linkedin.com\\\/in\\\/milan-jovicic-42aa0231b\"],\"url\":\"https:\\\/\\\/www.apfelpatient.de\\\/en\\\/author\\\/apfeladmin\"}]}<\/script>\n<!-- \/ Yoast SEO Premium plugin. -->","yoast_head_json":{"title":"\u201cSpring Loaded\u201d event: Can we also expect Apple Pencil 3 &amp; AirPods 3?","description":"Apple Pencil 3 &amp; AirPods 3 on the way? Apple will host the \u201cSpring Loaded\u201d event next week and introduce new products.","robots":{"index":"index","follow":"follow","max-snippet":"max-snippet:-1","max-image-preview":"max-image-preview:large","max-video-preview":"max-video-preview:-1"},"canonical":"https:\/\/www.apfelpatient.de\/en\/rumors\/spring-loaded-event-also-apple-pencil-3-airpods-3-expected","og_locale":"en_US","og_type":"article","og_title":"\u201eSpring Loaded\u201c-Event: Auch Apple Pencil 3 & AirPods 3 zu erwarten?","og_description":"Apple Pencil 3 & AirPods 3 in Spee? Apple wird n\u00e4chste Woche das \u201eSpring Loaded\u201c-Event veranstalten und dabei neue Produkte vorstellen.","og_url":"https:\/\/www.apfelpatient.de\/en\/rumors\/spring-loaded-event-also-apple-pencil-3-airpods-3-expected","og_site_name":"Apfelpatient","article_publisher":"https:\/\/www.facebook.com\/apfelpatientOfficial","article_author":"https:\/\/www.facebook.com\/apfelpatientOfficial","article_published_time":"2021-04-15T12:58:50+00:00","article_modified_time":"2025-02-06T07:01:50+00:00","og_image":[{"width":2560,"height":1707,"url":"https:\/\/www.apfelpatient.de\/wp-content\/uploads\/2021\/04\/kelly-sikkema-fUdTivaXoYs-unsplash-scaled.jpg","type":"image\/jpeg"}],"author":"Milan","twitter_card":"summary_large_image","twitter_description":"Apple Pencil 3 & AirPods 3 in Spee? Apple wird n\u00e4chste Woche das \u201eSpring Loaded\u201c-Event veranstalten und dabei neue Produkte vorstellen.","twitter_misc":{"Written by":"Milan","Est. reading time":"2 minutes"},"schema":{"@context":"https:\/\/schema.org","@graph":[{"@type":"NewsArticle","@id":"https:\/\/www.apfelpatient.de\/rumors\/spring-loaded-event-auch-apple-pencil-3-airpods-3-zu-erwarten#article","isPartOf":{"@id":"https:\/\/www.apfelpatient.de\/rumors\/spring-loaded-event-auch-apple-pencil-3-airpods-3-zu-erwarten"},"author":{"@type":"Organization","@id":"https:\/\/www.apfelpatient.de\/en\/#organization","name":"Apfelpatient","url":"https:\/\/www.apfelpatient.de\/en\/"},"headline":"\u201eSpring Loaded\u201c-Event: Auch Apple Pencil 3 &#038; AirPods 3 zu erwarten?","datePublished":"2021-04-15T12:58:50+00:00","dateModified":"2025-02-06T07:01:50+00:00","mainEntityOfPage":{"@id":"https:\/\/www.apfelpatient.de\/rumors\/spring-loaded-event-auch-apple-pencil-3-airpods-3-zu-erwarten"},"wordCount":300,"publisher":{"@type":"Organization","@id":"https:\/\/www.apfelpatient.de\/en\/#organization","name":"Apfelpatient","url":"https:\/\/www.apfelpatient.de\/en\/"},"image":{"@id":"https:\/\/www.apfelpatient.de\/rumors\/spring-loaded-event-auch-apple-pencil-3-airpods-3-zu-erwarten#primaryimage"},"thumbnailUrl":"https:\/\/www.apfelpatient.de\/wp-content\/uploads\/2021\/04\/kelly-sikkema-fUdTivaXoYs-unsplash-scaled.jpg","keywords":["AirPods","Apple Pencil","iPad"],"articleSection":"Rumors","inLanguage":"en-US","copyrightYear":"2021","copyrightHolder":{"@id":"https:\/\/www.apfelpatient.de\/en\/#organization"}},{"@type":"WebPage","@id":"https:\/\/www.apfelpatient.de\/rumors\/spring-loaded-event-auch-apple-pencil-3-airpods-3-zu-erwarten","url":"https:\/\/www.apfelpatient.de\/rumors\/spring-loaded-event-auch-apple-pencil-3-airpods-3-zu-erwarten","name":"\u201cSpring Loaded\u201d event: Can we also expect Apple Pencil 3 &amp; AirPods 3?","isPartOf":{"@id":"https:\/\/www.apfelpatient.de\/#website"},"primaryImageOfPage":{"@id":"https:\/\/www.apfelpatient.de\/rumors\/spring-loaded-event-auch-apple-pencil-3-airpods-3-zu-erwarten#primaryimage"},"image":{"@id":"https:\/\/www.apfelpatient.de\/rumors\/spring-loaded-event-auch-apple-pencil-3-airpods-3-zu-erwarten#primaryimage"},"thumbnailUrl":"https:\/\/www.apfelpatient.de\/wp-content\/uploads\/2021\/04\/kelly-sikkema-fUdTivaXoYs-unsplash-scaled.jpg","datePublished":"2021-04-15T12:58:50+00:00","dateModified":"2025-02-06T07:01:50+00:00","description":"Apple Pencil 3 &amp; AirPods 3 on the way? Apple will host the \u201cSpring Loaded\u201d event next week and introduce new products.","breadcrumb":{"@id":"https:\/\/www.apfelpatient.de\/rumors\/spring-loaded-event-auch-apple-pencil-3-airpods-3-zu-erwarten#breadcrumb"},"inLanguage":"en-US","potentialAction":[{"@type":"ReadAction","target":["https:\/\/www.apfelpatient.de\/rumors\/spring-loaded-event-auch-apple-pencil-3-airpods-3-zu-erwarten"]}]},{"@type":"ImageObject","inLanguage":"en-US","@id":"https:\/\/www.apfelpatient.de\/rumors\/spring-loaded-event-auch-apple-pencil-3-airpods-3-zu-erwarten#primaryimage","url":"https:\/\/www.apfelpatient.de\/wp-content\/uploads\/2021\/04\/kelly-sikkema-fUdTivaXoYs-unsplash-scaled.jpg","contentUrl":"https:\/\/www.apfelpatient.de\/wp-content\/uploads\/2021\/04\/kelly-sikkema-fUdTivaXoYs-unsplash-scaled.jpg","width":2560,"height":1707,"caption":"Photo by Unsplash \/ Kelly Sikkema"},{"@type":"BreadcrumbList","@id":"https:\/\/www.apfelpatient.de\/rumors\/spring-loaded-event-auch-apple-pencil-3-airpods-3-zu-erwarten#breadcrumb","itemListElement":[{"@type":"ListItem","position":1,"name":"Startseite","item":"https:\/\/www.apfelpatient.de\/"},{"@type":"ListItem","position":2,"name":"\u201eSpring Loaded\u201c-Event: Auch Apple Pencil 3 &#038; AirPods 3 zu erwarten?"}]},{"@type":"WebSite","@id":"https:\/\/www.apfelpatient.de\/#website","url":"https:\/\/www.apfelpatient.de\/","name":"apple patient","description":"Everything about Apple!","publisher":{"@type":"Organization","@id":"https:\/\/www.apfelpatient.de\/en\/#organization","name":"Apfelpatient","url":"https:\/\/www.apfelpatient.de\/en\/"},"alternateName":"Apfelpatient","potentialAction":[{"@type":"SearchAction","target":{"@type":"EntryPoint","urlTemplate":"https:\/\/www.apfelpatient.de\/?s={search_term_string}"},"query-input":{"@type":"PropertyValueSpecification","valueRequired":true,"valueName":"search_term_string"}}],"inLanguage":"en-US"},{"@type":["Person","Organization"],"@id":"https:\/\/www.apfelpatient.de\/#\/schema\/person\/35b3ddba5832f2bfc7fff5206d4f6b7b","name":"Milan","logo":{"@id":"https:\/\/www.apfelpatient.de\/#\/schema\/person\/image\/"},"description":"Hello and welcome to my technology blog! As a big Apple fan, I report on everything to do with Apple: from the latest news and exciting rumors to helpful tips and tricks and detailed product tests. If you are as enthusiastic about technology as I am, you have come to the right place!","sameAs":["https:\/\/www.facebook.com\/apfelpatientOfficial","https:\/\/www.linkedin.com\/in\/milan-jovicic-42aa0231b"],"url":"https:\/\/www.apfelpatient.de\/en\/author\/apfeladmin"}]}},"_links":{"self":[{"href":"https:\/\/www.apfelpatient.de\/en\/wp-json\/wp\/v2\/posts\/21315","targetHints":{"allow":["GET"]}}],"collection":[{"href":"https:\/\/www.apfelpatient.de\/en\/wp-json\/wp\/v2\/posts"}],"about":[{"href":"https:\/\/www.apfelpatient.de\/en\/wp-json\/wp\/v2\/types\/post"}],"author":[{"embeddable":true,"href":"https:\/\/www.apfelpatient.de\/en\/wp-json\/wp\/v2\/users\/2"}],"replies":[{"embeddable":true,"href":"https:\/\/www.apfelpatient.de\/en\/wp-json\/wp\/v2\/comments?post=21315"}],"version-history":[{"count":0,"href":"https:\/\/www.apfelpatient.de\/en\/wp-json\/wp\/v2\/posts\/21315\/revisions"}],"wp:featuredmedia":[{"embeddable":true,"href":"https:\/\/www.apfelpatient.de\/en\/wp-json\/wp\/v2\/media\/21309"}],"wp:attachment":[{"href":"https:\/\/www.apfelpatient.de\/en\/wp-json\/wp\/v2\/media?parent=21315"}],"wp:term":[{"taxonomy":"category","embeddable":true,"href":"https:\/\/www.apfelpatient.de\/en\/wp-json\/wp\/v2\/categories?post=21315"},{"taxonomy":"post_tag","embeddable":true,"href":"https:\/\/www.apfelpatient.de\/en\/wp-json\/wp\/v2\/tags?post=21315"}],"curies":[{"name":"wp","href":"https:\/\/api.w.org\/{rel}","templated":true}]}}