{"id":21298,"date":"2021-04-15T13:52:47","date_gmt":"2021-04-15T11:52:47","guid":{"rendered":"https:\/\/www.apfelpatient.de\/?p=21298"},"modified":"2025-02-06T08:01:42","modified_gmt":"2025-02-06T07:01:42","slug":"spring-loaded-event-confirms-the-invitation-new-ipads","status":"publish","type":"post","link":"https:\/\/www.apfelpatient.de\/en\/rumors\/spring-loaded-event-bestaetigt-die-einladung-neue-ipads","title":{"rendered":"\u201cSpring Loaded\u201d event: Does the invitation confirm new iPads?"},"content":{"rendered":"<p class=\"has-drop-cap\"><strong>While Apple has largely stopped the practice of dropping hints in press event invitations, a leaker claims that the colors shown in this week&#039;s &quot;Spring Loaded&quot; invite could hint at future products.<\/strong><\/p>\n\n\n\n<p>The anonymous but accurate Apple leaker L0vetodream has posted a breakdown of Apple\u2019s \u201cSpring Loaded\u201d invitation on Twitter <a href=\"https:\/\/twitter.com\/L0vetodream\" target=\"_blank\" rel=\"noreferrer noopener\">published<\/a>, highlighting the stylized apple line drawing that spells out the word &quot;iPad.&quot; A separate image shows the beginnings of Apple&#039;s AR teaser for the upcoming event; a colorful spool that fades from yellow to red to purple and finally to blue.<\/p>\n\n\n\n<blockquote class=\"wp-block-quote is-layout-flow wp-block-quote-is-layout-flow\"><p>Enjoy the colors \u2013 says the leaker.<\/p><\/blockquote>\n\n\n\n<p>He posted a screenshot showing the whole thing. In a follow-up tweet, L0vetodream suggests that the colors are not just an iPad but a reference to &quot;a lot of things.&quot;<\/p>\n\n\n\n<figure class=\"wp-block-image size-large\"><img decoding=\"async\" width=\"1024\" height=\"576\" src=\"https:\/\/www.apfelpatient.de\/wp-content\/uploads\/2021\/04\/Ey-OzlKVoAMQOdJ-1024x576.jpeg\" alt=\"&quot;Spring Loaded&quot; event\" class=\"wp-image-21297\" srcset=\"https:\/\/www.apfelpatient.de\/wp-content\/uploads\/2021\/04\/Ey-OzlKVoAMQOdJ-1024x576.jpeg 1024w, https:\/\/www.apfelpatient.de\/wp-content\/uploads\/2021\/04\/Ey-OzlKVoAMQOdJ-300x169.jpeg 300w, https:\/\/www.apfelpatient.de\/wp-content\/uploads\/2021\/04\/Ey-OzlKVoAMQOdJ-768x432.jpeg 768w, https:\/\/www.apfelpatient.de\/wp-content\/uploads\/2021\/04\/Ey-OzlKVoAMQOdJ-1536x864.jpeg 1536w, https:\/\/www.apfelpatient.de\/wp-content\/uploads\/2021\/04\/Ey-OzlKVoAMQOdJ-750x422.jpeg 750w, https:\/\/www.apfelpatient.de\/wp-content\/uploads\/2021\/04\/Ey-OzlKVoAMQOdJ-1140x641.jpeg 1140w, https:\/\/www.apfelpatient.de\/wp-content\/uploads\/2021\/04\/Ey-OzlKVoAMQOdJ.jpeg 2048w\" sizes=\"(max-width: 1024px) 100vw, 1024px\" \/><figcaption>Image: Apple via L0vetodream<\/figcaption><\/figure>\n\n\n\n<h3 class=\"wp-block-heading\" id=\"h-spring-loaded-event-wird-apple-neues-zubeh-r-vorstellen\">\u201cSpring Loaded\u201d event: Will Apple introduce new accessories?<\/h3>\n\n\n\n\n\n\n\n<p>What these could be, however, remains to be seen. There is currently speculation that Apple will introduce a new collection of iPhone cases in spring colors in the near future, some of which are shown in the illustration of the invitation. A picture was recently published that is supposed to show the supposed cases. In addition to new iPhone cases, matching Apple Watch straps are also expected. All in all, next week should be exciting. The &quot;Spring Loaded&quot; event will take place on April 20th. <a href=\"https:\/\/www.apfelpatient.de\/en\/news\/spring-loaded-apple-announces-new-event\">take place<\/a>If you don\u2019t want to miss anything, you should <a href=\"https:\/\/apps.apple.com\/de\/app\/apfelpatient-news\/id1517273672\" target=\"_blank\" rel=\"noreferrer noopener\">download our app<\/a> and activate push notifications. In our separate event section you will find all relevant articles about the first event of the year - we look forward to seeing you. (Image: Apple via L0vetodream)<\/p>\n\n\n\n<ul class=\"wp-block-list\"><li><a href=\"https:\/\/www.apfelpatient.de\/en\/rumors\/apple-event-ipad-pro-with-miniled-display-is-considered-safe\">Apple Event: iPad Pro with MiniLED display is considered safe<\/a><\/li><\/ul>\n\n\n\n<h6 class=\"wp-block-heading translation-block\" id=\"h-kennt-ihr-schon-unsere-amazon-storefront-dort-findet-ihr-eine-handverlesene-auswahl-von-diversen-produkten-f-r-euer-iphone-und-co-viel-spa-beim-st-bern\"><em>Have you already visited our Amazon Storefront? There you&#039;ll find a hand-picked selection of various products for your iPhone and other devices \u2013 <span class=\"has-inline-color has-vivid-red-color\"><a href=\"https:\/\/www.amazon.de\/shop\/apfelpatientofficial\" class=\"ek-link\" data-wpel-link=\"exclude\" rel=\"follow noopener\" target=\"_self\"><span style=\"text-decoration: underline\" class=\"ek-underline\">enjoy browsing<\/span><\/a> !<\/span><\/em><\/h6>\n\n\n\n<h6 class=\"wp-block-heading translation-block\" id=\"h-der-beitrag-enthalt-partnerlinks\">This post contains <a data-type=\"URL\" data-id=\"https:\/\/www.apfelpatient.de\/partnerprogramm\" href=\"https:\/\/www.apfelpatient.de\/en\/partner-program\" data-wpel-link=\"internal\" target=\"_self\">affiliate links<\/a>.<\/h6>","protected":false},"excerpt":{"rendered":"<p>Anonymous Apple leaker L0vetodream has posted a breakdown of Apple&#039;s &quot;Spring Loaded&quot; invitation on Twitter.<\/p>","protected":false},"author":2,"featured_media":21297,"comment_status":"closed","ping_status":"closed","sticky":false,"template":"","format":"standard","meta":{"jnews-multi-image_gallery":[],"jnews_single_post":{"subtitle":"","format":"standard","video":"","gallery":"","source_name":"","source_url":"","via_name":"","via_url":"","override":[{"single_blog_custom":"","sidebar":"","second_sidebar":"","share_position":"","share_float_style":"","post_date_format":"","post_date_format_custom":"","post_reading_time_wpm":"","zoom_button_out_step":"1","zoom_button_in_step":"1","number_popup_post":"1"}],"image_override":[{"single_post_thumbnail_size":"","single_post_gallery_size":""}],"trending_post_position":"","trending_post_label":"","sponsored_post_label":"","sponsored_post_name":"","sponsored_post_url":"","sponsored_post_logo":"","sponsored_post_desc":""},"jnews_primary_category":{"id":"25"},"footnotes":""},"categories":[25],"tags":[18],"class_list":["post-21298","post","type-post","status-publish","format-standard","has-post-thumbnail","hentry","category-rumors","tag-ipad"],"yoast_head":"<!-- This site is optimized with the Yoast SEO Premium plugin v27.5 (Yoast SEO v27.5) - https:\/\/yoast.com\/product\/yoast-seo-premium-wordpress\/ -->\n<title>&quot;Spring Loaded&quot;-Event: Best\u00e4tigt die Einladung neue iPads? Apfelpatient<\/title>\n<meta name=\"description\" content=\"Der anonyme Apple Leaker L0vetodream hat auf Twitter eine Aufschl\u00fcsselung von Apples &quot;Spring Loaded&quot;-Einladung ver\u00f6ffentlicht.\" \/>\n<meta name=\"robots\" content=\"index, follow, max-snippet:-1, max-image-preview:large, max-video-preview:-1\" \/>\n<link rel=\"canonical\" href=\"https:\/\/www.apfelpatient.de\/en\/rumors\/spring-loaded-event-confirms-the-invitation-new-ipads\" \/>\n<meta property=\"og:locale\" content=\"en_US\" \/>\n<meta property=\"og:type\" content=\"article\" \/>\n<meta property=\"og:title\" content=\"&quot;Spring Loaded&quot;-Event: Best\u00e4tigt die Einladung neue iPads?\" \/>\n<meta property=\"og:description\" content=\"Der anonyme Apple Leaker L0vetodream hat auf Twitter eine Aufschl\u00fcsselung von Apples &quot;Spring Loaded&quot;-Einladung ver\u00f6ffentlicht.\" \/>\n<meta property=\"og:url\" content=\"https:\/\/www.apfelpatient.de\/en\/rumors\/spring-loaded-event-confirms-the-invitation-new-ipads\" \/>\n<meta property=\"og:site_name\" content=\"Apfelpatient\" \/>\n<meta property=\"article:publisher\" content=\"https:\/\/www.facebook.com\/apfelpatientOfficial\" \/>\n<meta property=\"article:author\" content=\"https:\/\/www.facebook.com\/apfelpatientOfficial\" \/>\n<meta property=\"article:published_time\" content=\"2021-04-15T11:52:47+00:00\" \/>\n<meta property=\"article:modified_time\" content=\"2025-02-06T07:01:42+00:00\" \/>\n<meta property=\"og:image\" content=\"https:\/\/www.apfelpatient.de\/wp-content\/uploads\/2021\/04\/Ey-OzlKVoAMQOdJ.jpeg\" \/>\n\t<meta property=\"og:image:width\" content=\"2048\" \/>\n\t<meta property=\"og:image:height\" content=\"1152\" \/>\n\t<meta property=\"og:image:type\" content=\"image\/jpeg\" \/>\n<meta name=\"author\" content=\"Milan\" \/>\n<meta name=\"twitter:card\" content=\"summary_large_image\" \/>\n<meta name=\"twitter:description\" content=\"Der anonyme Apple Leaker L0vetodream hat auf Twitter eine Aufschl\u00fcsselung von Apples &quot;Spring Loaded&quot;-Einladung ver\u00f6ffentlicht.\" \/>\n<meta name=\"twitter:label1\" content=\"Written by\" \/>\n\t<meta name=\"twitter:data1\" content=\"Milan\" \/>\n\t<meta name=\"twitter:label2\" content=\"Est. reading time\" \/>\n\t<meta name=\"twitter:data2\" content=\"2 minutes\" \/>\n<script type=\"application\/ld+json\" class=\"yoast-schema-graph\">{\"@context\":\"https:\\\/\\\/schema.org\",\"@graph\":[{\"@type\":\"NewsArticle\",\"@id\":\"https:\\\/\\\/www.apfelpatient.de\\\/rumors\\\/spring-loaded-event-bestaetigt-die-einladung-neue-ipads#article\",\"isPartOf\":{\"@id\":\"https:\\\/\\\/www.apfelpatient.de\\\/rumors\\\/spring-loaded-event-bestaetigt-die-einladung-neue-ipads\"},\"author\":{\"@type\":\"Organization\",\"@id\":\"https:\\\/\\\/www.apfelpatient.de\\\/en\\\/#organization\",\"name\":\"Apfelpatient\",\"url\":\"https:\\\/\\\/www.apfelpatient.de\\\/en\\\/\"},\"headline\":\"&#8222;Spring Loaded&#8220;-Event: Best\u00e4tigt die Einladung neue iPads?\",\"datePublished\":\"2021-04-15T11:52:47+00:00\",\"dateModified\":\"2025-02-06T07:01:42+00:00\",\"mainEntityOfPage\":{\"@id\":\"https:\\\/\\\/www.apfelpatient.de\\\/rumors\\\/spring-loaded-event-bestaetigt-die-einladung-neue-ipads\"},\"wordCount\":307,\"publisher\":{\"@type\":\"Organization\",\"@id\":\"https:\\\/\\\/www.apfelpatient.de\\\/en\\\/#organization\",\"name\":\"Apfelpatient\",\"url\":\"https:\\\/\\\/www.apfelpatient.de\\\/en\\\/\"},\"image\":{\"@id\":\"https:\\\/\\\/www.apfelpatient.de\\\/rumors\\\/spring-loaded-event-bestaetigt-die-einladung-neue-ipads#primaryimage\"},\"thumbnailUrl\":\"https:\\\/\\\/www.apfelpatient.de\\\/wp-content\\\/uploads\\\/2021\\\/04\\\/Ey-OzlKVoAMQOdJ.jpeg\",\"keywords\":[\"iPad\"],\"articleSection\":\"Rumors\",\"inLanguage\":\"en-US\",\"copyrightYear\":\"2021\",\"copyrightHolder\":{\"@id\":\"https:\\\/\\\/www.apfelpatient.de\\\/en\\\/#organization\"}},{\"@type\":\"WebPage\",\"@id\":\"https:\\\/\\\/www.apfelpatient.de\\\/rumors\\\/spring-loaded-event-bestaetigt-die-einladung-neue-ipads\",\"url\":\"https:\\\/\\\/www.apfelpatient.de\\\/rumors\\\/spring-loaded-event-bestaetigt-die-einladung-neue-ipads\",\"name\":\"\\\"Spring Loaded\\\"-Event: Best\u00e4tigt die Einladung neue iPads? Apfelpatient\",\"isPartOf\":{\"@id\":\"https:\\\/\\\/www.apfelpatient.de\\\/#website\"},\"primaryImageOfPage\":{\"@id\":\"https:\\\/\\\/www.apfelpatient.de\\\/rumors\\\/spring-loaded-event-bestaetigt-die-einladung-neue-ipads#primaryimage\"},\"image\":{\"@id\":\"https:\\\/\\\/www.apfelpatient.de\\\/rumors\\\/spring-loaded-event-bestaetigt-die-einladung-neue-ipads#primaryimage\"},\"thumbnailUrl\":\"https:\\\/\\\/www.apfelpatient.de\\\/wp-content\\\/uploads\\\/2021\\\/04\\\/Ey-OzlKVoAMQOdJ.jpeg\",\"datePublished\":\"2021-04-15T11:52:47+00:00\",\"dateModified\":\"2025-02-06T07:01:42+00:00\",\"description\":\"Der anonyme Apple Leaker L0vetodream hat auf Twitter eine Aufschl\u00fcsselung von Apples \\\"Spring Loaded\\\"-Einladung ver\u00f6ffentlicht.\",\"breadcrumb\":{\"@id\":\"https:\\\/\\\/www.apfelpatient.de\\\/rumors\\\/spring-loaded-event-bestaetigt-die-einladung-neue-ipads#breadcrumb\"},\"inLanguage\":\"en-US\",\"potentialAction\":[{\"@type\":\"ReadAction\",\"target\":[\"https:\\\/\\\/www.apfelpatient.de\\\/rumors\\\/spring-loaded-event-bestaetigt-die-einladung-neue-ipads\"]}]},{\"@type\":\"ImageObject\",\"inLanguage\":\"en-US\",\"@id\":\"https:\\\/\\\/www.apfelpatient.de\\\/rumors\\\/spring-loaded-event-bestaetigt-die-einladung-neue-ipads#primaryimage\",\"url\":\"https:\\\/\\\/www.apfelpatient.de\\\/wp-content\\\/uploads\\\/2021\\\/04\\\/Ey-OzlKVoAMQOdJ.jpeg\",\"contentUrl\":\"https:\\\/\\\/www.apfelpatient.de\\\/wp-content\\\/uploads\\\/2021\\\/04\\\/Ey-OzlKVoAMQOdJ.jpeg\",\"width\":2048,\"height\":1152,\"caption\":\"Bild: Apple via L0vetodream\"},{\"@type\":\"BreadcrumbList\",\"@id\":\"https:\\\/\\\/www.apfelpatient.de\\\/rumors\\\/spring-loaded-event-bestaetigt-die-einladung-neue-ipads#breadcrumb\",\"itemListElement\":[{\"@type\":\"ListItem\",\"position\":1,\"name\":\"Startseite\",\"item\":\"https:\\\/\\\/www.apfelpatient.de\\\/\"},{\"@type\":\"ListItem\",\"position\":2,\"name\":\"&#8220;Spring Loaded&#8221;-Event: Best\u00e4tigt die Einladung neue iPads?\"}]},{\"@type\":\"WebSite\",\"@id\":\"https:\\\/\\\/www.apfelpatient.de\\\/#website\",\"url\":\"https:\\\/\\\/www.apfelpatient.de\\\/\",\"name\":\"Apfelpatient\",\"description\":\"Alles rund um Apple!\",\"publisher\":{\"@type\":\"Organization\",\"@id\":\"https:\\\/\\\/www.apfelpatient.de\\\/en\\\/#organization\",\"name\":\"Apfelpatient\",\"url\":\"https:\\\/\\\/www.apfelpatient.de\\\/en\\\/\"},\"alternateName\":\"Apfelpatient\",\"potentialAction\":[{\"@type\":\"SearchAction\",\"target\":{\"@type\":\"EntryPoint\",\"urlTemplate\":\"https:\\\/\\\/www.apfelpatient.de\\\/?s={search_term_string}\"},\"query-input\":{\"@type\":\"PropertyValueSpecification\",\"valueRequired\":true,\"valueName\":\"search_term_string\"}}],\"inLanguage\":\"en-US\"},{\"@type\":[\"Person\",\"Organization\"],\"@id\":\"https:\\\/\\\/www.apfelpatient.de\\\/#\\\/schema\\\/person\\\/35b3ddba5832f2bfc7fff5206d4f6b7b\",\"name\":\"Milan\",\"logo\":{\"@id\":\"https:\\\/\\\/www.apfelpatient.de\\\/#\\\/schema\\\/person\\\/image\\\/\"},\"description\":\"Hallo und herzlich willkommen auf meinem Technik-Blog! Als gro\u00dfer Apple-Fan berichte ich hier \u00fcber alles, was mit Apple zu tun hat: von den neuesten News und spannenden Ger\u00fcchten \u00fcber hilfreiche Tipps und Tricks bis hin zu ausf\u00fchrlichen Produkttests. Wenn du genauso technikbegeistert bist wie ich, bist du hier genau richtig!\",\"sameAs\":[\"https:\\\/\\\/www.facebook.com\\\/apfelpatientOfficial\",\"https:\\\/\\\/www.linkedin.com\\\/in\\\/milan-jovicic-42aa0231b\"],\"url\":\"https:\\\/\\\/www.apfelpatient.de\\\/en\\\/author\\\/apfeladmin\"}]}<\/script>\n<!-- \/ Yoast SEO Premium plugin. -->","yoast_head_json":{"title":"&quot;Spring Loaded&quot; event: Does the invitation confirm new iPads? Apfelpatient","description":"Anonymous Apple leaker L0vetodream posted a breakdown of Apple&#039;s &quot;Spring Loaded&quot; invite on Twitter.","robots":{"index":"index","follow":"follow","max-snippet":"max-snippet:-1","max-image-preview":"max-image-preview:large","max-video-preview":"max-video-preview:-1"},"canonical":"https:\/\/www.apfelpatient.de\/en\/rumors\/spring-loaded-event-confirms-the-invitation-new-ipads","og_locale":"en_US","og_type":"article","og_title":"\"Spring Loaded\"-Event: Best\u00e4tigt die Einladung neue iPads?","og_description":"Der anonyme Apple Leaker L0vetodream hat auf Twitter eine Aufschl\u00fcsselung von Apples \"Spring Loaded\"-Einladung ver\u00f6ffentlicht.","og_url":"https:\/\/www.apfelpatient.de\/en\/rumors\/spring-loaded-event-confirms-the-invitation-new-ipads","og_site_name":"Apfelpatient","article_publisher":"https:\/\/www.facebook.com\/apfelpatientOfficial","article_author":"https:\/\/www.facebook.com\/apfelpatientOfficial","article_published_time":"2021-04-15T11:52:47+00:00","article_modified_time":"2025-02-06T07:01:42+00:00","og_image":[{"width":2048,"height":1152,"url":"https:\/\/www.apfelpatient.de\/wp-content\/uploads\/2021\/04\/Ey-OzlKVoAMQOdJ.jpeg","type":"image\/jpeg"}],"author":"Milan","twitter_card":"summary_large_image","twitter_description":"Der anonyme Apple Leaker L0vetodream hat auf Twitter eine Aufschl\u00fcsselung von Apples \"Spring Loaded\"-Einladung ver\u00f6ffentlicht.","twitter_misc":{"Written by":"Milan","Est. reading time":"2 minutes"},"schema":{"@context":"https:\/\/schema.org","@graph":[{"@type":"NewsArticle","@id":"https:\/\/www.apfelpatient.de\/rumors\/spring-loaded-event-bestaetigt-die-einladung-neue-ipads#article","isPartOf":{"@id":"https:\/\/www.apfelpatient.de\/rumors\/spring-loaded-event-bestaetigt-die-einladung-neue-ipads"},"author":{"@type":"Organization","@id":"https:\/\/www.apfelpatient.de\/en\/#organization","name":"Apfelpatient","url":"https:\/\/www.apfelpatient.de\/en\/"},"headline":"&#8222;Spring Loaded&#8220;-Event: Best\u00e4tigt die Einladung neue iPads?","datePublished":"2021-04-15T11:52:47+00:00","dateModified":"2025-02-06T07:01:42+00:00","mainEntityOfPage":{"@id":"https:\/\/www.apfelpatient.de\/rumors\/spring-loaded-event-bestaetigt-die-einladung-neue-ipads"},"wordCount":307,"publisher":{"@type":"Organization","@id":"https:\/\/www.apfelpatient.de\/en\/#organization","name":"Apfelpatient","url":"https:\/\/www.apfelpatient.de\/en\/"},"image":{"@id":"https:\/\/www.apfelpatient.de\/rumors\/spring-loaded-event-bestaetigt-die-einladung-neue-ipads#primaryimage"},"thumbnailUrl":"https:\/\/www.apfelpatient.de\/wp-content\/uploads\/2021\/04\/Ey-OzlKVoAMQOdJ.jpeg","keywords":["iPad"],"articleSection":"Rumors","inLanguage":"en-US","copyrightYear":"2021","copyrightHolder":{"@id":"https:\/\/www.apfelpatient.de\/en\/#organization"}},{"@type":"WebPage","@id":"https:\/\/www.apfelpatient.de\/rumors\/spring-loaded-event-bestaetigt-die-einladung-neue-ipads","url":"https:\/\/www.apfelpatient.de\/rumors\/spring-loaded-event-bestaetigt-die-einladung-neue-ipads","name":"&quot;Spring Loaded&quot; event: Does the invitation confirm new iPads? Apfelpatient","isPartOf":{"@id":"https:\/\/www.apfelpatient.de\/#website"},"primaryImageOfPage":{"@id":"https:\/\/www.apfelpatient.de\/rumors\/spring-loaded-event-bestaetigt-die-einladung-neue-ipads#primaryimage"},"image":{"@id":"https:\/\/www.apfelpatient.de\/rumors\/spring-loaded-event-bestaetigt-die-einladung-neue-ipads#primaryimage"},"thumbnailUrl":"https:\/\/www.apfelpatient.de\/wp-content\/uploads\/2021\/04\/Ey-OzlKVoAMQOdJ.jpeg","datePublished":"2021-04-15T11:52:47+00:00","dateModified":"2025-02-06T07:01:42+00:00","description":"Anonymous Apple leaker L0vetodream posted a breakdown of Apple&#039;s &quot;Spring Loaded&quot; invite on Twitter.","breadcrumb":{"@id":"https:\/\/www.apfelpatient.de\/rumors\/spring-loaded-event-bestaetigt-die-einladung-neue-ipads#breadcrumb"},"inLanguage":"en-US","potentialAction":[{"@type":"ReadAction","target":["https:\/\/www.apfelpatient.de\/rumors\/spring-loaded-event-bestaetigt-die-einladung-neue-ipads"]}]},{"@type":"ImageObject","inLanguage":"en-US","@id":"https:\/\/www.apfelpatient.de\/rumors\/spring-loaded-event-bestaetigt-die-einladung-neue-ipads#primaryimage","url":"https:\/\/www.apfelpatient.de\/wp-content\/uploads\/2021\/04\/Ey-OzlKVoAMQOdJ.jpeg","contentUrl":"https:\/\/www.apfelpatient.de\/wp-content\/uploads\/2021\/04\/Ey-OzlKVoAMQOdJ.jpeg","width":2048,"height":1152,"caption":"Bild: Apple via L0vetodream"},{"@type":"BreadcrumbList","@id":"https:\/\/www.apfelpatient.de\/rumors\/spring-loaded-event-bestaetigt-die-einladung-neue-ipads#breadcrumb","itemListElement":[{"@type":"ListItem","position":1,"name":"Startseite","item":"https:\/\/www.apfelpatient.de\/"},{"@type":"ListItem","position":2,"name":"&#8220;Spring Loaded&#8221;-Event: Best\u00e4tigt die Einladung neue iPads?"}]},{"@type":"WebSite","@id":"https:\/\/www.apfelpatient.de\/#website","url":"https:\/\/www.apfelpatient.de\/","name":"apple patient","description":"Everything about Apple!","publisher":{"@type":"Organization","@id":"https:\/\/www.apfelpatient.de\/en\/#organization","name":"Apfelpatient","url":"https:\/\/www.apfelpatient.de\/en\/"},"alternateName":"Apfelpatient","potentialAction":[{"@type":"SearchAction","target":{"@type":"EntryPoint","urlTemplate":"https:\/\/www.apfelpatient.de\/?s={search_term_string}"},"query-input":{"@type":"PropertyValueSpecification","valueRequired":true,"valueName":"search_term_string"}}],"inLanguage":"en-US"},{"@type":["Person","Organization"],"@id":"https:\/\/www.apfelpatient.de\/#\/schema\/person\/35b3ddba5832f2bfc7fff5206d4f6b7b","name":"Milan","logo":{"@id":"https:\/\/www.apfelpatient.de\/#\/schema\/person\/image\/"},"description":"Hello and welcome to my technology blog! As a big Apple fan, I report on everything to do with Apple: from the latest news and exciting rumors to helpful tips and tricks and detailed product tests. If you are as enthusiastic about technology as I am, you have come to the right place!","sameAs":["https:\/\/www.facebook.com\/apfelpatientOfficial","https:\/\/www.linkedin.com\/in\/milan-jovicic-42aa0231b"],"url":"https:\/\/www.apfelpatient.de\/en\/author\/apfeladmin"}]}},"_links":{"self":[{"href":"https:\/\/www.apfelpatient.de\/en\/wp-json\/wp\/v2\/posts\/21298","targetHints":{"allow":["GET"]}}],"collection":[{"href":"https:\/\/www.apfelpatient.de\/en\/wp-json\/wp\/v2\/posts"}],"about":[{"href":"https:\/\/www.apfelpatient.de\/en\/wp-json\/wp\/v2\/types\/post"}],"author":[{"embeddable":true,"href":"https:\/\/www.apfelpatient.de\/en\/wp-json\/wp\/v2\/users\/2"}],"replies":[{"embeddable":true,"href":"https:\/\/www.apfelpatient.de\/en\/wp-json\/wp\/v2\/comments?post=21298"}],"version-history":[{"count":0,"href":"https:\/\/www.apfelpatient.de\/en\/wp-json\/wp\/v2\/posts\/21298\/revisions"}],"wp:featuredmedia":[{"embeddable":true,"href":"https:\/\/www.apfelpatient.de\/en\/wp-json\/wp\/v2\/media\/21297"}],"wp:attachment":[{"href":"https:\/\/www.apfelpatient.de\/en\/wp-json\/wp\/v2\/media?parent=21298"}],"wp:term":[{"taxonomy":"category","embeddable":true,"href":"https:\/\/www.apfelpatient.de\/en\/wp-json\/wp\/v2\/categories?post=21298"},{"taxonomy":"post_tag","embeddable":true,"href":"https:\/\/www.apfelpatient.de\/en\/wp-json\/wp\/v2\/tags?post=21298"}],"curies":[{"name":"wp","href":"https:\/\/api.w.org\/{rel}","templated":true}]}}