{"id":21281,"date":"2021-04-14T18:29:59","date_gmt":"2021-04-14T16:29:59","guid":{"rendered":"https:\/\/www.apfelpatient.de\/?p=21281"},"modified":"2021-12-09T15:00:28","modified_gmt":"2021-12-09T14:00:28","slug":"iphone-mini-will-be-discontinued-next-year","status":"publish","type":"post","link":"https:\/\/www.apfelpatient.de\/en\/rumors\/iphone-mini-ab-naechstem-jahr-ist-schluss-damit","title":{"rendered":"iPhone mini: It&#039;s over next year"},"content":{"rendered":"<p class=\"has-drop-cap\"><strong>Fans of smaller smartphones have long waited for Apple to launch a smaller iPhone with a modern design and features like Face ID. This wish came true with the iPhone 12 mini last year. A successor is also said to be planned - but that could be the last one for now.<\/strong><\/p>\n\n\n\n<p>In a report to investors, Apple analyst Ming-Chi Kuo commented on the iPhone 2022 lineup, explaining that it will consist of four models. The 2022 generation will therefore include two 6.1-inch and two 6.7-inch devices. If there is no iPhone mini next year, the iPhone SE with its 4.7-inch display would reclaim the title of smallest iPhone. However, the current iPhone SE is actually slightly larger than the 5.4-inch mini model because it has thicker bezels and a Touch ID home button. The iPhone SE also only has one camera lens on the back and is equipped with an LCD screen. The iPhone 12 mini, on the other hand, relies on a much better OLED display.<\/p>\n\n\n\n<h3 class=\"wp-block-heading\" id=\"h-iphone-2021-mini-fans-sollten-ber-ein-upgrade-nachdenken\">iPhone 2021: Mini fans should consider an upgrade<\/h3>\n\n\n\n\n\n\n\n<p>In recent months there have been numerous <a href=\"https:\/\/www.apfelpatient.de\/en\/rumors\/iphone-12-mini-apple-has-to-pay-compensation-to-samsung\">reports<\/a> about the iPhone 12 mini selling poorly compared to the other iPhone 12 models. For this reason, Apple is said to have dramatically reduced production as inventory levels are said to be extremely high. Nevertheless, the company is planning <a href=\"https:\/\/www.apple.com\/de\/iphone-12\/\" target=\"_blank\" rel=\"noreferrer noopener\">Pursue<\/a> to introduce a direct successor this year. If Kuo is right, fans of the mini model should consider purchasing the 2021 version. Because it remains unclear if and when Apple will ever introduce such a small model again. Of course, it is not impossible that the device will return at some point in a similar form as an SE version. (Photo by Unsplash \/ Thai Nguyen)<\/p>\n\n\n\n<ul class=\"wp-block-list\"><li><a href=\"https:\/\/www.apfelpatient.de\/en\/rumors\/iphone-2022-better-camera-no-5-4-option-and-more-planned\">iPhone 2022: Better camera, no 5.4\u2033 option and more planned<\/a><\/li><\/ul>\n\n\n\n<h6 class=\"wp-block-heading translation-block\" id=\"h-kennt-ihr-schon-unsere-amazon-storefront-dort-findet-ihr-eine-handverlesene-auswahl-von-diversen-produkten-f-r-euer-iphone-und-co-viel-spa-beim-st-bern\"><em>Have you already visited our Amazon Storefront? There you&#039;ll find a hand-picked selection of various products for your iPhone and other devices \u2013 <span class=\"has-inline-color has-vivid-red-color\"><a href=\"https:\/\/www.amazon.de\/shop\/apfelpatientofficial\" class=\"ek-link\" data-wpel-link=\"exclude\" rel=\"follow noopener\" target=\"_self\"><span style=\"text-decoration: underline\" class=\"ek-underline\">enjoy browsing<\/span><\/a> !<\/span><\/em><\/h6>\n\n\n\n<h6 class=\"wp-block-heading translation-block\" id=\"h-der-beitrag-enthalt-partnerlinks\">This post contains <a data-type=\"URL\" data-id=\"https:\/\/www.apfelpatient.de\/partnerprogramm\" href=\"https:\/\/www.apfelpatient.de\/en\/partner-program\" data-wpel-link=\"internal\" target=\"_self\">affiliate links<\/a>.<\/h6>","protected":false},"excerpt":{"rendered":"<p>Enough of that? If there is no iPhone mini next year, the iPhone SE would reclaim the title of the smallest iPhone.<\/p>","protected":false},"author":2,"featured_media":21280,"comment_status":"closed","ping_status":"closed","sticky":false,"template":"","format":"standard","meta":{"jnews-multi-image_gallery":[],"jnews_single_post":{"subtitle":"","format":"standard","video":"","gallery":"","source_name":"","source_url":"","via_name":"","via_url":"","override":[{"single_blog_custom":"","sidebar":"","second_sidebar":"","share_position":"","share_float_style":"","post_date_format":"","post_date_format_custom":"","post_reading_time_wpm":"","zoom_button_out_step":"1","zoom_button_in_step":"1","number_popup_post":"1"}],"image_override":[{"single_post_thumbnail_size":"","single_post_gallery_size":""}],"trending_post_position":"","trending_post_label":"","sponsored_post_label":"","sponsored_post_name":"","sponsored_post_url":"","sponsored_post_logo":"","sponsored_post_desc":""},"jnews_primary_category":{"id":"25"},"footnotes":""},"categories":[25],"tags":[8,321,311,683,422],"class_list":["post-21281","post","type-post","status-publish","format-standard","has-post-thumbnail","hentry","category-rumors","tag-iphone","tag-iphone-12","tag-iphone-2021","tag-iphone-14","tag-iphone-2022"],"yoast_head":"<!-- This site is optimized with the Yoast SEO Premium plugin v27.5 (Yoast SEO v27.5) - https:\/\/yoast.com\/product\/yoast-seo-premium-wordpress\/ -->\n<title>iPhone mini: Ab n\u00e4chstem Jahr ist Schluss damit Apfelpatient<\/title>\n<meta name=\"description\" content=\"Schluss damit? Sollte es n\u00e4chstes Jahr kein iPhone mini geben, so w\u00fcrde das iPhone SE den Titel des kleinsten iPhones zur\u00fcckerobern.\" \/>\n<meta name=\"robots\" content=\"index, follow, max-snippet:-1, max-image-preview:large, max-video-preview:-1\" \/>\n<link rel=\"canonical\" href=\"https:\/\/www.apfelpatient.de\/en\/rumors\/iphone-mini-will-be-discontinued-next-year\" \/>\n<meta property=\"og:locale\" content=\"en_US\" \/>\n<meta property=\"og:type\" content=\"article\" \/>\n<meta property=\"og:title\" content=\"iPhone mini: Ab n\u00e4chstem Jahr ist Schluss damit\" \/>\n<meta property=\"og:description\" content=\"Schluss damit? Sollte es n\u00e4chstes Jahr kein iPhone mini geben, so w\u00fcrde das iPhone SE den Titel des kleinsten iPhones zur\u00fcckerobern.\" \/>\n<meta property=\"og:url\" content=\"https:\/\/www.apfelpatient.de\/en\/rumors\/iphone-mini-will-be-discontinued-next-year\" \/>\n<meta property=\"og:site_name\" content=\"Apfelpatient\" \/>\n<meta property=\"article:publisher\" content=\"https:\/\/www.facebook.com\/apfelpatientOfficial\" \/>\n<meta property=\"article:author\" content=\"https:\/\/www.facebook.com\/apfelpatientOfficial\" \/>\n<meta property=\"article:published_time\" content=\"2021-04-14T16:29:59+00:00\" \/>\n<meta property=\"article:modified_time\" content=\"2021-12-09T14:00:28+00:00\" \/>\n<meta property=\"og:image\" content=\"https:\/\/www.apfelpatient.de\/wp-content\/uploads\/2021\/04\/thai-nguyen-4f3fP9X5qYc-unsplash-scaled.jpg\" \/>\n\t<meta property=\"og:image:width\" content=\"2560\" \/>\n\t<meta property=\"og:image:height\" content=\"1920\" \/>\n\t<meta property=\"og:image:type\" content=\"image\/jpeg\" \/>\n<meta name=\"author\" content=\"Milan\" \/>\n<meta name=\"twitter:card\" content=\"summary_large_image\" \/>\n<meta name=\"twitter:description\" content=\"Schluss damit? Sollte es n\u00e4chstes Jahr kein iPhone mini geben, so w\u00fcrde das iPhone SE den Titel des kleinsten iPhones zur\u00fcckerobern.\" \/>\n<meta name=\"twitter:label1\" content=\"Written by\" \/>\n\t<meta name=\"twitter:data1\" content=\"Milan\" \/>\n\t<meta name=\"twitter:label2\" content=\"Est. reading time\" \/>\n\t<meta name=\"twitter:data2\" content=\"2 minutes\" \/>\n<script type=\"application\/ld+json\" class=\"yoast-schema-graph\">{\"@context\":\"https:\\\/\\\/schema.org\",\"@graph\":[{\"@type\":\"NewsArticle\",\"@id\":\"https:\\\/\\\/www.apfelpatient.de\\\/rumors\\\/iphone-mini-ab-naechstem-jahr-ist-schluss-damit#article\",\"isPartOf\":{\"@id\":\"https:\\\/\\\/www.apfelpatient.de\\\/rumors\\\/iphone-mini-ab-naechstem-jahr-ist-schluss-damit\"},\"author\":{\"@type\":\"Organization\",\"@id\":\"https:\\\/\\\/www.apfelpatient.de\\\/en\\\/#organization\",\"name\":\"Apfelpatient\",\"url\":\"https:\\\/\\\/www.apfelpatient.de\\\/en\\\/\"},\"headline\":\"iPhone mini: Ab n\u00e4chstem Jahr ist Schluss damit\",\"datePublished\":\"2021-04-14T16:29:59+00:00\",\"dateModified\":\"2021-12-09T14:00:28+00:00\",\"mainEntityOfPage\":{\"@id\":\"https:\\\/\\\/www.apfelpatient.de\\\/rumors\\\/iphone-mini-ab-naechstem-jahr-ist-schluss-damit\"},\"wordCount\":306,\"publisher\":{\"@type\":\"Organization\",\"@id\":\"https:\\\/\\\/www.apfelpatient.de\\\/en\\\/#organization\",\"name\":\"Apfelpatient\",\"url\":\"https:\\\/\\\/www.apfelpatient.de\\\/en\\\/\"},\"image\":{\"@id\":\"https:\\\/\\\/www.apfelpatient.de\\\/rumors\\\/iphone-mini-ab-naechstem-jahr-ist-schluss-damit#primaryimage\"},\"thumbnailUrl\":\"https:\\\/\\\/www.apfelpatient.de\\\/wp-content\\\/uploads\\\/2021\\\/04\\\/thai-nguyen-4f3fP9X5qYc-unsplash-scaled.jpg\",\"keywords\":[\"iPhone\",\"iPhone 12\",\"iPhone 13\",\"iPhone 14\",\"iPhone 2022\"],\"articleSection\":\"Rumors\",\"inLanguage\":\"en-US\",\"copyrightYear\":\"2021\",\"copyrightHolder\":{\"@id\":\"https:\\\/\\\/www.apfelpatient.de\\\/en\\\/#organization\"}},{\"@type\":\"WebPage\",\"@id\":\"https:\\\/\\\/www.apfelpatient.de\\\/rumors\\\/iphone-mini-ab-naechstem-jahr-ist-schluss-damit\",\"url\":\"https:\\\/\\\/www.apfelpatient.de\\\/rumors\\\/iphone-mini-ab-naechstem-jahr-ist-schluss-damit\",\"name\":\"iPhone mini: Ab n\u00e4chstem Jahr ist Schluss damit Apfelpatient\",\"isPartOf\":{\"@id\":\"https:\\\/\\\/www.apfelpatient.de\\\/#website\"},\"primaryImageOfPage\":{\"@id\":\"https:\\\/\\\/www.apfelpatient.de\\\/rumors\\\/iphone-mini-ab-naechstem-jahr-ist-schluss-damit#primaryimage\"},\"image\":{\"@id\":\"https:\\\/\\\/www.apfelpatient.de\\\/rumors\\\/iphone-mini-ab-naechstem-jahr-ist-schluss-damit#primaryimage\"},\"thumbnailUrl\":\"https:\\\/\\\/www.apfelpatient.de\\\/wp-content\\\/uploads\\\/2021\\\/04\\\/thai-nguyen-4f3fP9X5qYc-unsplash-scaled.jpg\",\"datePublished\":\"2021-04-14T16:29:59+00:00\",\"dateModified\":\"2021-12-09T14:00:28+00:00\",\"description\":\"Schluss damit? Sollte es n\u00e4chstes Jahr kein iPhone mini geben, so w\u00fcrde das iPhone SE den Titel des kleinsten iPhones zur\u00fcckerobern.\",\"breadcrumb\":{\"@id\":\"https:\\\/\\\/www.apfelpatient.de\\\/rumors\\\/iphone-mini-ab-naechstem-jahr-ist-schluss-damit#breadcrumb\"},\"inLanguage\":\"en-US\",\"potentialAction\":[{\"@type\":\"ReadAction\",\"target\":[\"https:\\\/\\\/www.apfelpatient.de\\\/rumors\\\/iphone-mini-ab-naechstem-jahr-ist-schluss-damit\"]}]},{\"@type\":\"ImageObject\",\"inLanguage\":\"en-US\",\"@id\":\"https:\\\/\\\/www.apfelpatient.de\\\/rumors\\\/iphone-mini-ab-naechstem-jahr-ist-schluss-damit#primaryimage\",\"url\":\"https:\\\/\\\/www.apfelpatient.de\\\/wp-content\\\/uploads\\\/2021\\\/04\\\/thai-nguyen-4f3fP9X5qYc-unsplash-scaled.jpg\",\"contentUrl\":\"https:\\\/\\\/www.apfelpatient.de\\\/wp-content\\\/uploads\\\/2021\\\/04\\\/thai-nguyen-4f3fP9X5qYc-unsplash-scaled.jpg\",\"width\":2560,\"height\":1920,\"caption\":\"Photo by Unsplash \\\/ Thai Nguyen\"},{\"@type\":\"BreadcrumbList\",\"@id\":\"https:\\\/\\\/www.apfelpatient.de\\\/rumors\\\/iphone-mini-ab-naechstem-jahr-ist-schluss-damit#breadcrumb\",\"itemListElement\":[{\"@type\":\"ListItem\",\"position\":1,\"name\":\"Startseite\",\"item\":\"https:\\\/\\\/www.apfelpatient.de\\\/\"},{\"@type\":\"ListItem\",\"position\":2,\"name\":\"iPhone mini: Ab n\u00e4chstem Jahr ist Schluss damit\"}]},{\"@type\":\"WebSite\",\"@id\":\"https:\\\/\\\/www.apfelpatient.de\\\/#website\",\"url\":\"https:\\\/\\\/www.apfelpatient.de\\\/\",\"name\":\"Apfelpatient\",\"description\":\"Alles rund um Apple!\",\"publisher\":{\"@type\":\"Organization\",\"@id\":\"https:\\\/\\\/www.apfelpatient.de\\\/en\\\/#organization\",\"name\":\"Apfelpatient\",\"url\":\"https:\\\/\\\/www.apfelpatient.de\\\/en\\\/\"},\"alternateName\":\"Apfelpatient\",\"potentialAction\":[{\"@type\":\"SearchAction\",\"target\":{\"@type\":\"EntryPoint\",\"urlTemplate\":\"https:\\\/\\\/www.apfelpatient.de\\\/?s={search_term_string}\"},\"query-input\":{\"@type\":\"PropertyValueSpecification\",\"valueRequired\":true,\"valueName\":\"search_term_string\"}}],\"inLanguage\":\"en-US\"},{\"@type\":[\"Person\",\"Organization\"],\"@id\":\"https:\\\/\\\/www.apfelpatient.de\\\/#\\\/schema\\\/person\\\/7dc56ad6c8e9824b76d2c08d4c140e13\",\"name\":\"Milan\",\"logo\":{\"@id\":\"https:\\\/\\\/www.apfelpatient.de\\\/#\\\/schema\\\/person\\\/image\\\/\"},\"description\":\"Hallo und herzlich willkommen auf meinem Technik-Blog! Als gro\u00dfer Apple-Fan berichte ich hier \u00fcber alles, was mit Apple zu tun hat: von den neuesten News und spannenden Ger\u00fcchten \u00fcber hilfreiche Tipps und Tricks bis hin zu ausf\u00fchrlichen Produkttests. Wenn du genauso technikbegeistert bist wie ich, bist du hier genau richtig!\",\"sameAs\":[\"https:\\\/\\\/www.facebook.com\\\/apfelpatientOfficial\",\"https:\\\/\\\/www.linkedin.com\\\/in\\\/milan-jovicic-42aa0231b\"],\"url\":\"https:\\\/\\\/www.apfelpatient.de\\\/en\\\/author\\\/apfeladmin\"}]}<\/script>\n<!-- \/ Yoast SEO Premium plugin. -->","yoast_head_json":{"title":"iPhone mini: It&#039;s over next year Apfelpatient","description":"Enough of that? If there is no iPhone mini next year, the iPhone SE would reclaim the title of the smallest iPhone.","robots":{"index":"index","follow":"follow","max-snippet":"max-snippet:-1","max-image-preview":"max-image-preview:large","max-video-preview":"max-video-preview:-1"},"canonical":"https:\/\/www.apfelpatient.de\/en\/rumors\/iphone-mini-will-be-discontinued-next-year","og_locale":"en_US","og_type":"article","og_title":"iPhone mini: Ab n\u00e4chstem Jahr ist Schluss damit","og_description":"Schluss damit? Sollte es n\u00e4chstes Jahr kein iPhone mini geben, so w\u00fcrde das iPhone SE den Titel des kleinsten iPhones zur\u00fcckerobern.","og_url":"https:\/\/www.apfelpatient.de\/en\/rumors\/iphone-mini-will-be-discontinued-next-year","og_site_name":"Apfelpatient","article_publisher":"https:\/\/www.facebook.com\/apfelpatientOfficial","article_author":"https:\/\/www.facebook.com\/apfelpatientOfficial","article_published_time":"2021-04-14T16:29:59+00:00","article_modified_time":"2021-12-09T14:00:28+00:00","og_image":[{"width":2560,"height":1920,"url":"https:\/\/www.apfelpatient.de\/wp-content\/uploads\/2021\/04\/thai-nguyen-4f3fP9X5qYc-unsplash-scaled.jpg","type":"image\/jpeg"}],"author":"Milan","twitter_card":"summary_large_image","twitter_description":"Schluss damit? Sollte es n\u00e4chstes Jahr kein iPhone mini geben, so w\u00fcrde das iPhone SE den Titel des kleinsten iPhones zur\u00fcckerobern.","twitter_misc":{"Written by":"Milan","Est. reading time":"2 minutes"},"schema":{"@context":"https:\/\/schema.org","@graph":[{"@type":"NewsArticle","@id":"https:\/\/www.apfelpatient.de\/rumors\/iphone-mini-ab-naechstem-jahr-ist-schluss-damit#article","isPartOf":{"@id":"https:\/\/www.apfelpatient.de\/rumors\/iphone-mini-ab-naechstem-jahr-ist-schluss-damit"},"author":{"@type":"Organization","@id":"https:\/\/www.apfelpatient.de\/en\/#organization","name":"Apfelpatient","url":"https:\/\/www.apfelpatient.de\/en\/"},"headline":"iPhone mini: Ab n\u00e4chstem Jahr ist Schluss damit","datePublished":"2021-04-14T16:29:59+00:00","dateModified":"2021-12-09T14:00:28+00:00","mainEntityOfPage":{"@id":"https:\/\/www.apfelpatient.de\/rumors\/iphone-mini-ab-naechstem-jahr-ist-schluss-damit"},"wordCount":306,"publisher":{"@type":"Organization","@id":"https:\/\/www.apfelpatient.de\/en\/#organization","name":"Apfelpatient","url":"https:\/\/www.apfelpatient.de\/en\/"},"image":{"@id":"https:\/\/www.apfelpatient.de\/rumors\/iphone-mini-ab-naechstem-jahr-ist-schluss-damit#primaryimage"},"thumbnailUrl":"https:\/\/www.apfelpatient.de\/wp-content\/uploads\/2021\/04\/thai-nguyen-4f3fP9X5qYc-unsplash-scaled.jpg","keywords":["iPhone","iPhone 12","iPhone 13","iPhone 14","iPhone 2022"],"articleSection":"Rumors","inLanguage":"en-US","copyrightYear":"2021","copyrightHolder":{"@id":"https:\/\/www.apfelpatient.de\/en\/#organization"}},{"@type":"WebPage","@id":"https:\/\/www.apfelpatient.de\/rumors\/iphone-mini-ab-naechstem-jahr-ist-schluss-damit","url":"https:\/\/www.apfelpatient.de\/rumors\/iphone-mini-ab-naechstem-jahr-ist-schluss-damit","name":"iPhone mini: It&#039;s over next year Apfelpatient","isPartOf":{"@id":"https:\/\/www.apfelpatient.de\/#website"},"primaryImageOfPage":{"@id":"https:\/\/www.apfelpatient.de\/rumors\/iphone-mini-ab-naechstem-jahr-ist-schluss-damit#primaryimage"},"image":{"@id":"https:\/\/www.apfelpatient.de\/rumors\/iphone-mini-ab-naechstem-jahr-ist-schluss-damit#primaryimage"},"thumbnailUrl":"https:\/\/www.apfelpatient.de\/wp-content\/uploads\/2021\/04\/thai-nguyen-4f3fP9X5qYc-unsplash-scaled.jpg","datePublished":"2021-04-14T16:29:59+00:00","dateModified":"2021-12-09T14:00:28+00:00","description":"Enough of that? If there is no iPhone mini next year, the iPhone SE would reclaim the title of the smallest iPhone.","breadcrumb":{"@id":"https:\/\/www.apfelpatient.de\/rumors\/iphone-mini-ab-naechstem-jahr-ist-schluss-damit#breadcrumb"},"inLanguage":"en-US","potentialAction":[{"@type":"ReadAction","target":["https:\/\/www.apfelpatient.de\/rumors\/iphone-mini-ab-naechstem-jahr-ist-schluss-damit"]}]},{"@type":"ImageObject","inLanguage":"en-US","@id":"https:\/\/www.apfelpatient.de\/rumors\/iphone-mini-ab-naechstem-jahr-ist-schluss-damit#primaryimage","url":"https:\/\/www.apfelpatient.de\/wp-content\/uploads\/2021\/04\/thai-nguyen-4f3fP9X5qYc-unsplash-scaled.jpg","contentUrl":"https:\/\/www.apfelpatient.de\/wp-content\/uploads\/2021\/04\/thai-nguyen-4f3fP9X5qYc-unsplash-scaled.jpg","width":2560,"height":1920,"caption":"Photo by Unsplash \/ Thai Nguyen"},{"@type":"BreadcrumbList","@id":"https:\/\/www.apfelpatient.de\/rumors\/iphone-mini-ab-naechstem-jahr-ist-schluss-damit#breadcrumb","itemListElement":[{"@type":"ListItem","position":1,"name":"Startseite","item":"https:\/\/www.apfelpatient.de\/"},{"@type":"ListItem","position":2,"name":"iPhone mini: Ab n\u00e4chstem Jahr ist Schluss damit"}]},{"@type":"WebSite","@id":"https:\/\/www.apfelpatient.de\/#website","url":"https:\/\/www.apfelpatient.de\/","name":"apple patient","description":"Everything about Apple!","publisher":{"@type":"Organization","@id":"https:\/\/www.apfelpatient.de\/en\/#organization","name":"Apfelpatient","url":"https:\/\/www.apfelpatient.de\/en\/"},"alternateName":"Apfelpatient","potentialAction":[{"@type":"SearchAction","target":{"@type":"EntryPoint","urlTemplate":"https:\/\/www.apfelpatient.de\/?s={search_term_string}"},"query-input":{"@type":"PropertyValueSpecification","valueRequired":true,"valueName":"search_term_string"}}],"inLanguage":"en-US"},{"@type":["Person","Organization"],"@id":"https:\/\/www.apfelpatient.de\/#\/schema\/person\/7dc56ad6c8e9824b76d2c08d4c140e13","name":"Milan","logo":{"@id":"https:\/\/www.apfelpatient.de\/#\/schema\/person\/image\/"},"description":"Hello and welcome to my technology blog! As a big Apple fan, I report on everything to do with Apple: from the latest news and exciting rumors to helpful tips and tricks and detailed product tests. If you are as enthusiastic about technology as I am, you have come to the right place!","sameAs":["https:\/\/www.facebook.com\/apfelpatientOfficial","https:\/\/www.linkedin.com\/in\/milan-jovicic-42aa0231b"],"url":"https:\/\/www.apfelpatient.de\/en\/author\/apfeladmin"}]}},"_links":{"self":[{"href":"https:\/\/www.apfelpatient.de\/en\/wp-json\/wp\/v2\/posts\/21281","targetHints":{"allow":["GET"]}}],"collection":[{"href":"https:\/\/www.apfelpatient.de\/en\/wp-json\/wp\/v2\/posts"}],"about":[{"href":"https:\/\/www.apfelpatient.de\/en\/wp-json\/wp\/v2\/types\/post"}],"author":[{"embeddable":true,"href":"https:\/\/www.apfelpatient.de\/en\/wp-json\/wp\/v2\/users\/2"}],"replies":[{"embeddable":true,"href":"https:\/\/www.apfelpatient.de\/en\/wp-json\/wp\/v2\/comments?post=21281"}],"version-history":[{"count":0,"href":"https:\/\/www.apfelpatient.de\/en\/wp-json\/wp\/v2\/posts\/21281\/revisions"}],"wp:featuredmedia":[{"embeddable":true,"href":"https:\/\/www.apfelpatient.de\/en\/wp-json\/wp\/v2\/media\/21280"}],"wp:attachment":[{"href":"https:\/\/www.apfelpatient.de\/en\/wp-json\/wp\/v2\/media?parent=21281"}],"wp:term":[{"taxonomy":"category","embeddable":true,"href":"https:\/\/www.apfelpatient.de\/en\/wp-json\/wp\/v2\/categories?post=21281"},{"taxonomy":"post_tag","embeddable":true,"href":"https:\/\/www.apfelpatient.de\/en\/wp-json\/wp\/v2\/tags?post=21281"}],"curies":[{"name":"wp","href":"https:\/\/api.w.org\/{rel}","templated":true}]}}