{"id":21219,"date":"2021-04-13T14:43:36","date_gmt":"2021-04-13T12:43:36","guid":{"rendered":"https:\/\/www.apfelpatient.de\/?p=21219"},"modified":"2021-04-13T14:43:37","modified_gmt":"2021-04-13T12:43:37","slug":"apple-car-closes-a-deal-with-lg-and-magna","status":"publish","type":"post","link":"https:\/\/www.apfelpatient.de\/en\/rumors\/apple-car-schliesst-apple-einen-deal-mit-lg-und-magna","title":{"rendered":"Apple Car: Is Apple making a deal with LG and Magna?"},"content":{"rendered":"<p class=\"has-drop-cap\"><strong>Things have been a little quieter around the Apple Car in recent weeks. Now there is a new report.<\/strong><\/p>\n\n\n\n<p>A new Korea Times report <a href=\"https:\/\/www.koreatimes.co.kr\/www\/tech\/2021\/04\/129_307089.html\" target=\"_blank\" rel=\"noreferrer noopener\">according to<\/a>, Apple is reportedly close to signing a deal with LG and Magna&#039;s automotive joint venture - &quot;LG Magna e-Powertrain&quot; - to build the Apple Car. The contracts would reportedly see the LG and Magna International joint venture initially take over Apple Car production. Currently, Apple is not expected to unveil its own electric vehicle until 2025 at the earliest. LG and Magna&#039;s partnership is expected to close later this year, apparently with Apple as the lead customer. Earlier this year, there were a number of reports that Apple was eyeing a deal with Kia and Hyundai worth around four billion dollars.<\/p>\n\n\n\n<h3 class=\"wp-block-heading\" id=\"h-lg-und-magna-fungieren-bereits-als-zulieferer\">LG and Magna already act as suppliers<\/h3>\n\n\n\n\n\n\n\n<p>However, the auto companies confirmed in February that talks with Apple had ended. It is believed that the Apple Auto will be branded exclusively as the Apple Car, and Apple&#039;s partners will merely act as links in the supply chain, similar to Foxconn with the iPhone. Apparently, Hyundai and Kia did not want to be reduced to mere suppliers. LG and Magna do not have significant public relationships in the auto industry, so they are probably more willing to let Apple take the glory. LG and Magna already supply parts such as batteries, motors and more to companies such as Tesla, General Motors, Ford and BMW. In addition, Magna&#039;s name has already been mentioned in a Bloomberg story about potential Apple Car partners.<\/p>\n\n\n\n<h3 class=\"wp-block-heading\" id=\"h-tim-cook-deutet-apple-car-an\">Tim Cook hints at Apple Car<\/h3>\n\n\n\n<p>Since 2015, Apple has been working on self-driving technology under the codename Project Titan. Apple&#039;s design work on an actual vehicle was reportedly paused in 2017, with the division focusing on the underlying autonomous technology. However, several clues suggest that Apple has since resumed work on a vehicle, including hiring key executives from Tesla and Porsche. Recently, Tim Cook told Kara Swisher that Apple is interested in unifying hardware, software, and services when it comes to electric vehicles, strongly suggesting that the company is still working on a full-fledged Apple Car. (Photo by PavelVinnik \/ Bigstockphoto)<\/p>\n\n\n\n<ul class=\"wp-block-list\"><li><a href=\"https:\/\/www.apfelpatient.de\/en\/rumors\/apple-car-negotiations-all-went-badly\">Apple Car: Negotiations didn&#039;t go well<\/a><\/li><\/ul>\n\n\n\n<h6 class=\"wp-block-heading translation-block\" id=\"h-kennt-ihr-schon-unsere-amazon-storefront-dort-findet-ihr-eine-handverlesene-auswahl-von-diversen-produkten-f-r-euer-iphone-und-co-viel-spa-beim-st-bern\"><em>Have you already visited our Amazon Storefront? There you&#039;ll find a hand-picked selection of various products for your iPhone and other devices \u2013 <span class=\"has-inline-color has-vivid-red-color\"><a href=\"https:\/\/www.amazon.de\/shop\/apfelpatientofficial\" class=\"ek-link\" data-wpel-link=\"exclude\" rel=\"follow noopener\" target=\"_self\"><span style=\"text-decoration: underline\" class=\"ek-underline\">enjoy browsing<\/span><\/a> !<\/span><\/em><\/h6>\n\n\n\n<h6 class=\"wp-block-heading translation-block\" id=\"h-der-beitrag-enthalt-partnerlinks\">This post contains <a data-type=\"URL\" data-id=\"https:\/\/www.apfelpatient.de\/partnerprogramm\" href=\"https:\/\/www.apfelpatient.de\/en\/partner-program\" data-wpel-link=\"internal\" target=\"_self\">affiliate links<\/a>.<\/h6>","protected":false},"excerpt":{"rendered":"<p>LG Magna e-Powertrain as a partner? Things have been quieter around the Apple Car in recent weeks. Now there is a new report.<\/p>","protected":false},"author":2,"featured_media":19274,"comment_status":"closed","ping_status":"closed","sticky":false,"template":"","format":"standard","meta":{"jnews-multi-image_gallery":[],"jnews_single_post":{"subtitle":"","format":"standard","video":"","gallery":"","source_name":"","source_url":"","via_name":"","via_url":"","override":[{"single_blog_custom":"","sidebar":"","second_sidebar":"","share_position":"","share_float_style":"","post_date_format":"","post_date_format_custom":"","post_reading_time_wpm":"","zoom_button_out_step":"1","zoom_button_in_step":"1","number_popup_post":"1"}],"image_override":[{"single_post_thumbnail_size":"","single_post_gallery_size":""}],"trending_post_position":"","trending_post_label":"","sponsored_post_label":"","sponsored_post_name":"","sponsored_post_url":"","sponsored_post_logo":"","sponsored_post_desc":""},"jnews_primary_category":{"id":"25"},"footnotes":""},"categories":[25],"tags":[115,13],"class_list":["post-21219","post","type-post","status-publish","format-standard","has-post-thumbnail","hentry","category-rumors","tag-apple-car","tag-techpatient"],"yoast_head":"<!-- This site is optimized with the Yoast SEO Premium plugin v27.5 (Yoast SEO v27.5) - https:\/\/yoast.com\/product\/yoast-seo-premium-wordpress\/ -->\n<title>Apple Car: Schlie\u00dft Apple einen Deal mit LG und Magna? Apfelpatient<\/title>\n<meta name=\"description\" content=\"LG Magna e-Powertrain als Partner? In den letzten Wochen ist es rund um das Apple Car ruhiger geworden. Nun gibt es einen neuen Bericht.\" \/>\n<meta name=\"robots\" content=\"index, follow, max-snippet:-1, max-image-preview:large, max-video-preview:-1\" \/>\n<link rel=\"canonical\" href=\"https:\/\/www.apfelpatient.de\/en\/rumors\/apple-car-closes-a-deal-with-lg-and-magna\" \/>\n<meta property=\"og:locale\" content=\"en_US\" \/>\n<meta property=\"og:type\" content=\"article\" \/>\n<meta property=\"og:title\" content=\"Apple Car: Schlie\u00dft Apple einen Deal mit LG und Magna?\" \/>\n<meta property=\"og:description\" content=\"LG Magna e-Powertrain als Partner? In den letzten Wochen ist es rund um das Apple Car ruhiger geworden. Nun gibt es einen neuen Bericht.\" \/>\n<meta property=\"og:url\" content=\"https:\/\/www.apfelpatient.de\/en\/rumors\/apple-car-closes-a-deal-with-lg-and-magna\" \/>\n<meta property=\"og:site_name\" content=\"Apfelpatient\" \/>\n<meta property=\"article:publisher\" content=\"https:\/\/www.facebook.com\/apfelpatientOfficial\" \/>\n<meta property=\"article:author\" content=\"https:\/\/www.facebook.com\/apfelpatientOfficial\" \/>\n<meta property=\"article:published_time\" content=\"2021-04-13T12:43:36+00:00\" \/>\n<meta property=\"article:modified_time\" content=\"2021-04-13T12:43:37+00:00\" \/>\n<meta property=\"og:image\" content=\"https:\/\/www.apfelpatient.de\/wp-content\/uploads\/2021\/02\/bigstock-Autonomous-Smart-Car-Interior-210218722.jpg\" \/>\n\t<meta property=\"og:image:width\" content=\"1600\" \/>\n\t<meta property=\"og:image:height\" content=\"1000\" \/>\n\t<meta property=\"og:image:type\" content=\"image\/jpeg\" \/>\n<meta name=\"author\" content=\"Milan\" \/>\n<meta name=\"twitter:card\" content=\"summary_large_image\" \/>\n<meta name=\"twitter:description\" content=\"LG Magna e-Powertrain als Partner? In den letzten Wochen ist es rund um das Apple Car ruhiger geworden. Nun gibt es einen neuen Bericht.\" \/>\n<meta name=\"twitter:label1\" content=\"Written by\" \/>\n\t<meta name=\"twitter:data1\" content=\"Milan\" \/>\n\t<meta name=\"twitter:label2\" content=\"Est. reading time\" \/>\n\t<meta name=\"twitter:data2\" content=\"2 minutes\" \/>\n<script type=\"application\/ld+json\" class=\"yoast-schema-graph\">{\"@context\":\"https:\\\/\\\/schema.org\",\"@graph\":[{\"@type\":\"NewsArticle\",\"@id\":\"https:\\\/\\\/www.apfelpatient.de\\\/rumors\\\/apple-car-schliesst-apple-einen-deal-mit-lg-und-magna#article\",\"isPartOf\":{\"@id\":\"https:\\\/\\\/www.apfelpatient.de\\\/rumors\\\/apple-car-schliesst-apple-einen-deal-mit-lg-und-magna\"},\"author\":{\"@type\":\"Organization\",\"@id\":\"https:\\\/\\\/www.apfelpatient.de\\\/en\\\/#organization\",\"name\":\"Apfelpatient\",\"url\":\"https:\\\/\\\/www.apfelpatient.de\\\/en\\\/\"},\"headline\":\"Apple Car: Schlie\u00dft Apple einen Deal mit LG und Magna?\",\"datePublished\":\"2021-04-13T12:43:36+00:00\",\"dateModified\":\"2021-04-13T12:43:37+00:00\",\"mainEntityOfPage\":{\"@id\":\"https:\\\/\\\/www.apfelpatient.de\\\/rumors\\\/apple-car-schliesst-apple-einen-deal-mit-lg-und-magna\"},\"wordCount\":393,\"publisher\":{\"@type\":\"Organization\",\"@id\":\"https:\\\/\\\/www.apfelpatient.de\\\/en\\\/#organization\",\"name\":\"Apfelpatient\",\"url\":\"https:\\\/\\\/www.apfelpatient.de\\\/en\\\/\"},\"image\":{\"@id\":\"https:\\\/\\\/www.apfelpatient.de\\\/rumors\\\/apple-car-schliesst-apple-einen-deal-mit-lg-und-magna#primaryimage\"},\"thumbnailUrl\":\"https:\\\/\\\/www.apfelpatient.de\\\/wp-content\\\/uploads\\\/2021\\\/02\\\/bigstock-Autonomous-Smart-Car-Interior-210218722.jpg\",\"keywords\":[\"Apple Car\",\"TechPatient\"],\"articleSection\":\"Rumors\",\"inLanguage\":\"en-US\",\"copyrightYear\":\"2021\",\"copyrightHolder\":{\"@id\":\"https:\\\/\\\/www.apfelpatient.de\\\/en\\\/#organization\"}},{\"@type\":\"WebPage\",\"@id\":\"https:\\\/\\\/www.apfelpatient.de\\\/rumors\\\/apple-car-schliesst-apple-einen-deal-mit-lg-und-magna\",\"url\":\"https:\\\/\\\/www.apfelpatient.de\\\/rumors\\\/apple-car-schliesst-apple-einen-deal-mit-lg-und-magna\",\"name\":\"Apple Car: Schlie\u00dft Apple einen Deal mit LG und Magna? Apfelpatient\",\"isPartOf\":{\"@id\":\"https:\\\/\\\/www.apfelpatient.de\\\/#website\"},\"primaryImageOfPage\":{\"@id\":\"https:\\\/\\\/www.apfelpatient.de\\\/rumors\\\/apple-car-schliesst-apple-einen-deal-mit-lg-und-magna#primaryimage\"},\"image\":{\"@id\":\"https:\\\/\\\/www.apfelpatient.de\\\/rumors\\\/apple-car-schliesst-apple-einen-deal-mit-lg-und-magna#primaryimage\"},\"thumbnailUrl\":\"https:\\\/\\\/www.apfelpatient.de\\\/wp-content\\\/uploads\\\/2021\\\/02\\\/bigstock-Autonomous-Smart-Car-Interior-210218722.jpg\",\"datePublished\":\"2021-04-13T12:43:36+00:00\",\"dateModified\":\"2021-04-13T12:43:37+00:00\",\"description\":\"LG Magna e-Powertrain als Partner? In den letzten Wochen ist es rund um das Apple Car ruhiger geworden. Nun gibt es einen neuen Bericht.\",\"breadcrumb\":{\"@id\":\"https:\\\/\\\/www.apfelpatient.de\\\/rumors\\\/apple-car-schliesst-apple-einen-deal-mit-lg-und-magna#breadcrumb\"},\"inLanguage\":\"en-US\",\"potentialAction\":[{\"@type\":\"ReadAction\",\"target\":[\"https:\\\/\\\/www.apfelpatient.de\\\/rumors\\\/apple-car-schliesst-apple-einen-deal-mit-lg-und-magna\"]}]},{\"@type\":\"ImageObject\",\"inLanguage\":\"en-US\",\"@id\":\"https:\\\/\\\/www.apfelpatient.de\\\/rumors\\\/apple-car-schliesst-apple-einen-deal-mit-lg-und-magna#primaryimage\",\"url\":\"https:\\\/\\\/www.apfelpatient.de\\\/wp-content\\\/uploads\\\/2021\\\/02\\\/bigstock-Autonomous-Smart-Car-Interior-210218722.jpg\",\"contentUrl\":\"https:\\\/\\\/www.apfelpatient.de\\\/wp-content\\\/uploads\\\/2021\\\/02\\\/bigstock-Autonomous-Smart-Car-Interior-210218722.jpg\",\"width\":1600,\"height\":1000,\"caption\":\"Autonomous Smart car interior. A woman rides a autonomous car in the city on the highway. The display shows information about the vehicle is moving GPS travel time Assistance app. Future concept.\"},{\"@type\":\"BreadcrumbList\",\"@id\":\"https:\\\/\\\/www.apfelpatient.de\\\/rumors\\\/apple-car-schliesst-apple-einen-deal-mit-lg-und-magna#breadcrumb\",\"itemListElement\":[{\"@type\":\"ListItem\",\"position\":1,\"name\":\"Startseite\",\"item\":\"https:\\\/\\\/www.apfelpatient.de\\\/\"},{\"@type\":\"ListItem\",\"position\":2,\"name\":\"Apple Car: Schlie\u00dft Apple einen Deal mit LG und Magna?\"}]},{\"@type\":\"WebSite\",\"@id\":\"https:\\\/\\\/www.apfelpatient.de\\\/#website\",\"url\":\"https:\\\/\\\/www.apfelpatient.de\\\/\",\"name\":\"Apfelpatient\",\"description\":\"Alles rund um Apple!\",\"publisher\":{\"@type\":\"Organization\",\"@id\":\"https:\\\/\\\/www.apfelpatient.de\\\/en\\\/#organization\",\"name\":\"Apfelpatient\",\"url\":\"https:\\\/\\\/www.apfelpatient.de\\\/en\\\/\"},\"alternateName\":\"Apfelpatient\",\"potentialAction\":[{\"@type\":\"SearchAction\",\"target\":{\"@type\":\"EntryPoint\",\"urlTemplate\":\"https:\\\/\\\/www.apfelpatient.de\\\/?s={search_term_string}\"},\"query-input\":{\"@type\":\"PropertyValueSpecification\",\"valueRequired\":true,\"valueName\":\"search_term_string\"}}],\"inLanguage\":\"en-US\"},{\"@type\":[\"Person\",\"Organization\"],\"@id\":\"https:\\\/\\\/www.apfelpatient.de\\\/#\\\/schema\\\/person\\\/35b3ddba5832f2bfc7fff5206d4f6b7b\",\"name\":\"Milan\",\"logo\":{\"@id\":\"https:\\\/\\\/www.apfelpatient.de\\\/#\\\/schema\\\/person\\\/image\\\/\"},\"description\":\"Hallo und herzlich willkommen auf meinem Technik-Blog! Als gro\u00dfer Apple-Fan berichte ich hier \u00fcber alles, was mit Apple zu tun hat: von den neuesten News und spannenden Ger\u00fcchten \u00fcber hilfreiche Tipps und Tricks bis hin zu ausf\u00fchrlichen Produkttests. Wenn du genauso technikbegeistert bist wie ich, bist du hier genau richtig!\",\"sameAs\":[\"https:\\\/\\\/www.facebook.com\\\/apfelpatientOfficial\",\"https:\\\/\\\/www.linkedin.com\\\/in\\\/milan-jovicic-42aa0231b\"],\"url\":\"https:\\\/\\\/www.apfelpatient.de\\\/en\\\/author\\\/apfeladmin\"}]}<\/script>\n<!-- \/ Yoast SEO Premium plugin. -->","yoast_head_json":{"title":"Apple Car: Is Apple making a deal with LG and Magna? Apfelpatient","description":"LG Magna e-Powertrain as a partner? Things have been quieter around the Apple Car in recent weeks. Now there is a new report.","robots":{"index":"index","follow":"follow","max-snippet":"max-snippet:-1","max-image-preview":"max-image-preview:large","max-video-preview":"max-video-preview:-1"},"canonical":"https:\/\/www.apfelpatient.de\/en\/rumors\/apple-car-closes-a-deal-with-lg-and-magna","og_locale":"en_US","og_type":"article","og_title":"Apple Car: Schlie\u00dft Apple einen Deal mit LG und Magna?","og_description":"LG Magna e-Powertrain als Partner? In den letzten Wochen ist es rund um das Apple Car ruhiger geworden. Nun gibt es einen neuen Bericht.","og_url":"https:\/\/www.apfelpatient.de\/en\/rumors\/apple-car-closes-a-deal-with-lg-and-magna","og_site_name":"Apfelpatient","article_publisher":"https:\/\/www.facebook.com\/apfelpatientOfficial","article_author":"https:\/\/www.facebook.com\/apfelpatientOfficial","article_published_time":"2021-04-13T12:43:36+00:00","article_modified_time":"2021-04-13T12:43:37+00:00","og_image":[{"width":1600,"height":1000,"url":"https:\/\/www.apfelpatient.de\/wp-content\/uploads\/2021\/02\/bigstock-Autonomous-Smart-Car-Interior-210218722.jpg","type":"image\/jpeg"}],"author":"Milan","twitter_card":"summary_large_image","twitter_description":"LG Magna e-Powertrain als Partner? In den letzten Wochen ist es rund um das Apple Car ruhiger geworden. Nun gibt es einen neuen Bericht.","twitter_misc":{"Written by":"Milan","Est. reading time":"2 minutes"},"schema":{"@context":"https:\/\/schema.org","@graph":[{"@type":"NewsArticle","@id":"https:\/\/www.apfelpatient.de\/rumors\/apple-car-schliesst-apple-einen-deal-mit-lg-und-magna#article","isPartOf":{"@id":"https:\/\/www.apfelpatient.de\/rumors\/apple-car-schliesst-apple-einen-deal-mit-lg-und-magna"},"author":{"@type":"Organization","@id":"https:\/\/www.apfelpatient.de\/en\/#organization","name":"Apfelpatient","url":"https:\/\/www.apfelpatient.de\/en\/"},"headline":"Apple Car: Schlie\u00dft Apple einen Deal mit LG und Magna?","datePublished":"2021-04-13T12:43:36+00:00","dateModified":"2021-04-13T12:43:37+00:00","mainEntityOfPage":{"@id":"https:\/\/www.apfelpatient.de\/rumors\/apple-car-schliesst-apple-einen-deal-mit-lg-und-magna"},"wordCount":393,"publisher":{"@type":"Organization","@id":"https:\/\/www.apfelpatient.de\/en\/#organization","name":"Apfelpatient","url":"https:\/\/www.apfelpatient.de\/en\/"},"image":{"@id":"https:\/\/www.apfelpatient.de\/rumors\/apple-car-schliesst-apple-einen-deal-mit-lg-und-magna#primaryimage"},"thumbnailUrl":"https:\/\/www.apfelpatient.de\/wp-content\/uploads\/2021\/02\/bigstock-Autonomous-Smart-Car-Interior-210218722.jpg","keywords":["Apple Car","TechPatient"],"articleSection":"Rumors","inLanguage":"en-US","copyrightYear":"2021","copyrightHolder":{"@id":"https:\/\/www.apfelpatient.de\/en\/#organization"}},{"@type":"WebPage","@id":"https:\/\/www.apfelpatient.de\/rumors\/apple-car-schliesst-apple-einen-deal-mit-lg-und-magna","url":"https:\/\/www.apfelpatient.de\/rumors\/apple-car-schliesst-apple-einen-deal-mit-lg-und-magna","name":"Apple Car: Is Apple making a deal with LG and Magna? Apfelpatient","isPartOf":{"@id":"https:\/\/www.apfelpatient.de\/#website"},"primaryImageOfPage":{"@id":"https:\/\/www.apfelpatient.de\/rumors\/apple-car-schliesst-apple-einen-deal-mit-lg-und-magna#primaryimage"},"image":{"@id":"https:\/\/www.apfelpatient.de\/rumors\/apple-car-schliesst-apple-einen-deal-mit-lg-und-magna#primaryimage"},"thumbnailUrl":"https:\/\/www.apfelpatient.de\/wp-content\/uploads\/2021\/02\/bigstock-Autonomous-Smart-Car-Interior-210218722.jpg","datePublished":"2021-04-13T12:43:36+00:00","dateModified":"2021-04-13T12:43:37+00:00","description":"LG Magna e-Powertrain as a partner? Things have been quieter around the Apple Car in recent weeks. Now there is a new report.","breadcrumb":{"@id":"https:\/\/www.apfelpatient.de\/rumors\/apple-car-schliesst-apple-einen-deal-mit-lg-und-magna#breadcrumb"},"inLanguage":"en-US","potentialAction":[{"@type":"ReadAction","target":["https:\/\/www.apfelpatient.de\/rumors\/apple-car-schliesst-apple-einen-deal-mit-lg-und-magna"]}]},{"@type":"ImageObject","inLanguage":"en-US","@id":"https:\/\/www.apfelpatient.de\/rumors\/apple-car-schliesst-apple-einen-deal-mit-lg-und-magna#primaryimage","url":"https:\/\/www.apfelpatient.de\/wp-content\/uploads\/2021\/02\/bigstock-Autonomous-Smart-Car-Interior-210218722.jpg","contentUrl":"https:\/\/www.apfelpatient.de\/wp-content\/uploads\/2021\/02\/bigstock-Autonomous-Smart-Car-Interior-210218722.jpg","width":1600,"height":1000,"caption":"Autonomous Smart car interior. A woman rides a autonomous car in the city on the highway. The display shows information about the vehicle is moving GPS travel time Assistance app. Future concept."},{"@type":"BreadcrumbList","@id":"https:\/\/www.apfelpatient.de\/rumors\/apple-car-schliesst-apple-einen-deal-mit-lg-und-magna#breadcrumb","itemListElement":[{"@type":"ListItem","position":1,"name":"Startseite","item":"https:\/\/www.apfelpatient.de\/"},{"@type":"ListItem","position":2,"name":"Apple Car: Schlie\u00dft Apple einen Deal mit LG und Magna?"}]},{"@type":"WebSite","@id":"https:\/\/www.apfelpatient.de\/#website","url":"https:\/\/www.apfelpatient.de\/","name":"apple patient","description":"Everything about Apple!","publisher":{"@type":"Organization","@id":"https:\/\/www.apfelpatient.de\/en\/#organization","name":"Apfelpatient","url":"https:\/\/www.apfelpatient.de\/en\/"},"alternateName":"Apfelpatient","potentialAction":[{"@type":"SearchAction","target":{"@type":"EntryPoint","urlTemplate":"https:\/\/www.apfelpatient.de\/?s={search_term_string}"},"query-input":{"@type":"PropertyValueSpecification","valueRequired":true,"valueName":"search_term_string"}}],"inLanguage":"en-US"},{"@type":["Person","Organization"],"@id":"https:\/\/www.apfelpatient.de\/#\/schema\/person\/35b3ddba5832f2bfc7fff5206d4f6b7b","name":"Milan","logo":{"@id":"https:\/\/www.apfelpatient.de\/#\/schema\/person\/image\/"},"description":"Hello and welcome to my technology blog! As a big Apple fan, I report on everything to do with Apple: from the latest news and exciting rumors to helpful tips and tricks and detailed product tests. If you are as enthusiastic about technology as I am, you have come to the right place!","sameAs":["https:\/\/www.facebook.com\/apfelpatientOfficial","https:\/\/www.linkedin.com\/in\/milan-jovicic-42aa0231b"],"url":"https:\/\/www.apfelpatient.de\/en\/author\/apfeladmin"}]}},"_links":{"self":[{"href":"https:\/\/www.apfelpatient.de\/en\/wp-json\/wp\/v2\/posts\/21219","targetHints":{"allow":["GET"]}}],"collection":[{"href":"https:\/\/www.apfelpatient.de\/en\/wp-json\/wp\/v2\/posts"}],"about":[{"href":"https:\/\/www.apfelpatient.de\/en\/wp-json\/wp\/v2\/types\/post"}],"author":[{"embeddable":true,"href":"https:\/\/www.apfelpatient.de\/en\/wp-json\/wp\/v2\/users\/2"}],"replies":[{"embeddable":true,"href":"https:\/\/www.apfelpatient.de\/en\/wp-json\/wp\/v2\/comments?post=21219"}],"version-history":[{"count":0,"href":"https:\/\/www.apfelpatient.de\/en\/wp-json\/wp\/v2\/posts\/21219\/revisions"}],"wp:featuredmedia":[{"embeddable":true,"href":"https:\/\/www.apfelpatient.de\/en\/wp-json\/wp\/v2\/media\/19274"}],"wp:attachment":[{"href":"https:\/\/www.apfelpatient.de\/en\/wp-json\/wp\/v2\/media?parent=21219"}],"wp:term":[{"taxonomy":"category","embeddable":true,"href":"https:\/\/www.apfelpatient.de\/en\/wp-json\/wp\/v2\/categories?post=21219"},{"taxonomy":"post_tag","embeddable":true,"href":"https:\/\/www.apfelpatient.de\/en\/wp-json\/wp\/v2\/tags?post=21219"}],"curies":[{"name":"wp","href":"https:\/\/api.w.org\/{rel}","templated":true}]}}