{"id":21185,"date":"2021-04-12T13:40:53","date_gmt":"2021-04-12T11:40:53","guid":{"rendered":"https:\/\/www.apfelpatient.de\/?p=21185"},"modified":"2021-04-12T14:11:22","modified_gmt":"2021-04-12T12:11:22","slug":"new-apple-tv-with-homepod-speaker-facetime","status":"publish","type":"post","link":"https:\/\/www.apfelpatient.de\/en\/rumors\/neuer-apple-tv-mit-homepod-lautsprecher-facetime","title":{"rendered":"New Apple TV: With HomePod speaker &amp; FaceTime"},"content":{"rendered":"<p class=\"has-drop-cap\"><strong>Rumors surrounding the future of the Apple TV and HomePod have been documented many times. Now there is a new report claiming that Apple is working on an Apple TV model that has a built-in HomePod speaker and a FaceTime camera.<\/strong><\/p>\n\n\n\n<p>A few weeks ago it was already claimed that Apple was working on new HomePod models with integrated camera and display <a href=\"https:\/\/www.apfelpatient.de\/en\/rumors\/with-cameras-more-apple-is-working-on-new-homepods\">works<\/a>Now Bloomberg has published a new article referring to a brand new Apple TV device. In the report <a href=\"https:\/\/www.bloomberg.com\/news\/articles\/2021-04-12\/apple-working-on-combined-tv-box-speaker-to-revive-home-efforts\" target=\"_blank\" rel=\"noreferrer noopener\">is called<\/a> it:<\/p>\n\n\n\n<h3 class=\"wp-block-heading\" id=\"h-apple-tv-mit-integriertem-homepod-noch-ist-alles-offen\">Apple TV with integrated HomePod: Everything is still open<\/h3>\n\n\n\n\n\n\n\n<blockquote class=\"wp-block-quote is-layout-flow wp-block-quote-is-layout-flow\"><p>Apple is working on a product that would combine an Apple TV set-top box with a HomePod speaker, offering a camera for video conferencing through a connected TV and other smart home features. The device&#039;s other capabilities would include standard Apple TV box features like watching videos and playing games, as well as smart speaker applications like playing music and using Apple&#039;s digital assistant Siri.<\/p><\/blockquote>\n\n\n\n<p>Apple officially stopped selling the classic HomePod model a month ago. Since then, there has been speculation about whether Apple will ever introduce a high-end speaker again. Is an all-in-one device coming? Interestingly, the company already merged the development teams for HomePod and Apple TV last year, which suggests that a device that combines both products will appear at some point. According to today&#039;s report, however, development of the product is still in its early stages. This means that the project could be scrapped at any time or appear in a different form. Accordingly, the future of HomePod and Apple TV is sure to remain exciting. (Photo by Unsplash \/ Kelly Sikkema)<\/p>\n\n\n\n<ul class=\"wp-block-list\"><li><a href=\"https:\/\/www.apfelpatient.de\/en\/rumors\/future-homepod-could-have-ipad-with-robotic-arm\">Future HomePod could feature iPad with robotic arm<\/a><\/li><\/ul>\n\n\n\n<h6 class=\"wp-block-heading translation-block\" id=\"h-kennt-ihr-schon-unsere-amazon-storefront-dort-findet-ihr-eine-handverlesene-auswahl-von-diversen-produkten-f-r-euer-iphone-und-co-viel-spa-beim-st-bern\"><em>Have you already visited our Amazon Storefront? There you&#039;ll find a hand-picked selection of various products for your iPhone and other devices \u2013 <span class=\"has-inline-color has-vivid-red-color\"><a href=\"https:\/\/www.amazon.de\/shop\/apfelpatientofficial\" class=\"ek-link\" data-wpel-link=\"exclude\" rel=\"follow noopener\" target=\"_self\"><span style=\"text-decoration: underline\" class=\"ek-underline\">enjoy browsing<\/span><\/a> !<\/span><\/em><\/h6>\n\n\n\n<h6 class=\"wp-block-heading translation-block\" id=\"h-der-beitrag-enthalt-partnerlinks\">This post contains <a data-type=\"URL\" data-id=\"https:\/\/www.apfelpatient.de\/partnerprogramm\" href=\"https:\/\/www.apfelpatient.de\/en\/partner-program\" data-wpel-link=\"internal\" target=\"_self\">affiliate links<\/a>.<\/h6>","protected":false},"excerpt":{"rendered":"<p>Rumors about the future of Apple TV and HomePod have been documented several times. Now there is a new report on the subject.<\/p>","protected":false},"author":2,"featured_media":21181,"comment_status":"closed","ping_status":"closed","sticky":false,"template":"","format":"standard","meta":{"jnews-multi-image_gallery":[],"jnews_single_post":{"subtitle":"","format":"standard","video":"","gallery":"","source_name":"","source_url":"","via_name":"","via_url":"","override":[{"single_blog_custom":"","sidebar":"","second_sidebar":"","share_position":"","share_float_style":"","post_date_format":"","post_date_format_custom":"","post_reading_time_wpm":"","zoom_button_out_step":"1","zoom_button_in_step":"1","number_popup_post":"1"}],"image_override":[{"single_post_thumbnail_size":"","single_post_gallery_size":""}],"trending_post_position":"","trending_post_label":"","sponsored_post_label":"","sponsored_post_name":"","sponsored_post_url":"","sponsored_post_logo":"","sponsored_post_desc":""},"jnews_primary_category":{"id":"25"},"footnotes":""},"categories":[25],"tags":[156,85],"class_list":["post-21185","post","type-post","status-publish","format-standard","has-post-thumbnail","hentry","category-rumors","tag-apple-tv","tag-homepod"],"yoast_head":"<!-- This site is optimized with the Yoast SEO Premium plugin v27.5 (Yoast SEO v27.5) - https:\/\/yoast.com\/product\/yoast-seo-premium-wordpress\/ -->\n<title>Neuer Apple TV: Mit HomePod-Lautsprecher &amp; FaceTime Apfelpatient<\/title>\n<meta name=\"description\" content=\"Ger\u00fcchte rund um die Zukunft des Apple TV und HomePod wurden bereits mehrfach dokumentiert. Nun gibt es einen neuen Bericht zum Thema.\" \/>\n<meta name=\"robots\" content=\"index, follow, max-snippet:-1, max-image-preview:large, max-video-preview:-1\" \/>\n<link rel=\"canonical\" href=\"https:\/\/www.apfelpatient.de\/en\/rumors\/new-apple-tv-with-homepod-speaker-facetime\" \/>\n<meta property=\"og:locale\" content=\"en_US\" \/>\n<meta property=\"og:type\" content=\"article\" \/>\n<meta property=\"og:title\" content=\"Neuer Apple TV: Mit HomePod-Lautsprecher &amp; FaceTime\" \/>\n<meta property=\"og:description\" content=\"Ger\u00fcchte rund um die Zukunft des Apple TV und HomePod wurden bereits mehrfach dokumentiert. Nun gibt es einen neuen Bericht zum Thema.\" \/>\n<meta property=\"og:url\" content=\"https:\/\/www.apfelpatient.de\/en\/rumors\/new-apple-tv-with-homepod-speaker-facetime\" \/>\n<meta property=\"og:site_name\" content=\"Apfelpatient\" \/>\n<meta property=\"article:publisher\" content=\"https:\/\/www.facebook.com\/apfelpatientOfficial\" \/>\n<meta property=\"article:author\" content=\"https:\/\/www.facebook.com\/apfelpatientOfficial\" \/>\n<meta property=\"article:published_time\" content=\"2021-04-12T11:40:53+00:00\" \/>\n<meta property=\"article:modified_time\" content=\"2021-04-12T12:11:22+00:00\" \/>\n<meta property=\"og:image\" content=\"https:\/\/www.apfelpatient.de\/wp-content\/uploads\/2021\/04\/ash-edmonds-LHlC2sl0Zxs-unsplash-scaled.jpg\" \/>\n\t<meta property=\"og:image:width\" content=\"2560\" \/>\n\t<meta property=\"og:image:height\" content=\"1707\" \/>\n\t<meta property=\"og:image:type\" content=\"image\/jpeg\" \/>\n<meta name=\"author\" content=\"Milan\" \/>\n<meta name=\"twitter:card\" content=\"summary_large_image\" \/>\n<meta name=\"twitter:description\" content=\"Ger\u00fcchte rund um die Zukunft des Apple TV und HomePod wurden bereits mehrfach dokumentiert. Nun gibt es einen neuen Bericht zum Thema.\" \/>\n<meta name=\"twitter:label1\" content=\"Written by\" \/>\n\t<meta name=\"twitter:data1\" content=\"Milan\" \/>\n\t<meta name=\"twitter:label2\" content=\"Est. reading time\" \/>\n\t<meta name=\"twitter:data2\" content=\"2 minutes\" \/>\n<script type=\"application\/ld+json\" class=\"yoast-schema-graph\">{\"@context\":\"https:\\\/\\\/schema.org\",\"@graph\":[{\"@type\":\"NewsArticle\",\"@id\":\"https:\\\/\\\/www.apfelpatient.de\\\/rumors\\\/neuer-apple-tv-mit-homepod-lautsprecher-facetime#article\",\"isPartOf\":{\"@id\":\"https:\\\/\\\/www.apfelpatient.de\\\/rumors\\\/neuer-apple-tv-mit-homepod-lautsprecher-facetime\"},\"author\":{\"@type\":\"Organization\",\"@id\":\"https:\\\/\\\/www.apfelpatient.de\\\/en\\\/#organization\",\"name\":\"Apfelpatient\",\"url\":\"https:\\\/\\\/www.apfelpatient.de\\\/en\\\/\"},\"headline\":\"Neuer Apple TV: Mit HomePod-Lautsprecher &#038; FaceTime\",\"datePublished\":\"2021-04-12T11:40:53+00:00\",\"dateModified\":\"2021-04-12T12:11:22+00:00\",\"mainEntityOfPage\":{\"@id\":\"https:\\\/\\\/www.apfelpatient.de\\\/rumors\\\/neuer-apple-tv-mit-homepod-lautsprecher-facetime\"},\"wordCount\":285,\"publisher\":{\"@type\":\"Organization\",\"@id\":\"https:\\\/\\\/www.apfelpatient.de\\\/en\\\/#organization\",\"name\":\"Apfelpatient\",\"url\":\"https:\\\/\\\/www.apfelpatient.de\\\/en\\\/\"},\"image\":{\"@id\":\"https:\\\/\\\/www.apfelpatient.de\\\/rumors\\\/neuer-apple-tv-mit-homepod-lautsprecher-facetime#primaryimage\"},\"thumbnailUrl\":\"https:\\\/\\\/www.apfelpatient.de\\\/wp-content\\\/uploads\\\/2021\\\/04\\\/ash-edmonds-LHlC2sl0Zxs-unsplash-scaled.jpg\",\"keywords\":[\"Apple TV\",\"HomePod\"],\"articleSection\":\"Rumors\",\"inLanguage\":\"en-US\",\"copyrightYear\":\"2021\",\"copyrightHolder\":{\"@id\":\"https:\\\/\\\/www.apfelpatient.de\\\/en\\\/#organization\"}},{\"@type\":\"WebPage\",\"@id\":\"https:\\\/\\\/www.apfelpatient.de\\\/rumors\\\/neuer-apple-tv-mit-homepod-lautsprecher-facetime\",\"url\":\"https:\\\/\\\/www.apfelpatient.de\\\/rumors\\\/neuer-apple-tv-mit-homepod-lautsprecher-facetime\",\"name\":\"Neuer Apple TV: Mit HomePod-Lautsprecher & FaceTime Apfelpatient\",\"isPartOf\":{\"@id\":\"https:\\\/\\\/www.apfelpatient.de\\\/#website\"},\"primaryImageOfPage\":{\"@id\":\"https:\\\/\\\/www.apfelpatient.de\\\/rumors\\\/neuer-apple-tv-mit-homepod-lautsprecher-facetime#primaryimage\"},\"image\":{\"@id\":\"https:\\\/\\\/www.apfelpatient.de\\\/rumors\\\/neuer-apple-tv-mit-homepod-lautsprecher-facetime#primaryimage\"},\"thumbnailUrl\":\"https:\\\/\\\/www.apfelpatient.de\\\/wp-content\\\/uploads\\\/2021\\\/04\\\/ash-edmonds-LHlC2sl0Zxs-unsplash-scaled.jpg\",\"datePublished\":\"2021-04-12T11:40:53+00:00\",\"dateModified\":\"2021-04-12T12:11:22+00:00\",\"description\":\"Ger\u00fcchte rund um die Zukunft des Apple TV und HomePod wurden bereits mehrfach dokumentiert. Nun gibt es einen neuen Bericht zum Thema.\",\"breadcrumb\":{\"@id\":\"https:\\\/\\\/www.apfelpatient.de\\\/rumors\\\/neuer-apple-tv-mit-homepod-lautsprecher-facetime#breadcrumb\"},\"inLanguage\":\"en-US\",\"potentialAction\":[{\"@type\":\"ReadAction\",\"target\":[\"https:\\\/\\\/www.apfelpatient.de\\\/rumors\\\/neuer-apple-tv-mit-homepod-lautsprecher-facetime\"]}]},{\"@type\":\"ImageObject\",\"inLanguage\":\"en-US\",\"@id\":\"https:\\\/\\\/www.apfelpatient.de\\\/rumors\\\/neuer-apple-tv-mit-homepod-lautsprecher-facetime#primaryimage\",\"url\":\"https:\\\/\\\/www.apfelpatient.de\\\/wp-content\\\/uploads\\\/2021\\\/04\\\/ash-edmonds-LHlC2sl0Zxs-unsplash-scaled.jpg\",\"contentUrl\":\"https:\\\/\\\/www.apfelpatient.de\\\/wp-content\\\/uploads\\\/2021\\\/04\\\/ash-edmonds-LHlC2sl0Zxs-unsplash-scaled.jpg\",\"width\":2560,\"height\":1707,\"caption\":\"Photo by Unsplash \\\/ Kelly Sikkema\"},{\"@type\":\"BreadcrumbList\",\"@id\":\"https:\\\/\\\/www.apfelpatient.de\\\/rumors\\\/neuer-apple-tv-mit-homepod-lautsprecher-facetime#breadcrumb\",\"itemListElement\":[{\"@type\":\"ListItem\",\"position\":1,\"name\":\"Startseite\",\"item\":\"https:\\\/\\\/www.apfelpatient.de\\\/\"},{\"@type\":\"ListItem\",\"position\":2,\"name\":\"Neuer Apple TV: Mit HomePod-Lautsprecher &#038; FaceTime\"}]},{\"@type\":\"WebSite\",\"@id\":\"https:\\\/\\\/www.apfelpatient.de\\\/#website\",\"url\":\"https:\\\/\\\/www.apfelpatient.de\\\/\",\"name\":\"Apfelpatient\",\"description\":\"Alles rund um Apple!\",\"publisher\":{\"@type\":\"Organization\",\"@id\":\"https:\\\/\\\/www.apfelpatient.de\\\/en\\\/#organization\",\"name\":\"Apfelpatient\",\"url\":\"https:\\\/\\\/www.apfelpatient.de\\\/en\\\/\"},\"alternateName\":\"Apfelpatient\",\"potentialAction\":[{\"@type\":\"SearchAction\",\"target\":{\"@type\":\"EntryPoint\",\"urlTemplate\":\"https:\\\/\\\/www.apfelpatient.de\\\/?s={search_term_string}\"},\"query-input\":{\"@type\":\"PropertyValueSpecification\",\"valueRequired\":true,\"valueName\":\"search_term_string\"}}],\"inLanguage\":\"en-US\"},{\"@type\":[\"Person\",\"Organization\"],\"@id\":\"https:\\\/\\\/www.apfelpatient.de\\\/#\\\/schema\\\/person\\\/35b3ddba5832f2bfc7fff5206d4f6b7b\",\"name\":\"Milan\",\"logo\":{\"@id\":\"https:\\\/\\\/www.apfelpatient.de\\\/#\\\/schema\\\/person\\\/image\\\/\"},\"description\":\"Hallo und herzlich willkommen auf meinem Technik-Blog! Als gro\u00dfer Apple-Fan berichte ich hier \u00fcber alles, was mit Apple zu tun hat: von den neuesten News und spannenden Ger\u00fcchten \u00fcber hilfreiche Tipps und Tricks bis hin zu ausf\u00fchrlichen Produkttests. Wenn du genauso technikbegeistert bist wie ich, bist du hier genau richtig!\",\"sameAs\":[\"https:\\\/\\\/www.facebook.com\\\/apfelpatientOfficial\",\"https:\\\/\\\/www.linkedin.com\\\/in\\\/milan-jovicic-42aa0231b\"],\"url\":\"https:\\\/\\\/www.apfelpatient.de\\\/en\\\/author\\\/apfeladmin\"}]}<\/script>\n<!-- \/ Yoast SEO Premium plugin. -->","yoast_head_json":{"title":"New Apple TV: With HomePod speaker &amp; FaceTime Apfelpatient","description":"Rumors about the future of Apple TV and HomePod have been documented several times. Now there is a new report on the subject.","robots":{"index":"index","follow":"follow","max-snippet":"max-snippet:-1","max-image-preview":"max-image-preview:large","max-video-preview":"max-video-preview:-1"},"canonical":"https:\/\/www.apfelpatient.de\/en\/rumors\/new-apple-tv-with-homepod-speaker-facetime","og_locale":"en_US","og_type":"article","og_title":"Neuer Apple TV: Mit HomePod-Lautsprecher & FaceTime","og_description":"Ger\u00fcchte rund um die Zukunft des Apple TV und HomePod wurden bereits mehrfach dokumentiert. Nun gibt es einen neuen Bericht zum Thema.","og_url":"https:\/\/www.apfelpatient.de\/en\/rumors\/new-apple-tv-with-homepod-speaker-facetime","og_site_name":"Apfelpatient","article_publisher":"https:\/\/www.facebook.com\/apfelpatientOfficial","article_author":"https:\/\/www.facebook.com\/apfelpatientOfficial","article_published_time":"2021-04-12T11:40:53+00:00","article_modified_time":"2021-04-12T12:11:22+00:00","og_image":[{"width":2560,"height":1707,"url":"https:\/\/www.apfelpatient.de\/wp-content\/uploads\/2021\/04\/ash-edmonds-LHlC2sl0Zxs-unsplash-scaled.jpg","type":"image\/jpeg"}],"author":"Milan","twitter_card":"summary_large_image","twitter_description":"Ger\u00fcchte rund um die Zukunft des Apple TV und HomePod wurden bereits mehrfach dokumentiert. Nun gibt es einen neuen Bericht zum Thema.","twitter_misc":{"Written by":"Milan","Est. reading time":"2 minutes"},"schema":{"@context":"https:\/\/schema.org","@graph":[{"@type":"NewsArticle","@id":"https:\/\/www.apfelpatient.de\/rumors\/neuer-apple-tv-mit-homepod-lautsprecher-facetime#article","isPartOf":{"@id":"https:\/\/www.apfelpatient.de\/rumors\/neuer-apple-tv-mit-homepod-lautsprecher-facetime"},"author":{"@type":"Organization","@id":"https:\/\/www.apfelpatient.de\/en\/#organization","name":"Apfelpatient","url":"https:\/\/www.apfelpatient.de\/en\/"},"headline":"Neuer Apple TV: Mit HomePod-Lautsprecher &#038; FaceTime","datePublished":"2021-04-12T11:40:53+00:00","dateModified":"2021-04-12T12:11:22+00:00","mainEntityOfPage":{"@id":"https:\/\/www.apfelpatient.de\/rumors\/neuer-apple-tv-mit-homepod-lautsprecher-facetime"},"wordCount":285,"publisher":{"@type":"Organization","@id":"https:\/\/www.apfelpatient.de\/en\/#organization","name":"Apfelpatient","url":"https:\/\/www.apfelpatient.de\/en\/"},"image":{"@id":"https:\/\/www.apfelpatient.de\/rumors\/neuer-apple-tv-mit-homepod-lautsprecher-facetime#primaryimage"},"thumbnailUrl":"https:\/\/www.apfelpatient.de\/wp-content\/uploads\/2021\/04\/ash-edmonds-LHlC2sl0Zxs-unsplash-scaled.jpg","keywords":["Apple TV","HomePod"],"articleSection":"Rumors","inLanguage":"en-US","copyrightYear":"2021","copyrightHolder":{"@id":"https:\/\/www.apfelpatient.de\/en\/#organization"}},{"@type":"WebPage","@id":"https:\/\/www.apfelpatient.de\/rumors\/neuer-apple-tv-mit-homepod-lautsprecher-facetime","url":"https:\/\/www.apfelpatient.de\/rumors\/neuer-apple-tv-mit-homepod-lautsprecher-facetime","name":"New Apple TV: With HomePod speaker &amp; FaceTime Apfelpatient","isPartOf":{"@id":"https:\/\/www.apfelpatient.de\/#website"},"primaryImageOfPage":{"@id":"https:\/\/www.apfelpatient.de\/rumors\/neuer-apple-tv-mit-homepod-lautsprecher-facetime#primaryimage"},"image":{"@id":"https:\/\/www.apfelpatient.de\/rumors\/neuer-apple-tv-mit-homepod-lautsprecher-facetime#primaryimage"},"thumbnailUrl":"https:\/\/www.apfelpatient.de\/wp-content\/uploads\/2021\/04\/ash-edmonds-LHlC2sl0Zxs-unsplash-scaled.jpg","datePublished":"2021-04-12T11:40:53+00:00","dateModified":"2021-04-12T12:11:22+00:00","description":"Rumors about the future of Apple TV and HomePod have been documented several times. Now there is a new report on the subject.","breadcrumb":{"@id":"https:\/\/www.apfelpatient.de\/rumors\/neuer-apple-tv-mit-homepod-lautsprecher-facetime#breadcrumb"},"inLanguage":"en-US","potentialAction":[{"@type":"ReadAction","target":["https:\/\/www.apfelpatient.de\/rumors\/neuer-apple-tv-mit-homepod-lautsprecher-facetime"]}]},{"@type":"ImageObject","inLanguage":"en-US","@id":"https:\/\/www.apfelpatient.de\/rumors\/neuer-apple-tv-mit-homepod-lautsprecher-facetime#primaryimage","url":"https:\/\/www.apfelpatient.de\/wp-content\/uploads\/2021\/04\/ash-edmonds-LHlC2sl0Zxs-unsplash-scaled.jpg","contentUrl":"https:\/\/www.apfelpatient.de\/wp-content\/uploads\/2021\/04\/ash-edmonds-LHlC2sl0Zxs-unsplash-scaled.jpg","width":2560,"height":1707,"caption":"Photo by Unsplash \/ Kelly Sikkema"},{"@type":"BreadcrumbList","@id":"https:\/\/www.apfelpatient.de\/rumors\/neuer-apple-tv-mit-homepod-lautsprecher-facetime#breadcrumb","itemListElement":[{"@type":"ListItem","position":1,"name":"Startseite","item":"https:\/\/www.apfelpatient.de\/"},{"@type":"ListItem","position":2,"name":"Neuer Apple TV: Mit HomePod-Lautsprecher &#038; FaceTime"}]},{"@type":"WebSite","@id":"https:\/\/www.apfelpatient.de\/#website","url":"https:\/\/www.apfelpatient.de\/","name":"apple patient","description":"Everything about Apple!","publisher":{"@type":"Organization","@id":"https:\/\/www.apfelpatient.de\/en\/#organization","name":"Apfelpatient","url":"https:\/\/www.apfelpatient.de\/en\/"},"alternateName":"Apfelpatient","potentialAction":[{"@type":"SearchAction","target":{"@type":"EntryPoint","urlTemplate":"https:\/\/www.apfelpatient.de\/?s={search_term_string}"},"query-input":{"@type":"PropertyValueSpecification","valueRequired":true,"valueName":"search_term_string"}}],"inLanguage":"en-US"},{"@type":["Person","Organization"],"@id":"https:\/\/www.apfelpatient.de\/#\/schema\/person\/35b3ddba5832f2bfc7fff5206d4f6b7b","name":"Milan","logo":{"@id":"https:\/\/www.apfelpatient.de\/#\/schema\/person\/image\/"},"description":"Hello and welcome to my technology blog! As a big Apple fan, I report on everything to do with Apple: from the latest news and exciting rumors to helpful tips and tricks and detailed product tests. If you are as enthusiastic about technology as I am, you have come to the right place!","sameAs":["https:\/\/www.facebook.com\/apfelpatientOfficial","https:\/\/www.linkedin.com\/in\/milan-jovicic-42aa0231b"],"url":"https:\/\/www.apfelpatient.de\/en\/author\/apfeladmin"}]}},"_links":{"self":[{"href":"https:\/\/www.apfelpatient.de\/en\/wp-json\/wp\/v2\/posts\/21185","targetHints":{"allow":["GET"]}}],"collection":[{"href":"https:\/\/www.apfelpatient.de\/en\/wp-json\/wp\/v2\/posts"}],"about":[{"href":"https:\/\/www.apfelpatient.de\/en\/wp-json\/wp\/v2\/types\/post"}],"author":[{"embeddable":true,"href":"https:\/\/www.apfelpatient.de\/en\/wp-json\/wp\/v2\/users\/2"}],"replies":[{"embeddable":true,"href":"https:\/\/www.apfelpatient.de\/en\/wp-json\/wp\/v2\/comments?post=21185"}],"version-history":[{"count":0,"href":"https:\/\/www.apfelpatient.de\/en\/wp-json\/wp\/v2\/posts\/21185\/revisions"}],"wp:featuredmedia":[{"embeddable":true,"href":"https:\/\/www.apfelpatient.de\/en\/wp-json\/wp\/v2\/media\/21181"}],"wp:attachment":[{"href":"https:\/\/www.apfelpatient.de\/en\/wp-json\/wp\/v2\/media?parent=21185"}],"wp:term":[{"taxonomy":"category","embeddable":true,"href":"https:\/\/www.apfelpatient.de\/en\/wp-json\/wp\/v2\/categories?post=21185"},{"taxonomy":"post_tag","embeddable":true,"href":"https:\/\/www.apfelpatient.de\/en\/wp-json\/wp\/v2\/tags?post=21185"}],"curies":[{"name":"wp","href":"https:\/\/api.w.org\/{rel}","templated":true}]}}