{"id":21182,"date":"2021-04-12T13:36:14","date_gmt":"2021-04-12T11:36:14","guid":{"rendered":"https:\/\/www.apfelpatient.de\/?p=21182"},"modified":"2021-04-12T13:36:15","modified_gmt":"2021-04-12T11:36:15","slug":"ipad-pro-is-due-to-be-released-in-april-but-there-is-a-catch","status":"publish","type":"post","link":"https:\/\/www.apfelpatient.de\/en\/rumors\/ipad-pro-soll-im-april-erscheinen-doch-es-gibt-einen-haken","title":{"rendered":"iPad Pro to be released in April \u2013 But there\u2019s a catch"},"content":{"rendered":"<p class=\"has-drop-cap\"><strong>Rumors about a new iPad Pro generation have been around for several months. Now a report has been published that addresses the topic again and offers further details about alleged production problems.<\/strong><\/p>\n\n\n\n<p>The new 12.9-inch iPad Pro is said to be Bloomberg <a href=\"https:\/\/www.bloomberg.com\/news\/articles\/2021-04-12\/apple-facing-supply-shortage-of-upcoming-high-end-ipad-display\" target=\"_blank\" rel=\"noreferrer noopener\">according to<\/a> will definitely come with a MiniLED display. But availability at launch will be very limited. The reason for this is that Apple suppliers are having problems producing the new display - according to Bloomberg. At least one MiniLED manufacturer even had to interrupt production due to these difficulties. Nevertheless, Bloomberg explains that despite these production problems, Apple wants to present the new iPad Pro models with 12.9 and 11 inches this month. The news site confirms previous speculation. In the course of this, it was emphasized that the MiniLED technology is only reserved for the large model. This was also claimed in advance. When exactly the presentation will take place remains unclear.<\/p>\n\n\n\n<h3 class=\"wp-block-heading\" id=\"h-ipad-pro-welche-neuerungen-sind-zu-erwarten\">iPad Pro: What innovations can we expect?<\/h3>\n\n\n\n\n\n\n\n<p>It also remains to be seen whether Apple will present the devices via press release or as part of a virtual keynote. Hardly any changes are expected in terms of design. The new generation is likely to look similar to the previous model on the outside. However, the fifth generation is expected to be significantly upgraded on the inside. Apple is expected to use the A14X chip here. This processor is reportedly on par with the M1 chip. Interestingly, the new chip was only recently leaked. An earlier report also mentioned that the new iPad Pros will have Thunderbolt connectivity for the first time - thanks to the new processor. If this is the case, this innovation would open the door to additional accessories, including external displays, storage and more. (Photo by Colour59 \/ Bigstockphoto)<\/p>\n\n\n\n<ul class=\"wp-block-list\"><li><a href=\"https:\/\/www.apfelpatient.de\/en\/rumors\/ipad-macbook-models-chip-shortage-reportedly-hits-apple\">iPad &amp; MacBook models: Chip shortage reportedly hits Apple<\/a><\/li><\/ul>\n\n\n\n<h6 class=\"wp-block-heading translation-block\" id=\"h-kennt-ihr-schon-unsere-amazon-storefront-dort-findet-ihr-eine-handverlesene-auswahl-von-diversen-produkten-f-r-euer-iphone-und-co-viel-spa-beim-st-bern\"><em>Have you already visited our Amazon Storefront? There you&#039;ll find a hand-picked selection of various products for your iPhone and other devices \u2013 <span class=\"has-inline-color has-vivid-red-color\"><a href=\"https:\/\/www.amazon.de\/shop\/apfelpatientofficial\" class=\"ek-link\" data-wpel-link=\"exclude\" rel=\"follow noopener\" target=\"_self\"><span style=\"text-decoration: underline\" class=\"ek-underline\">enjoy browsing<\/span><\/a> !<\/span><\/em><\/h6>\n\n\n\n<h6 class=\"wp-block-heading translation-block\" id=\"h-der-beitrag-enthalt-partnerlinks\">This post contains <a data-type=\"URL\" data-id=\"https:\/\/www.apfelpatient.de\/partnerprogramm\" href=\"https:\/\/www.apfelpatient.de\/en\/partner-program\" data-wpel-link=\"internal\" target=\"_self\">affiliate links<\/a>.<\/h6>","protected":false},"excerpt":{"rendered":"<p>iPad Pro: A report has now been published that addresses the issue again and provides further details on production problems.<\/p>","protected":false},"author":2,"featured_media":21180,"comment_status":"closed","ping_status":"closed","sticky":false,"template":"","format":"standard","meta":{"jnews-multi-image_gallery":[],"jnews_single_post":{"subtitle":"","format":"standard","video":"","gallery":"","source_name":"","source_url":"","via_name":"","via_url":"","override":[{"single_blog_custom":"","sidebar":"","second_sidebar":"","share_position":"","share_float_style":"","post_date_format":"","post_date_format_custom":"","post_reading_time_wpm":"","zoom_button_out_step":"1","zoom_button_in_step":"1","number_popup_post":"1"}],"image_override":[{"single_post_thumbnail_size":"","single_post_gallery_size":""}],"trending_post_position":"","trending_post_label":"","sponsored_post_label":"","sponsored_post_name":"","sponsored_post_url":"","sponsored_post_logo":"","sponsored_post_desc":""},"jnews_primary_category":{"id":"25"},"footnotes":""},"categories":[25],"tags":[18,66],"class_list":["post-21182","post","type-post","status-publish","format-standard","has-post-thumbnail","hentry","category-rumors","tag-ipad","tag-ipad-pro"],"yoast_head":"<!-- This site is optimized with the Yoast SEO Premium plugin v27.5 (Yoast SEO v27.5) - https:\/\/yoast.com\/product\/yoast-seo-premium-wordpress\/ -->\n<title>iPad Pro soll im April erscheinen - Doch es gibt einen Haken Apfelpatient<\/title>\n<meta name=\"description\" content=\"iPad Pro: Nun wurde ein Bericht ver\u00f6ffentlicht, der sich auf das Thema erneut bezieht und weitere Details zu Produktionsproblemen bietet.\" \/>\n<meta name=\"robots\" content=\"index, follow, max-snippet:-1, max-image-preview:large, max-video-preview:-1\" \/>\n<link rel=\"canonical\" href=\"https:\/\/www.apfelpatient.de\/en\/rumors\/ipad-pro-is-due-to-be-released-in-april-but-there-is-a-catch\" \/>\n<meta property=\"og:locale\" content=\"en_US\" \/>\n<meta property=\"og:type\" content=\"article\" \/>\n<meta property=\"og:title\" content=\"iPad Pro soll im April erscheinen - Doch es gibt einen Haken\" \/>\n<meta property=\"og:description\" content=\"iPad Pro: Nun wurde ein Bericht ver\u00f6ffentlicht, der sich auf das Thema erneut bezieht und weitere Details zu Produktionsproblemen bietet.\" \/>\n<meta property=\"og:url\" content=\"https:\/\/www.apfelpatient.de\/en\/rumors\/ipad-pro-is-due-to-be-released-in-april-but-there-is-a-catch\" \/>\n<meta property=\"og:site_name\" content=\"Apfelpatient\" \/>\n<meta property=\"article:publisher\" content=\"https:\/\/www.facebook.com\/apfelpatientOfficial\" \/>\n<meta property=\"article:author\" content=\"https:\/\/www.facebook.com\/apfelpatientOfficial\" \/>\n<meta property=\"article:published_time\" content=\"2021-04-12T11:36:14+00:00\" \/>\n<meta property=\"article:modified_time\" content=\"2021-04-12T11:36:15+00:00\" \/>\n<meta property=\"og:image\" content=\"https:\/\/www.apfelpatient.de\/wp-content\/uploads\/2021\/04\/bigstock-Wetzlar-Germany-376534726.jpg\" \/>\n\t<meta property=\"og:image:width\" content=\"1600\" \/>\n\t<meta property=\"og:image:height\" content=\"1067\" \/>\n\t<meta property=\"og:image:type\" content=\"image\/jpeg\" \/>\n<meta name=\"author\" content=\"Milan\" \/>\n<meta name=\"twitter:card\" content=\"summary_large_image\" \/>\n<meta name=\"twitter:description\" content=\"iPad Pro: Nun wurde ein Bericht ver\u00f6ffentlicht, der sich auf das Thema erneut bezieht und weitere Details zu Produktionsproblemen bietet.\" \/>\n<meta name=\"twitter:label1\" content=\"Written by\" \/>\n\t<meta name=\"twitter:data1\" content=\"Milan\" \/>\n\t<meta name=\"twitter:label2\" content=\"Est. reading time\" \/>\n\t<meta name=\"twitter:data2\" content=\"2 minutes\" \/>\n<script type=\"application\/ld+json\" class=\"yoast-schema-graph\">{\"@context\":\"https:\\\/\\\/schema.org\",\"@graph\":[{\"@type\":\"NewsArticle\",\"@id\":\"https:\\\/\\\/www.apfelpatient.de\\\/rumors\\\/ipad-pro-soll-im-april-erscheinen-doch-es-gibt-einen-haken#article\",\"isPartOf\":{\"@id\":\"https:\\\/\\\/www.apfelpatient.de\\\/rumors\\\/ipad-pro-soll-im-april-erscheinen-doch-es-gibt-einen-haken\"},\"author\":{\"@type\":\"Organization\",\"@id\":\"https:\\\/\\\/www.apfelpatient.de\\\/en\\\/#organization\",\"name\":\"Apfelpatient\",\"url\":\"https:\\\/\\\/www.apfelpatient.de\\\/en\\\/\"},\"headline\":\"iPad Pro soll im April erscheinen &#8211; Doch es gibt einen Haken\",\"datePublished\":\"2021-04-12T11:36:14+00:00\",\"dateModified\":\"2021-04-12T11:36:15+00:00\",\"mainEntityOfPage\":{\"@id\":\"https:\\\/\\\/www.apfelpatient.de\\\/rumors\\\/ipad-pro-soll-im-april-erscheinen-doch-es-gibt-einen-haken\"},\"wordCount\":311,\"publisher\":{\"@type\":\"Organization\",\"@id\":\"https:\\\/\\\/www.apfelpatient.de\\\/en\\\/#organization\",\"name\":\"Apfelpatient\",\"url\":\"https:\\\/\\\/www.apfelpatient.de\\\/en\\\/\"},\"image\":{\"@id\":\"https:\\\/\\\/www.apfelpatient.de\\\/rumors\\\/ipad-pro-soll-im-april-erscheinen-doch-es-gibt-einen-haken#primaryimage\"},\"thumbnailUrl\":\"https:\\\/\\\/www.apfelpatient.de\\\/wp-content\\\/uploads\\\/2021\\\/04\\\/bigstock-Wetzlar-Germany-376534726.jpg\",\"keywords\":[\"iPad\",\"iPad Pro\"],\"articleSection\":\"Rumors\",\"inLanguage\":\"en-US\",\"copyrightYear\":\"2021\",\"copyrightHolder\":{\"@id\":\"https:\\\/\\\/www.apfelpatient.de\\\/en\\\/#organization\"}},{\"@type\":\"WebPage\",\"@id\":\"https:\\\/\\\/www.apfelpatient.de\\\/rumors\\\/ipad-pro-soll-im-april-erscheinen-doch-es-gibt-einen-haken\",\"url\":\"https:\\\/\\\/www.apfelpatient.de\\\/rumors\\\/ipad-pro-soll-im-april-erscheinen-doch-es-gibt-einen-haken\",\"name\":\"iPad Pro soll im April erscheinen - Doch es gibt einen Haken Apfelpatient\",\"isPartOf\":{\"@id\":\"https:\\\/\\\/www.apfelpatient.de\\\/#website\"},\"primaryImageOfPage\":{\"@id\":\"https:\\\/\\\/www.apfelpatient.de\\\/rumors\\\/ipad-pro-soll-im-april-erscheinen-doch-es-gibt-einen-haken#primaryimage\"},\"image\":{\"@id\":\"https:\\\/\\\/www.apfelpatient.de\\\/rumors\\\/ipad-pro-soll-im-april-erscheinen-doch-es-gibt-einen-haken#primaryimage\"},\"thumbnailUrl\":\"https:\\\/\\\/www.apfelpatient.de\\\/wp-content\\\/uploads\\\/2021\\\/04\\\/bigstock-Wetzlar-Germany-376534726.jpg\",\"datePublished\":\"2021-04-12T11:36:14+00:00\",\"dateModified\":\"2021-04-12T11:36:15+00:00\",\"description\":\"iPad Pro: Nun wurde ein Bericht ver\u00f6ffentlicht, der sich auf das Thema erneut bezieht und weitere Details zu Produktionsproblemen bietet.\",\"breadcrumb\":{\"@id\":\"https:\\\/\\\/www.apfelpatient.de\\\/rumors\\\/ipad-pro-soll-im-april-erscheinen-doch-es-gibt-einen-haken#breadcrumb\"},\"inLanguage\":\"en-US\",\"potentialAction\":[{\"@type\":\"ReadAction\",\"target\":[\"https:\\\/\\\/www.apfelpatient.de\\\/rumors\\\/ipad-pro-soll-im-april-erscheinen-doch-es-gibt-einen-haken\"]}]},{\"@type\":\"ImageObject\",\"inLanguage\":\"en-US\",\"@id\":\"https:\\\/\\\/www.apfelpatient.de\\\/rumors\\\/ipad-pro-soll-im-april-erscheinen-doch-es-gibt-einen-haken#primaryimage\",\"url\":\"https:\\\/\\\/www.apfelpatient.de\\\/wp-content\\\/uploads\\\/2021\\\/04\\\/bigstock-Wetzlar-Germany-376534726.jpg\",\"contentUrl\":\"https:\\\/\\\/www.apfelpatient.de\\\/wp-content\\\/uploads\\\/2021\\\/04\\\/bigstock-Wetzlar-Germany-376534726.jpg\",\"width\":1600,\"height\":1067,\"caption\":\"WETZLAR, GERMANY - 2020-07-10: APPLE The iPad Pro is a tablet computer from the iPad model line from Apple.\"},{\"@type\":\"BreadcrumbList\",\"@id\":\"https:\\\/\\\/www.apfelpatient.de\\\/rumors\\\/ipad-pro-soll-im-april-erscheinen-doch-es-gibt-einen-haken#breadcrumb\",\"itemListElement\":[{\"@type\":\"ListItem\",\"position\":1,\"name\":\"Startseite\",\"item\":\"https:\\\/\\\/www.apfelpatient.de\\\/\"},{\"@type\":\"ListItem\",\"position\":2,\"name\":\"iPad Pro soll im April erscheinen &#8211; Doch es gibt einen Haken\"}]},{\"@type\":\"WebSite\",\"@id\":\"https:\\\/\\\/www.apfelpatient.de\\\/#website\",\"url\":\"https:\\\/\\\/www.apfelpatient.de\\\/\",\"name\":\"Apfelpatient\",\"description\":\"Alles rund um Apple!\",\"publisher\":{\"@type\":\"Organization\",\"@id\":\"https:\\\/\\\/www.apfelpatient.de\\\/en\\\/#organization\",\"name\":\"Apfelpatient\",\"url\":\"https:\\\/\\\/www.apfelpatient.de\\\/en\\\/\"},\"alternateName\":\"Apfelpatient\",\"potentialAction\":[{\"@type\":\"SearchAction\",\"target\":{\"@type\":\"EntryPoint\",\"urlTemplate\":\"https:\\\/\\\/www.apfelpatient.de\\\/?s={search_term_string}\"},\"query-input\":{\"@type\":\"PropertyValueSpecification\",\"valueRequired\":true,\"valueName\":\"search_term_string\"}}],\"inLanguage\":\"en-US\"},{\"@type\":[\"Person\",\"Organization\"],\"@id\":\"https:\\\/\\\/www.apfelpatient.de\\\/#\\\/schema\\\/person\\\/35b3ddba5832f2bfc7fff5206d4f6b7b\",\"name\":\"Milan\",\"logo\":{\"@id\":\"https:\\\/\\\/www.apfelpatient.de\\\/#\\\/schema\\\/person\\\/image\\\/\"},\"description\":\"Hallo und herzlich willkommen auf meinem Technik-Blog! Als gro\u00dfer Apple-Fan berichte ich hier \u00fcber alles, was mit Apple zu tun hat: von den neuesten News und spannenden Ger\u00fcchten \u00fcber hilfreiche Tipps und Tricks bis hin zu ausf\u00fchrlichen Produkttests. Wenn du genauso technikbegeistert bist wie ich, bist du hier genau richtig!\",\"sameAs\":[\"https:\\\/\\\/www.facebook.com\\\/apfelpatientOfficial\",\"https:\\\/\\\/www.linkedin.com\\\/in\\\/milan-jovicic-42aa0231b\"],\"url\":\"https:\\\/\\\/www.apfelpatient.de\\\/en\\\/author\\\/apfeladmin\"}]}<\/script>\n<!-- \/ Yoast SEO Premium plugin. -->","yoast_head_json":{"title":"iPad Pro to be released in April - But there&#039;s a catch Apfelpatient","description":"iPad Pro: A report has now been published that addresses the issue again and provides further details on production problems.","robots":{"index":"index","follow":"follow","max-snippet":"max-snippet:-1","max-image-preview":"max-image-preview:large","max-video-preview":"max-video-preview:-1"},"canonical":"https:\/\/www.apfelpatient.de\/en\/rumors\/ipad-pro-is-due-to-be-released-in-april-but-there-is-a-catch","og_locale":"en_US","og_type":"article","og_title":"iPad Pro soll im April erscheinen - Doch es gibt einen Haken","og_description":"iPad Pro: Nun wurde ein Bericht ver\u00f6ffentlicht, der sich auf das Thema erneut bezieht und weitere Details zu Produktionsproblemen bietet.","og_url":"https:\/\/www.apfelpatient.de\/en\/rumors\/ipad-pro-is-due-to-be-released-in-april-but-there-is-a-catch","og_site_name":"Apfelpatient","article_publisher":"https:\/\/www.facebook.com\/apfelpatientOfficial","article_author":"https:\/\/www.facebook.com\/apfelpatientOfficial","article_published_time":"2021-04-12T11:36:14+00:00","article_modified_time":"2021-04-12T11:36:15+00:00","og_image":[{"width":1600,"height":1067,"url":"https:\/\/www.apfelpatient.de\/wp-content\/uploads\/2021\/04\/bigstock-Wetzlar-Germany-376534726.jpg","type":"image\/jpeg"}],"author":"Milan","twitter_card":"summary_large_image","twitter_description":"iPad Pro: Nun wurde ein Bericht ver\u00f6ffentlicht, der sich auf das Thema erneut bezieht und weitere Details zu Produktionsproblemen bietet.","twitter_misc":{"Written by":"Milan","Est. reading time":"2 minutes"},"schema":{"@context":"https:\/\/schema.org","@graph":[{"@type":"NewsArticle","@id":"https:\/\/www.apfelpatient.de\/rumors\/ipad-pro-soll-im-april-erscheinen-doch-es-gibt-einen-haken#article","isPartOf":{"@id":"https:\/\/www.apfelpatient.de\/rumors\/ipad-pro-soll-im-april-erscheinen-doch-es-gibt-einen-haken"},"author":{"@type":"Organization","@id":"https:\/\/www.apfelpatient.de\/en\/#organization","name":"Apfelpatient","url":"https:\/\/www.apfelpatient.de\/en\/"},"headline":"iPad Pro soll im April erscheinen &#8211; Doch es gibt einen Haken","datePublished":"2021-04-12T11:36:14+00:00","dateModified":"2021-04-12T11:36:15+00:00","mainEntityOfPage":{"@id":"https:\/\/www.apfelpatient.de\/rumors\/ipad-pro-soll-im-april-erscheinen-doch-es-gibt-einen-haken"},"wordCount":311,"publisher":{"@type":"Organization","@id":"https:\/\/www.apfelpatient.de\/en\/#organization","name":"Apfelpatient","url":"https:\/\/www.apfelpatient.de\/en\/"},"image":{"@id":"https:\/\/www.apfelpatient.de\/rumors\/ipad-pro-soll-im-april-erscheinen-doch-es-gibt-einen-haken#primaryimage"},"thumbnailUrl":"https:\/\/www.apfelpatient.de\/wp-content\/uploads\/2021\/04\/bigstock-Wetzlar-Germany-376534726.jpg","keywords":["iPad","iPad Pro"],"articleSection":"Rumors","inLanguage":"en-US","copyrightYear":"2021","copyrightHolder":{"@id":"https:\/\/www.apfelpatient.de\/en\/#organization"}},{"@type":"WebPage","@id":"https:\/\/www.apfelpatient.de\/rumors\/ipad-pro-soll-im-april-erscheinen-doch-es-gibt-einen-haken","url":"https:\/\/www.apfelpatient.de\/rumors\/ipad-pro-soll-im-april-erscheinen-doch-es-gibt-einen-haken","name":"iPad Pro to be released in April - But there&#039;s a catch Apfelpatient","isPartOf":{"@id":"https:\/\/www.apfelpatient.de\/#website"},"primaryImageOfPage":{"@id":"https:\/\/www.apfelpatient.de\/rumors\/ipad-pro-soll-im-april-erscheinen-doch-es-gibt-einen-haken#primaryimage"},"image":{"@id":"https:\/\/www.apfelpatient.de\/rumors\/ipad-pro-soll-im-april-erscheinen-doch-es-gibt-einen-haken#primaryimage"},"thumbnailUrl":"https:\/\/www.apfelpatient.de\/wp-content\/uploads\/2021\/04\/bigstock-Wetzlar-Germany-376534726.jpg","datePublished":"2021-04-12T11:36:14+00:00","dateModified":"2021-04-12T11:36:15+00:00","description":"iPad Pro: A report has now been published that addresses the issue again and provides further details on production problems.","breadcrumb":{"@id":"https:\/\/www.apfelpatient.de\/rumors\/ipad-pro-soll-im-april-erscheinen-doch-es-gibt-einen-haken#breadcrumb"},"inLanguage":"en-US","potentialAction":[{"@type":"ReadAction","target":["https:\/\/www.apfelpatient.de\/rumors\/ipad-pro-soll-im-april-erscheinen-doch-es-gibt-einen-haken"]}]},{"@type":"ImageObject","inLanguage":"en-US","@id":"https:\/\/www.apfelpatient.de\/rumors\/ipad-pro-soll-im-april-erscheinen-doch-es-gibt-einen-haken#primaryimage","url":"https:\/\/www.apfelpatient.de\/wp-content\/uploads\/2021\/04\/bigstock-Wetzlar-Germany-376534726.jpg","contentUrl":"https:\/\/www.apfelpatient.de\/wp-content\/uploads\/2021\/04\/bigstock-Wetzlar-Germany-376534726.jpg","width":1600,"height":1067,"caption":"WETZLAR, GERMANY - 2020-07-10: APPLE The iPad Pro is a tablet computer from the iPad model line from Apple."},{"@type":"BreadcrumbList","@id":"https:\/\/www.apfelpatient.de\/rumors\/ipad-pro-soll-im-april-erscheinen-doch-es-gibt-einen-haken#breadcrumb","itemListElement":[{"@type":"ListItem","position":1,"name":"Startseite","item":"https:\/\/www.apfelpatient.de\/"},{"@type":"ListItem","position":2,"name":"iPad Pro soll im April erscheinen &#8211; Doch es gibt einen Haken"}]},{"@type":"WebSite","@id":"https:\/\/www.apfelpatient.de\/#website","url":"https:\/\/www.apfelpatient.de\/","name":"apple patient","description":"Everything about Apple!","publisher":{"@type":"Organization","@id":"https:\/\/www.apfelpatient.de\/en\/#organization","name":"Apfelpatient","url":"https:\/\/www.apfelpatient.de\/en\/"},"alternateName":"Apfelpatient","potentialAction":[{"@type":"SearchAction","target":{"@type":"EntryPoint","urlTemplate":"https:\/\/www.apfelpatient.de\/?s={search_term_string}"},"query-input":{"@type":"PropertyValueSpecification","valueRequired":true,"valueName":"search_term_string"}}],"inLanguage":"en-US"},{"@type":["Person","Organization"],"@id":"https:\/\/www.apfelpatient.de\/#\/schema\/person\/35b3ddba5832f2bfc7fff5206d4f6b7b","name":"Milan","logo":{"@id":"https:\/\/www.apfelpatient.de\/#\/schema\/person\/image\/"},"description":"Hello and welcome to my technology blog! As a big Apple fan, I report on everything to do with Apple: from the latest news and exciting rumors to helpful tips and tricks and detailed product tests. If you are as enthusiastic about technology as I am, you have come to the right place!","sameAs":["https:\/\/www.facebook.com\/apfelpatientOfficial","https:\/\/www.linkedin.com\/in\/milan-jovicic-42aa0231b"],"url":"https:\/\/www.apfelpatient.de\/en\/author\/apfeladmin"}]}},"_links":{"self":[{"href":"https:\/\/www.apfelpatient.de\/en\/wp-json\/wp\/v2\/posts\/21182","targetHints":{"allow":["GET"]}}],"collection":[{"href":"https:\/\/www.apfelpatient.de\/en\/wp-json\/wp\/v2\/posts"}],"about":[{"href":"https:\/\/www.apfelpatient.de\/en\/wp-json\/wp\/v2\/types\/post"}],"author":[{"embeddable":true,"href":"https:\/\/www.apfelpatient.de\/en\/wp-json\/wp\/v2\/users\/2"}],"replies":[{"embeddable":true,"href":"https:\/\/www.apfelpatient.de\/en\/wp-json\/wp\/v2\/comments?post=21182"}],"version-history":[{"count":0,"href":"https:\/\/www.apfelpatient.de\/en\/wp-json\/wp\/v2\/posts\/21182\/revisions"}],"wp:featuredmedia":[{"embeddable":true,"href":"https:\/\/www.apfelpatient.de\/en\/wp-json\/wp\/v2\/media\/21180"}],"wp:attachment":[{"href":"https:\/\/www.apfelpatient.de\/en\/wp-json\/wp\/v2\/media?parent=21182"}],"wp:term":[{"taxonomy":"category","embeddable":true,"href":"https:\/\/www.apfelpatient.de\/en\/wp-json\/wp\/v2\/categories?post=21182"},{"taxonomy":"post_tag","embeddable":true,"href":"https:\/\/www.apfelpatient.de\/en\/wp-json\/wp\/v2\/tags?post=21182"}],"curies":[{"name":"wp","href":"https:\/\/api.w.org\/{rel}","templated":true}]}}