{"id":21074,"date":"2021-04-07T15:27:24","date_gmt":"2021-04-07T13:27:24","guid":{"rendered":"https:\/\/www.apfelpatient.de\/?p=21074"},"modified":"2021-04-10T17:52:54","modified_gmt":"2021-04-10T15:52:54","slug":"facebook-data-leak-security-loophole-is-said-to-date-back-to-2019","status":"publish","type":"post","link":"https:\/\/www.apfelpatient.de\/en\/news\/facebook-datenleck-sicherheitsluecke-soll-aus-2019-stammen","title":{"rendered":"Facebook data leak: Security flaw reportedly dates back to 2019"},"content":{"rendered":"<p class=\"has-drop-cap\"><strong>Facebook has now responded to a recently reported data breach that may have affected more than 530 million users, saying the information was likely stolen from its servers in a newly disclosed incident from 2019.<\/strong><\/p>\n\n\n\n<p>Facebook&#039;s product management director Mike Clark <a href=\"https:\/\/about.fb.com\/news\/2021\/04\/facts-on-news-reports-about-facebook-data\/\" target=\"_blank\" rel=\"noreferrer noopener\">explained<\/a> the situation in a blog post published in the company&#039;s newsroom, which sounds like an attempt to downplay the massive breach. Importantly, the post and additional reports from Wired reveal a previously unreported breach of Facebook&#039;s systems <a href=\"https:\/\/www.apfelpatient.de\/en\/news\/hackers-publish-over-500-million-facebook-user-data\">reveal<\/a>.<\/p>\n\n\n\n<h3 class=\"wp-block-heading\" id=\"h-facebooks-kontaktimporter-soll-schuld-sein\">Facebook&#039;s contact importer is said to be to blame<\/h3>\n\n\n\n\n\n\n\n<p>Clark confirmed a Business Insider report about a massive data leak affecting around 530 million Facebook users, but stressed that the information was stolen and not obtained through a hack. He added that Facebook was &quot;confident&quot; it had fixed the problem.<\/p>\n\n\n\n<blockquote class=\"wp-block-quote is-layout-flow wp-block-quote-is-layout-flow\"><p>We believe the data in question was siphoned by malicious actors from the Facebook profiles of people who used our Contact Importer before September 2019. This feature was designed to help people find their friends to connect with on our Services through their contact lists.<\/p><\/blockquote>\n\n\n\n<p>The cache of data, which included profile names, Facebook ID numbers, email addresses, locations, birth dates and phone numbers, surfaced on a hacking forum over the weekend. Facebook initially pointed to a previously reported data breach from 2019, but did not disclose which case it was referring to. The social network has suffered a number of data-related fiascos in recent years, including the accidental release of 540 million records discovered by security firm UpGuard in April 2019.<\/p>\n\n\n\n<h3 class=\"wp-block-heading\" id=\"h-facebook-will-neue-ma-nahmen-zum-schutz-der-nutzer-ergreifen\">Facebook wants to take new measures to protect users<\/h3>\n\n\n\n\n\n\n\n<p>As Wired reports, the new dataset comes from a security flaw that Facebook discovered in 2019. The issue, which was related to the platform&#039;s contact importer, was fixed in August 2019. Facebook claims it disclosed the scraping operation in statements to media outlets. But Wired tracked the reports and found that they were related to an Instagram breach and a separate leak on the Facebook platform that dated back to mid-2018. The company also failed to inform users individually or publish a security guide on the issue. Facebook is quickly moving on from the issue of public disclosure and focusing on future measures it plans to take to protect users. Clark writes:<\/p>\n\n\n\n<blockquote class=\"wp-block-quote is-layout-flow wp-block-quote-is-layout-flow\"><p>We are focused on protecting people&#039;s data by working to get this dataset removed, and we will continue to aggressively take action against malicious actors who abuse our tools wherever possible. While we can&#039;t always prevent datasets like this one from re-circulating or new ones from emerging, we have a dedicated team focused on this work. (Photo by r.classen \/ Bigstockphoto)<\/p><\/blockquote>\n\n\n\n<ul class=\"wp-block-list\"><li><a href=\"https:\/\/www.apfelpatient.de\/en\/tips-tricks\/facebook-data-leak-so-you-can-check-if-you-are-affected\">Facebook data leak: How to check if you are affected<\/a><\/li><\/ul>\n\n\n\n<h6 class=\"wp-block-heading translation-block\" id=\"h-kennt-ihr-schon-unsere-amazon-storefront-dort-findet-ihr-eine-handverlesene-auswahl-von-diversen-produkten-f-r-euer-iphone-und-co-viel-spa-beim-st-bern\"><em>Have you already visited our Amazon Storefront? There you&#039;ll find a hand-picked selection of various products for your iPhone and other devices \u2013 <span class=\"has-inline-color has-vivid-red-color\"><a href=\"https:\/\/www.amazon.de\/shop\/apfelpatientofficial\" class=\"ek-link\" data-wpel-link=\"exclude\" rel=\"follow noopener\" target=\"_self\"><span style=\"text-decoration: underline\" class=\"ek-underline\">enjoy browsing<\/span><\/a> !<\/span><\/em><\/h6>\n\n\n\n<h6 class=\"wp-block-heading translation-block\" id=\"h-der-beitrag-enthalt-partnerlinks\">This post contains <a data-type=\"URL\" data-id=\"https:\/\/www.apfelpatient.de\/partnerprogramm\" href=\"https:\/\/www.apfelpatient.de\/en\/partner-program\" data-wpel-link=\"internal\" target=\"_self\">affiliate links<\/a>.<\/h6>","protected":false},"excerpt":{"rendered":"<p>Facebook has now responded to a recently reported data leak that may have affected more than 530 million users.<\/p>","protected":false},"author":2,"featured_media":21072,"comment_status":"closed","ping_status":"closed","sticky":false,"template":"","format":"standard","meta":{"jnews-multi-image_gallery":[],"jnews_single_post":{"subtitle":"","format":"standard","video":"","gallery":"","source_name":"","source_url":"","via_name":"","via_url":"","override":[{"single_blog_custom":"","sidebar":"","second_sidebar":"","share_position":"","share_float_style":"","post_date_format":"","post_date_format_custom":"","post_reading_time_wpm":"","zoom_button_out_step":"1","zoom_button_in_step":"1","number_popup_post":"1"}],"image_override":[{"single_post_thumbnail_size":"","single_post_gallery_size":""}],"trending_post_position":"","trending_post_label":"","sponsored_post_label":"","sponsored_post_name":"","sponsored_post_url":"","sponsored_post_logo":"","sponsored_post_desc":""},"jnews_primary_category":{"id":"9"},"footnotes":""},"categories":[9],"tags":[142,3,13],"class_list":["post-21074","post","type-post","status-publish","format-standard","has-post-thumbnail","hentry","category-news","tag-facebook","tag-ios","tag-techpatient"],"yoast_head":"<!-- This site is optimized with the Yoast SEO Premium plugin v27.5 (Yoast SEO v27.5) - https:\/\/yoast.com\/product\/yoast-seo-premium-wordpress\/ -->\n<title>Facebook-Datenleck: Sicherheitsl\u00fccke soll aus 2019 stammen<\/title>\n<meta name=\"description\" content=\"Facebook reagierte nun auf ein k\u00fcrzlich gemeldetes Datenleck, das m\u00f6glicherweise mehr als 530 Millionen Nutzer betraf.\" \/>\n<meta name=\"robots\" content=\"index, follow, max-snippet:-1, max-image-preview:large, max-video-preview:-1\" \/>\n<link rel=\"canonical\" href=\"https:\/\/www.apfelpatient.de\/en\/news\/facebook-data-leak-security-loophole-is-said-to-date-back-to-2019\" \/>\n<meta property=\"og:locale\" content=\"en_US\" \/>\n<meta property=\"og:type\" content=\"article\" \/>\n<meta property=\"og:title\" content=\"Facebook-Datenleck: Sicherheitsl\u00fccke soll aus 2019 stammen\" \/>\n<meta property=\"og:description\" content=\"Facebook reagierte nun auf ein k\u00fcrzlich gemeldetes Datenleck, das m\u00f6glicherweise mehr als 530 Millionen Nutzer betraf.\" \/>\n<meta property=\"og:url\" content=\"https:\/\/www.apfelpatient.de\/en\/news\/facebook-data-leak-security-loophole-is-said-to-date-back-to-2019\" \/>\n<meta property=\"og:site_name\" content=\"Apfelpatient\" \/>\n<meta property=\"article:publisher\" content=\"https:\/\/www.facebook.com\/apfelpatientOfficial\" \/>\n<meta property=\"article:author\" content=\"https:\/\/www.facebook.com\/apfelpatientOfficial\" \/>\n<meta property=\"article:published_time\" content=\"2021-04-07T13:27:24+00:00\" \/>\n<meta property=\"article:modified_time\" content=\"2021-04-10T15:52:54+00:00\" \/>\n<meta property=\"og:image\" content=\"https:\/\/www.apfelpatient.de\/wp-content\/uploads\/2021\/04\/bigstock-Berlin-Germany-August-W-385238018.jpg\" \/>\n\t<meta property=\"og:image:width\" content=\"1600\" \/>\n\t<meta property=\"og:image:height\" content=\"875\" \/>\n\t<meta property=\"og:image:type\" content=\"image\/jpeg\" \/>\n<meta name=\"author\" content=\"Milan\" \/>\n<meta name=\"twitter:card\" content=\"summary_large_image\" \/>\n<meta name=\"twitter:description\" content=\"Facebook reagierte nun auf ein k\u00fcrzlich gemeldetes Datenleck, das m\u00f6glicherweise mehr als 530 Millionen Nutzer betraf.\" \/>\n<meta name=\"twitter:label1\" content=\"Written by\" \/>\n\t<meta name=\"twitter:data1\" content=\"Milan\" \/>\n\t<meta name=\"twitter:label2\" content=\"Est. reading time\" \/>\n\t<meta name=\"twitter:data2\" content=\"3 minutes\" \/>\n<script type=\"application\/ld+json\" class=\"yoast-schema-graph\">{\"@context\":\"https:\\\/\\\/schema.org\",\"@graph\":[{\"@type\":\"NewsArticle\",\"@id\":\"https:\\\/\\\/www.apfelpatient.de\\\/news\\\/facebook-datenleck-sicherheitsluecke-soll-aus-2019-stammen#article\",\"isPartOf\":{\"@id\":\"https:\\\/\\\/www.apfelpatient.de\\\/news\\\/facebook-datenleck-sicherheitsluecke-soll-aus-2019-stammen\"},\"author\":{\"@type\":\"Organization\",\"@id\":\"https:\\\/\\\/www.apfelpatient.de\\\/en\\\/#organization\",\"name\":\"Apfelpatient\",\"url\":\"https:\\\/\\\/www.apfelpatient.de\\\/en\\\/\"},\"headline\":\"Facebook-Datenleck: Sicherheitsl\u00fccke soll aus 2019 stammen\",\"datePublished\":\"2021-04-07T13:27:24+00:00\",\"dateModified\":\"2021-04-10T15:52:54+00:00\",\"mainEntityOfPage\":{\"@id\":\"https:\\\/\\\/www.apfelpatient.de\\\/news\\\/facebook-datenleck-sicherheitsluecke-soll-aus-2019-stammen\"},\"wordCount\":487,\"publisher\":{\"@type\":\"Organization\",\"@id\":\"https:\\\/\\\/www.apfelpatient.de\\\/en\\\/#organization\",\"name\":\"Apfelpatient\",\"url\":\"https:\\\/\\\/www.apfelpatient.de\\\/en\\\/\"},\"image\":{\"@id\":\"https:\\\/\\\/www.apfelpatient.de\\\/news\\\/facebook-datenleck-sicherheitsluecke-soll-aus-2019-stammen#primaryimage\"},\"thumbnailUrl\":\"https:\\\/\\\/www.apfelpatient.de\\\/wp-content\\\/uploads\\\/2021\\\/04\\\/bigstock-Berlin-Germany-August-W-385238018.jpg\",\"keywords\":[\"Facebook\",\"iOS\",\"TechPatient\"],\"articleSection\":\"News\",\"inLanguage\":\"en-US\",\"copyrightYear\":\"2021\",\"copyrightHolder\":{\"@id\":\"https:\\\/\\\/www.apfelpatient.de\\\/en\\\/#organization\"}},{\"@type\":\"WebPage\",\"@id\":\"https:\\\/\\\/www.apfelpatient.de\\\/news\\\/facebook-datenleck-sicherheitsluecke-soll-aus-2019-stammen\",\"url\":\"https:\\\/\\\/www.apfelpatient.de\\\/news\\\/facebook-datenleck-sicherheitsluecke-soll-aus-2019-stammen\",\"name\":\"Facebook-Datenleck: Sicherheitsl\u00fccke soll aus 2019 stammen\",\"isPartOf\":{\"@id\":\"https:\\\/\\\/www.apfelpatient.de\\\/#website\"},\"primaryImageOfPage\":{\"@id\":\"https:\\\/\\\/www.apfelpatient.de\\\/news\\\/facebook-datenleck-sicherheitsluecke-soll-aus-2019-stammen#primaryimage\"},\"image\":{\"@id\":\"https:\\\/\\\/www.apfelpatient.de\\\/news\\\/facebook-datenleck-sicherheitsluecke-soll-aus-2019-stammen#primaryimage\"},\"thumbnailUrl\":\"https:\\\/\\\/www.apfelpatient.de\\\/wp-content\\\/uploads\\\/2021\\\/04\\\/bigstock-Berlin-Germany-August-W-385238018.jpg\",\"datePublished\":\"2021-04-07T13:27:24+00:00\",\"dateModified\":\"2021-04-10T15:52:54+00:00\",\"description\":\"Facebook reagierte nun auf ein k\u00fcrzlich gemeldetes Datenleck, das m\u00f6glicherweise mehr als 530 Millionen Nutzer betraf.\",\"breadcrumb\":{\"@id\":\"https:\\\/\\\/www.apfelpatient.de\\\/news\\\/facebook-datenleck-sicherheitsluecke-soll-aus-2019-stammen#breadcrumb\"},\"inLanguage\":\"en-US\",\"potentialAction\":[{\"@type\":\"ReadAction\",\"target\":[\"https:\\\/\\\/www.apfelpatient.de\\\/news\\\/facebook-datenleck-sicherheitsluecke-soll-aus-2019-stammen\"]}]},{\"@type\":\"ImageObject\",\"inLanguage\":\"en-US\",\"@id\":\"https:\\\/\\\/www.apfelpatient.de\\\/news\\\/facebook-datenleck-sicherheitsluecke-soll-aus-2019-stammen#primaryimage\",\"url\":\"https:\\\/\\\/www.apfelpatient.de\\\/wp-content\\\/uploads\\\/2021\\\/04\\\/bigstock-Berlin-Germany-August-W-385238018.jpg\",\"contentUrl\":\"https:\\\/\\\/www.apfelpatient.de\\\/wp-content\\\/uploads\\\/2021\\\/04\\\/bigstock-Berlin-Germany-August-W-385238018.jpg\",\"width\":1600,\"height\":875,\"caption\":\"BERLIN, GERMANY AUGUST 2019: Woman hand holding iphone Xs with logo of Facebook application in the park. Facebook is an online social networking service founded in February 2004 by Mark Zuckerberg.\"},{\"@type\":\"BreadcrumbList\",\"@id\":\"https:\\\/\\\/www.apfelpatient.de\\\/news\\\/facebook-datenleck-sicherheitsluecke-soll-aus-2019-stammen#breadcrumb\",\"itemListElement\":[{\"@type\":\"ListItem\",\"position\":1,\"name\":\"Startseite\",\"item\":\"https:\\\/\\\/www.apfelpatient.de\\\/\"},{\"@type\":\"ListItem\",\"position\":2,\"name\":\"Facebook-Datenleck: Sicherheitsl\u00fccke soll aus 2019 stammen\"}]},{\"@type\":\"WebSite\",\"@id\":\"https:\\\/\\\/www.apfelpatient.de\\\/#website\",\"url\":\"https:\\\/\\\/www.apfelpatient.de\\\/\",\"name\":\"Apfelpatient\",\"description\":\"Alles rund um Apple!\",\"publisher\":{\"@type\":\"Organization\",\"@id\":\"https:\\\/\\\/www.apfelpatient.de\\\/en\\\/#organization\",\"name\":\"Apfelpatient\",\"url\":\"https:\\\/\\\/www.apfelpatient.de\\\/en\\\/\"},\"alternateName\":\"Apfelpatient\",\"potentialAction\":[{\"@type\":\"SearchAction\",\"target\":{\"@type\":\"EntryPoint\",\"urlTemplate\":\"https:\\\/\\\/www.apfelpatient.de\\\/?s={search_term_string}\"},\"query-input\":{\"@type\":\"PropertyValueSpecification\",\"valueRequired\":true,\"valueName\":\"search_term_string\"}}],\"inLanguage\":\"en-US\"},{\"@type\":[\"Person\",\"Organization\"],\"@id\":\"https:\\\/\\\/www.apfelpatient.de\\\/#\\\/schema\\\/person\\\/35b3ddba5832f2bfc7fff5206d4f6b7b\",\"name\":\"Milan\",\"logo\":{\"@id\":\"https:\\\/\\\/www.apfelpatient.de\\\/#\\\/schema\\\/person\\\/image\\\/\"},\"description\":\"Hallo und herzlich willkommen auf meinem Technik-Blog! Als gro\u00dfer Apple-Fan berichte ich hier \u00fcber alles, was mit Apple zu tun hat: von den neuesten News und spannenden Ger\u00fcchten \u00fcber hilfreiche Tipps und Tricks bis hin zu ausf\u00fchrlichen Produkttests. Wenn du genauso technikbegeistert bist wie ich, bist du hier genau richtig!\",\"sameAs\":[\"https:\\\/\\\/www.facebook.com\\\/apfelpatientOfficial\",\"https:\\\/\\\/www.linkedin.com\\\/in\\\/milan-jovicic-42aa0231b\"],\"url\":\"https:\\\/\\\/www.apfelpatient.de\\\/en\\\/author\\\/apfeladmin\"}]}<\/script>\n<!-- \/ Yoast SEO Premium plugin. -->","yoast_head_json":{"title":"Facebook data leak: Security flaw reportedly dates back to 2019","description":"Facebook has now responded to a recently reported data leak that may have affected more than 530 million users.","robots":{"index":"index","follow":"follow","max-snippet":"max-snippet:-1","max-image-preview":"max-image-preview:large","max-video-preview":"max-video-preview:-1"},"canonical":"https:\/\/www.apfelpatient.de\/en\/news\/facebook-data-leak-security-loophole-is-said-to-date-back-to-2019","og_locale":"en_US","og_type":"article","og_title":"Facebook-Datenleck: Sicherheitsl\u00fccke soll aus 2019 stammen","og_description":"Facebook reagierte nun auf ein k\u00fcrzlich gemeldetes Datenleck, das m\u00f6glicherweise mehr als 530 Millionen Nutzer betraf.","og_url":"https:\/\/www.apfelpatient.de\/en\/news\/facebook-data-leak-security-loophole-is-said-to-date-back-to-2019","og_site_name":"Apfelpatient","article_publisher":"https:\/\/www.facebook.com\/apfelpatientOfficial","article_author":"https:\/\/www.facebook.com\/apfelpatientOfficial","article_published_time":"2021-04-07T13:27:24+00:00","article_modified_time":"2021-04-10T15:52:54+00:00","og_image":[{"width":1600,"height":875,"url":"https:\/\/www.apfelpatient.de\/wp-content\/uploads\/2021\/04\/bigstock-Berlin-Germany-August-W-385238018.jpg","type":"image\/jpeg"}],"author":"Milan","twitter_card":"summary_large_image","twitter_description":"Facebook reagierte nun auf ein k\u00fcrzlich gemeldetes Datenleck, das m\u00f6glicherweise mehr als 530 Millionen Nutzer betraf.","twitter_misc":{"Written by":"Milan","Est. reading time":"3 minutes"},"schema":{"@context":"https:\/\/schema.org","@graph":[{"@type":"NewsArticle","@id":"https:\/\/www.apfelpatient.de\/news\/facebook-datenleck-sicherheitsluecke-soll-aus-2019-stammen#article","isPartOf":{"@id":"https:\/\/www.apfelpatient.de\/news\/facebook-datenleck-sicherheitsluecke-soll-aus-2019-stammen"},"author":{"@type":"Organization","@id":"https:\/\/www.apfelpatient.de\/en\/#organization","name":"Apfelpatient","url":"https:\/\/www.apfelpatient.de\/en\/"},"headline":"Facebook-Datenleck: Sicherheitsl\u00fccke soll aus 2019 stammen","datePublished":"2021-04-07T13:27:24+00:00","dateModified":"2021-04-10T15:52:54+00:00","mainEntityOfPage":{"@id":"https:\/\/www.apfelpatient.de\/news\/facebook-datenleck-sicherheitsluecke-soll-aus-2019-stammen"},"wordCount":487,"publisher":{"@type":"Organization","@id":"https:\/\/www.apfelpatient.de\/en\/#organization","name":"Apfelpatient","url":"https:\/\/www.apfelpatient.de\/en\/"},"image":{"@id":"https:\/\/www.apfelpatient.de\/news\/facebook-datenleck-sicherheitsluecke-soll-aus-2019-stammen#primaryimage"},"thumbnailUrl":"https:\/\/www.apfelpatient.de\/wp-content\/uploads\/2021\/04\/bigstock-Berlin-Germany-August-W-385238018.jpg","keywords":["Facebook","iOS","TechPatient"],"articleSection":"News","inLanguage":"en-US","copyrightYear":"2021","copyrightHolder":{"@id":"https:\/\/www.apfelpatient.de\/en\/#organization"}},{"@type":"WebPage","@id":"https:\/\/www.apfelpatient.de\/news\/facebook-datenleck-sicherheitsluecke-soll-aus-2019-stammen","url":"https:\/\/www.apfelpatient.de\/news\/facebook-datenleck-sicherheitsluecke-soll-aus-2019-stammen","name":"Facebook data leak: Security flaw reportedly dates back to 2019","isPartOf":{"@id":"https:\/\/www.apfelpatient.de\/#website"},"primaryImageOfPage":{"@id":"https:\/\/www.apfelpatient.de\/news\/facebook-datenleck-sicherheitsluecke-soll-aus-2019-stammen#primaryimage"},"image":{"@id":"https:\/\/www.apfelpatient.de\/news\/facebook-datenleck-sicherheitsluecke-soll-aus-2019-stammen#primaryimage"},"thumbnailUrl":"https:\/\/www.apfelpatient.de\/wp-content\/uploads\/2021\/04\/bigstock-Berlin-Germany-August-W-385238018.jpg","datePublished":"2021-04-07T13:27:24+00:00","dateModified":"2021-04-10T15:52:54+00:00","description":"Facebook has now responded to a recently reported data leak that may have affected more than 530 million users.","breadcrumb":{"@id":"https:\/\/www.apfelpatient.de\/news\/facebook-datenleck-sicherheitsluecke-soll-aus-2019-stammen#breadcrumb"},"inLanguage":"en-US","potentialAction":[{"@type":"ReadAction","target":["https:\/\/www.apfelpatient.de\/news\/facebook-datenleck-sicherheitsluecke-soll-aus-2019-stammen"]}]},{"@type":"ImageObject","inLanguage":"en-US","@id":"https:\/\/www.apfelpatient.de\/news\/facebook-datenleck-sicherheitsluecke-soll-aus-2019-stammen#primaryimage","url":"https:\/\/www.apfelpatient.de\/wp-content\/uploads\/2021\/04\/bigstock-Berlin-Germany-August-W-385238018.jpg","contentUrl":"https:\/\/www.apfelpatient.de\/wp-content\/uploads\/2021\/04\/bigstock-Berlin-Germany-August-W-385238018.jpg","width":1600,"height":875,"caption":"BERLIN, GERMANY AUGUST 2019: Woman hand holding iphone Xs with logo of Facebook application in the park. Facebook is an online social networking service founded in February 2004 by Mark Zuckerberg."},{"@type":"BreadcrumbList","@id":"https:\/\/www.apfelpatient.de\/news\/facebook-datenleck-sicherheitsluecke-soll-aus-2019-stammen#breadcrumb","itemListElement":[{"@type":"ListItem","position":1,"name":"Startseite","item":"https:\/\/www.apfelpatient.de\/"},{"@type":"ListItem","position":2,"name":"Facebook-Datenleck: Sicherheitsl\u00fccke soll aus 2019 stammen"}]},{"@type":"WebSite","@id":"https:\/\/www.apfelpatient.de\/#website","url":"https:\/\/www.apfelpatient.de\/","name":"apple patient","description":"Everything about Apple!","publisher":{"@type":"Organization","@id":"https:\/\/www.apfelpatient.de\/en\/#organization","name":"Apfelpatient","url":"https:\/\/www.apfelpatient.de\/en\/"},"alternateName":"Apfelpatient","potentialAction":[{"@type":"SearchAction","target":{"@type":"EntryPoint","urlTemplate":"https:\/\/www.apfelpatient.de\/?s={search_term_string}"},"query-input":{"@type":"PropertyValueSpecification","valueRequired":true,"valueName":"search_term_string"}}],"inLanguage":"en-US"},{"@type":["Person","Organization"],"@id":"https:\/\/www.apfelpatient.de\/#\/schema\/person\/35b3ddba5832f2bfc7fff5206d4f6b7b","name":"Milan","logo":{"@id":"https:\/\/www.apfelpatient.de\/#\/schema\/person\/image\/"},"description":"Hello and welcome to my technology blog! As a big Apple fan, I report on everything to do with Apple: from the latest news and exciting rumors to helpful tips and tricks and detailed product tests. If you are as enthusiastic about technology as I am, you have come to the right place!","sameAs":["https:\/\/www.facebook.com\/apfelpatientOfficial","https:\/\/www.linkedin.com\/in\/milan-jovicic-42aa0231b"],"url":"https:\/\/www.apfelpatient.de\/en\/author\/apfeladmin"}]}},"_links":{"self":[{"href":"https:\/\/www.apfelpatient.de\/en\/wp-json\/wp\/v2\/posts\/21074","targetHints":{"allow":["GET"]}}],"collection":[{"href":"https:\/\/www.apfelpatient.de\/en\/wp-json\/wp\/v2\/posts"}],"about":[{"href":"https:\/\/www.apfelpatient.de\/en\/wp-json\/wp\/v2\/types\/post"}],"author":[{"embeddable":true,"href":"https:\/\/www.apfelpatient.de\/en\/wp-json\/wp\/v2\/users\/2"}],"replies":[{"embeddable":true,"href":"https:\/\/www.apfelpatient.de\/en\/wp-json\/wp\/v2\/comments?post=21074"}],"version-history":[{"count":0,"href":"https:\/\/www.apfelpatient.de\/en\/wp-json\/wp\/v2\/posts\/21074\/revisions"}],"wp:featuredmedia":[{"embeddable":true,"href":"https:\/\/www.apfelpatient.de\/en\/wp-json\/wp\/v2\/media\/21072"}],"wp:attachment":[{"href":"https:\/\/www.apfelpatient.de\/en\/wp-json\/wp\/v2\/media?parent=21074"}],"wp:term":[{"taxonomy":"category","embeddable":true,"href":"https:\/\/www.apfelpatient.de\/en\/wp-json\/wp\/v2\/categories?post=21074"},{"taxonomy":"post_tag","embeddable":true,"href":"https:\/\/www.apfelpatient.de\/en\/wp-json\/wp\/v2\/tags?post=21074"}],"curies":[{"name":"wp","href":"https:\/\/api.w.org\/{rel}","templated":true}]}}