{"id":20977,"date":"2021-04-03T16:20:38","date_gmt":"2021-04-03T14:20:38","guid":{"rendered":"https:\/\/www.apfelpatient.de\/?p=20977"},"modified":"2021-04-03T16:20:39","modified_gmt":"2021-04-03T14:20:39","slug":"difficult-to-argue-against-data-protection-tim-cook-reacts-to-criticism","status":"publish","type":"post","link":"https:\/\/www.apfelpatient.de\/en\/news\/schwer-gegen-datenschutz-zu-argumentieren-tim-cook-reagiert-auf-kritik","title":{"rendered":"\u201cIt\u2019s hard to argue against data protection\u201d: Tim Cook responds to criticism"},"content":{"rendered":"<p class=\"has-drop-cap\"><strong>In a preview of an interview with Kara Swisher of the New York Times to be published on Monday, April 5, Apple CEO Tim Cook said he was &quot;shocked&quot; by the criticism Apple has received in recent months over the upcoming privacy changes in iOS. Cook explained that it&#039;s &quot;hard to argue against privacy.&quot;<\/strong><\/p>\n\n\n\n<p>Apple plans to enforce the new App Tracking Transparency (ATT) after the release of iOS 14.5. This means that all apps that access an iPhone&#039;s advertising identifier (IDFA) will have to obtain the user&#039;s permission before allowing tracking. The move has drawn criticism from some companies, particularly Facebook, which argues that the new changes will hurt small businesses. Facebook explains that small businesses rely on tracking to offer personalized advertising and that these ads will be less effective with ATT. When asked in the interview how ATT will affect Facebook, <a href=\"https:\/\/twitter.com\/karaswisher\/status\/1378202318542417920?s=20\" target=\"_blank\" rel=\"noreferrer noopener\">explained<\/a> Cook, however, said he was \u201cnot focused on Facebook\u201d and did not know.<\/p>\n\n\n\n<h3 class=\"wp-block-heading\" id=\"h-tim-cook-ich-war-schockiert\">Tim Cook: &quot;I was shocked&quot;<\/h3>\n\n\n\n\n\n\n\n<blockquote class=\"wp-block-quote is-layout-flow wp-block-quote-is-layout-flow\"><p>Swisher asked, &quot;What is your response to Facebook&#039;s reaction - which is pretty intense - which you essentially call an existential crisis for their business?&quot; Cook replied, &quot;All we&#039;re doing, Kara, is giving the user a choice whether they want to be tracked or not. And I think it&#039;s hard to argue against that. I was shocked that there was pushback on this scale.<\/p><\/blockquote>\n\n\n\n<p>Facebook was initially completely against the new App Tracking Transparency guidelines. However, the social media giant has recently changed its stance on ATT. Facebook CEO Mark Zuckerberg now claims that it is possible that Facebook will benefit from the new change.<\/p>\n\n\n\n<blockquote class=\"wp-block-quote is-layout-flow wp-block-quote-is-layout-flow\"><p>It&#039;s possible that we&#039;re in a stronger position than we thought. Apple&#039;s changes could encourage more companies to do more commerce on our platforms by making it harder for them to use data to find the right customers.<\/p><\/blockquote>\n\n\n\n<p>Cook&#039;s recent comments are just a snippet of the full interview, which is set to be released on Monday, in which the CEO will discuss Parler&#039;s removal from the App Store, the power of Big Tech and what it&#039;s like to be called &quot;Tim Apple.&quot; (Image: Apple)<\/p>\n\n\n\n<ul class=\"wp-block-list\"><li><a href=\"https:\/\/www.apfelpatient.de\/en\/news\/apple-ceo-john-ternus-becomes-senior-vice-president\">Apple Board: John Ternus becomes Senior Vice President<\/a><\/li><\/ul>\n\n\n\n<h6 class=\"wp-block-heading translation-block\" id=\"h-kennt-ihr-schon-unsere-amazon-storefront-dort-findet-ihr-eine-handverlesene-auswahl-von-diversen-produkten-f-r-euer-iphone-und-co-viel-spa-beim-st-bern\"><em>Have you already visited our Amazon Storefront? There you&#039;ll find a hand-picked selection of various products for your iPhone and other devices \u2013 <span class=\"has-inline-color has-vivid-red-color\"><a href=\"https:\/\/www.amazon.de\/shop\/apfelpatientofficial\" class=\"ek-link\" data-wpel-link=\"exclude\" rel=\"follow noopener\" target=\"_self\"><span style=\"text-decoration: underline\" class=\"ek-underline\">enjoy browsing<\/span><\/a> !<\/span><\/em><\/h6>\n\n\n\n<h6 class=\"wp-block-heading translation-block\" id=\"h-der-beitrag-enthalt-partnerlinks\">This post contains <a data-type=\"URL\" data-id=\"https:\/\/www.apfelpatient.de\/partnerprogramm\" href=\"https:\/\/www.apfelpatient.de\/en\/partner-program\" data-wpel-link=\"internal\" target=\"_self\">affiliate links<\/a>.<\/h6>","protected":false},"excerpt":{"rendered":"<p>Privacy: In a preview of an interview, Apple CEO Tim Cook said he was \u201cshocked\u201d by the criticism Apple has received.<\/p>","protected":false},"author":2,"featured_media":18922,"comment_status":"closed","ping_status":"closed","sticky":false,"template":"","format":"standard","meta":{"jnews-multi-image_gallery":[],"jnews_single_post":{"subtitle":"","format":"standard","video":"","gallery":"","source_name":"","source_url":"","via_name":"","via_url":"","override":[{"single_blog_custom":"","sidebar":"","second_sidebar":"","share_position":"","share_float_style":"","post_date_format":"","post_date_format_custom":"","post_reading_time_wpm":"","zoom_button_out_step":"1","zoom_button_in_step":"1","number_popup_post":"1"}],"image_override":[{"single_post_thumbnail_size":"","single_post_gallery_size":""}],"trending_post_position":"","trending_post_label":"","sponsored_post_label":"","sponsored_post_name":"","sponsored_post_url":"","sponsored_post_logo":"","sponsored_post_desc":""},"jnews_primary_category":{"id":"9"},"footnotes":""},"categories":[9],"tags":[13],"class_list":["post-20977","post","type-post","status-publish","format-standard","has-post-thumbnail","hentry","category-news","tag-techpatient"],"yoast_head":"<!-- This site is optimized with the Yoast SEO Premium plugin v27.5 (Yoast SEO v27.5) - https:\/\/yoast.com\/product\/yoast-seo-premium-wordpress\/ -->\n<title>&quot;Schwer gegen Datenschutz zu argumentieren&quot;: Tim Cook reagiert auf Kritik<\/title>\n<meta name=\"description\" content=\"Datenschutz: In einer Vorschau auf ein Interview, sagte Apple-CEO Tim Cook, er sei &quot;schockiert&quot; \u00fcber die Kritik, die Apple erhalten hat.\" \/>\n<meta name=\"robots\" content=\"index, follow, max-snippet:-1, max-image-preview:large, max-video-preview:-1\" \/>\n<link rel=\"canonical\" href=\"https:\/\/www.apfelpatient.de\/en\/news\/difficult-to-argue-against-data-protection-tim-cook-reacts-to-criticism\" \/>\n<meta property=\"og:locale\" content=\"en_US\" \/>\n<meta property=\"og:type\" content=\"article\" \/>\n<meta property=\"og:title\" content=\"&quot;Schwer gegen Datenschutz zu argumentieren&quot;: Tim Cook reagiert auf Kritik\" \/>\n<meta property=\"og:description\" content=\"Datenschutz: In einer Vorschau auf ein Interview, sagte Apple-CEO Tim Cook, er sei &quot;schockiert&quot; \u00fcber die Kritik, die Apple erhalten hat.\" \/>\n<meta property=\"og:url\" content=\"https:\/\/www.apfelpatient.de\/en\/news\/difficult-to-argue-against-data-protection-tim-cook-reacts-to-criticism\" \/>\n<meta property=\"og:site_name\" content=\"Apfelpatient\" \/>\n<meta property=\"article:publisher\" content=\"https:\/\/www.facebook.com\/apfelpatientOfficial\" \/>\n<meta property=\"article:author\" content=\"https:\/\/www.facebook.com\/apfelpatientOfficial\" \/>\n<meta property=\"article:published_time\" content=\"2021-04-03T14:20:38+00:00\" \/>\n<meta property=\"article:modified_time\" content=\"2021-04-03T14:20:39+00:00\" \/>\n<meta property=\"og:image\" content=\"https:\/\/www.apfelpatient.de\/wp-content\/uploads\/2021\/01\/iPhone-Xs-Apple-Watch-Series-4_Palo-Alto-Tim-Cook-Apple-Store_09202018-scaled.jpg\" \/>\n\t<meta property=\"og:image:width\" content=\"2560\" \/>\n\t<meta property=\"og:image:height\" content=\"1706\" \/>\n\t<meta property=\"og:image:type\" content=\"image\/jpeg\" \/>\n<meta name=\"author\" content=\"Milan\" \/>\n<meta name=\"twitter:card\" content=\"summary_large_image\" \/>\n<meta name=\"twitter:description\" content=\"Datenschutz: In einer Vorschau auf ein Interview, sagte Apple-CEO Tim Cook, er sei &quot;schockiert&quot; \u00fcber die Kritik, die Apple erhalten hat.\" \/>\n<meta name=\"twitter:label1\" content=\"Written by\" \/>\n\t<meta name=\"twitter:data1\" content=\"Milan\" \/>\n\t<meta name=\"twitter:label2\" content=\"Est. reading time\" \/>\n\t<meta name=\"twitter:data2\" content=\"2 minutes\" \/>\n<script type=\"application\/ld+json\" class=\"yoast-schema-graph\">{\"@context\":\"https:\\\/\\\/schema.org\",\"@graph\":[{\"@type\":\"NewsArticle\",\"@id\":\"https:\\\/\\\/www.apfelpatient.de\\\/news\\\/schwer-gegen-datenschutz-zu-argumentieren-tim-cook-reagiert-auf-kritik#article\",\"isPartOf\":{\"@id\":\"https:\\\/\\\/www.apfelpatient.de\\\/news\\\/schwer-gegen-datenschutz-zu-argumentieren-tim-cook-reagiert-auf-kritik\"},\"author\":{\"@type\":\"Organization\",\"@id\":\"https:\\\/\\\/www.apfelpatient.de\\\/en\\\/#organization\",\"name\":\"Apfelpatient\",\"url\":\"https:\\\/\\\/www.apfelpatient.de\\\/en\\\/\"},\"headline\":\"&#8222;Schwer gegen Datenschutz zu argumentieren&#8220;: Tim Cook reagiert auf Kritik\",\"datePublished\":\"2021-04-03T14:20:38+00:00\",\"dateModified\":\"2021-04-03T14:20:39+00:00\",\"mainEntityOfPage\":{\"@id\":\"https:\\\/\\\/www.apfelpatient.de\\\/news\\\/schwer-gegen-datenschutz-zu-argumentieren-tim-cook-reagiert-auf-kritik\"},\"wordCount\":403,\"publisher\":{\"@type\":\"Organization\",\"@id\":\"https:\\\/\\\/www.apfelpatient.de\\\/en\\\/#organization\",\"name\":\"Apfelpatient\",\"url\":\"https:\\\/\\\/www.apfelpatient.de\\\/en\\\/\"},\"image\":{\"@id\":\"https:\\\/\\\/www.apfelpatient.de\\\/news\\\/schwer-gegen-datenschutz-zu-argumentieren-tim-cook-reagiert-auf-kritik#primaryimage\"},\"thumbnailUrl\":\"https:\\\/\\\/www.apfelpatient.de\\\/wp-content\\\/uploads\\\/2021\\\/01\\\/iPhone-Xs-Apple-Watch-Series-4_Palo-Alto-Tim-Cook-Apple-Store_09202018-scaled.jpg\",\"keywords\":[\"TechPatient\"],\"articleSection\":\"News\",\"inLanguage\":\"en-US\",\"copyrightYear\":\"2021\",\"copyrightHolder\":{\"@id\":\"https:\\\/\\\/www.apfelpatient.de\\\/en\\\/#organization\"}},{\"@type\":\"WebPage\",\"@id\":\"https:\\\/\\\/www.apfelpatient.de\\\/news\\\/schwer-gegen-datenschutz-zu-argumentieren-tim-cook-reagiert-auf-kritik\",\"url\":\"https:\\\/\\\/www.apfelpatient.de\\\/news\\\/schwer-gegen-datenschutz-zu-argumentieren-tim-cook-reagiert-auf-kritik\",\"name\":\"\\\"Schwer gegen Datenschutz zu argumentieren\\\": Tim Cook reagiert auf Kritik\",\"isPartOf\":{\"@id\":\"https:\\\/\\\/www.apfelpatient.de\\\/#website\"},\"primaryImageOfPage\":{\"@id\":\"https:\\\/\\\/www.apfelpatient.de\\\/news\\\/schwer-gegen-datenschutz-zu-argumentieren-tim-cook-reagiert-auf-kritik#primaryimage\"},\"image\":{\"@id\":\"https:\\\/\\\/www.apfelpatient.de\\\/news\\\/schwer-gegen-datenschutz-zu-argumentieren-tim-cook-reagiert-auf-kritik#primaryimage\"},\"thumbnailUrl\":\"https:\\\/\\\/www.apfelpatient.de\\\/wp-content\\\/uploads\\\/2021\\\/01\\\/iPhone-Xs-Apple-Watch-Series-4_Palo-Alto-Tim-Cook-Apple-Store_09202018-scaled.jpg\",\"datePublished\":\"2021-04-03T14:20:38+00:00\",\"dateModified\":\"2021-04-03T14:20:39+00:00\",\"description\":\"Datenschutz: In einer Vorschau auf ein Interview, sagte Apple-CEO Tim Cook, er sei \\\"schockiert\\\" \u00fcber die Kritik, die Apple erhalten hat.\",\"breadcrumb\":{\"@id\":\"https:\\\/\\\/www.apfelpatient.de\\\/news\\\/schwer-gegen-datenschutz-zu-argumentieren-tim-cook-reagiert-auf-kritik#breadcrumb\"},\"inLanguage\":\"en-US\",\"potentialAction\":[{\"@type\":\"ReadAction\",\"target\":[\"https:\\\/\\\/www.apfelpatient.de\\\/news\\\/schwer-gegen-datenschutz-zu-argumentieren-tim-cook-reagiert-auf-kritik\"]}]},{\"@type\":\"ImageObject\",\"inLanguage\":\"en-US\",\"@id\":\"https:\\\/\\\/www.apfelpatient.de\\\/news\\\/schwer-gegen-datenschutz-zu-argumentieren-tim-cook-reagiert-auf-kritik#primaryimage\",\"url\":\"https:\\\/\\\/www.apfelpatient.de\\\/wp-content\\\/uploads\\\/2021\\\/01\\\/iPhone-Xs-Apple-Watch-Series-4_Palo-Alto-Tim-Cook-Apple-Store_09202018-scaled.jpg\",\"contentUrl\":\"https:\\\/\\\/www.apfelpatient.de\\\/wp-content\\\/uploads\\\/2021\\\/01\\\/iPhone-Xs-Apple-Watch-Series-4_Palo-Alto-Tim-Cook-Apple-Store_09202018-scaled.jpg\",\"width\":2560,\"height\":1706,\"caption\":\"Bild: Apple\"},{\"@type\":\"BreadcrumbList\",\"@id\":\"https:\\\/\\\/www.apfelpatient.de\\\/news\\\/schwer-gegen-datenschutz-zu-argumentieren-tim-cook-reagiert-auf-kritik#breadcrumb\",\"itemListElement\":[{\"@type\":\"ListItem\",\"position\":1,\"name\":\"Startseite\",\"item\":\"https:\\\/\\\/www.apfelpatient.de\\\/\"},{\"@type\":\"ListItem\",\"position\":2,\"name\":\"&#8222;Schwer gegen Datenschutz zu argumentieren&#8220;: Tim Cook reagiert auf Kritik\"}]},{\"@type\":\"WebSite\",\"@id\":\"https:\\\/\\\/www.apfelpatient.de\\\/#website\",\"url\":\"https:\\\/\\\/www.apfelpatient.de\\\/\",\"name\":\"Apfelpatient\",\"description\":\"Alles rund um Apple!\",\"publisher\":{\"@type\":\"Organization\",\"@id\":\"https:\\\/\\\/www.apfelpatient.de\\\/en\\\/#organization\",\"name\":\"Apfelpatient\",\"url\":\"https:\\\/\\\/www.apfelpatient.de\\\/en\\\/\"},\"alternateName\":\"Apfelpatient\",\"potentialAction\":[{\"@type\":\"SearchAction\",\"target\":{\"@type\":\"EntryPoint\",\"urlTemplate\":\"https:\\\/\\\/www.apfelpatient.de\\\/?s={search_term_string}\"},\"query-input\":{\"@type\":\"PropertyValueSpecification\",\"valueRequired\":true,\"valueName\":\"search_term_string\"}}],\"inLanguage\":\"en-US\"},{\"@type\":[\"Person\",\"Organization\"],\"@id\":\"https:\\\/\\\/www.apfelpatient.de\\\/#\\\/schema\\\/person\\\/35b3ddba5832f2bfc7fff5206d4f6b7b\",\"name\":\"Milan\",\"logo\":{\"@id\":\"https:\\\/\\\/www.apfelpatient.de\\\/#\\\/schema\\\/person\\\/image\\\/\"},\"description\":\"Hallo und herzlich willkommen auf meinem Technik-Blog! Als gro\u00dfer Apple-Fan berichte ich hier \u00fcber alles, was mit Apple zu tun hat: von den neuesten News und spannenden Ger\u00fcchten \u00fcber hilfreiche Tipps und Tricks bis hin zu ausf\u00fchrlichen Produkttests. Wenn du genauso technikbegeistert bist wie ich, bist du hier genau richtig!\",\"sameAs\":[\"https:\\\/\\\/www.facebook.com\\\/apfelpatientOfficial\",\"https:\\\/\\\/www.linkedin.com\\\/in\\\/milan-jovicic-42aa0231b\"],\"url\":\"https:\\\/\\\/www.apfelpatient.de\\\/en\\\/author\\\/apfeladmin\"}]}<\/script>\n<!-- \/ Yoast SEO Premium plugin. -->","yoast_head_json":{"title":"&quot;Hard to argue against data protection&quot;: Tim Cook responds to criticism","description":"Privacy: In a preview of an interview, Apple CEO Tim Cook said he was &quot;shocked&quot; by the criticism Apple has received.","robots":{"index":"index","follow":"follow","max-snippet":"max-snippet:-1","max-image-preview":"max-image-preview:large","max-video-preview":"max-video-preview:-1"},"canonical":"https:\/\/www.apfelpatient.de\/en\/news\/difficult-to-argue-against-data-protection-tim-cook-reacts-to-criticism","og_locale":"en_US","og_type":"article","og_title":"\"Schwer gegen Datenschutz zu argumentieren\": Tim Cook reagiert auf Kritik","og_description":"Datenschutz: In einer Vorschau auf ein Interview, sagte Apple-CEO Tim Cook, er sei \"schockiert\" \u00fcber die Kritik, die Apple erhalten hat.","og_url":"https:\/\/www.apfelpatient.de\/en\/news\/difficult-to-argue-against-data-protection-tim-cook-reacts-to-criticism","og_site_name":"Apfelpatient","article_publisher":"https:\/\/www.facebook.com\/apfelpatientOfficial","article_author":"https:\/\/www.facebook.com\/apfelpatientOfficial","article_published_time":"2021-04-03T14:20:38+00:00","article_modified_time":"2021-04-03T14:20:39+00:00","og_image":[{"width":2560,"height":1706,"url":"https:\/\/www.apfelpatient.de\/wp-content\/uploads\/2021\/01\/iPhone-Xs-Apple-Watch-Series-4_Palo-Alto-Tim-Cook-Apple-Store_09202018-scaled.jpg","type":"image\/jpeg"}],"author":"Milan","twitter_card":"summary_large_image","twitter_description":"Datenschutz: In einer Vorschau auf ein Interview, sagte Apple-CEO Tim Cook, er sei \"schockiert\" \u00fcber die Kritik, die Apple erhalten hat.","twitter_misc":{"Written by":"Milan","Est. reading time":"2 minutes"},"schema":{"@context":"https:\/\/schema.org","@graph":[{"@type":"NewsArticle","@id":"https:\/\/www.apfelpatient.de\/news\/schwer-gegen-datenschutz-zu-argumentieren-tim-cook-reagiert-auf-kritik#article","isPartOf":{"@id":"https:\/\/www.apfelpatient.de\/news\/schwer-gegen-datenschutz-zu-argumentieren-tim-cook-reagiert-auf-kritik"},"author":{"@type":"Organization","@id":"https:\/\/www.apfelpatient.de\/en\/#organization","name":"Apfelpatient","url":"https:\/\/www.apfelpatient.de\/en\/"},"headline":"&#8222;Schwer gegen Datenschutz zu argumentieren&#8220;: Tim Cook reagiert auf Kritik","datePublished":"2021-04-03T14:20:38+00:00","dateModified":"2021-04-03T14:20:39+00:00","mainEntityOfPage":{"@id":"https:\/\/www.apfelpatient.de\/news\/schwer-gegen-datenschutz-zu-argumentieren-tim-cook-reagiert-auf-kritik"},"wordCount":403,"publisher":{"@type":"Organization","@id":"https:\/\/www.apfelpatient.de\/en\/#organization","name":"Apfelpatient","url":"https:\/\/www.apfelpatient.de\/en\/"},"image":{"@id":"https:\/\/www.apfelpatient.de\/news\/schwer-gegen-datenschutz-zu-argumentieren-tim-cook-reagiert-auf-kritik#primaryimage"},"thumbnailUrl":"https:\/\/www.apfelpatient.de\/wp-content\/uploads\/2021\/01\/iPhone-Xs-Apple-Watch-Series-4_Palo-Alto-Tim-Cook-Apple-Store_09202018-scaled.jpg","keywords":["TechPatient"],"articleSection":"News","inLanguage":"en-US","copyrightYear":"2021","copyrightHolder":{"@id":"https:\/\/www.apfelpatient.de\/en\/#organization"}},{"@type":"WebPage","@id":"https:\/\/www.apfelpatient.de\/news\/schwer-gegen-datenschutz-zu-argumentieren-tim-cook-reagiert-auf-kritik","url":"https:\/\/www.apfelpatient.de\/news\/schwer-gegen-datenschutz-zu-argumentieren-tim-cook-reagiert-auf-kritik","name":"&quot;Hard to argue against data protection&quot;: Tim Cook responds to criticism","isPartOf":{"@id":"https:\/\/www.apfelpatient.de\/#website"},"primaryImageOfPage":{"@id":"https:\/\/www.apfelpatient.de\/news\/schwer-gegen-datenschutz-zu-argumentieren-tim-cook-reagiert-auf-kritik#primaryimage"},"image":{"@id":"https:\/\/www.apfelpatient.de\/news\/schwer-gegen-datenschutz-zu-argumentieren-tim-cook-reagiert-auf-kritik#primaryimage"},"thumbnailUrl":"https:\/\/www.apfelpatient.de\/wp-content\/uploads\/2021\/01\/iPhone-Xs-Apple-Watch-Series-4_Palo-Alto-Tim-Cook-Apple-Store_09202018-scaled.jpg","datePublished":"2021-04-03T14:20:38+00:00","dateModified":"2021-04-03T14:20:39+00:00","description":"Privacy: In a preview of an interview, Apple CEO Tim Cook said he was &quot;shocked&quot; by the criticism Apple has received.","breadcrumb":{"@id":"https:\/\/www.apfelpatient.de\/news\/schwer-gegen-datenschutz-zu-argumentieren-tim-cook-reagiert-auf-kritik#breadcrumb"},"inLanguage":"en-US","potentialAction":[{"@type":"ReadAction","target":["https:\/\/www.apfelpatient.de\/news\/schwer-gegen-datenschutz-zu-argumentieren-tim-cook-reagiert-auf-kritik"]}]},{"@type":"ImageObject","inLanguage":"en-US","@id":"https:\/\/www.apfelpatient.de\/news\/schwer-gegen-datenschutz-zu-argumentieren-tim-cook-reagiert-auf-kritik#primaryimage","url":"https:\/\/www.apfelpatient.de\/wp-content\/uploads\/2021\/01\/iPhone-Xs-Apple-Watch-Series-4_Palo-Alto-Tim-Cook-Apple-Store_09202018-scaled.jpg","contentUrl":"https:\/\/www.apfelpatient.de\/wp-content\/uploads\/2021\/01\/iPhone-Xs-Apple-Watch-Series-4_Palo-Alto-Tim-Cook-Apple-Store_09202018-scaled.jpg","width":2560,"height":1706,"caption":"Bild: Apple"},{"@type":"BreadcrumbList","@id":"https:\/\/www.apfelpatient.de\/news\/schwer-gegen-datenschutz-zu-argumentieren-tim-cook-reagiert-auf-kritik#breadcrumb","itemListElement":[{"@type":"ListItem","position":1,"name":"Startseite","item":"https:\/\/www.apfelpatient.de\/"},{"@type":"ListItem","position":2,"name":"&#8222;Schwer gegen Datenschutz zu argumentieren&#8220;: Tim Cook reagiert auf Kritik"}]},{"@type":"WebSite","@id":"https:\/\/www.apfelpatient.de\/#website","url":"https:\/\/www.apfelpatient.de\/","name":"apple patient","description":"Everything about Apple!","publisher":{"@type":"Organization","@id":"https:\/\/www.apfelpatient.de\/en\/#organization","name":"Apfelpatient","url":"https:\/\/www.apfelpatient.de\/en\/"},"alternateName":"Apfelpatient","potentialAction":[{"@type":"SearchAction","target":{"@type":"EntryPoint","urlTemplate":"https:\/\/www.apfelpatient.de\/?s={search_term_string}"},"query-input":{"@type":"PropertyValueSpecification","valueRequired":true,"valueName":"search_term_string"}}],"inLanguage":"en-US"},{"@type":["Person","Organization"],"@id":"https:\/\/www.apfelpatient.de\/#\/schema\/person\/35b3ddba5832f2bfc7fff5206d4f6b7b","name":"Milan","logo":{"@id":"https:\/\/www.apfelpatient.de\/#\/schema\/person\/image\/"},"description":"Hello and welcome to my technology blog! As a big Apple fan, I report on everything to do with Apple: from the latest news and exciting rumors to helpful tips and tricks and detailed product tests. If you are as enthusiastic about technology as I am, you have come to the right place!","sameAs":["https:\/\/www.facebook.com\/apfelpatientOfficial","https:\/\/www.linkedin.com\/in\/milan-jovicic-42aa0231b"],"url":"https:\/\/www.apfelpatient.de\/en\/author\/apfeladmin"}]}},"_links":{"self":[{"href":"https:\/\/www.apfelpatient.de\/en\/wp-json\/wp\/v2\/posts\/20977","targetHints":{"allow":["GET"]}}],"collection":[{"href":"https:\/\/www.apfelpatient.de\/en\/wp-json\/wp\/v2\/posts"}],"about":[{"href":"https:\/\/www.apfelpatient.de\/en\/wp-json\/wp\/v2\/types\/post"}],"author":[{"embeddable":true,"href":"https:\/\/www.apfelpatient.de\/en\/wp-json\/wp\/v2\/users\/2"}],"replies":[{"embeddable":true,"href":"https:\/\/www.apfelpatient.de\/en\/wp-json\/wp\/v2\/comments?post=20977"}],"version-history":[{"count":0,"href":"https:\/\/www.apfelpatient.de\/en\/wp-json\/wp\/v2\/posts\/20977\/revisions"}],"wp:featuredmedia":[{"embeddable":true,"href":"https:\/\/www.apfelpatient.de\/en\/wp-json\/wp\/v2\/media\/18922"}],"wp:attachment":[{"href":"https:\/\/www.apfelpatient.de\/en\/wp-json\/wp\/v2\/media?parent=20977"}],"wp:term":[{"taxonomy":"category","embeddable":true,"href":"https:\/\/www.apfelpatient.de\/en\/wp-json\/wp\/v2\/categories?post=20977"},{"taxonomy":"post_tag","embeddable":true,"href":"https:\/\/www.apfelpatient.de\/en\/wp-json\/wp\/v2\/tags?post=20977"}],"curies":[{"name":"wp","href":"https:\/\/api.w.org\/{rel}","templated":true}]}}