{"id":20973,"date":"2021-04-03T16:12:31","date_gmt":"2021-04-03T14:12:31","guid":{"rendered":"https:\/\/www.apfelpatient.de\/?p=20973"},"modified":"2021-04-03T16:12:32","modified_gmt":"2021-04-03T14:12:32","slug":"apple-ceo-john-ternus-becomes-senior-vice-president","status":"publish","type":"post","link":"https:\/\/www.apfelpatient.de\/en\/news\/apple-vorstand-john-ternus-wird-senior-vice-president","title":{"rendered":"Apple Board: John Ternus becomes Senior Vice President"},"content":{"rendered":"<p class=\"has-drop-cap\"><strong>Earlier this year, Apple announced that Dan Riccio would be moving to a new position within the company and John Ternus would be taking over as head of the hardware team. Now Apple&#039;s leadership website has been updated.<\/strong><\/p>\n\n\n\n<p>The one launched by Apple earlier this year <a href=\"https:\/\/www.apfelpatient.de\/en\/news\/dan-riccio-apple-makes-changes-to-the-team\">announced<\/a> The change in hardware engineering has now been officially completed. The company announced last night that <a href=\"https:\/\/www.apple.com\/leadership\/\" target=\"_blank\" rel=\"noreferrer noopener\">leadership website<\/a> with John Ternus as Senior Vice President of Hardware Engineering. Ternus now appears alongside existing SVPs such as Jeff Williams, Johny Srouji and Craig Federighi. Dan Riccio, whose new role remains unknown, no longer appears on the website. Ternus joined Apple in 2001 and was promoted to vice president of the hardware engineering team in 2013, where he spearheaded major projects such as the development of the AirPods, iPad Pro and Apple Silicon Macs. As senior vice president, he will now lead Apple&#039;s entire hardware engineering team.<\/p>\n\n\n\n<h3 class=\"wp-block-heading\" id=\"h-spekulationen-rund-um-riccios-neue-rolle\">Speculations surrounding Riccio&#039;s new role<\/h3>\n\n\n\n\n\n\n\n<p>Meanwhile, Dan Riccio&#039;s new role remains unknown. Tim Cook commented on the change at the time as follows:<\/p>\n\n\n\n<blockquote class=\"wp-block-quote is-layout-flow wp-block-quote-is-layout-flow\"><p>Every innovation Dan has brought to life at Apple has made us a better, more innovative company, and we&#039;re thrilled he will continue to be part of the team. John&#039;s deep expertise and breadth of experience make him a bold and visionary leader for our hardware engineering teams. I want to congratulate them both on these exciting new steps, and look forward to many more innovations they will bring to the world.<\/p><\/blockquote>\n\n\n\n<p>A Bloomberg report <a href=\"https:\/\/www.apfelpatient.de\/en\/rumors\/is-dan-riccios-secret-new-project-ar-vr\">according to<\/a> Riccio is now working on the as yet unannounced AR\/VR headsets that the company plans to bring to market in the coming years. Since Apple itself is silent on Riccio&#039;s role, we can only speculate for now. (Image: Apple)<\/p>\n\n\n\n<h6 class=\"wp-block-heading translation-block\" id=\"h-kennt-ihr-schon-unsere-amazon-storefront-dort-findet-ihr-eine-handverlesene-auswahl-von-diversen-produkten-f-r-euer-iphone-und-co-viel-spa-beim-st-bern\"><em>Have you already visited our Amazon Storefront? There you&#039;ll find a hand-picked selection of various products for your iPhone and other devices \u2013 <span class=\"has-inline-color has-vivid-red-color\"><a href=\"https:\/\/www.amazon.de\/shop\/apfelpatientofficial\" class=\"ek-link\" data-wpel-link=\"exclude\" rel=\"follow noopener\" target=\"_self\"><span style=\"text-decoration: underline\" class=\"ek-underline\">enjoy browsing<\/span><\/a> !<\/span><\/em><\/h6>\n\n\n\n<h6 class=\"wp-block-heading translation-block\" id=\"h-der-beitrag-enthalt-partnerlinks\">This post contains <a data-type=\"URL\" data-id=\"https:\/\/www.apfelpatient.de\/partnerprogramm\" href=\"https:\/\/www.apfelpatient.de\/en\/partner-program\" data-wpel-link=\"internal\" target=\"_self\">affiliate links<\/a>.<\/h6>","protected":false},"excerpt":{"rendered":"<p>Leadership website: Earlier this year, Apple announced that John Ternus would lead the hardware engineering team.<\/p>","protected":false},"author":2,"featured_media":20974,"comment_status":"closed","ping_status":"closed","sticky":false,"template":"","format":"standard","meta":{"jnews-multi-image_gallery":[],"jnews_single_post":{"subtitle":"","format":"standard","video":"","gallery":"","source_name":"","source_url":"","via_name":"","via_url":"","override":[{"single_blog_custom":"","sidebar":"","second_sidebar":"","share_position":"","share_float_style":"","post_date_format":"","post_date_format_custom":"","post_reading_time_wpm":"","zoom_button_out_step":"1","zoom_button_in_step":"1","number_popup_post":"1"}],"image_override":[{"single_post_thumbnail_size":"","single_post_gallery_size":""}],"trending_post_position":"","trending_post_label":"","sponsored_post_label":"","sponsored_post_name":"","sponsored_post_url":"","sponsored_post_logo":"","sponsored_post_desc":""},"jnews_primary_category":{"id":"9"},"footnotes":""},"categories":[9],"tags":[609,13],"class_list":["post-20973","post","type-post","status-publish","format-standard","has-post-thumbnail","hentry","category-news","tag-apple-vr-ar","tag-techpatient"],"yoast_head":"<!-- This site is optimized with the Yoast SEO Premium plugin v27.5 (Yoast SEO v27.5) - https:\/\/yoast.com\/product\/yoast-seo-premium-wordpress\/ -->\n<title>Apple Vorstand: John Ternus wird Senior Vice President Apfelpatient<\/title>\n<meta name=\"description\" content=\"Leadership-Webseite: Anfang diesen Jahres k\u00fcndigte Apple an, dass John Ternus die Leitung des Hardware-Engineering-Teams \u00fcbernehmen wird.\" \/>\n<meta name=\"robots\" content=\"index, follow, max-snippet:-1, max-image-preview:large, max-video-preview:-1\" \/>\n<link rel=\"canonical\" href=\"https:\/\/www.apfelpatient.de\/en\/news\/apple-ceo-john-ternus-becomes-senior-vice-president\" \/>\n<meta property=\"og:locale\" content=\"en_US\" \/>\n<meta property=\"og:type\" content=\"article\" \/>\n<meta property=\"og:title\" content=\"Apple Vorstand: John Ternus wird Senior Vice President\" \/>\n<meta property=\"og:description\" content=\"Leadership-Webseite: Anfang diesen Jahres k\u00fcndigte Apple an, dass John Ternus die Leitung des Hardware-Engineering-Teams \u00fcbernehmen wird.\" \/>\n<meta property=\"og:url\" content=\"https:\/\/www.apfelpatient.de\/en\/news\/apple-ceo-john-ternus-becomes-senior-vice-president\" \/>\n<meta property=\"og:site_name\" content=\"Apfelpatient\" \/>\n<meta property=\"article:publisher\" content=\"https:\/\/www.facebook.com\/apfelpatientOfficial\" \/>\n<meta property=\"article:author\" content=\"https:\/\/www.facebook.com\/apfelpatientOfficial\" \/>\n<meta property=\"article:published_time\" content=\"2021-04-03T14:12:31+00:00\" \/>\n<meta property=\"article:modified_time\" content=\"2021-04-03T14:12:32+00:00\" \/>\n<meta property=\"og:image\" content=\"https:\/\/www.apfelpatient.de\/wp-content\/uploads\/2021\/04\/Apple_dan-riccio-begins-a-new-chapter-at-apple-Ternus_01252020.jpg\" \/>\n\t<meta property=\"og:image:width\" content=\"1960\" \/>\n\t<meta property=\"og:image:height\" content=\"1232\" \/>\n\t<meta property=\"og:image:type\" content=\"image\/jpeg\" \/>\n<meta name=\"author\" content=\"Milan\" \/>\n<meta name=\"twitter:card\" content=\"summary_large_image\" \/>\n<meta name=\"twitter:description\" content=\"Leadership-Webseite: Anfang diesen Jahres k\u00fcndigte Apple an, dass John Ternus die Leitung des Hardware-Engineering-Teams \u00fcbernehmen wird.\" \/>\n<meta name=\"twitter:label1\" content=\"Written by\" \/>\n\t<meta name=\"twitter:data1\" content=\"Milan\" \/>\n\t<meta name=\"twitter:label2\" content=\"Est. reading time\" \/>\n\t<meta name=\"twitter:data2\" content=\"2 minutes\" \/>\n<script type=\"application\/ld+json\" class=\"yoast-schema-graph\">{\"@context\":\"https:\\\/\\\/schema.org\",\"@graph\":[{\"@type\":\"NewsArticle\",\"@id\":\"https:\\\/\\\/www.apfelpatient.de\\\/news\\\/apple-vorstand-john-ternus-wird-senior-vice-president#article\",\"isPartOf\":{\"@id\":\"https:\\\/\\\/www.apfelpatient.de\\\/news\\\/apple-vorstand-john-ternus-wird-senior-vice-president\"},\"author\":{\"@type\":\"Organization\",\"@id\":\"https:\\\/\\\/www.apfelpatient.de\\\/en\\\/#organization\",\"name\":\"Apfelpatient\",\"url\":\"https:\\\/\\\/www.apfelpatient.de\\\/en\\\/\"},\"headline\":\"Apple Vorstand: John Ternus wird Senior Vice President\",\"datePublished\":\"2021-04-03T14:12:31+00:00\",\"dateModified\":\"2021-04-03T14:12:32+00:00\",\"mainEntityOfPage\":{\"@id\":\"https:\\\/\\\/www.apfelpatient.de\\\/news\\\/apple-vorstand-john-ternus-wird-senior-vice-president\"},\"wordCount\":302,\"publisher\":{\"@type\":\"Organization\",\"@id\":\"https:\\\/\\\/www.apfelpatient.de\\\/en\\\/#organization\",\"name\":\"Apfelpatient\",\"url\":\"https:\\\/\\\/www.apfelpatient.de\\\/en\\\/\"},\"image\":{\"@id\":\"https:\\\/\\\/www.apfelpatient.de\\\/news\\\/apple-vorstand-john-ternus-wird-senior-vice-president#primaryimage\"},\"thumbnailUrl\":\"https:\\\/\\\/www.apfelpatient.de\\\/wp-content\\\/uploads\\\/2021\\\/04\\\/Apple_dan-riccio-begins-a-new-chapter-at-apple-Ternus_01252020.jpg\",\"keywords\":[\"Apple VR\\\/AR\",\"TechPatient\"],\"articleSection\":\"News\",\"inLanguage\":\"en-US\",\"copyrightYear\":\"2021\",\"copyrightHolder\":{\"@id\":\"https:\\\/\\\/www.apfelpatient.de\\\/en\\\/#organization\"}},{\"@type\":\"WebPage\",\"@id\":\"https:\\\/\\\/www.apfelpatient.de\\\/news\\\/apple-vorstand-john-ternus-wird-senior-vice-president\",\"url\":\"https:\\\/\\\/www.apfelpatient.de\\\/news\\\/apple-vorstand-john-ternus-wird-senior-vice-president\",\"name\":\"Apple Vorstand: John Ternus wird Senior Vice President Apfelpatient\",\"isPartOf\":{\"@id\":\"https:\\\/\\\/www.apfelpatient.de\\\/#website\"},\"primaryImageOfPage\":{\"@id\":\"https:\\\/\\\/www.apfelpatient.de\\\/news\\\/apple-vorstand-john-ternus-wird-senior-vice-president#primaryimage\"},\"image\":{\"@id\":\"https:\\\/\\\/www.apfelpatient.de\\\/news\\\/apple-vorstand-john-ternus-wird-senior-vice-president#primaryimage\"},\"thumbnailUrl\":\"https:\\\/\\\/www.apfelpatient.de\\\/wp-content\\\/uploads\\\/2021\\\/04\\\/Apple_dan-riccio-begins-a-new-chapter-at-apple-Ternus_01252020.jpg\",\"datePublished\":\"2021-04-03T14:12:31+00:00\",\"dateModified\":\"2021-04-03T14:12:32+00:00\",\"description\":\"Leadership-Webseite: Anfang diesen Jahres k\u00fcndigte Apple an, dass John Ternus die Leitung des Hardware-Engineering-Teams \u00fcbernehmen wird.\",\"breadcrumb\":{\"@id\":\"https:\\\/\\\/www.apfelpatient.de\\\/news\\\/apple-vorstand-john-ternus-wird-senior-vice-president#breadcrumb\"},\"inLanguage\":\"en-US\",\"potentialAction\":[{\"@type\":\"ReadAction\",\"target\":[\"https:\\\/\\\/www.apfelpatient.de\\\/news\\\/apple-vorstand-john-ternus-wird-senior-vice-president\"]}]},{\"@type\":\"ImageObject\",\"inLanguage\":\"en-US\",\"@id\":\"https:\\\/\\\/www.apfelpatient.de\\\/news\\\/apple-vorstand-john-ternus-wird-senior-vice-president#primaryimage\",\"url\":\"https:\\\/\\\/www.apfelpatient.de\\\/wp-content\\\/uploads\\\/2021\\\/04\\\/Apple_dan-riccio-begins-a-new-chapter-at-apple-Ternus_01252020.jpg\",\"contentUrl\":\"https:\\\/\\\/www.apfelpatient.de\\\/wp-content\\\/uploads\\\/2021\\\/04\\\/Apple_dan-riccio-begins-a-new-chapter-at-apple-Ternus_01252020.jpg\",\"width\":1960,\"height\":1232,\"caption\":\"Bild: Apple\"},{\"@type\":\"BreadcrumbList\",\"@id\":\"https:\\\/\\\/www.apfelpatient.de\\\/news\\\/apple-vorstand-john-ternus-wird-senior-vice-president#breadcrumb\",\"itemListElement\":[{\"@type\":\"ListItem\",\"position\":1,\"name\":\"Startseite\",\"item\":\"https:\\\/\\\/www.apfelpatient.de\\\/\"},{\"@type\":\"ListItem\",\"position\":2,\"name\":\"Apple Vorstand: John Ternus wird Senior Vice President\"}]},{\"@type\":\"WebSite\",\"@id\":\"https:\\\/\\\/www.apfelpatient.de\\\/#website\",\"url\":\"https:\\\/\\\/www.apfelpatient.de\\\/\",\"name\":\"Apfelpatient\",\"description\":\"Alles rund um Apple!\",\"publisher\":{\"@type\":\"Organization\",\"@id\":\"https:\\\/\\\/www.apfelpatient.de\\\/en\\\/#organization\",\"name\":\"Apfelpatient\",\"url\":\"https:\\\/\\\/www.apfelpatient.de\\\/en\\\/\"},\"alternateName\":\"Apfelpatient\",\"potentialAction\":[{\"@type\":\"SearchAction\",\"target\":{\"@type\":\"EntryPoint\",\"urlTemplate\":\"https:\\\/\\\/www.apfelpatient.de\\\/?s={search_term_string}\"},\"query-input\":{\"@type\":\"PropertyValueSpecification\",\"valueRequired\":true,\"valueName\":\"search_term_string\"}}],\"inLanguage\":\"en-US\"},{\"@type\":[\"Person\",\"Organization\"],\"@id\":\"https:\\\/\\\/www.apfelpatient.de\\\/#\\\/schema\\\/person\\\/35b3ddba5832f2bfc7fff5206d4f6b7b\",\"name\":\"Milan\",\"logo\":{\"@id\":\"https:\\\/\\\/www.apfelpatient.de\\\/#\\\/schema\\\/person\\\/image\\\/\"},\"description\":\"Hallo und herzlich willkommen auf meinem Technik-Blog! Als gro\u00dfer Apple-Fan berichte ich hier \u00fcber alles, was mit Apple zu tun hat: von den neuesten News und spannenden Ger\u00fcchten \u00fcber hilfreiche Tipps und Tricks bis hin zu ausf\u00fchrlichen Produkttests. Wenn du genauso technikbegeistert bist wie ich, bist du hier genau richtig!\",\"sameAs\":[\"https:\\\/\\\/www.facebook.com\\\/apfelpatientOfficial\",\"https:\\\/\\\/www.linkedin.com\\\/in\\\/milan-jovicic-42aa0231b\"],\"url\":\"https:\\\/\\\/www.apfelpatient.de\\\/en\\\/author\\\/apfeladmin\"}]}<\/script>\n<!-- \/ Yoast SEO Premium plugin. -->","yoast_head_json":{"title":"Apple Board: John Ternus becomes Senior Vice President Apfelpatient","description":"Leadership website: Earlier this year, Apple announced that John Ternus would lead the hardware engineering team.","robots":{"index":"index","follow":"follow","max-snippet":"max-snippet:-1","max-image-preview":"max-image-preview:large","max-video-preview":"max-video-preview:-1"},"canonical":"https:\/\/www.apfelpatient.de\/en\/news\/apple-ceo-john-ternus-becomes-senior-vice-president","og_locale":"en_US","og_type":"article","og_title":"Apple Vorstand: John Ternus wird Senior Vice President","og_description":"Leadership-Webseite: Anfang diesen Jahres k\u00fcndigte Apple an, dass John Ternus die Leitung des Hardware-Engineering-Teams \u00fcbernehmen wird.","og_url":"https:\/\/www.apfelpatient.de\/en\/news\/apple-ceo-john-ternus-becomes-senior-vice-president","og_site_name":"Apfelpatient","article_publisher":"https:\/\/www.facebook.com\/apfelpatientOfficial","article_author":"https:\/\/www.facebook.com\/apfelpatientOfficial","article_published_time":"2021-04-03T14:12:31+00:00","article_modified_time":"2021-04-03T14:12:32+00:00","og_image":[{"width":1960,"height":1232,"url":"https:\/\/www.apfelpatient.de\/wp-content\/uploads\/2021\/04\/Apple_dan-riccio-begins-a-new-chapter-at-apple-Ternus_01252020.jpg","type":"image\/jpeg"}],"author":"Milan","twitter_card":"summary_large_image","twitter_description":"Leadership-Webseite: Anfang diesen Jahres k\u00fcndigte Apple an, dass John Ternus die Leitung des Hardware-Engineering-Teams \u00fcbernehmen wird.","twitter_misc":{"Written by":"Milan","Est. reading time":"2 minutes"},"schema":{"@context":"https:\/\/schema.org","@graph":[{"@type":"NewsArticle","@id":"https:\/\/www.apfelpatient.de\/news\/apple-vorstand-john-ternus-wird-senior-vice-president#article","isPartOf":{"@id":"https:\/\/www.apfelpatient.de\/news\/apple-vorstand-john-ternus-wird-senior-vice-president"},"author":{"@type":"Organization","@id":"https:\/\/www.apfelpatient.de\/en\/#organization","name":"Apfelpatient","url":"https:\/\/www.apfelpatient.de\/en\/"},"headline":"Apple Vorstand: John Ternus wird Senior Vice President","datePublished":"2021-04-03T14:12:31+00:00","dateModified":"2021-04-03T14:12:32+00:00","mainEntityOfPage":{"@id":"https:\/\/www.apfelpatient.de\/news\/apple-vorstand-john-ternus-wird-senior-vice-president"},"wordCount":302,"publisher":{"@type":"Organization","@id":"https:\/\/www.apfelpatient.de\/en\/#organization","name":"Apfelpatient","url":"https:\/\/www.apfelpatient.de\/en\/"},"image":{"@id":"https:\/\/www.apfelpatient.de\/news\/apple-vorstand-john-ternus-wird-senior-vice-president#primaryimage"},"thumbnailUrl":"https:\/\/www.apfelpatient.de\/wp-content\/uploads\/2021\/04\/Apple_dan-riccio-begins-a-new-chapter-at-apple-Ternus_01252020.jpg","keywords":["Apple VR\/AR","TechPatient"],"articleSection":"News","inLanguage":"en-US","copyrightYear":"2021","copyrightHolder":{"@id":"https:\/\/www.apfelpatient.de\/en\/#organization"}},{"@type":"WebPage","@id":"https:\/\/www.apfelpatient.de\/news\/apple-vorstand-john-ternus-wird-senior-vice-president","url":"https:\/\/www.apfelpatient.de\/news\/apple-vorstand-john-ternus-wird-senior-vice-president","name":"Apple Board: John Ternus becomes Senior Vice President Apfelpatient","isPartOf":{"@id":"https:\/\/www.apfelpatient.de\/#website"},"primaryImageOfPage":{"@id":"https:\/\/www.apfelpatient.de\/news\/apple-vorstand-john-ternus-wird-senior-vice-president#primaryimage"},"image":{"@id":"https:\/\/www.apfelpatient.de\/news\/apple-vorstand-john-ternus-wird-senior-vice-president#primaryimage"},"thumbnailUrl":"https:\/\/www.apfelpatient.de\/wp-content\/uploads\/2021\/04\/Apple_dan-riccio-begins-a-new-chapter-at-apple-Ternus_01252020.jpg","datePublished":"2021-04-03T14:12:31+00:00","dateModified":"2021-04-03T14:12:32+00:00","description":"Leadership website: Earlier this year, Apple announced that John Ternus would lead the hardware engineering team.","breadcrumb":{"@id":"https:\/\/www.apfelpatient.de\/news\/apple-vorstand-john-ternus-wird-senior-vice-president#breadcrumb"},"inLanguage":"en-US","potentialAction":[{"@type":"ReadAction","target":["https:\/\/www.apfelpatient.de\/news\/apple-vorstand-john-ternus-wird-senior-vice-president"]}]},{"@type":"ImageObject","inLanguage":"en-US","@id":"https:\/\/www.apfelpatient.de\/news\/apple-vorstand-john-ternus-wird-senior-vice-president#primaryimage","url":"https:\/\/www.apfelpatient.de\/wp-content\/uploads\/2021\/04\/Apple_dan-riccio-begins-a-new-chapter-at-apple-Ternus_01252020.jpg","contentUrl":"https:\/\/www.apfelpatient.de\/wp-content\/uploads\/2021\/04\/Apple_dan-riccio-begins-a-new-chapter-at-apple-Ternus_01252020.jpg","width":1960,"height":1232,"caption":"Bild: Apple"},{"@type":"BreadcrumbList","@id":"https:\/\/www.apfelpatient.de\/news\/apple-vorstand-john-ternus-wird-senior-vice-president#breadcrumb","itemListElement":[{"@type":"ListItem","position":1,"name":"Startseite","item":"https:\/\/www.apfelpatient.de\/"},{"@type":"ListItem","position":2,"name":"Apple Vorstand: John Ternus wird Senior Vice President"}]},{"@type":"WebSite","@id":"https:\/\/www.apfelpatient.de\/#website","url":"https:\/\/www.apfelpatient.de\/","name":"apple patient","description":"Everything about Apple!","publisher":{"@type":"Organization","@id":"https:\/\/www.apfelpatient.de\/en\/#organization","name":"Apfelpatient","url":"https:\/\/www.apfelpatient.de\/en\/"},"alternateName":"Apfelpatient","potentialAction":[{"@type":"SearchAction","target":{"@type":"EntryPoint","urlTemplate":"https:\/\/www.apfelpatient.de\/?s={search_term_string}"},"query-input":{"@type":"PropertyValueSpecification","valueRequired":true,"valueName":"search_term_string"}}],"inLanguage":"en-US"},{"@type":["Person","Organization"],"@id":"https:\/\/www.apfelpatient.de\/#\/schema\/person\/35b3ddba5832f2bfc7fff5206d4f6b7b","name":"Milan","logo":{"@id":"https:\/\/www.apfelpatient.de\/#\/schema\/person\/image\/"},"description":"Hello and welcome to my technology blog! As a big Apple fan, I report on everything to do with Apple: from the latest news and exciting rumors to helpful tips and tricks and detailed product tests. If you are as enthusiastic about technology as I am, you have come to the right place!","sameAs":["https:\/\/www.facebook.com\/apfelpatientOfficial","https:\/\/www.linkedin.com\/in\/milan-jovicic-42aa0231b"],"url":"https:\/\/www.apfelpatient.de\/en\/author\/apfeladmin"}]}},"_links":{"self":[{"href":"https:\/\/www.apfelpatient.de\/en\/wp-json\/wp\/v2\/posts\/20973","targetHints":{"allow":["GET"]}}],"collection":[{"href":"https:\/\/www.apfelpatient.de\/en\/wp-json\/wp\/v2\/posts"}],"about":[{"href":"https:\/\/www.apfelpatient.de\/en\/wp-json\/wp\/v2\/types\/post"}],"author":[{"embeddable":true,"href":"https:\/\/www.apfelpatient.de\/en\/wp-json\/wp\/v2\/users\/2"}],"replies":[{"embeddable":true,"href":"https:\/\/www.apfelpatient.de\/en\/wp-json\/wp\/v2\/comments?post=20973"}],"version-history":[{"count":0,"href":"https:\/\/www.apfelpatient.de\/en\/wp-json\/wp\/v2\/posts\/20973\/revisions"}],"wp:featuredmedia":[{"embeddable":true,"href":"https:\/\/www.apfelpatient.de\/en\/wp-json\/wp\/v2\/media\/20974"}],"wp:attachment":[{"href":"https:\/\/www.apfelpatient.de\/en\/wp-json\/wp\/v2\/media?parent=20973"}],"wp:term":[{"taxonomy":"category","embeddable":true,"href":"https:\/\/www.apfelpatient.de\/en\/wp-json\/wp\/v2\/categories?post=20973"},{"taxonomy":"post_tag","embeddable":true,"href":"https:\/\/www.apfelpatient.de\/en\/wp-json\/wp\/v2\/tags?post=20973"}],"curies":[{"name":"wp","href":"https:\/\/api.w.org\/{rel}","templated":true}]}}