{"id":20952,"date":"2021-04-01T21:20:00","date_gmt":"2021-04-01T19:20:00","guid":{"rendered":"https:\/\/www.apfelpatient.de\/?p=20952"},"modified":"2021-04-02T12:14:41","modified_gmt":"2021-04-02T10:14:41","slug":"tim-cook-reflects-on-45-years-of-apple-in-company-wide-e-mail","status":"publish","type":"post","link":"https:\/\/www.apfelpatient.de\/en\/news\/tim-cook-reflektiert-45-jahre-apple-in-unternehmensweiter-e-mail","title":{"rendered":"Tim Cook reflects on 45 years of Apple in company-wide email"},"content":{"rendered":"<p class=\"has-drop-cap\"><strong>A company-wide email from CEO Tim Cook celebrates Apple&#039;s 45th anniversary - while also looking ahead to the future.<\/strong><\/p>\n\n\n\n<p>The email sent by MacGeneration <a href=\"https:\/\/www.macg.co\/aapl\/2021\/04\/le-message-de-tim-cook-ses-equipes-pour-les-45-ans-dapple-120585\" target=\"_blank\" rel=\"noreferrer noopener\">published<\/a> recognizes the challenges of 2020 and 2021 while offering a glimpse of a better future. It states:<\/p>\n\n\n\n<blockquote class=\"wp-block-quote is-layout-flow wp-block-quote-is-layout-flow\"><p>I know that the past year has tested each of us in ways we never imagined. It has required us all to adapt, it has added complexity to our work, and it has demanded extra determination and commitment in areas of our lives that go far beyond our work. But I also know that what we have all achieved during this time should make us enormously proud.<\/p><\/blockquote>\n\n\n\n<h3 class=\"wp-block-heading\" id=\"h-tim-cook-vom-m1-chip-bis-zu-5g-iphones-und-mehr\">Tim Cook: &quot;From the M1 chip to 5G iPhones and more&quot;<\/h3>\n\n\n\n\n\n\n\n<p>Looking back on 45 years of Apple, the memo reaffirms Apple&#039;s mission to &quot;create transformative products that redefine what technology can do and make people&#039;s lives better in the process.&quot; Cook calls on the company&#039;s employees to rededicate themselves to this mission &quot;to keep it alive for a long time - rather than fondly remembering it as something of the past.&quot; The message also takes stock of recent developments.<\/p>\n\n\n\n<blockquote class=\"wp-block-quote is-layout-flow wp-block-quote-is-layout-flow\"><p>While some things have changed at Apple over these many years, the important things haven&#039;t. From the M1 chip to 5G iPhones, from iPads that are changing the face of education and productivity to a watch that can look after your health, to the best software and services that bring it all to life, we&#039;ve never stopped setting the pace that others try to keep up with.<\/p><\/blockquote>\n\n\n\n<p>The email is consistently optimistic about the company\u2019s future:&nbsp;<\/p>\n\n\n\n<blockquote class=\"wp-block-quote is-layout-flow wp-block-quote-is-layout-flow\"><p>What I can tell you with absolute certainty is that there has never been a moment with as much potential as this one, and we have never had such a talented and dedicated team.<\/p><\/blockquote>\n\n\n\n<p>Cook adds a note of caution:<\/p>\n\n\n\n<blockquote class=\"wp-block-quote is-layout-flow wp-block-quote-is-layout-flow\"><p>This should not let us rest. Great potential requires great people to fulfill it.<\/p><\/blockquote>\n\n\n\n<h3 class=\"wp-block-heading\" id=\"h-apple-vom-garagenprojekt-zu-einem-2-billionen-dollar-konzern\">Apple: From a garage project to a $2 trillion corporation<\/h3>\n\n\n\n\n\n\n\n<p>Cook concludes the message with a tribute to the co-founder and CEO who lived through Apple&#039;s two most critical periods.&nbsp;<\/p>\n\n\n\n<blockquote class=\"wp-block-quote is-layout-flow wp-block-quote-is-layout-flow\" id=\"h-kurz-nachdem-ich-zu-apple-kam-sagte-steve-es-war-bisher-eine-erstaunliche-reise-dabei-haben-wir-gerade-erst-begonnen-das-stimmt-immer-noch-denken-sie-daran-dass-keiner-von-uns-das-ende-der-geschichte-erleben-wird-aber-es-liegt-an-uns-allen-daf-r-zu-sorgen-dass-es-eine-geschichte-ist-die-es-wert-ist-erz-hlt-zu-werden\"><p>Shortly after I joined Apple, Steve said, &quot;It&#039;s been an amazing journey so far, and we&#039;ve only just begun.&quot; That&#039;s still true. Remember, none of us will live to see the end of the story, but it&#039;s up to all of us to make sure it&#039;s a story worth telling.<\/p><\/blockquote>\n\n\n\n<p>Apple was founded on April 1, 1976 by Steve Jobs, Steve Wozniak and Ronald Wayne. What began as an ambitious project in Jobs&#039; parents&#039; garage reached a market capitalization of a whopping $2 trillion by the end of 2020. Below you can read the full email verbatim. (Image: Apple)<\/p>\n\n\n\n<blockquote class=\"wp-block-quote is-layout-flow wp-block-quote-is-layout-flow\"><p>On April 1, 1976, a company was founded in Cupertino to create transformative products that would redefine what technology can do and improve people&#039;s lives in the process. Forty-five years later, we mark the occasion by rededicating that mission - and keeping it alive for a long time to come - rather than fondly remembering it as a thing of the past.<\/p><p>While some things have changed at Apple over these many years, the important things have not. From the M1 chip to 5G iPhones, from iPads that are transforming education and productivity to a watch that can look after your health to the very best software and services that bring it all to life, we have never stopped setting the pace that others try to keep up with. What I can tell you with confidence is that there has never been a moment of such great potential as this one, never have we had a team as talented and dedicated. But that should not stop us. Great potential requires great people to fulfill it.<\/p><p>I know the past year has tested each of us in ways we never imagined. It has required all of us to adapt, it has added complexity to our work, and it has demanded extra determination and commitment in areas of our lives that extend far beyond our jobs. But I also know that what we have all accomplished during this time should make us enormously proud. Through a once-in-a-lifetime challenge, the things we make, and the way we make them, have unlocked profound and lasting new sources of value for the people who love and count on them. And we know that there are brighter days ahead on many fronts.<\/p><p>In an email like this one, on a much earlier anniversary, shortly after I joined Apple, Steve said, &quot;It&#039;s been an amazing journey so far, and yet we&#039;ve only just begun.&quot; That&#039;s still true. Remember, none of us will live to see the end of the story, but it&#039;s up to all of us to make sure it&#039;s a story worth telling.<\/p><p>\u2013 Tim<\/p><\/blockquote>\n\n\n\n<ul class=\"wp-block-list\"><li><a href=\"https:\/\/www.apfelpatient.de\/en\/news\/solar-park-apple-wants-to-use-teslas-megapack-batteries\">Solar Park: Apple wants to use Tesla&#039;s Megapack batteries<\/a><\/li><\/ul>\n\n\n\n<h6 class=\"wp-block-heading translation-block\" id=\"h-kennt-ihr-schon-unsere-amazon-storefront-dort-findet-ihr-eine-handverlesene-auswahl-von-diversen-produkten-f-r-euer-iphone-und-co-viel-spa-beim-st-bern\"><em>Have you already visited our Amazon Storefront? There you&#039;ll find a hand-picked selection of various products for your iPhone and other devices \u2013 <span class=\"has-inline-color has-vivid-red-color\"><a href=\"https:\/\/www.amazon.de\/shop\/apfelpatientofficial\" class=\"ek-link\" data-wpel-link=\"exclude\" rel=\"follow noopener\" target=\"_self\"><span style=\"text-decoration: underline\" class=\"ek-underline\">enjoy browsing<\/span><\/a> !<\/span><\/em><\/h6>\n\n\n\n<h6 class=\"wp-block-heading translation-block\" id=\"h-der-beitrag-enthalt-partnerlinks\">This post contains <a data-type=\"URL\" data-id=\"https:\/\/www.apfelpatient.de\/partnerprogramm\" href=\"https:\/\/www.apfelpatient.de\/en\/partner-program\" data-wpel-link=\"internal\" target=\"_self\">affiliate links<\/a>.<\/h6>","protected":false},"excerpt":{"rendered":"<p>A company-wide email from CEO Tim Cook celebrates Apple&#039;s 45th anniversary - while also looking ahead to the future.<\/p>","protected":false},"author":2,"featured_media":18944,"comment_status":"closed","ping_status":"closed","sticky":false,"template":"","format":"standard","meta":{"jnews-multi-image_gallery":[],"jnews_single_post":{"subtitle":"","format":"standard","video":"","gallery":"","source_name":"","source_url":"","via_name":"","via_url":"","override":[{"single_blog_custom":"","sidebar":"","second_sidebar":"","share_position":"","share_float_style":"","post_date_format":"","post_date_format_custom":"","post_reading_time_wpm":"","zoom_button_out_step":"1","zoom_button_in_step":"1","number_popup_post":"1"}],"image_override":[{"single_post_thumbnail_size":"","single_post_gallery_size":""}],"trending_post_position":"","trending_post_label":"","sponsored_post_label":"","sponsored_post_name":"","sponsored_post_url":"","sponsored_post_logo":"","sponsored_post_desc":""},"jnews_primary_category":{"id":"9"},"footnotes":""},"categories":[9],"tags":[13],"class_list":["post-20952","post","type-post","status-publish","format-standard","has-post-thumbnail","hentry","category-news","tag-techpatient"],"yoast_head":"<!-- This site is optimized with the Yoast SEO Premium plugin v27.5 (Yoast SEO v27.5) - https:\/\/yoast.com\/product\/yoast-seo-premium-wordpress\/ -->\n<title>Tim Cook reflektiert 45 Jahre Apple in unternehmensweiter E-Mail<\/title>\n<meta name=\"description\" content=\"Eine unternehmensweite E-Mail von CEO Tim Cook w\u00fcrdigt das 45-j\u00e4hrige Jubil\u00e4um von Apple - und wirft gleichzeitig einen Blick auf die Zukunft.\" \/>\n<meta name=\"robots\" content=\"index, follow, max-snippet:-1, max-image-preview:large, max-video-preview:-1\" \/>\n<link rel=\"canonical\" href=\"https:\/\/www.apfelpatient.de\/en\/news\/tim-cook-reflects-on-45-years-of-apple-in-company-wide-e-mail\" \/>\n<meta property=\"og:locale\" content=\"en_US\" \/>\n<meta property=\"og:type\" content=\"article\" \/>\n<meta property=\"og:title\" content=\"Tim Cook reflektiert 45 Jahre Apple in unternehmensweiter E-Mail\" \/>\n<meta property=\"og:description\" content=\"Eine unternehmensweite E-Mail von CEO Tim Cook w\u00fcrdigt das 45-j\u00e4hrige Jubil\u00e4um von Apple - und wirft gleichzeitig einen Blick auf die Zukunft.\" \/>\n<meta property=\"og:url\" content=\"https:\/\/www.apfelpatient.de\/en\/news\/tim-cook-reflects-on-45-years-of-apple-in-company-wide-e-mail\" \/>\n<meta property=\"og:site_name\" content=\"Apfelpatient\" \/>\n<meta property=\"article:publisher\" content=\"https:\/\/www.facebook.com\/apfelpatientOfficial\" \/>\n<meta property=\"article:author\" content=\"https:\/\/www.facebook.com\/apfelpatientOfficial\" \/>\n<meta property=\"article:published_time\" content=\"2021-04-01T19:20:00+00:00\" \/>\n<meta property=\"article:modified_time\" content=\"2021-04-02T10:14:41+00:00\" \/>\n<meta property=\"og:image\" content=\"https:\/\/www.apfelpatient.de\/wp-content\/uploads\/2021\/01\/tim_cook_billionth_iphone-scaled.jpg\" \/>\n\t<meta property=\"og:image:width\" content=\"2560\" \/>\n\t<meta property=\"og:image:height\" content=\"1448\" \/>\n\t<meta property=\"og:image:type\" content=\"image\/jpeg\" \/>\n<meta name=\"author\" content=\"Milan\" \/>\n<meta name=\"twitter:card\" content=\"summary_large_image\" \/>\n<meta name=\"twitter:description\" content=\"Eine unternehmensweite E-Mail von CEO Tim Cook w\u00fcrdigt das 45-j\u00e4hrige Jubil\u00e4um von Apple - und wirft gleichzeitig einen Blick auf die Zukunft.\" \/>\n<meta name=\"twitter:label1\" content=\"Written by\" \/>\n\t<meta name=\"twitter:data1\" content=\"Milan\" \/>\n\t<meta name=\"twitter:label2\" content=\"Est. reading time\" \/>\n\t<meta name=\"twitter:data2\" content=\"4 minutes\" \/>\n<script type=\"application\/ld+json\" class=\"yoast-schema-graph\">{\"@context\":\"https:\\\/\\\/schema.org\",\"@graph\":[{\"@type\":\"NewsArticle\",\"@id\":\"https:\\\/\\\/www.apfelpatient.de\\\/en\\\/news\\\/tim-cook-reflektiert-45-jahre-apple-in-unternehmensweiter-e-mail#article\",\"isPartOf\":{\"@id\":\"https:\\\/\\\/www.apfelpatient.de\\\/en\\\/news\\\/tim-cook-reflektiert-45-jahre-apple-in-unternehmensweiter-e-mail\"},\"author\":{\"@type\":\"Organization\",\"@id\":\"https:\\\/\\\/www.apfelpatient.de\\\/en\\\/#organization\",\"name\":\"Apfelpatient\",\"url\":\"https:\\\/\\\/www.apfelpatient.de\\\/en\\\/\"},\"headline\":\"Tim Cook reflektiert 45 Jahre Apple in unternehmensweiter E-Mail\",\"datePublished\":\"2021-04-01T19:20:00+00:00\",\"dateModified\":\"2021-04-02T10:14:41+00:00\",\"mainEntityOfPage\":{\"@id\":\"https:\\\/\\\/www.apfelpatient.de\\\/en\\\/news\\\/tim-cook-reflektiert-45-jahre-apple-in-unternehmensweiter-e-mail\"},\"wordCount\":918,\"publisher\":{\"@type\":\"Organization\",\"@id\":\"https:\\\/\\\/www.apfelpatient.de\\\/en\\\/#organization\",\"name\":\"Apfelpatient\",\"url\":\"https:\\\/\\\/www.apfelpatient.de\\\/en\\\/\"},\"image\":{\"@id\":\"https:\\\/\\\/www.apfelpatient.de\\\/en\\\/news\\\/tim-cook-reflektiert-45-jahre-apple-in-unternehmensweiter-e-mail#primaryimage\"},\"thumbnailUrl\":\"https:\\\/\\\/www.apfelpatient.de\\\/wp-content\\\/uploads\\\/2021\\\/01\\\/tim_cook_billionth_iphone-scaled.jpg\",\"keywords\":[\"TechPatient\"],\"articleSection\":\"News\",\"inLanguage\":\"en-US\",\"copyrightYear\":\"2021\",\"copyrightHolder\":{\"@id\":\"https:\\\/\\\/www.apfelpatient.de\\\/en\\\/#organization\"}},{\"@type\":\"WebPage\",\"@id\":\"https:\\\/\\\/www.apfelpatient.de\\\/en\\\/news\\\/tim-cook-reflektiert-45-jahre-apple-in-unternehmensweiter-e-mail\",\"url\":\"https:\\\/\\\/www.apfelpatient.de\\\/en\\\/news\\\/tim-cook-reflektiert-45-jahre-apple-in-unternehmensweiter-e-mail\",\"name\":\"Tim Cook reflektiert 45 Jahre Apple in unternehmensweiter E-Mail\",\"isPartOf\":{\"@id\":\"https:\\\/\\\/www.apfelpatient.de\\\/#website\"},\"primaryImageOfPage\":{\"@id\":\"https:\\\/\\\/www.apfelpatient.de\\\/en\\\/news\\\/tim-cook-reflektiert-45-jahre-apple-in-unternehmensweiter-e-mail#primaryimage\"},\"image\":{\"@id\":\"https:\\\/\\\/www.apfelpatient.de\\\/en\\\/news\\\/tim-cook-reflektiert-45-jahre-apple-in-unternehmensweiter-e-mail#primaryimage\"},\"thumbnailUrl\":\"https:\\\/\\\/www.apfelpatient.de\\\/wp-content\\\/uploads\\\/2021\\\/01\\\/tim_cook_billionth_iphone-scaled.jpg\",\"datePublished\":\"2021-04-01T19:20:00+00:00\",\"dateModified\":\"2021-04-02T10:14:41+00:00\",\"description\":\"Eine unternehmensweite E-Mail von CEO Tim Cook w\u00fcrdigt das 45-j\u00e4hrige Jubil\u00e4um von Apple - und wirft gleichzeitig einen Blick auf die Zukunft.\",\"breadcrumb\":{\"@id\":\"https:\\\/\\\/www.apfelpatient.de\\\/en\\\/news\\\/tim-cook-reflektiert-45-jahre-apple-in-unternehmensweiter-e-mail#breadcrumb\"},\"inLanguage\":\"en-US\",\"potentialAction\":[{\"@type\":\"ReadAction\",\"target\":[\"https:\\\/\\\/www.apfelpatient.de\\\/en\\\/news\\\/tim-cook-reflektiert-45-jahre-apple-in-unternehmensweiter-e-mail\"]}]},{\"@type\":\"ImageObject\",\"inLanguage\":\"en-US\",\"@id\":\"https:\\\/\\\/www.apfelpatient.de\\\/en\\\/news\\\/tim-cook-reflektiert-45-jahre-apple-in-unternehmensweiter-e-mail#primaryimage\",\"url\":\"https:\\\/\\\/www.apfelpatient.de\\\/wp-content\\\/uploads\\\/2021\\\/01\\\/tim_cook_billionth_iphone-scaled.jpg\",\"contentUrl\":\"https:\\\/\\\/www.apfelpatient.de\\\/wp-content\\\/uploads\\\/2021\\\/01\\\/tim_cook_billionth_iphone-scaled.jpg\",\"width\":2560,\"height\":1448,\"caption\":\"Bild: Apple\"},{\"@type\":\"BreadcrumbList\",\"@id\":\"https:\\\/\\\/www.apfelpatient.de\\\/en\\\/news\\\/tim-cook-reflektiert-45-jahre-apple-in-unternehmensweiter-e-mail#breadcrumb\",\"itemListElement\":[{\"@type\":\"ListItem\",\"position\":1,\"name\":\"Startseite\",\"item\":\"https:\\\/\\\/www.apfelpatient.de\\\/\"},{\"@type\":\"ListItem\",\"position\":2,\"name\":\"Tim Cook reflektiert 45 Jahre Apple in unternehmensweiter E-Mail\"}]},{\"@type\":\"WebSite\",\"@id\":\"https:\\\/\\\/www.apfelpatient.de\\\/#website\",\"url\":\"https:\\\/\\\/www.apfelpatient.de\\\/\",\"name\":\"Apfelpatient\",\"description\":\"Alles rund um Apple!\",\"publisher\":{\"@type\":\"Organization\",\"@id\":\"https:\\\/\\\/www.apfelpatient.de\\\/en\\\/#organization\",\"name\":\"Apfelpatient\",\"url\":\"https:\\\/\\\/www.apfelpatient.de\\\/en\\\/\"},\"alternateName\":\"Apfelpatient\",\"potentialAction\":[{\"@type\":\"SearchAction\",\"target\":{\"@type\":\"EntryPoint\",\"urlTemplate\":\"https:\\\/\\\/www.apfelpatient.de\\\/?s={search_term_string}\"},\"query-input\":{\"@type\":\"PropertyValueSpecification\",\"valueRequired\":true,\"valueName\":\"search_term_string\"}}],\"inLanguage\":\"en-US\"},{\"@type\":[\"Person\",\"Organization\"],\"@id\":\"https:\\\/\\\/www.apfelpatient.de\\\/#\\\/schema\\\/person\\\/35b3ddba5832f2bfc7fff5206d4f6b7b\",\"name\":\"Milan\",\"logo\":{\"@id\":\"https:\\\/\\\/www.apfelpatient.de\\\/#\\\/schema\\\/person\\\/image\\\/\"},\"description\":\"Hallo und herzlich willkommen auf meinem Technik-Blog! Als gro\u00dfer Apple-Fan berichte ich hier \u00fcber alles, was mit Apple zu tun hat: von den neuesten News und spannenden Ger\u00fcchten \u00fcber hilfreiche Tipps und Tricks bis hin zu ausf\u00fchrlichen Produkttests. Wenn du genauso technikbegeistert bist wie ich, bist du hier genau richtig!\",\"sameAs\":[\"https:\\\/\\\/www.facebook.com\\\/apfelpatientOfficial\",\"https:\\\/\\\/www.linkedin.com\\\/in\\\/milan-jovicic-42aa0231b\"],\"url\":\"https:\\\/\\\/www.apfelpatient.de\\\/en\\\/author\\\/apfeladmin\"}]}<\/script>\n<!-- \/ Yoast SEO Premium plugin. -->","yoast_head_json":{"title":"Tim Cook reflects on 45 years of Apple in company-wide email","description":"A company-wide email from CEO Tim Cook celebrates Apple&#039;s 45th anniversary - while also looking ahead to the future.","robots":{"index":"index","follow":"follow","max-snippet":"max-snippet:-1","max-image-preview":"max-image-preview:large","max-video-preview":"max-video-preview:-1"},"canonical":"https:\/\/www.apfelpatient.de\/en\/news\/tim-cook-reflects-on-45-years-of-apple-in-company-wide-e-mail","og_locale":"en_US","og_type":"article","og_title":"Tim Cook reflektiert 45 Jahre Apple in unternehmensweiter E-Mail","og_description":"Eine unternehmensweite E-Mail von CEO Tim Cook w\u00fcrdigt das 45-j\u00e4hrige Jubil\u00e4um von Apple - und wirft gleichzeitig einen Blick auf die Zukunft.","og_url":"https:\/\/www.apfelpatient.de\/en\/news\/tim-cook-reflects-on-45-years-of-apple-in-company-wide-e-mail","og_site_name":"Apfelpatient","article_publisher":"https:\/\/www.facebook.com\/apfelpatientOfficial","article_author":"https:\/\/www.facebook.com\/apfelpatientOfficial","article_published_time":"2021-04-01T19:20:00+00:00","article_modified_time":"2021-04-02T10:14:41+00:00","og_image":[{"width":2560,"height":1448,"url":"https:\/\/www.apfelpatient.de\/wp-content\/uploads\/2021\/01\/tim_cook_billionth_iphone-scaled.jpg","type":"image\/jpeg"}],"author":"Milan","twitter_card":"summary_large_image","twitter_description":"Eine unternehmensweite E-Mail von CEO Tim Cook w\u00fcrdigt das 45-j\u00e4hrige Jubil\u00e4um von Apple - und wirft gleichzeitig einen Blick auf die Zukunft.","twitter_misc":{"Written by":"Milan","Est. reading time":"4 minutes"},"schema":{"@context":"https:\/\/schema.org","@graph":[{"@type":"NewsArticle","@id":"https:\/\/www.apfelpatient.de\/en\/news\/tim-cook-reflektiert-45-jahre-apple-in-unternehmensweiter-e-mail#article","isPartOf":{"@id":"https:\/\/www.apfelpatient.de\/en\/news\/tim-cook-reflektiert-45-jahre-apple-in-unternehmensweiter-e-mail"},"author":{"@type":"Organization","@id":"https:\/\/www.apfelpatient.de\/en\/#organization","name":"Apfelpatient","url":"https:\/\/www.apfelpatient.de\/en\/"},"headline":"Tim Cook reflektiert 45 Jahre Apple in unternehmensweiter E-Mail","datePublished":"2021-04-01T19:20:00+00:00","dateModified":"2021-04-02T10:14:41+00:00","mainEntityOfPage":{"@id":"https:\/\/www.apfelpatient.de\/en\/news\/tim-cook-reflektiert-45-jahre-apple-in-unternehmensweiter-e-mail"},"wordCount":918,"publisher":{"@type":"Organization","@id":"https:\/\/www.apfelpatient.de\/en\/#organization","name":"Apfelpatient","url":"https:\/\/www.apfelpatient.de\/en\/"},"image":{"@id":"https:\/\/www.apfelpatient.de\/en\/news\/tim-cook-reflektiert-45-jahre-apple-in-unternehmensweiter-e-mail#primaryimage"},"thumbnailUrl":"https:\/\/www.apfelpatient.de\/wp-content\/uploads\/2021\/01\/tim_cook_billionth_iphone-scaled.jpg","keywords":["TechPatient"],"articleSection":"News","inLanguage":"en-US","copyrightYear":"2021","copyrightHolder":{"@id":"https:\/\/www.apfelpatient.de\/en\/#organization"}},{"@type":"WebPage","@id":"https:\/\/www.apfelpatient.de\/en\/news\/tim-cook-reflektiert-45-jahre-apple-in-unternehmensweiter-e-mail","url":"https:\/\/www.apfelpatient.de\/en\/news\/tim-cook-reflektiert-45-jahre-apple-in-unternehmensweiter-e-mail","name":"Tim Cook reflects on 45 years of Apple in company-wide email","isPartOf":{"@id":"https:\/\/www.apfelpatient.de\/#website"},"primaryImageOfPage":{"@id":"https:\/\/www.apfelpatient.de\/en\/news\/tim-cook-reflektiert-45-jahre-apple-in-unternehmensweiter-e-mail#primaryimage"},"image":{"@id":"https:\/\/www.apfelpatient.de\/en\/news\/tim-cook-reflektiert-45-jahre-apple-in-unternehmensweiter-e-mail#primaryimage"},"thumbnailUrl":"https:\/\/www.apfelpatient.de\/wp-content\/uploads\/2021\/01\/tim_cook_billionth_iphone-scaled.jpg","datePublished":"2021-04-01T19:20:00+00:00","dateModified":"2021-04-02T10:14:41+00:00","description":"A company-wide email from CEO Tim Cook celebrates Apple&#039;s 45th anniversary - while also looking ahead to the future.","breadcrumb":{"@id":"https:\/\/www.apfelpatient.de\/en\/news\/tim-cook-reflektiert-45-jahre-apple-in-unternehmensweiter-e-mail#breadcrumb"},"inLanguage":"en-US","potentialAction":[{"@type":"ReadAction","target":["https:\/\/www.apfelpatient.de\/en\/news\/tim-cook-reflektiert-45-jahre-apple-in-unternehmensweiter-e-mail"]}]},{"@type":"ImageObject","inLanguage":"en-US","@id":"https:\/\/www.apfelpatient.de\/en\/news\/tim-cook-reflektiert-45-jahre-apple-in-unternehmensweiter-e-mail#primaryimage","url":"https:\/\/www.apfelpatient.de\/wp-content\/uploads\/2021\/01\/tim_cook_billionth_iphone-scaled.jpg","contentUrl":"https:\/\/www.apfelpatient.de\/wp-content\/uploads\/2021\/01\/tim_cook_billionth_iphone-scaled.jpg","width":2560,"height":1448,"caption":"Bild: Apple"},{"@type":"BreadcrumbList","@id":"https:\/\/www.apfelpatient.de\/en\/news\/tim-cook-reflektiert-45-jahre-apple-in-unternehmensweiter-e-mail#breadcrumb","itemListElement":[{"@type":"ListItem","position":1,"name":"Startseite","item":"https:\/\/www.apfelpatient.de\/"},{"@type":"ListItem","position":2,"name":"Tim Cook reflektiert 45 Jahre Apple in unternehmensweiter E-Mail"}]},{"@type":"WebSite","@id":"https:\/\/www.apfelpatient.de\/#website","url":"https:\/\/www.apfelpatient.de\/","name":"apple patient","description":"Everything about Apple!","publisher":{"@type":"Organization","@id":"https:\/\/www.apfelpatient.de\/en\/#organization","name":"Apfelpatient","url":"https:\/\/www.apfelpatient.de\/en\/"},"alternateName":"Apfelpatient","potentialAction":[{"@type":"SearchAction","target":{"@type":"EntryPoint","urlTemplate":"https:\/\/www.apfelpatient.de\/?s={search_term_string}"},"query-input":{"@type":"PropertyValueSpecification","valueRequired":true,"valueName":"search_term_string"}}],"inLanguage":"en-US"},{"@type":["Person","Organization"],"@id":"https:\/\/www.apfelpatient.de\/#\/schema\/person\/35b3ddba5832f2bfc7fff5206d4f6b7b","name":"Milan","logo":{"@id":"https:\/\/www.apfelpatient.de\/#\/schema\/person\/image\/"},"description":"Hello and welcome to my technology blog! As a big Apple fan, I report on everything to do with Apple: from the latest news and exciting rumors to helpful tips and tricks and detailed product tests. If you are as enthusiastic about technology as I am, you have come to the right place!","sameAs":["https:\/\/www.facebook.com\/apfelpatientOfficial","https:\/\/www.linkedin.com\/in\/milan-jovicic-42aa0231b"],"url":"https:\/\/www.apfelpatient.de\/en\/author\/apfeladmin"}]}},"_links":{"self":[{"href":"https:\/\/www.apfelpatient.de\/en\/wp-json\/wp\/v2\/posts\/20952","targetHints":{"allow":["GET"]}}],"collection":[{"href":"https:\/\/www.apfelpatient.de\/en\/wp-json\/wp\/v2\/posts"}],"about":[{"href":"https:\/\/www.apfelpatient.de\/en\/wp-json\/wp\/v2\/types\/post"}],"author":[{"embeddable":true,"href":"https:\/\/www.apfelpatient.de\/en\/wp-json\/wp\/v2\/users\/2"}],"replies":[{"embeddable":true,"href":"https:\/\/www.apfelpatient.de\/en\/wp-json\/wp\/v2\/comments?post=20952"}],"version-history":[{"count":0,"href":"https:\/\/www.apfelpatient.de\/en\/wp-json\/wp\/v2\/posts\/20952\/revisions"}],"wp:featuredmedia":[{"embeddable":true,"href":"https:\/\/www.apfelpatient.de\/en\/wp-json\/wp\/v2\/media\/18944"}],"wp:attachment":[{"href":"https:\/\/www.apfelpatient.de\/en\/wp-json\/wp\/v2\/media?parent=20952"}],"wp:term":[{"taxonomy":"category","embeddable":true,"href":"https:\/\/www.apfelpatient.de\/en\/wp-json\/wp\/v2\/categories?post=20952"},{"taxonomy":"post_tag","embeddable":true,"href":"https:\/\/www.apfelpatient.de\/en\/wp-json\/wp\/v2\/tags?post=20952"}],"curies":[{"name":"wp","href":"https:\/\/api.w.org\/{rel}","templated":true}]}}