{"id":20873,"date":"2021-03-31T14:43:44","date_gmt":"2021-03-31T12:43:44","guid":{"rendered":"https:\/\/www.apfelpatient.de\/?p=20873"},"modified":"2021-03-31T14:44:16","modified_gmt":"2021-03-31T12:44:16","slug":"facebook-announces-changes-to-comments-news-feed","status":"publish","type":"post","link":"https:\/\/www.apfelpatient.de\/en\/news\/facebook-kuendigt-aenderungen-fuer-kommentare-news-feed-an","title":{"rendered":"Facebook announces changes for comments &amp; news feed"},"content":{"rendered":"<p class=\"has-drop-cap\"><strong>Facebook today announced some big changes to comments on posts and the algorithm-based News Feed.<\/strong><\/p>\n\n\n\n<p>Facebook has announced in a new blog post that starting today, the company is rolling out a new tool that will allow people to choose who can comment on their public posts. The announcement states:<\/p>\n\n\n\n<blockquote class=\"wp-block-quote is-layout-flow wp-block-quote-is-layout-flow\"><p>Today we&#039;re launching a new tool to give you more control over what you share in News Feed by managing who can comment on your public posts. Now you can control your comment audience for a specific public post by choosing from a menu of options ranging from anyone who can see the post to just the people and Pages you tag.<\/p><\/blockquote>\n\n\n\n<h3 class=\"wp-block-heading\" id=\"h-neue-feed-filterleiste-f-r-ios-erscheint-in-den-n-chsten-wochen\">New feed filter bar for iOS will be released in the next few weeks<\/h3>\n\n\n\n\n\n\n\n<p>According to Facebook, this will help limit &quot;unwanted interactions&quot; and is available not only to regular users but also to brands, creators and public figures. Facebook is also making it much easier to turn off the algorithmically ranked News Feed. Users can already switch from News Feed to an alternative view. The settings for this should now be much easier to find. The post states:<\/p>\n\n\n\n<blockquote class=\"wp-block-quote is-layout-flow wp-block-quote-is-layout-flow\"><p>The feed filter bar also offers easier access to Most Recent, making it easier to switch between an algorithmically sorted news feed and a chronologically sorted feed with the most recent posts first. Android app users can access the feed filter bar when they scroll up in the news feed. The same functionality will be available in the iOS app in the coming weeks. Regardless of how often you use them, you&#039;ll find the Most Recent and Favorites features in the Shortcuts menu.<\/p><\/blockquote>\n\n\n\n<figure class=\"wp-block-image size-large\"><img decoding=\"async\" width=\"890\" height=\"593\" src=\"https:\/\/www.apfelpatient.de\/wp-content\/uploads\/2021\/03\/NRP-Comment_Moderation_Launch_inline3-1.jpg\" alt=\"Facebook\" class=\"wp-image-20875\" srcset=\"https:\/\/www.apfelpatient.de\/wp-content\/uploads\/2021\/03\/NRP-Comment_Moderation_Launch_inline3-1.jpg 890w, https:\/\/www.apfelpatient.de\/wp-content\/uploads\/2021\/03\/NRP-Comment_Moderation_Launch_inline3-1-300x200.jpg 300w, https:\/\/www.apfelpatient.de\/wp-content\/uploads\/2021\/03\/NRP-Comment_Moderation_Launch_inline3-1-768x512.jpg 768w, https:\/\/www.apfelpatient.de\/wp-content\/uploads\/2021\/03\/NRP-Comment_Moderation_Launch_inline3-1-750x500.jpg 750w\" sizes=\"(max-width: 890px) 100vw, 890px\" \/><figcaption>Image: Facebook<\/figcaption><\/figure>\n\n\n\n<h3 class=\"wp-block-heading\" id=\"h-facebook-news-feed-warum-sehe-ich-das\">Facebook News Feed: \u201cWhy am I seeing this?\u201d<\/h3>\n\n\n\n<p>The feed filter will appear at the top of your Facebook timeline and will be available on iOS \u201cin the coming weeks.\u201d That means we\u2019ll have to wait. Facebook also wants to add a new \u201cWhy am I seeing this?\u201d option to News Feed content. As a reminder, a similar option already exists for advertising. \u201cWhy am I seeing this ad?\u201d When users tap on posts from friends, pages, or groups, they will now be shown why they are seeing a particular post in their timeline, for example due to related engagement (liking a previous post), related topics (liking a topic), or their location. The changes are sure to be well received. The move is reminiscent of the changes Twitter made to limiting the number of people who can reply to certain tweets. If you want to know more details about the changes, you can find the <a href=\"https:\/\/about.fb.com\/news\/2021\/03\/more-control-and-context-in-news-feed\/\" target=\"_blank\" rel=\"noreferrer noopener\">blog post<\/a> here. (Image: Facebook)<\/p>\n\n\n\n<ul class=\"wp-block-list\"><li><a href=\"https:\/\/www.apfelpatient.de\/en\/rumors\/facebook-is-reportedly-working-on-instagram-for-kids\">Facebook is reportedly working on \u201cInstagram for Kids\u201d<\/a><\/li><\/ul>\n\n\n\n<h6 class=\"wp-block-heading translation-block\" id=\"h-kennt-ihr-schon-unsere-amazon-storefront-dort-findet-ihr-eine-handverlesene-auswahl-von-diversen-produkten-f-r-euer-iphone-und-co-viel-spa-beim-st-bern\"><em>Have you already visited our Amazon Storefront? There you&#039;ll find a hand-picked selection of various products for your iPhone and other devices \u2013 <span class=\"has-inline-color has-vivid-red-color\"><a href=\"https:\/\/www.amazon.de\/shop\/apfelpatientofficial\" class=\"ek-link\" data-wpel-link=\"exclude\" rel=\"follow noopener\" target=\"_self\"><span style=\"text-decoration: underline\" class=\"ek-underline\">enjoy browsing<\/span><\/a> !<\/span><\/em><\/h6>\n\n\n\n<h6 class=\"wp-block-heading translation-block\" id=\"h-der-beitrag-enthalt-partnerlinks\">This post contains <a data-type=\"URL\" data-id=\"https:\/\/www.apfelpatient.de\/partnerprogramm\" href=\"https:\/\/www.apfelpatient.de\/en\/partner-program\" data-wpel-link=\"internal\" target=\"_self\">affiliate links<\/a>.<\/h6>","protected":false},"excerpt":{"rendered":"<p>Facebook today announced some big changes to comments on posts and the algorithm-based News Feed.<\/p>","protected":false},"author":2,"featured_media":20876,"comment_status":"closed","ping_status":"closed","sticky":false,"template":"","format":"standard","meta":{"jnews-multi-image_gallery":[],"jnews_single_post":{"subtitle":"","format":"standard","video":"","gallery":"","source_name":"","source_url":"","via_name":"","via_url":"","override":[{"single_blog_custom":"","sidebar":"","second_sidebar":"","share_position":"","share_float_style":"","post_date_format":"","post_date_format_custom":"","post_reading_time_wpm":"","zoom_button_out_step":"1","zoom_button_in_step":"1","number_popup_post":"1"}],"image_override":[{"single_post_thumbnail_size":"","single_post_gallery_size":""}],"trending_post_position":"","trending_post_label":"","sponsored_post_label":"","sponsored_post_name":"","sponsored_post_url":"","sponsored_post_logo":"","sponsored_post_desc":""},"jnews_primary_category":{"id":"9"},"footnotes":""},"categories":[9],"tags":[142,13],"class_list":["post-20873","post","type-post","status-publish","format-standard","has-post-thumbnail","hentry","category-news","tag-facebook","tag-techpatient"],"yoast_head":"<!-- This site is optimized with the Yoast SEO Premium plugin v27.5 (Yoast SEO v27.5) - https:\/\/yoast.com\/product\/yoast-seo-premium-wordpress\/ -->\n<title>Facebook k\u00fcndigt \u00c4nderungen f\u00fcr Kommentare &amp; News Feed an<\/title>\n<meta name=\"description\" content=\"Facebook hat heute einige gro\u00dfe \u00c4nderungen f\u00fcr Kommentare zu Beitr\u00e4gen sowie am Algorithmus-basierten News Feed angek\u00fcndigt.\" \/>\n<meta name=\"robots\" content=\"index, follow, max-snippet:-1, max-image-preview:large, max-video-preview:-1\" \/>\n<link rel=\"canonical\" href=\"https:\/\/www.apfelpatient.de\/en\/news\/facebook-announces-changes-to-comments-news-feed\" \/>\n<meta property=\"og:locale\" content=\"en_US\" \/>\n<meta property=\"og:type\" content=\"article\" \/>\n<meta property=\"og:title\" content=\"Facebook k\u00fcndigt \u00c4nderungen f\u00fcr Kommentare &amp; News Feed an\" \/>\n<meta property=\"og:description\" content=\"Facebook hat heute einige gro\u00dfe \u00c4nderungen f\u00fcr Kommentare zu Beitr\u00e4gen sowie am Algorithmus-basierten News Feed angek\u00fcndigt.\" \/>\n<meta property=\"og:url\" content=\"https:\/\/www.apfelpatient.de\/en\/news\/facebook-announces-changes-to-comments-news-feed\" \/>\n<meta property=\"og:site_name\" content=\"Apfelpatient\" \/>\n<meta property=\"article:publisher\" content=\"https:\/\/www.facebook.com\/apfelpatientOfficial\" \/>\n<meta property=\"article:author\" content=\"https:\/\/www.facebook.com\/apfelpatientOfficial\" \/>\n<meta property=\"article:published_time\" content=\"2021-03-31T12:43:44+00:00\" \/>\n<meta property=\"article:modified_time\" content=\"2021-03-31T12:44:16+00:00\" \/>\n<meta property=\"og:image\" content=\"https:\/\/www.apfelpatient.de\/wp-content\/uploads\/2021\/03\/NRP-More_Control_and_Context_in_News_Feed_banner.jpg-Kopie.jpg\" \/>\n\t<meta property=\"og:image:width\" content=\"1920\" \/>\n\t<meta property=\"og:image:height\" content=\"1080\" \/>\n\t<meta property=\"og:image:type\" content=\"image\/jpeg\" \/>\n<meta name=\"author\" content=\"Milan\" \/>\n<meta name=\"twitter:card\" content=\"summary_large_image\" \/>\n<meta name=\"twitter:description\" content=\"Facebook hat heute einige gro\u00dfe \u00c4nderungen f\u00fcr Kommentare zu Beitr\u00e4gen sowie am Algorithmus-basierten News Feed angek\u00fcndigt.\" \/>\n<meta name=\"twitter:label1\" content=\"Written by\" \/>\n\t<meta name=\"twitter:data1\" content=\"Milan\" \/>\n\t<meta name=\"twitter:label2\" content=\"Est. reading time\" \/>\n\t<meta name=\"twitter:data2\" content=\"3 minutes\" \/>\n<script type=\"application\/ld+json\" class=\"yoast-schema-graph\">{\"@context\":\"https:\\\/\\\/schema.org\",\"@graph\":[{\"@type\":\"NewsArticle\",\"@id\":\"https:\\\/\\\/www.apfelpatient.de\\\/news\\\/facebook-kuendigt-aenderungen-fuer-kommentare-news-feed-an#article\",\"isPartOf\":{\"@id\":\"https:\\\/\\\/www.apfelpatient.de\\\/news\\\/facebook-kuendigt-aenderungen-fuer-kommentare-news-feed-an\"},\"author\":{\"@type\":\"Organization\",\"@id\":\"https:\\\/\\\/www.apfelpatient.de\\\/en\\\/#organization\",\"name\":\"Apfelpatient\",\"url\":\"https:\\\/\\\/www.apfelpatient.de\\\/en\\\/\"},\"headline\":\"Facebook k\u00fcndigt \u00c4nderungen f\u00fcr Kommentare &#038; News Feed an\",\"datePublished\":\"2021-03-31T12:43:44+00:00\",\"dateModified\":\"2021-03-31T12:44:16+00:00\",\"mainEntityOfPage\":{\"@id\":\"https:\\\/\\\/www.apfelpatient.de\\\/news\\\/facebook-kuendigt-aenderungen-fuer-kommentare-news-feed-an\"},\"wordCount\":480,\"publisher\":{\"@type\":\"Organization\",\"@id\":\"https:\\\/\\\/www.apfelpatient.de\\\/en\\\/#organization\",\"name\":\"Apfelpatient\",\"url\":\"https:\\\/\\\/www.apfelpatient.de\\\/en\\\/\"},\"image\":{\"@id\":\"https:\\\/\\\/www.apfelpatient.de\\\/news\\\/facebook-kuendigt-aenderungen-fuer-kommentare-news-feed-an#primaryimage\"},\"thumbnailUrl\":\"https:\\\/\\\/www.apfelpatient.de\\\/wp-content\\\/uploads\\\/2021\\\/03\\\/NRP-More_Control_and_Context_in_News_Feed_banner.jpg-Kopie.jpg\",\"keywords\":[\"Facebook\",\"TechPatient\"],\"articleSection\":\"News\",\"inLanguage\":\"en-US\",\"copyrightYear\":\"2021\",\"copyrightHolder\":{\"@id\":\"https:\\\/\\\/www.apfelpatient.de\\\/en\\\/#organization\"}},{\"@type\":\"WebPage\",\"@id\":\"https:\\\/\\\/www.apfelpatient.de\\\/news\\\/facebook-kuendigt-aenderungen-fuer-kommentare-news-feed-an\",\"url\":\"https:\\\/\\\/www.apfelpatient.de\\\/news\\\/facebook-kuendigt-aenderungen-fuer-kommentare-news-feed-an\",\"name\":\"Facebook k\u00fcndigt \u00c4nderungen f\u00fcr Kommentare & News Feed an\",\"isPartOf\":{\"@id\":\"https:\\\/\\\/www.apfelpatient.de\\\/#website\"},\"primaryImageOfPage\":{\"@id\":\"https:\\\/\\\/www.apfelpatient.de\\\/news\\\/facebook-kuendigt-aenderungen-fuer-kommentare-news-feed-an#primaryimage\"},\"image\":{\"@id\":\"https:\\\/\\\/www.apfelpatient.de\\\/news\\\/facebook-kuendigt-aenderungen-fuer-kommentare-news-feed-an#primaryimage\"},\"thumbnailUrl\":\"https:\\\/\\\/www.apfelpatient.de\\\/wp-content\\\/uploads\\\/2021\\\/03\\\/NRP-More_Control_and_Context_in_News_Feed_banner.jpg-Kopie.jpg\",\"datePublished\":\"2021-03-31T12:43:44+00:00\",\"dateModified\":\"2021-03-31T12:44:16+00:00\",\"description\":\"Facebook hat heute einige gro\u00dfe \u00c4nderungen f\u00fcr Kommentare zu Beitr\u00e4gen sowie am Algorithmus-basierten News Feed angek\u00fcndigt.\",\"breadcrumb\":{\"@id\":\"https:\\\/\\\/www.apfelpatient.de\\\/news\\\/facebook-kuendigt-aenderungen-fuer-kommentare-news-feed-an#breadcrumb\"},\"inLanguage\":\"en-US\",\"potentialAction\":[{\"@type\":\"ReadAction\",\"target\":[\"https:\\\/\\\/www.apfelpatient.de\\\/news\\\/facebook-kuendigt-aenderungen-fuer-kommentare-news-feed-an\"]}]},{\"@type\":\"ImageObject\",\"inLanguage\":\"en-US\",\"@id\":\"https:\\\/\\\/www.apfelpatient.de\\\/news\\\/facebook-kuendigt-aenderungen-fuer-kommentare-news-feed-an#primaryimage\",\"url\":\"https:\\\/\\\/www.apfelpatient.de\\\/wp-content\\\/uploads\\\/2021\\\/03\\\/NRP-More_Control_and_Context_in_News_Feed_banner.jpg-Kopie.jpg\",\"contentUrl\":\"https:\\\/\\\/www.apfelpatient.de\\\/wp-content\\\/uploads\\\/2021\\\/03\\\/NRP-More_Control_and_Context_in_News_Feed_banner.jpg-Kopie.jpg\",\"width\":1920,\"height\":1080,\"caption\":\"Bild: Facebook\"},{\"@type\":\"BreadcrumbList\",\"@id\":\"https:\\\/\\\/www.apfelpatient.de\\\/news\\\/facebook-kuendigt-aenderungen-fuer-kommentare-news-feed-an#breadcrumb\",\"itemListElement\":[{\"@type\":\"ListItem\",\"position\":1,\"name\":\"Startseite\",\"item\":\"https:\\\/\\\/www.apfelpatient.de\\\/\"},{\"@type\":\"ListItem\",\"position\":2,\"name\":\"Facebook k\u00fcndigt \u00c4nderungen f\u00fcr Kommentare &#038; News Feed an\"}]},{\"@type\":\"WebSite\",\"@id\":\"https:\\\/\\\/www.apfelpatient.de\\\/#website\",\"url\":\"https:\\\/\\\/www.apfelpatient.de\\\/\",\"name\":\"Apfelpatient\",\"description\":\"Alles rund um Apple!\",\"publisher\":{\"@type\":\"Organization\",\"@id\":\"https:\\\/\\\/www.apfelpatient.de\\\/en\\\/#organization\",\"name\":\"Apfelpatient\",\"url\":\"https:\\\/\\\/www.apfelpatient.de\\\/en\\\/\"},\"alternateName\":\"Apfelpatient\",\"potentialAction\":[{\"@type\":\"SearchAction\",\"target\":{\"@type\":\"EntryPoint\",\"urlTemplate\":\"https:\\\/\\\/www.apfelpatient.de\\\/?s={search_term_string}\"},\"query-input\":{\"@type\":\"PropertyValueSpecification\",\"valueRequired\":true,\"valueName\":\"search_term_string\"}}],\"inLanguage\":\"en-US\"},{\"@type\":[\"Person\",\"Organization\"],\"@id\":\"https:\\\/\\\/www.apfelpatient.de\\\/#\\\/schema\\\/person\\\/7dc56ad6c8e9824b76d2c08d4c140e13\",\"name\":\"Milan\",\"logo\":{\"@id\":\"https:\\\/\\\/www.apfelpatient.de\\\/#\\\/schema\\\/person\\\/image\\\/\"},\"description\":\"Hallo und herzlich willkommen auf meinem Technik-Blog! Als gro\u00dfer Apple-Fan berichte ich hier \u00fcber alles, was mit Apple zu tun hat: von den neuesten News und spannenden Ger\u00fcchten \u00fcber hilfreiche Tipps und Tricks bis hin zu ausf\u00fchrlichen Produkttests. Wenn du genauso technikbegeistert bist wie ich, bist du hier genau richtig!\",\"sameAs\":[\"https:\\\/\\\/www.facebook.com\\\/apfelpatientOfficial\",\"https:\\\/\\\/www.linkedin.com\\\/in\\\/milan-jovicic-42aa0231b\"],\"url\":\"https:\\\/\\\/www.apfelpatient.de\\\/en\\\/author\\\/apfeladmin\"}]}<\/script>\n<!-- \/ Yoast SEO Premium plugin. -->","yoast_head_json":{"title":"Facebook announces changes for comments &amp; news feed","description":"Facebook today announced some big changes to comments on posts and the algorithm-based News Feed.","robots":{"index":"index","follow":"follow","max-snippet":"max-snippet:-1","max-image-preview":"max-image-preview:large","max-video-preview":"max-video-preview:-1"},"canonical":"https:\/\/www.apfelpatient.de\/en\/news\/facebook-announces-changes-to-comments-news-feed","og_locale":"en_US","og_type":"article","og_title":"Facebook k\u00fcndigt \u00c4nderungen f\u00fcr Kommentare & News Feed an","og_description":"Facebook hat heute einige gro\u00dfe \u00c4nderungen f\u00fcr Kommentare zu Beitr\u00e4gen sowie am Algorithmus-basierten News Feed angek\u00fcndigt.","og_url":"https:\/\/www.apfelpatient.de\/en\/news\/facebook-announces-changes-to-comments-news-feed","og_site_name":"Apfelpatient","article_publisher":"https:\/\/www.facebook.com\/apfelpatientOfficial","article_author":"https:\/\/www.facebook.com\/apfelpatientOfficial","article_published_time":"2021-03-31T12:43:44+00:00","article_modified_time":"2021-03-31T12:44:16+00:00","og_image":[{"width":1920,"height":1080,"url":"https:\/\/www.apfelpatient.de\/wp-content\/uploads\/2021\/03\/NRP-More_Control_and_Context_in_News_Feed_banner.jpg-Kopie.jpg","type":"image\/jpeg"}],"author":"Milan","twitter_card":"summary_large_image","twitter_description":"Facebook hat heute einige gro\u00dfe \u00c4nderungen f\u00fcr Kommentare zu Beitr\u00e4gen sowie am Algorithmus-basierten News Feed angek\u00fcndigt.","twitter_misc":{"Written by":"Milan","Est. reading time":"3 minutes"},"schema":{"@context":"https:\/\/schema.org","@graph":[{"@type":"NewsArticle","@id":"https:\/\/www.apfelpatient.de\/news\/facebook-kuendigt-aenderungen-fuer-kommentare-news-feed-an#article","isPartOf":{"@id":"https:\/\/www.apfelpatient.de\/news\/facebook-kuendigt-aenderungen-fuer-kommentare-news-feed-an"},"author":{"@type":"Organization","@id":"https:\/\/www.apfelpatient.de\/en\/#organization","name":"Apfelpatient","url":"https:\/\/www.apfelpatient.de\/en\/"},"headline":"Facebook k\u00fcndigt \u00c4nderungen f\u00fcr Kommentare &#038; News Feed an","datePublished":"2021-03-31T12:43:44+00:00","dateModified":"2021-03-31T12:44:16+00:00","mainEntityOfPage":{"@id":"https:\/\/www.apfelpatient.de\/news\/facebook-kuendigt-aenderungen-fuer-kommentare-news-feed-an"},"wordCount":480,"publisher":{"@type":"Organization","@id":"https:\/\/www.apfelpatient.de\/en\/#organization","name":"Apfelpatient","url":"https:\/\/www.apfelpatient.de\/en\/"},"image":{"@id":"https:\/\/www.apfelpatient.de\/news\/facebook-kuendigt-aenderungen-fuer-kommentare-news-feed-an#primaryimage"},"thumbnailUrl":"https:\/\/www.apfelpatient.de\/wp-content\/uploads\/2021\/03\/NRP-More_Control_and_Context_in_News_Feed_banner.jpg-Kopie.jpg","keywords":["Facebook","TechPatient"],"articleSection":"News","inLanguage":"en-US","copyrightYear":"2021","copyrightHolder":{"@id":"https:\/\/www.apfelpatient.de\/en\/#organization"}},{"@type":"WebPage","@id":"https:\/\/www.apfelpatient.de\/news\/facebook-kuendigt-aenderungen-fuer-kommentare-news-feed-an","url":"https:\/\/www.apfelpatient.de\/news\/facebook-kuendigt-aenderungen-fuer-kommentare-news-feed-an","name":"Facebook announces changes for comments &amp; news feed","isPartOf":{"@id":"https:\/\/www.apfelpatient.de\/#website"},"primaryImageOfPage":{"@id":"https:\/\/www.apfelpatient.de\/news\/facebook-kuendigt-aenderungen-fuer-kommentare-news-feed-an#primaryimage"},"image":{"@id":"https:\/\/www.apfelpatient.de\/news\/facebook-kuendigt-aenderungen-fuer-kommentare-news-feed-an#primaryimage"},"thumbnailUrl":"https:\/\/www.apfelpatient.de\/wp-content\/uploads\/2021\/03\/NRP-More_Control_and_Context_in_News_Feed_banner.jpg-Kopie.jpg","datePublished":"2021-03-31T12:43:44+00:00","dateModified":"2021-03-31T12:44:16+00:00","description":"Facebook today announced some big changes to comments on posts and the algorithm-based News Feed.","breadcrumb":{"@id":"https:\/\/www.apfelpatient.de\/news\/facebook-kuendigt-aenderungen-fuer-kommentare-news-feed-an#breadcrumb"},"inLanguage":"en-US","potentialAction":[{"@type":"ReadAction","target":["https:\/\/www.apfelpatient.de\/news\/facebook-kuendigt-aenderungen-fuer-kommentare-news-feed-an"]}]},{"@type":"ImageObject","inLanguage":"en-US","@id":"https:\/\/www.apfelpatient.de\/news\/facebook-kuendigt-aenderungen-fuer-kommentare-news-feed-an#primaryimage","url":"https:\/\/www.apfelpatient.de\/wp-content\/uploads\/2021\/03\/NRP-More_Control_and_Context_in_News_Feed_banner.jpg-Kopie.jpg","contentUrl":"https:\/\/www.apfelpatient.de\/wp-content\/uploads\/2021\/03\/NRP-More_Control_and_Context_in_News_Feed_banner.jpg-Kopie.jpg","width":1920,"height":1080,"caption":"Bild: Facebook"},{"@type":"BreadcrumbList","@id":"https:\/\/www.apfelpatient.de\/news\/facebook-kuendigt-aenderungen-fuer-kommentare-news-feed-an#breadcrumb","itemListElement":[{"@type":"ListItem","position":1,"name":"Startseite","item":"https:\/\/www.apfelpatient.de\/"},{"@type":"ListItem","position":2,"name":"Facebook k\u00fcndigt \u00c4nderungen f\u00fcr Kommentare &#038; News Feed an"}]},{"@type":"WebSite","@id":"https:\/\/www.apfelpatient.de\/#website","url":"https:\/\/www.apfelpatient.de\/","name":"apple patient","description":"Everything about Apple!","publisher":{"@type":"Organization","@id":"https:\/\/www.apfelpatient.de\/en\/#organization","name":"Apfelpatient","url":"https:\/\/www.apfelpatient.de\/en\/"},"alternateName":"Apfelpatient","potentialAction":[{"@type":"SearchAction","target":{"@type":"EntryPoint","urlTemplate":"https:\/\/www.apfelpatient.de\/?s={search_term_string}"},"query-input":{"@type":"PropertyValueSpecification","valueRequired":true,"valueName":"search_term_string"}}],"inLanguage":"en-US"},{"@type":["Person","Organization"],"@id":"https:\/\/www.apfelpatient.de\/#\/schema\/person\/7dc56ad6c8e9824b76d2c08d4c140e13","name":"Milan","logo":{"@id":"https:\/\/www.apfelpatient.de\/#\/schema\/person\/image\/"},"description":"Hello and welcome to my technology blog! As a big Apple fan, I report on everything to do with Apple: from the latest news and exciting rumors to helpful tips and tricks and detailed product tests. If you are as enthusiastic about technology as I am, you have come to the right place!","sameAs":["https:\/\/www.facebook.com\/apfelpatientOfficial","https:\/\/www.linkedin.com\/in\/milan-jovicic-42aa0231b"],"url":"https:\/\/www.apfelpatient.de\/en\/author\/apfeladmin"}]}},"_links":{"self":[{"href":"https:\/\/www.apfelpatient.de\/en\/wp-json\/wp\/v2\/posts\/20873","targetHints":{"allow":["GET"]}}],"collection":[{"href":"https:\/\/www.apfelpatient.de\/en\/wp-json\/wp\/v2\/posts"}],"about":[{"href":"https:\/\/www.apfelpatient.de\/en\/wp-json\/wp\/v2\/types\/post"}],"author":[{"embeddable":true,"href":"https:\/\/www.apfelpatient.de\/en\/wp-json\/wp\/v2\/users\/2"}],"replies":[{"embeddable":true,"href":"https:\/\/www.apfelpatient.de\/en\/wp-json\/wp\/v2\/comments?post=20873"}],"version-history":[{"count":0,"href":"https:\/\/www.apfelpatient.de\/en\/wp-json\/wp\/v2\/posts\/20873\/revisions"}],"wp:featuredmedia":[{"embeddable":true,"href":"https:\/\/www.apfelpatient.de\/en\/wp-json\/wp\/v2\/media\/20876"}],"wp:attachment":[{"href":"https:\/\/www.apfelpatient.de\/en\/wp-json\/wp\/v2\/media?parent=20873"}],"wp:term":[{"taxonomy":"category","embeddable":true,"href":"https:\/\/www.apfelpatient.de\/en\/wp-json\/wp\/v2\/categories?post=20873"},{"taxonomy":"post_tag","embeddable":true,"href":"https:\/\/www.apfelpatient.de\/en\/wp-json\/wp\/v2\/tags?post=20873"}],"curies":[{"name":"wp","href":"https:\/\/api.w.org\/{rel}","templated":true}]}}