{"id":20752,"date":"2021-03-27T15:42:42","date_gmt":"2021-03-27T14:42:42","guid":{"rendered":"https:\/\/www.apfelpatient.de\/?p=20752"},"modified":"2025-10-14T16:03:16","modified_gmt":"2025-10-14T14:03:16","slug":"apple-tv-the-banker-wins-naacp-image-awards","status":"publish","type":"post","link":"https:\/\/www.apfelpatient.de\/en\/news\/apple-tv-the-banker-gewinnt-bei-naacp-image-awards","title":{"rendered":"Apple TV+: The Banker wins at NAACP Image Awards"},"content":{"rendered":"<p class=\"has-drop-cap\"><strong>The Apple TV+ film \u201cThe Banker\u201d won the award for \u201cOutstanding Independent Motion Picture\u201d at the NAACP Image Awards.<\/strong><\/p>\n\n\n\n<p>The official Twitter account of Apple TV+ announced last night that the drama \u201cThe Banker\u201d won the category \u201cOutstanding Independent Motion Picture\u201d <a href=\"https:\/\/twitter.com\/AppleTV\/status\/1375605383918592000?ref_src=twsrc%5Etfw%7Ctwcamp%5Etweetembed%7Ctwterm%5E1375605383918592000%7Ctwgr%5E%7Ctwcon%5Es1_&amp;ref_url=https%3A%2F%2Fappleinsider.com%2Farticles%2F21%2F03%2F27%2Fapple-tv-the-banker-wins-at-naacp-image-awards\" target=\"_blank\" rel=\"noreferrer noopener\">celebrated<\/a>. The team behind the film was congratulated on the award. Starring Anthony Mackie and Samuel L. Jackson, &quot;The Banker&quot; follows a pair of black businessmen as they build a real estate and banking empire. To succeed, the duo brings a white working-class man on board to pose as the privileged face of the empire.&nbsp;<\/p>\n\n\n\n<figure class=\"wp-block-image size-large\"><img decoding=\"async\" width=\"1024\" height=\"576\" src=\"https:\/\/www.apfelpatient.de\/wp-content\/uploads\/2021\/03\/ExchrTfVcAMPRD_-1024x576.jpeg\" alt=\"The Banker\" class=\"wp-image-20748\" srcset=\"https:\/\/www.apfelpatient.de\/wp-content\/uploads\/2021\/03\/ExchrTfVcAMPRD_-1024x576.jpeg 1024w, https:\/\/www.apfelpatient.de\/wp-content\/uploads\/2021\/03\/ExchrTfVcAMPRD_-300x169.jpeg 300w, https:\/\/www.apfelpatient.de\/wp-content\/uploads\/2021\/03\/ExchrTfVcAMPRD_-768x432.jpeg 768w, https:\/\/www.apfelpatient.de\/wp-content\/uploads\/2021\/03\/ExchrTfVcAMPRD_-1536x864.jpeg 1536w, https:\/\/www.apfelpatient.de\/wp-content\/uploads\/2021\/03\/ExchrTfVcAMPRD_-750x422.jpeg 750w, https:\/\/www.apfelpatient.de\/wp-content\/uploads\/2021\/03\/ExchrTfVcAMPRD_-1140x641.jpeg 1140w, https:\/\/www.apfelpatient.de\/wp-content\/uploads\/2021\/03\/ExchrTfVcAMPRD_.jpeg 1920w\" sizes=\"(max-width: 1024px) 100vw, 1024px\" \/><figcaption>Image: Apple TV+<\/figcaption><\/figure>\n\n\n\n<h3 class=\"wp-block-heading\" id=\"h-apple-tv-the-banker-premiere-wurde-verschoben\">Apple TV+: \u201cThe Banker\u201d premiere postponed<\/h3>\n\n\n\n\n\n\n\n<p>The film competed against strong competition in its category, including &quot;Emperor,&quot; &quot;Farewell Amor,&quot; &quot;Miss Juneteenth&quot; and &quot;The 24th.&quot; The NAACP Image Awards celebrate the outstanding achievements and performances of people of color in the arts, as well as those who promote social justice through creative work. The film is inspired by true events, which led to problems with the film&#039;s release. The November 2019 premiere was canceled due to sexual allegations against a producer, followed by demands from the producer&#039;s ex-wives that the film not be released at all. The flick finally debuted in theaters on March 6 and was released on Apple TV+ shortly thereafter. <a href=\"https:\/\/tv.apple.com\/de\/movie\/the-banker\/umc.cmc.2f8qhsa039voq5x0iwn1eixj1?itscg=MC_20000&amp;itsct=atvp_brand_omd&amp;mttn3pid=Google%20AdWords&amp;mttnagencyid=a5e&amp;mttncc=DE&amp;mttnsiteid=143238&amp;mttnsubad=ODE2019826_1-427517388205-c&amp;mttnsubkw=101944632600__2HhGvxPK_&amp;mttnsubplmnt=\" target=\"_blank\" rel=\"noreferrer noopener\">provided<\/a>. (Image: Apple TV+)<\/p>\n\n\n\n<ul class=\"wp-block-list\"><li><a href=\"https:\/\/www.apfelpatient.de\/en\/news\/apple-tv-subscription-apple-extends-test-phase-again\">Apple TV+ subscription: Apple extends test phase again<\/a><\/li><\/ul>\n\n\n\n<h6 class=\"wp-block-heading translation-block\" id=\"h-kennt-ihr-schon-unsere-amazon-storefront-dort-findet-ihr-eine-handverlesene-auswahl-von-diversen-produkten-f-r-euer-iphone-und-co-viel-spa-beim-st-bern\"><em>Have you already visited our Amazon Storefront? There you&#039;ll find a hand-picked selection of various products for your iPhone and other devices \u2013 <span class=\"has-inline-color has-vivid-red-color\"><a href=\"https:\/\/www.amazon.de\/shop\/apfelpatientofficial\" class=\"ek-link\" data-wpel-link=\"exclude\" rel=\"follow noopener\" target=\"_self\"><span style=\"text-decoration: underline\" class=\"ek-underline\">enjoy browsing<\/span><\/a> !<\/span><\/em><\/h6>\n\n\n\n<h6 class=\"wp-block-heading translation-block\" id=\"h-der-beitrag-enthalt-partnerlinks\">This post contains <a data-type=\"URL\" data-id=\"https:\/\/www.apfelpatient.de\/partnerprogramm\" href=\"https:\/\/www.apfelpatient.de\/en\/partner-program\" data-wpel-link=\"internal\" target=\"_self\">affiliate links<\/a>.<\/h6>","protected":false},"excerpt":{"rendered":"<p>The Apple TV+ film \u201cThe Banker\u201d won the award for \u201cOutstanding Independent Motion Picture\u201d at the NAACP Image Awards.<\/p>","protected":false},"author":2,"featured_media":20749,"comment_status":"closed","ping_status":"closed","sticky":false,"template":"","format":"standard","meta":{"jnews-multi-image_gallery":[],"jnews_single_post":{"subtitle":"","format":"standard","video":"","gallery":"","source_name":"","source_url":"","via_name":"","via_url":"","override":[{"single_blog_custom":"","sidebar":"","second_sidebar":"","share_position":"","share_float_style":"","post_date_format":"","post_date_format_custom":"","post_reading_time_wpm":"","zoom_button_out_step":"1","zoom_button_in_step":"1","number_popup_post":"1"}],"image_override":[{"single_post_thumbnail_size":"","single_post_gallery_size":""}],"trending_post_position":"","trending_post_label":"","sponsored_post_label":"","sponsored_post_name":"","sponsored_post_url":"","sponsored_post_logo":"","sponsored_post_desc":""},"jnews_primary_category":{"id":"9"},"footnotes":""},"categories":[9],"tags":[34,156,248],"class_list":["post-20752","post","type-post","status-publish","format-standard","has-post-thumbnail","hentry","category-news","tag-apple-dienste","tag-apple-tv","tag-apple-tv-plus"],"yoast_head":"<!-- This site is optimized with the Yoast SEO Premium plugin v27.5 (Yoast SEO v27.5) - https:\/\/yoast.com\/product\/yoast-seo-premium-wordpress\/ -->\n<title>Apple TV+: The Banker gewinnt bei NAACP Image Awards Apfelpatient<\/title>\n<meta name=\"description\" content=\"Der Apple TV+ Film &quot;The Banker&quot; hat bei den NAACP Image Awards den Preis f\u00fcr &quot;Outstanding Independent Motion Picture&quot; gewonnen.\" \/>\n<meta name=\"robots\" content=\"index, follow, max-snippet:-1, max-image-preview:large, max-video-preview:-1\" \/>\n<link rel=\"canonical\" href=\"https:\/\/www.apfelpatient.de\/en\/news\/apple-tv-the-banker-wins-naacp-image-awards\" \/>\n<meta property=\"og:locale\" content=\"en_US\" \/>\n<meta property=\"og:type\" content=\"article\" \/>\n<meta property=\"og:title\" content=\"Apple TV+: The Banker gewinnt bei NAACP Image Awards\" \/>\n<meta property=\"og:description\" content=\"Der Apple TV+ Film &quot;The Banker&quot; hat bei den NAACP Image Awards den Preis f\u00fcr &quot;Outstanding Independent Motion Picture&quot; gewonnen.\" \/>\n<meta property=\"og:url\" content=\"https:\/\/www.apfelpatient.de\/en\/news\/apple-tv-the-banker-wins-naacp-image-awards\" \/>\n<meta property=\"og:site_name\" content=\"Apfelpatient\" \/>\n<meta property=\"article:publisher\" content=\"https:\/\/www.facebook.com\/apfelpatientOfficial\" \/>\n<meta property=\"article:author\" content=\"https:\/\/www.facebook.com\/apfelpatientOfficial\" \/>\n<meta property=\"article:published_time\" content=\"2021-03-27T14:42:42+00:00\" \/>\n<meta property=\"article:modified_time\" content=\"2025-10-14T14:03:16+00:00\" \/>\n<meta property=\"og:image\" content=\"https:\/\/www.apfelpatient.de\/wp-content\/uploads\/2021\/03\/The_Banker_Unit_Photo_04-scaled.jpg\" \/>\n\t<meta property=\"og:image:width\" content=\"2560\" \/>\n\t<meta property=\"og:image:height\" content=\"1707\" \/>\n\t<meta property=\"og:image:type\" content=\"image\/jpeg\" \/>\n<meta name=\"author\" content=\"Milan\" \/>\n<meta name=\"twitter:card\" content=\"summary_large_image\" \/>\n<meta name=\"twitter:description\" content=\"Der Apple TV+ Film &quot;The Banker&quot; hat bei den NAACP Image Awards den Preis f\u00fcr &quot;Outstanding Independent Motion Picture&quot; gewonnen.\" \/>\n<meta name=\"twitter:label1\" content=\"Written by\" \/>\n\t<meta name=\"twitter:data1\" content=\"Milan\" \/>\n\t<meta name=\"twitter:label2\" content=\"Est. reading time\" \/>\n\t<meta name=\"twitter:data2\" content=\"2 minutes\" \/>\n<script type=\"application\/ld+json\" class=\"yoast-schema-graph\">{\"@context\":\"https:\\\/\\\/schema.org\",\"@graph\":[{\"@type\":\"NewsArticle\",\"@id\":\"https:\\\/\\\/www.apfelpatient.de\\\/news\\\/apple-tv-the-banker-gewinnt-bei-naacp-image-awards#article\",\"isPartOf\":{\"@id\":\"https:\\\/\\\/www.apfelpatient.de\\\/news\\\/apple-tv-the-banker-gewinnt-bei-naacp-image-awards\"},\"author\":{\"@type\":\"Organization\",\"@id\":\"https:\\\/\\\/www.apfelpatient.de\\\/en\\\/#organization\",\"name\":\"Apfelpatient\",\"url\":\"https:\\\/\\\/www.apfelpatient.de\\\/en\\\/\"},\"headline\":\"Apple TV+: The Banker gewinnt bei NAACP Image Awards\",\"datePublished\":\"2021-03-27T14:42:42+00:00\",\"dateModified\":\"2025-10-14T14:03:16+00:00\",\"mainEntityOfPage\":{\"@id\":\"https:\\\/\\\/www.apfelpatient.de\\\/news\\\/apple-tv-the-banker-gewinnt-bei-naacp-image-awards\"},\"wordCount\":253,\"publisher\":{\"@type\":\"Organization\",\"@id\":\"https:\\\/\\\/www.apfelpatient.de\\\/en\\\/#organization\",\"name\":\"Apfelpatient\",\"url\":\"https:\\\/\\\/www.apfelpatient.de\\\/en\\\/\"},\"image\":{\"@id\":\"https:\\\/\\\/www.apfelpatient.de\\\/news\\\/apple-tv-the-banker-gewinnt-bei-naacp-image-awards#primaryimage\"},\"thumbnailUrl\":\"https:\\\/\\\/www.apfelpatient.de\\\/wp-content\\\/uploads\\\/2021\\\/03\\\/The_Banker_Unit_Photo_04-scaled.jpg\",\"keywords\":[\"Apple Dienste\",\"Apple TV\",\"Apple TV Plus\"],\"articleSection\":\"News\",\"inLanguage\":\"en-US\",\"copyrightYear\":\"2021\",\"copyrightHolder\":{\"@id\":\"https:\\\/\\\/www.apfelpatient.de\\\/en\\\/#organization\"}},{\"@type\":\"WebPage\",\"@id\":\"https:\\\/\\\/www.apfelpatient.de\\\/news\\\/apple-tv-the-banker-gewinnt-bei-naacp-image-awards\",\"url\":\"https:\\\/\\\/www.apfelpatient.de\\\/news\\\/apple-tv-the-banker-gewinnt-bei-naacp-image-awards\",\"name\":\"Apple TV+: The Banker gewinnt bei NAACP Image Awards Apfelpatient\",\"isPartOf\":{\"@id\":\"https:\\\/\\\/www.apfelpatient.de\\\/#website\"},\"primaryImageOfPage\":{\"@id\":\"https:\\\/\\\/www.apfelpatient.de\\\/news\\\/apple-tv-the-banker-gewinnt-bei-naacp-image-awards#primaryimage\"},\"image\":{\"@id\":\"https:\\\/\\\/www.apfelpatient.de\\\/news\\\/apple-tv-the-banker-gewinnt-bei-naacp-image-awards#primaryimage\"},\"thumbnailUrl\":\"https:\\\/\\\/www.apfelpatient.de\\\/wp-content\\\/uploads\\\/2021\\\/03\\\/The_Banker_Unit_Photo_04-scaled.jpg\",\"datePublished\":\"2021-03-27T14:42:42+00:00\",\"dateModified\":\"2025-10-14T14:03:16+00:00\",\"description\":\"Der Apple TV+ Film \\\"The Banker\\\" hat bei den NAACP Image Awards den Preis f\u00fcr \\\"Outstanding Independent Motion Picture\\\" gewonnen.\",\"breadcrumb\":{\"@id\":\"https:\\\/\\\/www.apfelpatient.de\\\/news\\\/apple-tv-the-banker-gewinnt-bei-naacp-image-awards#breadcrumb\"},\"inLanguage\":\"en-US\",\"potentialAction\":[{\"@type\":\"ReadAction\",\"target\":[\"https:\\\/\\\/www.apfelpatient.de\\\/news\\\/apple-tv-the-banker-gewinnt-bei-naacp-image-awards\"]}]},{\"@type\":\"ImageObject\",\"inLanguage\":\"en-US\",\"@id\":\"https:\\\/\\\/www.apfelpatient.de\\\/news\\\/apple-tv-the-banker-gewinnt-bei-naacp-image-awards#primaryimage\",\"url\":\"https:\\\/\\\/www.apfelpatient.de\\\/wp-content\\\/uploads\\\/2021\\\/03\\\/The_Banker_Unit_Photo_04-scaled.jpg\",\"contentUrl\":\"https:\\\/\\\/www.apfelpatient.de\\\/wp-content\\\/uploads\\\/2021\\\/03\\\/The_Banker_Unit_Photo_04-scaled.jpg\",\"width\":2560,\"height\":1707,\"caption\":\"Bild: Apple TV+\"},{\"@type\":\"BreadcrumbList\",\"@id\":\"https:\\\/\\\/www.apfelpatient.de\\\/news\\\/apple-tv-the-banker-gewinnt-bei-naacp-image-awards#breadcrumb\",\"itemListElement\":[{\"@type\":\"ListItem\",\"position\":1,\"name\":\"Startseite\",\"item\":\"https:\\\/\\\/www.apfelpatient.de\\\/\"},{\"@type\":\"ListItem\",\"position\":2,\"name\":\"Apple TV+: The Banker gewinnt bei NAACP Image Awards\"}]},{\"@type\":\"WebSite\",\"@id\":\"https:\\\/\\\/www.apfelpatient.de\\\/#website\",\"url\":\"https:\\\/\\\/www.apfelpatient.de\\\/\",\"name\":\"Apfelpatient\",\"description\":\"Alles rund um Apple!\",\"publisher\":{\"@type\":\"Organization\",\"@id\":\"https:\\\/\\\/www.apfelpatient.de\\\/en\\\/#organization\",\"name\":\"Apfelpatient\",\"url\":\"https:\\\/\\\/www.apfelpatient.de\\\/en\\\/\"},\"alternateName\":\"Apfelpatient\",\"potentialAction\":[{\"@type\":\"SearchAction\",\"target\":{\"@type\":\"EntryPoint\",\"urlTemplate\":\"https:\\\/\\\/www.apfelpatient.de\\\/?s={search_term_string}\"},\"query-input\":{\"@type\":\"PropertyValueSpecification\",\"valueRequired\":true,\"valueName\":\"search_term_string\"}}],\"inLanguage\":\"en-US\"},{\"@type\":[\"Person\",\"Organization\"],\"@id\":\"https:\\\/\\\/www.apfelpatient.de\\\/#\\\/schema\\\/person\\\/7dc56ad6c8e9824b76d2c08d4c140e13\",\"name\":\"Milan\",\"logo\":{\"@id\":\"https:\\\/\\\/www.apfelpatient.de\\\/#\\\/schema\\\/person\\\/image\\\/\"},\"description\":\"Hallo und herzlich willkommen auf meinem Technik-Blog! Als gro\u00dfer Apple-Fan berichte ich hier \u00fcber alles, was mit Apple zu tun hat: von den neuesten News und spannenden Ger\u00fcchten \u00fcber hilfreiche Tipps und Tricks bis hin zu ausf\u00fchrlichen Produkttests. Wenn du genauso technikbegeistert bist wie ich, bist du hier genau richtig!\",\"sameAs\":[\"https:\\\/\\\/www.facebook.com\\\/apfelpatientOfficial\",\"https:\\\/\\\/www.linkedin.com\\\/in\\\/milan-jovicic-42aa0231b\"],\"url\":\"https:\\\/\\\/www.apfelpatient.de\\\/en\\\/author\\\/apfeladmin\"}]}<\/script>\n<!-- \/ Yoast SEO Premium plugin. -->","yoast_head_json":{"title":"Apple TV+: The Banker wins at NAACP Image Awards Apfelpatient","description":"The Apple TV+ film &quot;The Banker&quot; won the award for &quot;Outstanding Independent Motion Picture&quot; at the NAACP Image Awards.","robots":{"index":"index","follow":"follow","max-snippet":"max-snippet:-1","max-image-preview":"max-image-preview:large","max-video-preview":"max-video-preview:-1"},"canonical":"https:\/\/www.apfelpatient.de\/en\/news\/apple-tv-the-banker-wins-naacp-image-awards","og_locale":"en_US","og_type":"article","og_title":"Apple TV+: The Banker gewinnt bei NAACP Image Awards","og_description":"Der Apple TV+ Film \"The Banker\" hat bei den NAACP Image Awards den Preis f\u00fcr \"Outstanding Independent Motion Picture\" gewonnen.","og_url":"https:\/\/www.apfelpatient.de\/en\/news\/apple-tv-the-banker-wins-naacp-image-awards","og_site_name":"Apfelpatient","article_publisher":"https:\/\/www.facebook.com\/apfelpatientOfficial","article_author":"https:\/\/www.facebook.com\/apfelpatientOfficial","article_published_time":"2021-03-27T14:42:42+00:00","article_modified_time":"2025-10-14T14:03:16+00:00","og_image":[{"width":2560,"height":1707,"url":"https:\/\/www.apfelpatient.de\/wp-content\/uploads\/2021\/03\/The_Banker_Unit_Photo_04-scaled.jpg","type":"image\/jpeg"}],"author":"Milan","twitter_card":"summary_large_image","twitter_description":"Der Apple TV+ Film \"The Banker\" hat bei den NAACP Image Awards den Preis f\u00fcr \"Outstanding Independent Motion Picture\" gewonnen.","twitter_misc":{"Written by":"Milan","Est. reading time":"2 minutes"},"schema":{"@context":"https:\/\/schema.org","@graph":[{"@type":"NewsArticle","@id":"https:\/\/www.apfelpatient.de\/news\/apple-tv-the-banker-gewinnt-bei-naacp-image-awards#article","isPartOf":{"@id":"https:\/\/www.apfelpatient.de\/news\/apple-tv-the-banker-gewinnt-bei-naacp-image-awards"},"author":{"@type":"Organization","@id":"https:\/\/www.apfelpatient.de\/en\/#organization","name":"Apfelpatient","url":"https:\/\/www.apfelpatient.de\/en\/"},"headline":"Apple TV+: The Banker gewinnt bei NAACP Image Awards","datePublished":"2021-03-27T14:42:42+00:00","dateModified":"2025-10-14T14:03:16+00:00","mainEntityOfPage":{"@id":"https:\/\/www.apfelpatient.de\/news\/apple-tv-the-banker-gewinnt-bei-naacp-image-awards"},"wordCount":253,"publisher":{"@type":"Organization","@id":"https:\/\/www.apfelpatient.de\/en\/#organization","name":"Apfelpatient","url":"https:\/\/www.apfelpatient.de\/en\/"},"image":{"@id":"https:\/\/www.apfelpatient.de\/news\/apple-tv-the-banker-gewinnt-bei-naacp-image-awards#primaryimage"},"thumbnailUrl":"https:\/\/www.apfelpatient.de\/wp-content\/uploads\/2021\/03\/The_Banker_Unit_Photo_04-scaled.jpg","keywords":["Apple Dienste","Apple TV","Apple TV Plus"],"articleSection":"News","inLanguage":"en-US","copyrightYear":"2021","copyrightHolder":{"@id":"https:\/\/www.apfelpatient.de\/en\/#organization"}},{"@type":"WebPage","@id":"https:\/\/www.apfelpatient.de\/news\/apple-tv-the-banker-gewinnt-bei-naacp-image-awards","url":"https:\/\/www.apfelpatient.de\/news\/apple-tv-the-banker-gewinnt-bei-naacp-image-awards","name":"Apple TV+: The Banker wins at NAACP Image Awards Apfelpatient","isPartOf":{"@id":"https:\/\/www.apfelpatient.de\/#website"},"primaryImageOfPage":{"@id":"https:\/\/www.apfelpatient.de\/news\/apple-tv-the-banker-gewinnt-bei-naacp-image-awards#primaryimage"},"image":{"@id":"https:\/\/www.apfelpatient.de\/news\/apple-tv-the-banker-gewinnt-bei-naacp-image-awards#primaryimage"},"thumbnailUrl":"https:\/\/www.apfelpatient.de\/wp-content\/uploads\/2021\/03\/The_Banker_Unit_Photo_04-scaled.jpg","datePublished":"2021-03-27T14:42:42+00:00","dateModified":"2025-10-14T14:03:16+00:00","description":"The Apple TV+ film &quot;The Banker&quot; won the award for &quot;Outstanding Independent Motion Picture&quot; at the NAACP Image Awards.","breadcrumb":{"@id":"https:\/\/www.apfelpatient.de\/news\/apple-tv-the-banker-gewinnt-bei-naacp-image-awards#breadcrumb"},"inLanguage":"en-US","potentialAction":[{"@type":"ReadAction","target":["https:\/\/www.apfelpatient.de\/news\/apple-tv-the-banker-gewinnt-bei-naacp-image-awards"]}]},{"@type":"ImageObject","inLanguage":"en-US","@id":"https:\/\/www.apfelpatient.de\/news\/apple-tv-the-banker-gewinnt-bei-naacp-image-awards#primaryimage","url":"https:\/\/www.apfelpatient.de\/wp-content\/uploads\/2021\/03\/The_Banker_Unit_Photo_04-scaled.jpg","contentUrl":"https:\/\/www.apfelpatient.de\/wp-content\/uploads\/2021\/03\/The_Banker_Unit_Photo_04-scaled.jpg","width":2560,"height":1707,"caption":"Bild: Apple TV+"},{"@type":"BreadcrumbList","@id":"https:\/\/www.apfelpatient.de\/news\/apple-tv-the-banker-gewinnt-bei-naacp-image-awards#breadcrumb","itemListElement":[{"@type":"ListItem","position":1,"name":"Startseite","item":"https:\/\/www.apfelpatient.de\/"},{"@type":"ListItem","position":2,"name":"Apple TV+: The Banker gewinnt bei NAACP Image Awards"}]},{"@type":"WebSite","@id":"https:\/\/www.apfelpatient.de\/#website","url":"https:\/\/www.apfelpatient.de\/","name":"apple patient","description":"Everything about Apple!","publisher":{"@type":"Organization","@id":"https:\/\/www.apfelpatient.de\/en\/#organization","name":"Apfelpatient","url":"https:\/\/www.apfelpatient.de\/en\/"},"alternateName":"Apfelpatient","potentialAction":[{"@type":"SearchAction","target":{"@type":"EntryPoint","urlTemplate":"https:\/\/www.apfelpatient.de\/?s={search_term_string}"},"query-input":{"@type":"PropertyValueSpecification","valueRequired":true,"valueName":"search_term_string"}}],"inLanguage":"en-US"},{"@type":["Person","Organization"],"@id":"https:\/\/www.apfelpatient.de\/#\/schema\/person\/7dc56ad6c8e9824b76d2c08d4c140e13","name":"Milan","logo":{"@id":"https:\/\/www.apfelpatient.de\/#\/schema\/person\/image\/"},"description":"Hello and welcome to my technology blog! As a big Apple fan, I report on everything to do with Apple: from the latest news and exciting rumors to helpful tips and tricks and detailed product tests. If you are as enthusiastic about technology as I am, you have come to the right place!","sameAs":["https:\/\/www.facebook.com\/apfelpatientOfficial","https:\/\/www.linkedin.com\/in\/milan-jovicic-42aa0231b"],"url":"https:\/\/www.apfelpatient.de\/en\/author\/apfeladmin"}]}},"_links":{"self":[{"href":"https:\/\/www.apfelpatient.de\/en\/wp-json\/wp\/v2\/posts\/20752","targetHints":{"allow":["GET"]}}],"collection":[{"href":"https:\/\/www.apfelpatient.de\/en\/wp-json\/wp\/v2\/posts"}],"about":[{"href":"https:\/\/www.apfelpatient.de\/en\/wp-json\/wp\/v2\/types\/post"}],"author":[{"embeddable":true,"href":"https:\/\/www.apfelpatient.de\/en\/wp-json\/wp\/v2\/users\/2"}],"replies":[{"embeddable":true,"href":"https:\/\/www.apfelpatient.de\/en\/wp-json\/wp\/v2\/comments?post=20752"}],"version-history":[{"count":0,"href":"https:\/\/www.apfelpatient.de\/en\/wp-json\/wp\/v2\/posts\/20752\/revisions"}],"wp:featuredmedia":[{"embeddable":true,"href":"https:\/\/www.apfelpatient.de\/en\/wp-json\/wp\/v2\/media\/20749"}],"wp:attachment":[{"href":"https:\/\/www.apfelpatient.de\/en\/wp-json\/wp\/v2\/media?parent=20752"}],"wp:term":[{"taxonomy":"category","embeddable":true,"href":"https:\/\/www.apfelpatient.de\/en\/wp-json\/wp\/v2\/categories?post=20752"},{"taxonomy":"post_tag","embeddable":true,"href":"https:\/\/www.apfelpatient.de\/en\/wp-json\/wp\/v2\/tags?post=20752"}],"curies":[{"name":"wp","href":"https:\/\/api.w.org\/{rel}","templated":true}]}}