{"id":20716,"date":"2021-03-25T18:40:16","date_gmt":"2021-03-25T17:40:16","guid":{"rendered":"https:\/\/www.apfelpatient.de\/?p=20716"},"modified":"2021-04-02T12:39:49","modified_gmt":"2021-04-02T10:39:49","slug":"new-ipad-pro-airtags-and-more-what-will-apple-introduce-this-spring","status":"publish","type":"post","link":"https:\/\/www.apfelpatient.de\/en\/allgemein\/neues-ipad-pro-airtags-und-mehr-was-wird-apple-im-fruehjahr-vorstellen","title":{"rendered":"New iPad Pro, AirTags and more: What will Apple unveil this spring?"},"content":{"rendered":"<p class=\"has-drop-cap\"><strong>Many fans are asking themselves whether Apple will be holding an event this spring to present new products. Let's analyze the rumors again.<\/strong><\/p>\n\n\n\n<p>Apple was originally expected to hold a virtual event in March. All leakers at least held out the prospect of this. However, as it turned out - no Apple event in March. According to reports, Apple deliberately spread the rumor in order to expose moles in the company. <a href=\"https:\/\/www.apfelpatient.de\/en\/rumors\/event-on-march-23rd-apple-deliberately-deceived-leakers\">more about it here<\/a>. Be that as it may. Some sources now believe that Apple wants to hold an event in April. But what could the company present at this virtual keynote?&nbsp;<\/p>\n\n\n\n<h3 class=\"wp-block-heading\" id=\"h-erscheinen-neue-ipad-pro-modelle-bereits-im-april\">Will new iPad Pro models be released in April?<\/h3>\n\n\n\n\n\n\n\n<p>For weeks, the rumor mill has been dominated by reports about new iPad Pro models. It is expected that the MiniLED backlight will be integrated into the 12.9-inch iPad Pro first, followed by the 11-inch model. Observers also believe that the casing design will be similar to its predecessor. Inside, however, the fifth generation will be significantly upgraded. Apple is expected to use the A14X chip. According to reports, this processor will be on a par with the M1 chip. Interestingly, the new chip was only recently leaked. In addition, Bloomberg has already reported that the new iPad Pro series will be released in April. The report also mentioned that the new iPad Pros will feature Thunderbolt connectivity for the first time - thanks to the new processor. If so, this innovation would open the door for additional accessories, including external displays, storage and more.<\/p>\n\n\n\n<h3 class=\"wp-block-heading\" id=\"h-ipad-mini-der-sechsten-generation\">Sixth generation iPad mini<\/h3>\n\n\n\n<p>In addition to the Pro series, Apple could also refresh the iPad mini. At least that's what various sources suggest. The small tablet was last updated in March 2019 and is in urgent need of an update. In addition to more power, the device could receive a slightly larger display thanks to a narrower frame. In addition, the iPad mini 6 will also rely on Lightning and retain Touch ID.<\/p>\n\n\n\n<h3 class=\"wp-block-heading\" id=\"h-ist-ein-neuer-apple-tv-geplant\">Is a new Apple TV planned?<\/h3>\n\n\n\n<p>Apple last updated the Apple TV in 2017. The Apple TV 4K was presented at that time. While many users are very satisfied with the device, observers are expecting an update due to Apple Arcade. It is reported that Apple is developing a more powerful device in order to be able to offer significantly more demanding games in the future. The focus is therefore on performance. However, the remote control is also to be revised as part of this. However, a presentation in April is not very likely - at least there are no concrete indications of this. However, there is still speculation, so let's take note.<\/p>\n\n\n\n<h3 class=\"wp-block-heading\" id=\"h-airtags-wird-apple-das-neue-zubeh-r-vorstellen\">AirTags - Will Apple introduce the new accessory?<\/h3>\n\n\n\n<p>AirTags were leaked back in 2019 and have been with us for a long time. The introduction of the small trackers has been promised time and again - but in vain. Based on the latest <a href=\"https:\/\/www.apfelpatient.de\/en\/news\/airtags-ios-14-5-beta-3-contains-item-safety-feature\">Hints<\/a> in the iOS 14.5 beta and reports from reputable sources, the launch could be just around the corner. Accordingly, a presentation this year cannot be ruled out. As a reminder: \"AirTags\" are coin-sized trackers that users can attach to objects they fear they might misplace or lose. Using the same \"Find My\" app as when tracking a lost iPhone or iPad, the accessory can be used to track the location of said items that do not have built-in tracking capabilities.<\/p>\n\n\n\n<h3 class=\"wp-block-heading\" id=\"h-airtags-ios-14-5-ebnet-den-weg-f-r-das-zubeh-r\">AirTags - iOS 14.5 paves the way for the accessory<\/h3>\n\n\n\n\n\n\n\n<p>The classic solution could be a pocket. Using a combination of Bluetooth and ultra-wideband technology, the position of the token can be determined in public by other people's iPhones. The encrypted ping is reported back to the owner via the iCloud, who can then use the \"Find My\" app to help locate it. Under iOS 14.5, the application has a section called \"Objects\". Both AirTags and third-party devices can be stored in this area. Due to the fact that this section has been added, some now believe that Apple will finally introduce AirTags. At least it increases the chances, right? In addition, there are statements from leakers that promise an imminent presentation. With iOS 14.5 paving the way for the product, an imminent launch is not completely out of the question.<\/p>\n\n\n\n<h3 class=\"wp-block-heading\" id=\"h-imac-in-brandneuem-design\">iMac in a brand new design<\/h3>\n\n\n\n<p>Last year, Apple announced that it would be upgrading the entire Mac range to Apple Silicon over the next two years. Given this tight timeframe and the breadth of the product range, it seems plausible that Apple will soon update other Mac models. Corresponding references in macOS Big Sur 11.3 at least suggest this. There have been repeated reports of a 24\u2033 iMac with a design reminiscent of Apple's Pro Display XDR. The device could be equipped with the successor to the M1 processor - possibly the M1X or M2 chip? But what else speaks for an imminent presentation? Apple recently announced the iMac Pro and certain configurations of the 21.5-inch iMac <a href=\"https:\/\/www.apfelpatient.de\/en\/news\/21-5-inch-imac-apple-introduces-further-versions\">set<\/a>.<\/p>\n\n\n\n<h3 class=\"wp-block-heading\" id=\"h-ios-14-5-wann-erscheint-die-finale-version\">iOS 14.5 - When will the final version be released?<\/h3>\n\n\n\n<p>Whether Apple will actually present new hardware in April remains largely open. In the end, only Apple can answer this question with certainty. In terms of iOS 14.5, however, things look a little different. The new software update is currently in its fifth beta. According to Apple, the update will be released \"early spring\". It can therefore be assumed that iOS 14.5 will be released sometime in April. The new features include functional enhancements, more emojis and improved data protection.<\/p>\n\n\n\n<p>Whether Apple will hold an April event this year remains to be seen for the most part. Again, if such an event does take place, we expect it to be completely virtual due to the COVID-19 pandemic. Alternatively, it is also possible that new products will be launched via <a href=\"https:\/\/www.apple.com\/newsroom\/\" target=\"_blank\" rel=\"noreferrer noopener\">Press releases<\/a> will be introduced. Whichever way Apple decides to go - you're guaranteed not to miss it with us. After all, that's what our dynamic events section is for. (Image: Apple)<\/p>\n\n\n\n<h6 class=\"wp-block-heading translation-block\" id=\"h-kennt-ihr-schon-unsere-amazon-storefront-dort-findet-ihr-eine-handverlesene-auswahl-von-diversen-produkten-f-r-euer-iphone-und-co-viel-spa-beim-st-bern\"><em>Have you already visited our Amazon Storefront? There you&#039;ll find a hand-picked selection of various products for your iPhone and other devices \u2013 <span class=\"has-inline-color has-vivid-red-color\"><a href=\"https:\/\/www.amazon.de\/shop\/apfelpatientofficial\" class=\"ek-link\" data-wpel-link=\"exclude\" rel=\"follow noopener\" target=\"_self\"><span style=\"text-decoration: underline\" class=\"ek-underline\">enjoy browsing<\/span><\/a> !<\/span><\/em><\/h6>\n\n\n\n<h6 class=\"wp-block-heading translation-block\" id=\"h-der-beitrag-enthalt-partnerlinks\">This post contains <a data-type=\"URL\" data-id=\"https:\/\/www.apfelpatient.de\/partnerprogramm\" href=\"https:\/\/www.apfelpatient.de\/en\/partner-program\" data-wpel-link=\"internal\" target=\"_self\">affiliate links<\/a>.<\/h6>","protected":false},"excerpt":{"rendered":"<p>iPad Pro: Many fans are wondering whether Apple will hold an event this spring to present new products.<\/p>","protected":false},"author":2,"featured_media":18693,"comment_status":"closed","ping_status":"closed","sticky":false,"template":"","format":"standard","meta":{"jnews-multi-image_gallery":[],"jnews_single_post":{"subtitle":"","format":"standard","video":"","gallery":"","source_name":"","source_url":"","via_name":"","via_url":"","override":[{"single_blog_custom":"","sidebar":"","second_sidebar":"","share_position":"","share_float_style":"","post_date_format":"","post_date_format_custom":"","post_reading_time_wpm":"","zoom_button_out_step":"1","zoom_button_in_step":"1","number_popup_post":"1"}],"image_override":[{"single_post_thumbnail_size":"","single_post_gallery_size":""}],"trending_post_position":"","trending_post_label":"","sponsored_post_label":"","sponsored_post_name":"","sponsored_post_url":"","sponsored_post_logo":"","sponsored_post_desc":""},"jnews_primary_category":{"id":"2"},"footnotes":""},"categories":[2],"tags":[328,86,156,3,574,18,40],"class_list":["post-20716","post","type-post","status-publish","format-standard","has-post-thumbnail","hentry","category-allgemein","tag-airtag","tag-apple-event","tag-apple-tv","tag-ios","tag-ios-14-5","tag-ipad","tag-mac"],"yoast_head":"<!-- This site is optimized with the Yoast SEO Premium plugin v27.5 (Yoast SEO v27.5) - https:\/\/yoast.com\/product\/yoast-seo-premium-wordpress\/ -->\n<title>Neues iPad Pro, AirTags und mehr: Was wird Apple im Fr\u00fchjahr vorstellen?<\/title>\n<meta name=\"description\" content=\"iPad Pro: Die Frage, ob Apple in diesem Fr\u00fchjahr ein Event veranstalten und dabei neue Produkte vorstellen wird, stellen sich viele Fans.\" \/>\n<meta name=\"robots\" content=\"index, follow, max-snippet:-1, max-image-preview:large, max-video-preview:-1\" \/>\n<link rel=\"canonical\" href=\"https:\/\/www.apfelpatient.de\/en\/generally\/new-ipad-pro-airtags-and-more-what-will-apple-introduce-this-spring\" \/>\n<meta property=\"og:locale\" content=\"en_US\" \/>\n<meta property=\"og:type\" content=\"article\" \/>\n<meta property=\"og:title\" content=\"Neues iPad Pro, AirTags und mehr: Was wird Apple im Fr\u00fchjahr vorstellen?\" \/>\n<meta property=\"og:description\" content=\"iPad Pro: Die Frage, ob Apple in diesem Fr\u00fchjahr ein Event veranstalten und dabei neue Produkte vorstellen wird, stellen sich viele Fans.\" \/>\n<meta property=\"og:url\" content=\"https:\/\/www.apfelpatient.de\/en\/generally\/new-ipad-pro-airtags-and-more-what-will-apple-introduce-this-spring\" \/>\n<meta property=\"og:site_name\" content=\"Apfelpatient\" \/>\n<meta property=\"article:publisher\" content=\"https:\/\/www.facebook.com\/apfelpatientOfficial\" \/>\n<meta property=\"article:author\" content=\"https:\/\/www.facebook.com\/apfelpatientOfficial\" \/>\n<meta property=\"article:published_time\" content=\"2021-03-25T17:40:16+00:00\" \/>\n<meta property=\"article:modified_time\" content=\"2021-04-02T10:39:49+00:00\" \/>\n<meta property=\"og:image\" content=\"https:\/\/www.apfelpatient.de\/wp-content\/uploads\/2021\/01\/apple_wwdc-daily-recap_jenny-chen_06222020-scaled.jpg\" \/>\n\t<meta property=\"og:image:width\" content=\"2560\" \/>\n\t<meta property=\"og:image:height\" content=\"1706\" \/>\n\t<meta property=\"og:image:type\" content=\"image\/jpeg\" \/>\n<meta name=\"author\" content=\"Milan\" \/>\n<meta name=\"twitter:card\" content=\"summary_large_image\" \/>\n<meta name=\"twitter:description\" content=\"iPad Pro: Die Frage, ob Apple in diesem Fr\u00fchjahr ein Event veranstalten und dabei neue Produkte vorstellen wird, stellen sich viele Fans.\" \/>\n<meta name=\"twitter:label1\" content=\"Written by\" \/>\n\t<meta name=\"twitter:data1\" content=\"Milan\" \/>\n\t<meta name=\"twitter:label2\" content=\"Est. reading time\" \/>\n\t<meta name=\"twitter:data2\" content=\"5 minutes\" \/>\n<script type=\"application\/ld+json\" class=\"yoast-schema-graph\">{\"@context\":\"https:\\\/\\\/schema.org\",\"@graph\":[{\"@type\":\"NewsArticle\",\"@id\":\"https:\\\/\\\/www.apfelpatient.de\\\/allgemein\\\/neues-ipad-pro-airtags-und-mehr-was-wird-apple-im-fruehjahr-vorstellen#article\",\"isPartOf\":{\"@id\":\"https:\\\/\\\/www.apfelpatient.de\\\/allgemein\\\/neues-ipad-pro-airtags-und-mehr-was-wird-apple-im-fruehjahr-vorstellen\"},\"author\":{\"@type\":\"Organization\",\"@id\":\"https:\\\/\\\/www.apfelpatient.de\\\/en\\\/#organization\",\"name\":\"Apfelpatient\",\"url\":\"https:\\\/\\\/www.apfelpatient.de\\\/en\\\/\"},\"headline\":\"Neues iPad Pro, AirTags und mehr: Was wird Apple im Fr\u00fchjahr vorstellen?\",\"datePublished\":\"2021-03-25T17:40:16+00:00\",\"dateModified\":\"2021-04-02T10:39:49+00:00\",\"mainEntityOfPage\":{\"@id\":\"https:\\\/\\\/www.apfelpatient.de\\\/allgemein\\\/neues-ipad-pro-airtags-und-mehr-was-wird-apple-im-fruehjahr-vorstellen\"},\"wordCount\":1030,\"publisher\":{\"@type\":\"Organization\",\"@id\":\"https:\\\/\\\/www.apfelpatient.de\\\/en\\\/#organization\",\"name\":\"Apfelpatient\",\"url\":\"https:\\\/\\\/www.apfelpatient.de\\\/en\\\/\"},\"image\":{\"@id\":\"https:\\\/\\\/www.apfelpatient.de\\\/allgemein\\\/neues-ipad-pro-airtags-und-mehr-was-wird-apple-im-fruehjahr-vorstellen#primaryimage\"},\"thumbnailUrl\":\"https:\\\/\\\/www.apfelpatient.de\\\/wp-content\\\/uploads\\\/2021\\\/01\\\/apple_wwdc-daily-recap_jenny-chen_06222020-scaled.jpg\",\"keywords\":[\"AirTags\",\"Apple Event\",\"Apple TV\",\"iOS\",\"iOS 14.5\",\"iPad\",\"Mac\"],\"articleSection\":\"Allgemein\",\"inLanguage\":\"en-US\",\"copyrightYear\":\"2021\",\"copyrightHolder\":{\"@id\":\"https:\\\/\\\/www.apfelpatient.de\\\/en\\\/#organization\"}},{\"@type\":\"WebPage\",\"@id\":\"https:\\\/\\\/www.apfelpatient.de\\\/allgemein\\\/neues-ipad-pro-airtags-und-mehr-was-wird-apple-im-fruehjahr-vorstellen\",\"url\":\"https:\\\/\\\/www.apfelpatient.de\\\/allgemein\\\/neues-ipad-pro-airtags-und-mehr-was-wird-apple-im-fruehjahr-vorstellen\",\"name\":\"Neues iPad Pro, AirTags und mehr: Was wird Apple im Fr\u00fchjahr vorstellen?\",\"isPartOf\":{\"@id\":\"https:\\\/\\\/www.apfelpatient.de\\\/#website\"},\"primaryImageOfPage\":{\"@id\":\"https:\\\/\\\/www.apfelpatient.de\\\/allgemein\\\/neues-ipad-pro-airtags-und-mehr-was-wird-apple-im-fruehjahr-vorstellen#primaryimage\"},\"image\":{\"@id\":\"https:\\\/\\\/www.apfelpatient.de\\\/allgemein\\\/neues-ipad-pro-airtags-und-mehr-was-wird-apple-im-fruehjahr-vorstellen#primaryimage\"},\"thumbnailUrl\":\"https:\\\/\\\/www.apfelpatient.de\\\/wp-content\\\/uploads\\\/2021\\\/01\\\/apple_wwdc-daily-recap_jenny-chen_06222020-scaled.jpg\",\"datePublished\":\"2021-03-25T17:40:16+00:00\",\"dateModified\":\"2021-04-02T10:39:49+00:00\",\"description\":\"iPad Pro: Die Frage, ob Apple in diesem Fr\u00fchjahr ein Event veranstalten und dabei neue Produkte vorstellen wird, stellen sich viele Fans.\",\"breadcrumb\":{\"@id\":\"https:\\\/\\\/www.apfelpatient.de\\\/allgemein\\\/neues-ipad-pro-airtags-und-mehr-was-wird-apple-im-fruehjahr-vorstellen#breadcrumb\"},\"inLanguage\":\"en-US\",\"potentialAction\":[{\"@type\":\"ReadAction\",\"target\":[\"https:\\\/\\\/www.apfelpatient.de\\\/allgemein\\\/neues-ipad-pro-airtags-und-mehr-was-wird-apple-im-fruehjahr-vorstellen\"]}]},{\"@type\":\"ImageObject\",\"inLanguage\":\"en-US\",\"@id\":\"https:\\\/\\\/www.apfelpatient.de\\\/allgemein\\\/neues-ipad-pro-airtags-und-mehr-was-wird-apple-im-fruehjahr-vorstellen#primaryimage\",\"url\":\"https:\\\/\\\/www.apfelpatient.de\\\/wp-content\\\/uploads\\\/2021\\\/01\\\/apple_wwdc-daily-recap_jenny-chen_06222020-scaled.jpg\",\"contentUrl\":\"https:\\\/\\\/www.apfelpatient.de\\\/wp-content\\\/uploads\\\/2021\\\/01\\\/apple_wwdc-daily-recap_jenny-chen_06222020-scaled.jpg\",\"width\":2560,\"height\":1706,\"caption\":\"Bild: Apple\"},{\"@type\":\"BreadcrumbList\",\"@id\":\"https:\\\/\\\/www.apfelpatient.de\\\/allgemein\\\/neues-ipad-pro-airtags-und-mehr-was-wird-apple-im-fruehjahr-vorstellen#breadcrumb\",\"itemListElement\":[{\"@type\":\"ListItem\",\"position\":1,\"name\":\"Startseite\",\"item\":\"https:\\\/\\\/www.apfelpatient.de\\\/\"},{\"@type\":\"ListItem\",\"position\":2,\"name\":\"Neues iPad Pro, AirTags und mehr: Was wird Apple im Fr\u00fchjahr vorstellen?\"}]},{\"@type\":\"WebSite\",\"@id\":\"https:\\\/\\\/www.apfelpatient.de\\\/#website\",\"url\":\"https:\\\/\\\/www.apfelpatient.de\\\/\",\"name\":\"Apfelpatient\",\"description\":\"Alles rund um Apple!\",\"publisher\":{\"@type\":\"Organization\",\"@id\":\"https:\\\/\\\/www.apfelpatient.de\\\/en\\\/#organization\",\"name\":\"Apfelpatient\",\"url\":\"https:\\\/\\\/www.apfelpatient.de\\\/en\\\/\"},\"alternateName\":\"Apfelpatient\",\"potentialAction\":[{\"@type\":\"SearchAction\",\"target\":{\"@type\":\"EntryPoint\",\"urlTemplate\":\"https:\\\/\\\/www.apfelpatient.de\\\/?s={search_term_string}\"},\"query-input\":{\"@type\":\"PropertyValueSpecification\",\"valueRequired\":true,\"valueName\":\"search_term_string\"}}],\"inLanguage\":\"en-US\"},{\"@type\":[\"Person\",\"Organization\"],\"@id\":\"https:\\\/\\\/www.apfelpatient.de\\\/#\\\/schema\\\/person\\\/35b3ddba5832f2bfc7fff5206d4f6b7b\",\"name\":\"Milan\",\"logo\":{\"@id\":\"https:\\\/\\\/www.apfelpatient.de\\\/#\\\/schema\\\/person\\\/image\\\/\"},\"description\":\"Hallo und herzlich willkommen auf meinem Technik-Blog! Als gro\u00dfer Apple-Fan berichte ich hier \u00fcber alles, was mit Apple zu tun hat: von den neuesten News und spannenden Ger\u00fcchten \u00fcber hilfreiche Tipps und Tricks bis hin zu ausf\u00fchrlichen Produkttests. Wenn du genauso technikbegeistert bist wie ich, bist du hier genau richtig!\",\"sameAs\":[\"https:\\\/\\\/www.facebook.com\\\/apfelpatientOfficial\",\"https:\\\/\\\/www.linkedin.com\\\/in\\\/milan-jovicic-42aa0231b\"],\"url\":\"https:\\\/\\\/www.apfelpatient.de\\\/en\\\/author\\\/apfeladmin\"}]}<\/script>\n<!-- \/ Yoast SEO Premium plugin. -->","yoast_head_json":{"title":"New iPad Pro, AirTags and more: What will Apple unveil this spring?","description":"iPad Pro: Many fans are wondering whether Apple will hold an event this spring to present new products.","robots":{"index":"index","follow":"follow","max-snippet":"max-snippet:-1","max-image-preview":"max-image-preview:large","max-video-preview":"max-video-preview:-1"},"canonical":"https:\/\/www.apfelpatient.de\/en\/generally\/new-ipad-pro-airtags-and-more-what-will-apple-introduce-this-spring","og_locale":"en_US","og_type":"article","og_title":"Neues iPad Pro, AirTags und mehr: Was wird Apple im Fr\u00fchjahr vorstellen?","og_description":"iPad Pro: Die Frage, ob Apple in diesem Fr\u00fchjahr ein Event veranstalten und dabei neue Produkte vorstellen wird, stellen sich viele Fans.","og_url":"https:\/\/www.apfelpatient.de\/en\/generally\/new-ipad-pro-airtags-and-more-what-will-apple-introduce-this-spring","og_site_name":"Apfelpatient","article_publisher":"https:\/\/www.facebook.com\/apfelpatientOfficial","article_author":"https:\/\/www.facebook.com\/apfelpatientOfficial","article_published_time":"2021-03-25T17:40:16+00:00","article_modified_time":"2021-04-02T10:39:49+00:00","og_image":[{"width":2560,"height":1706,"url":"https:\/\/www.apfelpatient.de\/wp-content\/uploads\/2021\/01\/apple_wwdc-daily-recap_jenny-chen_06222020-scaled.jpg","type":"image\/jpeg"}],"author":"Milan","twitter_card":"summary_large_image","twitter_description":"iPad Pro: Die Frage, ob Apple in diesem Fr\u00fchjahr ein Event veranstalten und dabei neue Produkte vorstellen wird, stellen sich viele Fans.","twitter_misc":{"Written by":"Milan","Est. reading time":"5 minutes"},"schema":{"@context":"https:\/\/schema.org","@graph":[{"@type":"NewsArticle","@id":"https:\/\/www.apfelpatient.de\/allgemein\/neues-ipad-pro-airtags-und-mehr-was-wird-apple-im-fruehjahr-vorstellen#article","isPartOf":{"@id":"https:\/\/www.apfelpatient.de\/allgemein\/neues-ipad-pro-airtags-und-mehr-was-wird-apple-im-fruehjahr-vorstellen"},"author":{"@type":"Organization","@id":"https:\/\/www.apfelpatient.de\/en\/#organization","name":"Apfelpatient","url":"https:\/\/www.apfelpatient.de\/en\/"},"headline":"Neues iPad Pro, AirTags und mehr: Was wird Apple im Fr\u00fchjahr vorstellen?","datePublished":"2021-03-25T17:40:16+00:00","dateModified":"2021-04-02T10:39:49+00:00","mainEntityOfPage":{"@id":"https:\/\/www.apfelpatient.de\/allgemein\/neues-ipad-pro-airtags-und-mehr-was-wird-apple-im-fruehjahr-vorstellen"},"wordCount":1030,"publisher":{"@type":"Organization","@id":"https:\/\/www.apfelpatient.de\/en\/#organization","name":"Apfelpatient","url":"https:\/\/www.apfelpatient.de\/en\/"},"image":{"@id":"https:\/\/www.apfelpatient.de\/allgemein\/neues-ipad-pro-airtags-und-mehr-was-wird-apple-im-fruehjahr-vorstellen#primaryimage"},"thumbnailUrl":"https:\/\/www.apfelpatient.de\/wp-content\/uploads\/2021\/01\/apple_wwdc-daily-recap_jenny-chen_06222020-scaled.jpg","keywords":["AirTags","Apple Event","Apple TV","iOS","iOS 14.5","iPad","Mac"],"articleSection":"Allgemein","inLanguage":"en-US","copyrightYear":"2021","copyrightHolder":{"@id":"https:\/\/www.apfelpatient.de\/en\/#organization"}},{"@type":"WebPage","@id":"https:\/\/www.apfelpatient.de\/allgemein\/neues-ipad-pro-airtags-und-mehr-was-wird-apple-im-fruehjahr-vorstellen","url":"https:\/\/www.apfelpatient.de\/allgemein\/neues-ipad-pro-airtags-und-mehr-was-wird-apple-im-fruehjahr-vorstellen","name":"New iPad Pro, AirTags and more: What will Apple unveil this spring?","isPartOf":{"@id":"https:\/\/www.apfelpatient.de\/#website"},"primaryImageOfPage":{"@id":"https:\/\/www.apfelpatient.de\/allgemein\/neues-ipad-pro-airtags-und-mehr-was-wird-apple-im-fruehjahr-vorstellen#primaryimage"},"image":{"@id":"https:\/\/www.apfelpatient.de\/allgemein\/neues-ipad-pro-airtags-und-mehr-was-wird-apple-im-fruehjahr-vorstellen#primaryimage"},"thumbnailUrl":"https:\/\/www.apfelpatient.de\/wp-content\/uploads\/2021\/01\/apple_wwdc-daily-recap_jenny-chen_06222020-scaled.jpg","datePublished":"2021-03-25T17:40:16+00:00","dateModified":"2021-04-02T10:39:49+00:00","description":"iPad Pro: Many fans are wondering whether Apple will hold an event this spring to present new products.","breadcrumb":{"@id":"https:\/\/www.apfelpatient.de\/allgemein\/neues-ipad-pro-airtags-und-mehr-was-wird-apple-im-fruehjahr-vorstellen#breadcrumb"},"inLanguage":"en-US","potentialAction":[{"@type":"ReadAction","target":["https:\/\/www.apfelpatient.de\/allgemein\/neues-ipad-pro-airtags-und-mehr-was-wird-apple-im-fruehjahr-vorstellen"]}]},{"@type":"ImageObject","inLanguage":"en-US","@id":"https:\/\/www.apfelpatient.de\/allgemein\/neues-ipad-pro-airtags-und-mehr-was-wird-apple-im-fruehjahr-vorstellen#primaryimage","url":"https:\/\/www.apfelpatient.de\/wp-content\/uploads\/2021\/01\/apple_wwdc-daily-recap_jenny-chen_06222020-scaled.jpg","contentUrl":"https:\/\/www.apfelpatient.de\/wp-content\/uploads\/2021\/01\/apple_wwdc-daily-recap_jenny-chen_06222020-scaled.jpg","width":2560,"height":1706,"caption":"Bild: Apple"},{"@type":"BreadcrumbList","@id":"https:\/\/www.apfelpatient.de\/allgemein\/neues-ipad-pro-airtags-und-mehr-was-wird-apple-im-fruehjahr-vorstellen#breadcrumb","itemListElement":[{"@type":"ListItem","position":1,"name":"Startseite","item":"https:\/\/www.apfelpatient.de\/"},{"@type":"ListItem","position":2,"name":"Neues iPad Pro, AirTags und mehr: Was wird Apple im Fr\u00fchjahr vorstellen?"}]},{"@type":"WebSite","@id":"https:\/\/www.apfelpatient.de\/#website","url":"https:\/\/www.apfelpatient.de\/","name":"apple patient","description":"Everything about Apple!","publisher":{"@type":"Organization","@id":"https:\/\/www.apfelpatient.de\/en\/#organization","name":"Apfelpatient","url":"https:\/\/www.apfelpatient.de\/en\/"},"alternateName":"Apfelpatient","potentialAction":[{"@type":"SearchAction","target":{"@type":"EntryPoint","urlTemplate":"https:\/\/www.apfelpatient.de\/?s={search_term_string}"},"query-input":{"@type":"PropertyValueSpecification","valueRequired":true,"valueName":"search_term_string"}}],"inLanguage":"en-US"},{"@type":["Person","Organization"],"@id":"https:\/\/www.apfelpatient.de\/#\/schema\/person\/35b3ddba5832f2bfc7fff5206d4f6b7b","name":"Milan","logo":{"@id":"https:\/\/www.apfelpatient.de\/#\/schema\/person\/image\/"},"description":"Hello and welcome to my technology blog! As a big Apple fan, I report on everything to do with Apple: from the latest news and exciting rumors to helpful tips and tricks and detailed product tests. If you are as enthusiastic about technology as I am, you have come to the right place!","sameAs":["https:\/\/www.facebook.com\/apfelpatientOfficial","https:\/\/www.linkedin.com\/in\/milan-jovicic-42aa0231b"],"url":"https:\/\/www.apfelpatient.de\/en\/author\/apfeladmin"}]}},"_links":{"self":[{"href":"https:\/\/www.apfelpatient.de\/en\/wp-json\/wp\/v2\/posts\/20716","targetHints":{"allow":["GET"]}}],"collection":[{"href":"https:\/\/www.apfelpatient.de\/en\/wp-json\/wp\/v2\/posts"}],"about":[{"href":"https:\/\/www.apfelpatient.de\/en\/wp-json\/wp\/v2\/types\/post"}],"author":[{"embeddable":true,"href":"https:\/\/www.apfelpatient.de\/en\/wp-json\/wp\/v2\/users\/2"}],"replies":[{"embeddable":true,"href":"https:\/\/www.apfelpatient.de\/en\/wp-json\/wp\/v2\/comments?post=20716"}],"version-history":[{"count":0,"href":"https:\/\/www.apfelpatient.de\/en\/wp-json\/wp\/v2\/posts\/20716\/revisions"}],"wp:featuredmedia":[{"embeddable":true,"href":"https:\/\/www.apfelpatient.de\/en\/wp-json\/wp\/v2\/media\/18693"}],"wp:attachment":[{"href":"https:\/\/www.apfelpatient.de\/en\/wp-json\/wp\/v2\/media?parent=20716"}],"wp:term":[{"taxonomy":"category","embeddable":true,"href":"https:\/\/www.apfelpatient.de\/en\/wp-json\/wp\/v2\/categories?post=20716"},{"taxonomy":"post_tag","embeddable":true,"href":"https:\/\/www.apfelpatient.de\/en\/wp-json\/wp\/v2\/tags?post=20716"}],"curies":[{"name":"wp","href":"https:\/\/api.w.org\/{rel}","templated":true}]}}