{"id":2070,"date":"2018-09-19T11:46:52","date_gmt":"2018-09-19T09:46:52","guid":{"rendered":"https:\/\/www.apfelpatient.de\/?p=2070"},"modified":"2018-09-19T11:46:52","modified_gmt":"2018-09-19T09:46:52","slug":"leak-the-new-ipad-pro-with-face-id-comes-in-october","status":"publish","type":"post","link":"https:\/\/www.apfelpatient.de\/en\/news\/leak-das-neue-ipad-pro-mit-face-id-kommt-im-oktober","title":{"rendered":"Leak: The new iPad Pro with Face ID is coming in October"},"content":{"rendered":"<p><strong>Yesterday evening, Apple released new betas, including iOS 12.1. The leak once again confirms speculation about the features and functionality of the upcoming iPad Pro 2018.<\/strong><\/p>\n\n<p>The iPad Pro 2018 comes with Face ID and the ability to use it in landscape mode. This news went viral on Twitter. Previously, there was speculation as to whether the TrueDepth camera would also allow decryption in landscape mode.<\/p>\n<p><strong>Sync Memojis<\/strong><\/p>\n<p>There are also new hints about Memojis. Storage and synchronization via iCloud should be possible. So far, the Memojis function can only be used on iPhones with Face ID.<\/p>\n\n<p>This discovery is another indication that Apple will equip the upcoming iPad Pro generation with Face ID.<\/p>\n<p><strong>USB-C port<\/strong><\/p>\n<p>The current beta deals with external screen connections for the iPad. This discovery naturally fuels speculation as to whether the new iPad Pro will be given a USB-C port. There have already been rumors in the past. In addition to all the clues, another identification abbreviation was found.<\/p>\n\n<p>The icon shows \u201c<em>iPad2018Fall<\/em>\u201c. This was already discovered last month. It was already certain in the summer that Apple would present the new iPad Pro in October. Now this discovery can be seen as indirect confirmation. In addition to new iPads, revised Macs are also expected.<\/p>","protected":false},"excerpt":{"rendered":"<p>Gestern Abend hat Apple frische Betas ver\u00f6ffentlicht. Darunter auch iOS 12.1. Der Leak best\u00e4tigt erneut Spekulationen rund um Ausstattung und Funktion des anstehenden iPad Pro 2018. Das iPad Pro 2018 kommt mit Face ID und der M\u00f6glichkeit dieses im Landscape-Modus zu verwenden. Diese Nachricht ging in Twitter viral. Zuvor wurde ger\u00e4tselt, ob die TrueDepth-Kamera das [&hellip;]<\/p>\n","protected":false},"author":2,"featured_media":1879,"comment_status":"open","ping_status":"open","sticky":false,"template":"","format":"standard","meta":{"jnews-multi-image_gallery":[],"jnews_single_post":[],"jnews_primary_category":[],"footnotes":""},"categories":[9],"tags":[37,18,66,125],"class_list":["post-2070","post","type-post","status-publish","format-standard","has-post-thumbnail","hentry","category-news","tag-face-id","tag-ipad","tag-ipad-pro","tag-ipad-pro-2018"],"yoast_head":"<!-- This site is optimized with the Yoast SEO Premium plugin v27.5 (Yoast SEO v27.5) - https:\/\/yoast.com\/product\/yoast-seo-premium-wordpress\/ -->\n<title>Leak: Das neue iPad Pro mit Face ID kommt im Oktober Apfelpatient<\/title>\n<meta name=\"description\" content=\"Gestern Abend hat Apple frische Betas ver\u00f6ffentlicht. Darunter auch iOS 12.1. Der Leak best\u00e4tigt erneut Spekulationen rund um Ausstattung und Funktion des\" \/>\n<meta name=\"robots\" content=\"index, follow, max-snippet:-1, max-image-preview:large, max-video-preview:-1\" \/>\n<link rel=\"canonical\" href=\"https:\/\/www.apfelpatient.de\/en\/news\/leak-the-new-ipad-pro-with-face-id-comes-in-october\" \/>\n<meta property=\"og:locale\" content=\"en_US\" \/>\n<meta property=\"og:type\" content=\"article\" \/>\n<meta property=\"og:title\" content=\"Leak: Das neue iPad Pro mit Face ID kommt im Oktober\" \/>\n<meta property=\"og:description\" content=\"Gestern Abend hat Apple frische Betas ver\u00f6ffentlicht. Darunter auch iOS 12.1. Der Leak best\u00e4tigt erneut Spekulationen rund um Ausstattung und Funktion des\" \/>\n<meta property=\"og:url\" content=\"https:\/\/www.apfelpatient.de\/en\/news\/leak-the-new-ipad-pro-with-face-id-comes-in-october\" \/>\n<meta property=\"og:site_name\" content=\"Apfelpatient\" \/>\n<meta property=\"article:publisher\" content=\"https:\/\/www.facebook.com\/apfelpatientOfficial\" \/>\n<meta property=\"article:author\" content=\"https:\/\/www.facebook.com\/apfelpatientOfficial\" \/>\n<meta property=\"article:published_time\" content=\"2018-09-19T09:46:52+00:00\" \/>\n<meta property=\"og:image\" content=\"https:\/\/www.apfelpatient.de\/wp-content\/uploads\/2018\/09\/image-106833-3208473.jpg\" \/>\n\t<meta property=\"og:image:width\" content=\"690\" \/>\n\t<meta property=\"og:image:height\" content=\"518\" \/>\n\t<meta property=\"og:image:type\" content=\"image\/jpeg\" \/>\n<meta name=\"author\" content=\"Milan\" \/>\n<meta name=\"twitter:card\" content=\"summary_large_image\" \/>\n<meta name=\"twitter:label1\" content=\"Written by\" \/>\n\t<meta name=\"twitter:data1\" content=\"Milan\" \/>\n\t<meta name=\"twitter:label2\" content=\"Est. reading time\" \/>\n\t<meta name=\"twitter:data2\" content=\"1 minute\" \/>\n<script type=\"application\/ld+json\" class=\"yoast-schema-graph\">{\"@context\":\"https:\\\/\\\/schema.org\",\"@graph\":[{\"@type\":\"NewsArticle\",\"@id\":\"https:\\\/\\\/www.apfelpatient.de\\\/news\\\/leak-das-neue-ipad-pro-mit-face-id-kommt-im-oktober#article\",\"isPartOf\":{\"@id\":\"https:\\\/\\\/www.apfelpatient.de\\\/news\\\/leak-das-neue-ipad-pro-mit-face-id-kommt-im-oktober\"},\"author\":{\"@type\":\"Organization\",\"@id\":\"https:\\\/\\\/www.apfelpatient.de\\\/en\\\/#organization\",\"name\":\"Apfelpatient\",\"url\":\"https:\\\/\\\/www.apfelpatient.de\\\/en\\\/\"},\"headline\":\"Leak: Das neue iPad Pro mit Face ID kommt im Oktober\",\"datePublished\":\"2018-09-19T09:46:52+00:00\",\"mainEntityOfPage\":{\"@id\":\"https:\\\/\\\/www.apfelpatient.de\\\/news\\\/leak-das-neue-ipad-pro-mit-face-id-kommt-im-oktober\"},\"wordCount\":235,\"commentCount\":0,\"publisher\":{\"@type\":\"Organization\",\"@id\":\"https:\\\/\\\/www.apfelpatient.de\\\/en\\\/#organization\",\"name\":\"Apfelpatient\",\"url\":\"https:\\\/\\\/www.apfelpatient.de\\\/en\\\/\"},\"image\":{\"@id\":\"https:\\\/\\\/www.apfelpatient.de\\\/news\\\/leak-das-neue-ipad-pro-mit-face-id-kommt-im-oktober#primaryimage\"},\"thumbnailUrl\":\"https:\\\/\\\/www.apfelpatient.de\\\/wp-content\\\/uploads\\\/2018\\\/09\\\/image-106833-3208473.jpg\",\"keywords\":[\"Face ID\",\"iPad\",\"iPad Pro\",\"iPad Pro 2018\"],\"articleSection\":\"News\",\"inLanguage\":\"en-US\",\"potentialAction\":[{\"@type\":\"CommentAction\",\"name\":\"Comment\",\"target\":[\"https:\\\/\\\/www.apfelpatient.de\\\/news\\\/leak-das-neue-ipad-pro-mit-face-id-kommt-im-oktober#respond\"]}],\"copyrightYear\":\"2018\",\"copyrightHolder\":{\"@id\":\"https:\\\/\\\/www.apfelpatient.de\\\/en\\\/#organization\"}},{\"@type\":\"WebPage\",\"@id\":\"https:\\\/\\\/www.apfelpatient.de\\\/news\\\/leak-das-neue-ipad-pro-mit-face-id-kommt-im-oktober\",\"url\":\"https:\\\/\\\/www.apfelpatient.de\\\/news\\\/leak-das-neue-ipad-pro-mit-face-id-kommt-im-oktober\",\"name\":\"Leak: Das neue iPad Pro mit Face ID kommt im Oktober Apfelpatient\",\"isPartOf\":{\"@id\":\"https:\\\/\\\/www.apfelpatient.de\\\/#website\"},\"primaryImageOfPage\":{\"@id\":\"https:\\\/\\\/www.apfelpatient.de\\\/news\\\/leak-das-neue-ipad-pro-mit-face-id-kommt-im-oktober#primaryimage\"},\"image\":{\"@id\":\"https:\\\/\\\/www.apfelpatient.de\\\/news\\\/leak-das-neue-ipad-pro-mit-face-id-kommt-im-oktober#primaryimage\"},\"thumbnailUrl\":\"https:\\\/\\\/www.apfelpatient.de\\\/wp-content\\\/uploads\\\/2018\\\/09\\\/image-106833-3208473.jpg\",\"datePublished\":\"2018-09-19T09:46:52+00:00\",\"description\":\"Gestern Abend hat Apple frische Betas ver\u00f6ffentlicht. Darunter auch iOS 12.1. Der Leak best\u00e4tigt erneut Spekulationen rund um Ausstattung und Funktion des\",\"breadcrumb\":{\"@id\":\"https:\\\/\\\/www.apfelpatient.de\\\/news\\\/leak-das-neue-ipad-pro-mit-face-id-kommt-im-oktober#breadcrumb\"},\"inLanguage\":\"en-US\",\"potentialAction\":[{\"@type\":\"ReadAction\",\"target\":[\"https:\\\/\\\/www.apfelpatient.de\\\/news\\\/leak-das-neue-ipad-pro-mit-face-id-kommt-im-oktober\"]}]},{\"@type\":\"ImageObject\",\"inLanguage\":\"en-US\",\"@id\":\"https:\\\/\\\/www.apfelpatient.de\\\/news\\\/leak-das-neue-ipad-pro-mit-face-id-kommt-im-oktober#primaryimage\",\"url\":\"https:\\\/\\\/www.apfelpatient.de\\\/wp-content\\\/uploads\\\/2018\\\/09\\\/image-106833-3208473.jpg\",\"contentUrl\":\"https:\\\/\\\/www.apfelpatient.de\\\/wp-content\\\/uploads\\\/2018\\\/09\\\/image-106833-3208473.jpg\",\"width\":690,\"height\":518,\"caption\":\"Bild: OnLeaks \\\/ MySmartPrice\"},{\"@type\":\"BreadcrumbList\",\"@id\":\"https:\\\/\\\/www.apfelpatient.de\\\/news\\\/leak-das-neue-ipad-pro-mit-face-id-kommt-im-oktober#breadcrumb\",\"itemListElement\":[{\"@type\":\"ListItem\",\"position\":1,\"name\":\"Startseite\",\"item\":\"https:\\\/\\\/www.apfelpatient.de\\\/\"},{\"@type\":\"ListItem\",\"position\":2,\"name\":\"Leak: Das neue iPad Pro mit Face ID kommt im Oktober\"}]},{\"@type\":\"WebSite\",\"@id\":\"https:\\\/\\\/www.apfelpatient.de\\\/#website\",\"url\":\"https:\\\/\\\/www.apfelpatient.de\\\/\",\"name\":\"Apfelpatient\",\"description\":\"Alles rund um Apple!\",\"publisher\":{\"@type\":\"Organization\",\"@id\":\"https:\\\/\\\/www.apfelpatient.de\\\/en\\\/#organization\",\"name\":\"Apfelpatient\",\"url\":\"https:\\\/\\\/www.apfelpatient.de\\\/en\\\/\"},\"alternateName\":\"Apfelpatient\",\"potentialAction\":[{\"@type\":\"SearchAction\",\"target\":{\"@type\":\"EntryPoint\",\"urlTemplate\":\"https:\\\/\\\/www.apfelpatient.de\\\/?s={search_term_string}\"},\"query-input\":{\"@type\":\"PropertyValueSpecification\",\"valueRequired\":true,\"valueName\":\"search_term_string\"}}],\"inLanguage\":\"en-US\"},{\"@type\":[\"Person\",\"Organization\"],\"@id\":\"https:\\\/\\\/www.apfelpatient.de\\\/#\\\/schema\\\/person\\\/7dc56ad6c8e9824b76d2c08d4c140e13\",\"name\":\"Milan\",\"logo\":{\"@id\":\"https:\\\/\\\/www.apfelpatient.de\\\/#\\\/schema\\\/person\\\/image\\\/\"},\"description\":\"Hallo und herzlich willkommen auf meinem Technik-Blog! Als gro\u00dfer Apple-Fan berichte ich hier \u00fcber alles, was mit Apple zu tun hat: von den neuesten News und spannenden Ger\u00fcchten \u00fcber hilfreiche Tipps und Tricks bis hin zu ausf\u00fchrlichen Produkttests. Wenn du genauso technikbegeistert bist wie ich, bist du hier genau richtig!\",\"sameAs\":[\"https:\\\/\\\/www.facebook.com\\\/apfelpatientOfficial\",\"https:\\\/\\\/www.linkedin.com\\\/in\\\/milan-jovicic-42aa0231b\"],\"url\":\"https:\\\/\\\/www.apfelpatient.de\\\/en\\\/author\\\/apfeladmin\"}]}<\/script>\n<!-- \/ Yoast SEO Premium plugin. -->","yoast_head_json":{"title":"Leak: The new iPad Pro with Face ID is coming in October Apfelpatient","description":"Yesterday evening, Apple released new betas, including iOS 12.1. The leak once again confirms speculation about the features and functionality of the","robots":{"index":"index","follow":"follow","max-snippet":"max-snippet:-1","max-image-preview":"max-image-preview:large","max-video-preview":"max-video-preview:-1"},"canonical":"https:\/\/www.apfelpatient.de\/en\/news\/leak-the-new-ipad-pro-with-face-id-comes-in-october","og_locale":"en_US","og_type":"article","og_title":"Leak: Das neue iPad Pro mit Face ID kommt im Oktober","og_description":"Gestern Abend hat Apple frische Betas ver\u00f6ffentlicht. Darunter auch iOS 12.1. Der Leak best\u00e4tigt erneut Spekulationen rund um Ausstattung und Funktion des","og_url":"https:\/\/www.apfelpatient.de\/en\/news\/leak-the-new-ipad-pro-with-face-id-comes-in-october","og_site_name":"Apfelpatient","article_publisher":"https:\/\/www.facebook.com\/apfelpatientOfficial","article_author":"https:\/\/www.facebook.com\/apfelpatientOfficial","article_published_time":"2018-09-19T09:46:52+00:00","og_image":[{"width":690,"height":518,"url":"https:\/\/www.apfelpatient.de\/wp-content\/uploads\/2018\/09\/image-106833-3208473.jpg","type":"image\/jpeg"}],"author":"Milan","twitter_card":"summary_large_image","twitter_misc":{"Written by":"Milan","Est. reading time":"1 minute"},"schema":{"@context":"https:\/\/schema.org","@graph":[{"@type":"NewsArticle","@id":"https:\/\/www.apfelpatient.de\/news\/leak-das-neue-ipad-pro-mit-face-id-kommt-im-oktober#article","isPartOf":{"@id":"https:\/\/www.apfelpatient.de\/news\/leak-das-neue-ipad-pro-mit-face-id-kommt-im-oktober"},"author":{"@type":"Organization","@id":"https:\/\/www.apfelpatient.de\/en\/#organization","name":"Apfelpatient","url":"https:\/\/www.apfelpatient.de\/en\/"},"headline":"Leak: Das neue iPad Pro mit Face ID kommt im Oktober","datePublished":"2018-09-19T09:46:52+00:00","mainEntityOfPage":{"@id":"https:\/\/www.apfelpatient.de\/news\/leak-das-neue-ipad-pro-mit-face-id-kommt-im-oktober"},"wordCount":235,"commentCount":0,"publisher":{"@type":"Organization","@id":"https:\/\/www.apfelpatient.de\/en\/#organization","name":"Apfelpatient","url":"https:\/\/www.apfelpatient.de\/en\/"},"image":{"@id":"https:\/\/www.apfelpatient.de\/news\/leak-das-neue-ipad-pro-mit-face-id-kommt-im-oktober#primaryimage"},"thumbnailUrl":"https:\/\/www.apfelpatient.de\/wp-content\/uploads\/2018\/09\/image-106833-3208473.jpg","keywords":["Face ID","iPad","iPad Pro","iPad Pro 2018"],"articleSection":"News","inLanguage":"en-US","potentialAction":[{"@type":"CommentAction","name":"Comment","target":["https:\/\/www.apfelpatient.de\/news\/leak-das-neue-ipad-pro-mit-face-id-kommt-im-oktober#respond"]}],"copyrightYear":"2018","copyrightHolder":{"@id":"https:\/\/www.apfelpatient.de\/en\/#organization"}},{"@type":"WebPage","@id":"https:\/\/www.apfelpatient.de\/news\/leak-das-neue-ipad-pro-mit-face-id-kommt-im-oktober","url":"https:\/\/www.apfelpatient.de\/news\/leak-das-neue-ipad-pro-mit-face-id-kommt-im-oktober","name":"Leak: The new iPad Pro with Face ID is coming in October Apfelpatient","isPartOf":{"@id":"https:\/\/www.apfelpatient.de\/#website"},"primaryImageOfPage":{"@id":"https:\/\/www.apfelpatient.de\/news\/leak-das-neue-ipad-pro-mit-face-id-kommt-im-oktober#primaryimage"},"image":{"@id":"https:\/\/www.apfelpatient.de\/news\/leak-das-neue-ipad-pro-mit-face-id-kommt-im-oktober#primaryimage"},"thumbnailUrl":"https:\/\/www.apfelpatient.de\/wp-content\/uploads\/2018\/09\/image-106833-3208473.jpg","datePublished":"2018-09-19T09:46:52+00:00","description":"Yesterday evening, Apple released new betas, including iOS 12.1. The leak once again confirms speculation about the features and functionality of the","breadcrumb":{"@id":"https:\/\/www.apfelpatient.de\/news\/leak-das-neue-ipad-pro-mit-face-id-kommt-im-oktober#breadcrumb"},"inLanguage":"en-US","potentialAction":[{"@type":"ReadAction","target":["https:\/\/www.apfelpatient.de\/news\/leak-das-neue-ipad-pro-mit-face-id-kommt-im-oktober"]}]},{"@type":"ImageObject","inLanguage":"en-US","@id":"https:\/\/www.apfelpatient.de\/news\/leak-das-neue-ipad-pro-mit-face-id-kommt-im-oktober#primaryimage","url":"https:\/\/www.apfelpatient.de\/wp-content\/uploads\/2018\/09\/image-106833-3208473.jpg","contentUrl":"https:\/\/www.apfelpatient.de\/wp-content\/uploads\/2018\/09\/image-106833-3208473.jpg","width":690,"height":518,"caption":"Bild: OnLeaks \/ MySmartPrice"},{"@type":"BreadcrumbList","@id":"https:\/\/www.apfelpatient.de\/news\/leak-das-neue-ipad-pro-mit-face-id-kommt-im-oktober#breadcrumb","itemListElement":[{"@type":"ListItem","position":1,"name":"Startseite","item":"https:\/\/www.apfelpatient.de\/"},{"@type":"ListItem","position":2,"name":"Leak: Das neue iPad Pro mit Face ID kommt im Oktober"}]},{"@type":"WebSite","@id":"https:\/\/www.apfelpatient.de\/#website","url":"https:\/\/www.apfelpatient.de\/","name":"apple patient","description":"Everything about Apple!","publisher":{"@type":"Organization","@id":"https:\/\/www.apfelpatient.de\/en\/#organization","name":"Apfelpatient","url":"https:\/\/www.apfelpatient.de\/en\/"},"alternateName":"Apfelpatient","potentialAction":[{"@type":"SearchAction","target":{"@type":"EntryPoint","urlTemplate":"https:\/\/www.apfelpatient.de\/?s={search_term_string}"},"query-input":{"@type":"PropertyValueSpecification","valueRequired":true,"valueName":"search_term_string"}}],"inLanguage":"en-US"},{"@type":["Person","Organization"],"@id":"https:\/\/www.apfelpatient.de\/#\/schema\/person\/7dc56ad6c8e9824b76d2c08d4c140e13","name":"Milan","logo":{"@id":"https:\/\/www.apfelpatient.de\/#\/schema\/person\/image\/"},"description":"Hello and welcome to my technology blog! As a big Apple fan, I report on everything to do with Apple: from the latest news and exciting rumors to helpful tips and tricks and detailed product tests. If you are as enthusiastic about technology as I am, you have come to the right place!","sameAs":["https:\/\/www.facebook.com\/apfelpatientOfficial","https:\/\/www.linkedin.com\/in\/milan-jovicic-42aa0231b"],"url":"https:\/\/www.apfelpatient.de\/en\/author\/apfeladmin"}]}},"_links":{"self":[{"href":"https:\/\/www.apfelpatient.de\/en\/wp-json\/wp\/v2\/posts\/2070","targetHints":{"allow":["GET"]}}],"collection":[{"href":"https:\/\/www.apfelpatient.de\/en\/wp-json\/wp\/v2\/posts"}],"about":[{"href":"https:\/\/www.apfelpatient.de\/en\/wp-json\/wp\/v2\/types\/post"}],"author":[{"embeddable":true,"href":"https:\/\/www.apfelpatient.de\/en\/wp-json\/wp\/v2\/users\/2"}],"replies":[{"embeddable":true,"href":"https:\/\/www.apfelpatient.de\/en\/wp-json\/wp\/v2\/comments?post=2070"}],"version-history":[{"count":0,"href":"https:\/\/www.apfelpatient.de\/en\/wp-json\/wp\/v2\/posts\/2070\/revisions"}],"wp:featuredmedia":[{"embeddable":true,"href":"https:\/\/www.apfelpatient.de\/en\/wp-json\/wp\/v2\/media\/1879"}],"wp:attachment":[{"href":"https:\/\/www.apfelpatient.de\/en\/wp-json\/wp\/v2\/media?parent=2070"}],"wp:term":[{"taxonomy":"category","embeddable":true,"href":"https:\/\/www.apfelpatient.de\/en\/wp-json\/wp\/v2\/categories?post=2070"},{"taxonomy":"post_tag","embeddable":true,"href":"https:\/\/www.apfelpatient.de\/en\/wp-json\/wp\/v2\/tags?post=2070"}],"curies":[{"name":"wp","href":"https:\/\/api.w.org\/{rel}","templated":true}]}}