{"id":20683,"date":"2021-03-24T22:06:07","date_gmt":"2021-03-24T21:06:07","guid":{"rendered":"https:\/\/www.apfelpatient.de\/?p=20683"},"modified":"2021-03-24T22:07:35","modified_gmt":"2021-03-24T21:07:35","slug":"pat-gelsinger-intel-wants-to-win-back-apple","status":"publish","type":"post","link":"https:\/\/www.apfelpatient.de\/en\/news\/pat-gelsinger-intel-moechte-apple-zurueckgewinnen","title":{"rendered":"Pat Gelsinger: Intel wants to win back Apple"},"content":{"rendered":"<p class=\"has-drop-cap\"><strong>In an interview with Yahoo Finance, newly appointed Intel CEO Pat Gelsinger said the ongoing competition between his company and Apple is &quot;fun,&quot; while admitting that he hopes to reconcile with the Cupertino tech giant.<\/strong><\/p>\n\n\n\n<p>Over the next two years, Apple will transition its Mac lineup from Intel processors to its own Apple Silicon chips. Apple is already well advanced in the transition and has introduced three Mac computers based on its M1 SoC. Intel has then launched a marketing campaign to portray Macs and the M1 chip as inferior to Intel processors.<\/p>\n\n\n\n<h3 class=\"wp-block-heading\" id=\"h-intel-apple-hat-sich-von-tsmc-abh-ngig-gemacht\">Intel: \u201cApple has become dependent on TSMC\u201d<\/h3>\n\n\n\n<p>Despite the barrage of attacks, Gelsinger <a href=\"https:\/\/finance.yahoo.com\/news\/intel-ceo-there-is-competitive-fun-going-on-with-apple-180914695.html\" target=\"_blank\" rel=\"noreferrer noopener\">indicated<\/a>that he hopes to win Apple back as a future customer. In his interview with Yahoo Finance, Gelsinger explained that Apple relies too heavily on its current supplier TSMC to manufacture Apple Silicon processors.<\/p>\n\n\n\n<blockquote class=\"wp-block-quote is-layout-flow wp-block-quote-is-layout-flow\"><p>Apple is a customer and I hope to make them a big foundry customer because today they are totally dependent on Taiwan Semiconductor. We want to provide them with great opportunities to use our foundry services as well, just like we work with Qualcomm and Microsoft to use our foundry. We will deliver great technology, some things that can&#039;t be done anywhere else in the world.<\/p><\/blockquote>\n\n\n\n<h3 class=\"wp-block-heading\" id=\"h-gelsinger-pc-nachfrage-so-hoch-ist-wie-seit-ber-einem-jahrzehnt-nicht-mehr\">Gelsinger: \u201cDemand for PCs is higher than it has been for over a decade\u201d<\/h3>\n\n\n\n\n\n\n\n<p>Gelsinger attributed the recent tight competition with Apple to the fact that there is still room for innovation in the industry and the bonus that PC demand is at its highest level in over a decade. Gelsinger went on to say that there is &quot;a competitive fun to be had with Apple and the Mac ecosystem.&quot;<\/p>\n\n\n\n<blockquote class=\"wp-block-quote is-layout-flow wp-block-quote-is-layout-flow\"><p>So obviously you&#039;ve seen some of the competitive energies in chip manufacturing pick up again because there&#039;s a lot of great innovation. We haven&#039;t seen PC demand at this level in a decade and a half. The world needs more of it and there&#039;s a competitive fun to be had with Apple and the Mac ecosystem.<\/p><\/blockquote>\n\n\n\n<p>As part of its anti-Apple Silicon marketing campaign, Intel recently cast former \u201cI&#039;m a Mac\u201d actor Justin Long as the lead actor in a series of commercials <a href=\"https:\/\/www.apfelpatient.de\/en\/news\/intel-launches-biased-pc-vs-mac-comparison-website\">committed<\/a>comparing M1 Macs with laptops with Intel processors. Additionally, Intel has turned to Twitter for the campaign and created its own website to compare M1 Macs with PCs. (Image: Intel)<\/p>\n\n\n\n<ul class=\"wp-block-list\"><li><a href=\"https:\/\/www.apfelpatient.de\/en\/news\/no-joke-intel-wants-to-manufacture-apple-silicon-chips\">No joke: Intel wants to manufacture Apple Silicon chips<\/a><\/li><\/ul>\n\n\n\n<h6 class=\"wp-block-heading translation-block\" id=\"h-kennt-ihr-schon-unsere-amazon-storefront-dort-findet-ihr-eine-handverlesene-auswahl-von-diversen-produkten-f-r-euer-iphone-und-co-viel-spa-beim-st-bern\"><em>Have you already visited our Amazon Storefront? There you&#039;ll find a hand-picked selection of various products for your iPhone and other devices \u2013 <span class=\"has-inline-color has-vivid-red-color\"><a href=\"https:\/\/www.amazon.de\/shop\/apfelpatientofficial\" class=\"ek-link\" data-wpel-link=\"exclude\" rel=\"follow noopener\" target=\"_self\"><span style=\"text-decoration: underline\" class=\"ek-underline\">enjoy browsing<\/span><\/a> !<\/span><\/em><\/h6>\n\n\n\n<h6 class=\"wp-block-heading translation-block\" id=\"h-der-beitrag-enthalt-partnerlinks\">This post contains <a data-type=\"URL\" data-id=\"https:\/\/www.apfelpatient.de\/partnerprogramm\" href=\"https:\/\/www.apfelpatient.de\/en\/partner-program\" data-wpel-link=\"internal\" target=\"_self\">affiliate links<\/a>.<\/h6>","protected":false},"excerpt":{"rendered":"<p>In an interview, Intel CEO Pat Gelsinger said the ongoing competition between his company and Apple is \u201cfun.\u201d<\/p>","protected":false},"author":2,"featured_media":20686,"comment_status":"closed","ping_status":"closed","sticky":false,"template":"","format":"standard","meta":{"jnews-multi-image_gallery":[],"jnews_single_post":{"subtitle":"","format":"standard","video":"","gallery":"","source_name":"","source_url":"","via_name":"","via_url":"","override":[{"single_blog_custom":"","sidebar":"","second_sidebar":"","share_position":"","share_float_style":"","post_date_format":"","post_date_format_custom":"","post_reading_time_wpm":"","zoom_button_out_step":"1","zoom_button_in_step":"1","number_popup_post":"1"}],"image_override":[{"single_post_thumbnail_size":"","single_post_gallery_size":""}],"trending_post_position":"","trending_post_label":"","sponsored_post_label":"","sponsored_post_name":"","sponsored_post_url":"","sponsored_post_logo":"","sponsored_post_desc":""},"jnews_primary_category":{"id":"9"},"footnotes":""},"categories":[9],"tags":[13],"class_list":["post-20683","post","type-post","status-publish","format-standard","has-post-thumbnail","hentry","category-news","tag-techpatient"],"yoast_head":"<!-- This site is optimized with the Yoast SEO Premium plugin v27.5 (Yoast SEO v27.5) - https:\/\/yoast.com\/product\/yoast-seo-premium-wordpress\/ -->\n<title>Pat Gelsinger: Intel m\u00f6chte Apple zur\u00fcckgewinnen<\/title>\n<meta name=\"description\" content=\"In einem Interview sagte Intel-CEO Pat Gelsinger, dass der anhaltende Wettbewerb zwischen seinem Unternehmen und Apple &quot;Spa\u00df&quot; macht.\" \/>\n<meta name=\"robots\" content=\"index, follow, max-snippet:-1, max-image-preview:large, max-video-preview:-1\" \/>\n<link rel=\"canonical\" href=\"https:\/\/www.apfelpatient.de\/en\/news\/pat-gelsinger-intel-wants-to-win-back-apple\" \/>\n<meta property=\"og:locale\" content=\"en_US\" \/>\n<meta property=\"og:type\" content=\"article\" \/>\n<meta property=\"og:title\" content=\"Pat Gelsinger: Intel m\u00f6chte Apple zur\u00fcckgewinnen\" \/>\n<meta property=\"og:description\" content=\"In einem Interview sagte Intel-CEO Pat Gelsinger, dass der anhaltende Wettbewerb zwischen seinem Unternehmen und Apple &quot;Spa\u00df&quot; macht.\" \/>\n<meta property=\"og:url\" content=\"https:\/\/www.apfelpatient.de\/en\/news\/pat-gelsinger-intel-wants-to-win-back-apple\" \/>\n<meta property=\"og:site_name\" content=\"Apfelpatient\" \/>\n<meta property=\"article:publisher\" content=\"https:\/\/www.facebook.com\/apfelpatientOfficial\" \/>\n<meta property=\"article:author\" content=\"https:\/\/www.facebook.com\/apfelpatientOfficial\" \/>\n<meta property=\"article:published_time\" content=\"2021-03-24T21:06:07+00:00\" \/>\n<meta property=\"article:modified_time\" content=\"2021-03-24T21:07:35+00:00\" \/>\n<meta property=\"og:image\" content=\"https:\/\/www.apfelpatient.de\/wp-content\/uploads\/2021\/03\/Intel-Pat-Gelsinger-Engineering-the-Future-2-scaled.jpg\" \/>\n\t<meta property=\"og:image:width\" content=\"2560\" \/>\n\t<meta property=\"og:image:height\" content=\"1707\" \/>\n\t<meta property=\"og:image:type\" content=\"image\/jpeg\" \/>\n<meta name=\"author\" content=\"Milan\" \/>\n<meta name=\"twitter:card\" content=\"summary_large_image\" \/>\n<meta name=\"twitter:description\" content=\"In einem Interview sagte Intel-CEO Pat Gelsinger, dass der anhaltende Wettbewerb zwischen seinem Unternehmen und Apple &quot;Spa\u00df&quot; macht.\" \/>\n<meta name=\"twitter:label1\" content=\"Written by\" \/>\n\t<meta name=\"twitter:data1\" content=\"Milan\" \/>\n\t<meta name=\"twitter:label2\" content=\"Est. reading time\" \/>\n\t<meta name=\"twitter:data2\" content=\"2 minutes\" \/>\n<script type=\"application\/ld+json\" class=\"yoast-schema-graph\">{\"@context\":\"https:\\\/\\\/schema.org\",\"@graph\":[{\"@type\":\"NewsArticle\",\"@id\":\"https:\\\/\\\/www.apfelpatient.de\\\/news\\\/pat-gelsinger-intel-moechte-apple-zurueckgewinnen#article\",\"isPartOf\":{\"@id\":\"https:\\\/\\\/www.apfelpatient.de\\\/news\\\/pat-gelsinger-intel-moechte-apple-zurueckgewinnen\"},\"author\":{\"@type\":\"Organization\",\"@id\":\"https:\\\/\\\/www.apfelpatient.de\\\/en\\\/#organization\",\"name\":\"Apfelpatient\",\"url\":\"https:\\\/\\\/www.apfelpatient.de\\\/en\\\/\"},\"headline\":\"Pat Gelsinger: Intel m\u00f6chte Apple zur\u00fcckgewinnen\",\"datePublished\":\"2021-03-24T21:06:07+00:00\",\"dateModified\":\"2021-03-24T21:07:35+00:00\",\"mainEntityOfPage\":{\"@id\":\"https:\\\/\\\/www.apfelpatient.de\\\/news\\\/pat-gelsinger-intel-moechte-apple-zurueckgewinnen\"},\"wordCount\":419,\"publisher\":{\"@type\":\"Organization\",\"@id\":\"https:\\\/\\\/www.apfelpatient.de\\\/en\\\/#organization\",\"name\":\"Apfelpatient\",\"url\":\"https:\\\/\\\/www.apfelpatient.de\\\/en\\\/\"},\"image\":{\"@id\":\"https:\\\/\\\/www.apfelpatient.de\\\/news\\\/pat-gelsinger-intel-moechte-apple-zurueckgewinnen#primaryimage\"},\"thumbnailUrl\":\"https:\\\/\\\/www.apfelpatient.de\\\/wp-content\\\/uploads\\\/2021\\\/03\\\/Intel-Pat-Gelsinger-Engineering-the-Future-2-scaled.jpg\",\"keywords\":[\"TechPatient\"],\"articleSection\":\"News\",\"inLanguage\":\"en-US\",\"copyrightYear\":\"2021\",\"copyrightHolder\":{\"@id\":\"https:\\\/\\\/www.apfelpatient.de\\\/en\\\/#organization\"}},{\"@type\":\"WebPage\",\"@id\":\"https:\\\/\\\/www.apfelpatient.de\\\/news\\\/pat-gelsinger-intel-moechte-apple-zurueckgewinnen\",\"url\":\"https:\\\/\\\/www.apfelpatient.de\\\/news\\\/pat-gelsinger-intel-moechte-apple-zurueckgewinnen\",\"name\":\"Pat Gelsinger: Intel m\u00f6chte Apple zur\u00fcckgewinnen\",\"isPartOf\":{\"@id\":\"https:\\\/\\\/www.apfelpatient.de\\\/#website\"},\"primaryImageOfPage\":{\"@id\":\"https:\\\/\\\/www.apfelpatient.de\\\/news\\\/pat-gelsinger-intel-moechte-apple-zurueckgewinnen#primaryimage\"},\"image\":{\"@id\":\"https:\\\/\\\/www.apfelpatient.de\\\/news\\\/pat-gelsinger-intel-moechte-apple-zurueckgewinnen#primaryimage\"},\"thumbnailUrl\":\"https:\\\/\\\/www.apfelpatient.de\\\/wp-content\\\/uploads\\\/2021\\\/03\\\/Intel-Pat-Gelsinger-Engineering-the-Future-2-scaled.jpg\",\"datePublished\":\"2021-03-24T21:06:07+00:00\",\"dateModified\":\"2021-03-24T21:07:35+00:00\",\"description\":\"In einem Interview sagte Intel-CEO Pat Gelsinger, dass der anhaltende Wettbewerb zwischen seinem Unternehmen und Apple \\\"Spa\u00df\\\" macht.\",\"breadcrumb\":{\"@id\":\"https:\\\/\\\/www.apfelpatient.de\\\/news\\\/pat-gelsinger-intel-moechte-apple-zurueckgewinnen#breadcrumb\"},\"inLanguage\":\"en-US\",\"potentialAction\":[{\"@type\":\"ReadAction\",\"target\":[\"https:\\\/\\\/www.apfelpatient.de\\\/news\\\/pat-gelsinger-intel-moechte-apple-zurueckgewinnen\"]}]},{\"@type\":\"ImageObject\",\"inLanguage\":\"en-US\",\"@id\":\"https:\\\/\\\/www.apfelpatient.de\\\/news\\\/pat-gelsinger-intel-moechte-apple-zurueckgewinnen#primaryimage\",\"url\":\"https:\\\/\\\/www.apfelpatient.de\\\/wp-content\\\/uploads\\\/2021\\\/03\\\/Intel-Pat-Gelsinger-Engineering-the-Future-2-scaled.jpg\",\"contentUrl\":\"https:\\\/\\\/www.apfelpatient.de\\\/wp-content\\\/uploads\\\/2021\\\/03\\\/Intel-Pat-Gelsinger-Engineering-the-Future-2-scaled.jpg\",\"width\":2560,\"height\":1707,\"caption\":\"During recording of the \u201cIntel Unleashed: Engineering the Future\u201d webcast, Intel CEO Pat Gelsinger highlights \\\"Ponte Vecchio,\\\" Intel's first exascale graphics processing unit. During the webcast on March 23, 2021, Gelsinger outlines the company\u2019s path forward to manufacture, design and deliver leadership products and create long-term value for stakeholders. (Credit: Walden Kirsch\\\/Intel Corporation)\"},{\"@type\":\"BreadcrumbList\",\"@id\":\"https:\\\/\\\/www.apfelpatient.de\\\/news\\\/pat-gelsinger-intel-moechte-apple-zurueckgewinnen#breadcrumb\",\"itemListElement\":[{\"@type\":\"ListItem\",\"position\":1,\"name\":\"Startseite\",\"item\":\"https:\\\/\\\/www.apfelpatient.de\\\/\"},{\"@type\":\"ListItem\",\"position\":2,\"name\":\"Pat Gelsinger: Intel m\u00f6chte Apple zur\u00fcckgewinnen\"}]},{\"@type\":\"WebSite\",\"@id\":\"https:\\\/\\\/www.apfelpatient.de\\\/#website\",\"url\":\"https:\\\/\\\/www.apfelpatient.de\\\/\",\"name\":\"Apfelpatient\",\"description\":\"Alles rund um Apple!\",\"publisher\":{\"@type\":\"Organization\",\"@id\":\"https:\\\/\\\/www.apfelpatient.de\\\/en\\\/#organization\",\"name\":\"Apfelpatient\",\"url\":\"https:\\\/\\\/www.apfelpatient.de\\\/en\\\/\"},\"alternateName\":\"Apfelpatient\",\"potentialAction\":[{\"@type\":\"SearchAction\",\"target\":{\"@type\":\"EntryPoint\",\"urlTemplate\":\"https:\\\/\\\/www.apfelpatient.de\\\/?s={search_term_string}\"},\"query-input\":{\"@type\":\"PropertyValueSpecification\",\"valueRequired\":true,\"valueName\":\"search_term_string\"}}],\"inLanguage\":\"en-US\"},{\"@type\":[\"Person\",\"Organization\"],\"@id\":\"https:\\\/\\\/www.apfelpatient.de\\\/#\\\/schema\\\/person\\\/35b3ddba5832f2bfc7fff5206d4f6b7b\",\"name\":\"Milan\",\"logo\":{\"@id\":\"https:\\\/\\\/www.apfelpatient.de\\\/#\\\/schema\\\/person\\\/image\\\/\"},\"description\":\"Hallo und herzlich willkommen auf meinem Technik-Blog! Als gro\u00dfer Apple-Fan berichte ich hier \u00fcber alles, was mit Apple zu tun hat: von den neuesten News und spannenden Ger\u00fcchten \u00fcber hilfreiche Tipps und Tricks bis hin zu ausf\u00fchrlichen Produkttests. Wenn du genauso technikbegeistert bist wie ich, bist du hier genau richtig!\",\"sameAs\":[\"https:\\\/\\\/www.facebook.com\\\/apfelpatientOfficial\",\"https:\\\/\\\/www.linkedin.com\\\/in\\\/milan-jovicic-42aa0231b\"],\"url\":\"https:\\\/\\\/www.apfelpatient.de\\\/en\\\/author\\\/apfeladmin\"}]}<\/script>\n<!-- \/ Yoast SEO Premium plugin. -->","yoast_head_json":{"title":"Pat Gelsinger: Intel wants to win back Apple","description":"In an interview, Intel CEO Pat Gelsinger said the ongoing competition between his company and Apple is &quot;fun.&quot;","robots":{"index":"index","follow":"follow","max-snippet":"max-snippet:-1","max-image-preview":"max-image-preview:large","max-video-preview":"max-video-preview:-1"},"canonical":"https:\/\/www.apfelpatient.de\/en\/news\/pat-gelsinger-intel-wants-to-win-back-apple","og_locale":"en_US","og_type":"article","og_title":"Pat Gelsinger: Intel m\u00f6chte Apple zur\u00fcckgewinnen","og_description":"In einem Interview sagte Intel-CEO Pat Gelsinger, dass der anhaltende Wettbewerb zwischen seinem Unternehmen und Apple \"Spa\u00df\" macht.","og_url":"https:\/\/www.apfelpatient.de\/en\/news\/pat-gelsinger-intel-wants-to-win-back-apple","og_site_name":"Apfelpatient","article_publisher":"https:\/\/www.facebook.com\/apfelpatientOfficial","article_author":"https:\/\/www.facebook.com\/apfelpatientOfficial","article_published_time":"2021-03-24T21:06:07+00:00","article_modified_time":"2021-03-24T21:07:35+00:00","og_image":[{"width":2560,"height":1707,"url":"https:\/\/www.apfelpatient.de\/wp-content\/uploads\/2021\/03\/Intel-Pat-Gelsinger-Engineering-the-Future-2-scaled.jpg","type":"image\/jpeg"}],"author":"Milan","twitter_card":"summary_large_image","twitter_description":"In einem Interview sagte Intel-CEO Pat Gelsinger, dass der anhaltende Wettbewerb zwischen seinem Unternehmen und Apple \"Spa\u00df\" macht.","twitter_misc":{"Written by":"Milan","Est. reading time":"2 minutes"},"schema":{"@context":"https:\/\/schema.org","@graph":[{"@type":"NewsArticle","@id":"https:\/\/www.apfelpatient.de\/news\/pat-gelsinger-intel-moechte-apple-zurueckgewinnen#article","isPartOf":{"@id":"https:\/\/www.apfelpatient.de\/news\/pat-gelsinger-intel-moechte-apple-zurueckgewinnen"},"author":{"@type":"Organization","@id":"https:\/\/www.apfelpatient.de\/en\/#organization","name":"Apfelpatient","url":"https:\/\/www.apfelpatient.de\/en\/"},"headline":"Pat Gelsinger: Intel m\u00f6chte Apple zur\u00fcckgewinnen","datePublished":"2021-03-24T21:06:07+00:00","dateModified":"2021-03-24T21:07:35+00:00","mainEntityOfPage":{"@id":"https:\/\/www.apfelpatient.de\/news\/pat-gelsinger-intel-moechte-apple-zurueckgewinnen"},"wordCount":419,"publisher":{"@type":"Organization","@id":"https:\/\/www.apfelpatient.de\/en\/#organization","name":"Apfelpatient","url":"https:\/\/www.apfelpatient.de\/en\/"},"image":{"@id":"https:\/\/www.apfelpatient.de\/news\/pat-gelsinger-intel-moechte-apple-zurueckgewinnen#primaryimage"},"thumbnailUrl":"https:\/\/www.apfelpatient.de\/wp-content\/uploads\/2021\/03\/Intel-Pat-Gelsinger-Engineering-the-Future-2-scaled.jpg","keywords":["TechPatient"],"articleSection":"News","inLanguage":"en-US","copyrightYear":"2021","copyrightHolder":{"@id":"https:\/\/www.apfelpatient.de\/en\/#organization"}},{"@type":"WebPage","@id":"https:\/\/www.apfelpatient.de\/news\/pat-gelsinger-intel-moechte-apple-zurueckgewinnen","url":"https:\/\/www.apfelpatient.de\/news\/pat-gelsinger-intel-moechte-apple-zurueckgewinnen","name":"Pat Gelsinger: Intel wants to win back Apple","isPartOf":{"@id":"https:\/\/www.apfelpatient.de\/#website"},"primaryImageOfPage":{"@id":"https:\/\/www.apfelpatient.de\/news\/pat-gelsinger-intel-moechte-apple-zurueckgewinnen#primaryimage"},"image":{"@id":"https:\/\/www.apfelpatient.de\/news\/pat-gelsinger-intel-moechte-apple-zurueckgewinnen#primaryimage"},"thumbnailUrl":"https:\/\/www.apfelpatient.de\/wp-content\/uploads\/2021\/03\/Intel-Pat-Gelsinger-Engineering-the-Future-2-scaled.jpg","datePublished":"2021-03-24T21:06:07+00:00","dateModified":"2021-03-24T21:07:35+00:00","description":"In an interview, Intel CEO Pat Gelsinger said the ongoing competition between his company and Apple is &quot;fun.&quot;","breadcrumb":{"@id":"https:\/\/www.apfelpatient.de\/news\/pat-gelsinger-intel-moechte-apple-zurueckgewinnen#breadcrumb"},"inLanguage":"en-US","potentialAction":[{"@type":"ReadAction","target":["https:\/\/www.apfelpatient.de\/news\/pat-gelsinger-intel-moechte-apple-zurueckgewinnen"]}]},{"@type":"ImageObject","inLanguage":"en-US","@id":"https:\/\/www.apfelpatient.de\/news\/pat-gelsinger-intel-moechte-apple-zurueckgewinnen#primaryimage","url":"https:\/\/www.apfelpatient.de\/wp-content\/uploads\/2021\/03\/Intel-Pat-Gelsinger-Engineering-the-Future-2-scaled.jpg","contentUrl":"https:\/\/www.apfelpatient.de\/wp-content\/uploads\/2021\/03\/Intel-Pat-Gelsinger-Engineering-the-Future-2-scaled.jpg","width":2560,"height":1707,"caption":"During recording of the \u201cIntel Unleashed: Engineering the Future\u201d webcast, Intel CEO Pat Gelsinger highlights \"Ponte Vecchio,\" Intel's first exascale graphics processing unit. During the webcast on March 23, 2021, Gelsinger outlines the company\u2019s path forward to manufacture, design and deliver leadership products and create long-term value for stakeholders. (Credit: Walden Kirsch\/Intel Corporation)"},{"@type":"BreadcrumbList","@id":"https:\/\/www.apfelpatient.de\/news\/pat-gelsinger-intel-moechte-apple-zurueckgewinnen#breadcrumb","itemListElement":[{"@type":"ListItem","position":1,"name":"Startseite","item":"https:\/\/www.apfelpatient.de\/"},{"@type":"ListItem","position":2,"name":"Pat Gelsinger: Intel m\u00f6chte Apple zur\u00fcckgewinnen"}]},{"@type":"WebSite","@id":"https:\/\/www.apfelpatient.de\/#website","url":"https:\/\/www.apfelpatient.de\/","name":"apple patient","description":"Everything about Apple!","publisher":{"@type":"Organization","@id":"https:\/\/www.apfelpatient.de\/en\/#organization","name":"Apfelpatient","url":"https:\/\/www.apfelpatient.de\/en\/"},"alternateName":"Apfelpatient","potentialAction":[{"@type":"SearchAction","target":{"@type":"EntryPoint","urlTemplate":"https:\/\/www.apfelpatient.de\/?s={search_term_string}"},"query-input":{"@type":"PropertyValueSpecification","valueRequired":true,"valueName":"search_term_string"}}],"inLanguage":"en-US"},{"@type":["Person","Organization"],"@id":"https:\/\/www.apfelpatient.de\/#\/schema\/person\/35b3ddba5832f2bfc7fff5206d4f6b7b","name":"Milan","logo":{"@id":"https:\/\/www.apfelpatient.de\/#\/schema\/person\/image\/"},"description":"Hello and welcome to my technology blog! As a big Apple fan, I report on everything to do with Apple: from the latest news and exciting rumors to helpful tips and tricks and detailed product tests. If you are as enthusiastic about technology as I am, you have come to the right place!","sameAs":["https:\/\/www.facebook.com\/apfelpatientOfficial","https:\/\/www.linkedin.com\/in\/milan-jovicic-42aa0231b"],"url":"https:\/\/www.apfelpatient.de\/en\/author\/apfeladmin"}]}},"_links":{"self":[{"href":"https:\/\/www.apfelpatient.de\/en\/wp-json\/wp\/v2\/posts\/20683","targetHints":{"allow":["GET"]}}],"collection":[{"href":"https:\/\/www.apfelpatient.de\/en\/wp-json\/wp\/v2\/posts"}],"about":[{"href":"https:\/\/www.apfelpatient.de\/en\/wp-json\/wp\/v2\/types\/post"}],"author":[{"embeddable":true,"href":"https:\/\/www.apfelpatient.de\/en\/wp-json\/wp\/v2\/users\/2"}],"replies":[{"embeddable":true,"href":"https:\/\/www.apfelpatient.de\/en\/wp-json\/wp\/v2\/comments?post=20683"}],"version-history":[{"count":0,"href":"https:\/\/www.apfelpatient.de\/en\/wp-json\/wp\/v2\/posts\/20683\/revisions"}],"wp:featuredmedia":[{"embeddable":true,"href":"https:\/\/www.apfelpatient.de\/en\/wp-json\/wp\/v2\/media\/20686"}],"wp:attachment":[{"href":"https:\/\/www.apfelpatient.de\/en\/wp-json\/wp\/v2\/media?parent=20683"}],"wp:term":[{"taxonomy":"category","embeddable":true,"href":"https:\/\/www.apfelpatient.de\/en\/wp-json\/wp\/v2\/categories?post=20683"},{"taxonomy":"post_tag","embeddable":true,"href":"https:\/\/www.apfelpatient.de\/en\/wp-json\/wp\/v2\/tags?post=20683"}],"curies":[{"name":"wp","href":"https:\/\/api.w.org\/{rel}","templated":true}]}}