{"id":20592,"date":"2021-03-22T21:03:35","date_gmt":"2021-03-22T20:03:35","guid":{"rendered":"https:\/\/www.apfelpatient.de\/?p=20592"},"modified":"2021-03-22T21:04:10","modified_gmt":"2021-03-22T20:04:10","slug":"apple-adds-facetime-framework-to-apple-tv-homepod","status":"publish","type":"post","link":"https:\/\/www.apfelpatient.de\/en\/news\/apple-fuegt-facetime-framework-zu-apple-tv-homepod-hinzu","title":{"rendered":"Apple adds FaceTime framework to Apple TV &amp; HomePod"},"content":{"rendered":"<p class=\"has-drop-cap\"><strong>Bloomberg recently reported that Apple is working on &quot;speakers with screens and cameras&quot; - in other words, new HomePod models. Now, changes have been discovered in the tvOS 14.5 code that fuel the whole thing.<\/strong><\/p>\n\n\n\n<p>Apple is said to be working on new HomePod models that have both a screen and a camera. However, their concept is not certain. This was explained by Bloomberg journalist and Apple leaker Mark Gurman. But now a discovery has been made that fuels the whole thing. The US blog MacRumors <a href=\"https:\/\/www.macrumors.com\/2021\/03\/22\/apple-tvos-homepod-facetime-framework\/\" target=\"_blank\" rel=\"noreferrer noopener\">reported<\/a>that employee Steve Moser discovered major changes while browsing the tvOS 14.5 beta code. According to him, Apple has added the FaceTime and iMessage frameworks in tvOS 14.5. In addition, a new AVFCapture framework has also been included, which relates to capturing images.<\/p>\n\n\n\n<h3 class=\"wp-block-heading\" id=\"h-was-hat-tvos-mit-dem-homepod-zu-tun\">What does tvOS have to do with the HomePod?<\/h3>\n\n\n\n<p>Some of you may now be wondering what exactly tvOS has to do with the HomePod. Well, Apple has <a href=\"https:\/\/www.apfelpatient.de\/en\/news\/ios-13-4-homepod-operating-system-is-now-based-on-tvos\">April 2020<\/a> tvOS is used as the basis for the HomePod software. This means that since iOS 13.4, the HomePod firmware is no longer based on iOS directly but on tvOS. As a reminder:<\/p>\n\n\n\n<blockquote class=\"wp-block-quote is-layout-flow wp-block-quote-is-layout-flow\"><p>Both watchOS, iPadOS and tvOS are actually based on iOS. The previous operating system of the HomePod is also a customized version of iOS. All of these iOS variants differ in their adaptations to the respective devices and include unique interfaces or APIs and more.<\/p><\/blockquote>\n\n\n\n<p>Be that as it may, this means that features included in tvOS will also be included in the HomePod software, as they share the same base code. Therefore, the FaceTime, iMessage, and image capture frameworks added to the operating system in tvOS 14.5 could actually be designed for a future HomePod that has a screen and a camera. Both current HomePod models can already use FaceTime audio.&nbsp;<\/p>\n\n\n\n<h3 class=\"wp-block-heading\" id=\"h-frameworks-k-nnten-einem-anderen-zweck-dienen\">Frameworks could serve a different purpose<\/h3>\n\n\n\n<p>But the FaceTime framework discovered in the tvOS 14.5 beta is different from any code related to the existing audio FaceTime feature. Interestingly, the frameworks were only added to the tvOS 14.5 beta for select users. Gurman has explained in his article <a href=\"https:\/\/www.apfelpatient.de\/en\/rumors\/with-cameras-more-apple-is-working-on-new-homepods\">explained<\/a>that there are no &quot;imminent launches&quot; planned for a HomePod with a camera and display. The product is said to be in development, but it could end up being just an idea. It should be mentioned at this point that it is quite possible that the iMessage, FaceTime and AVFCapture frameworks introduced in tvOS 14.5 have a completely different purpose. This does not necessarily have to be related to a new HomePod. Nevertheless, the topic certainly remains exciting. (Image: Apple)<\/p>\n\n\n\n<h6 class=\"wp-block-heading translation-block\" id=\"h-kennt-ihr-schon-unsere-amazon-storefront-dort-findet-ihr-eine-handverlesene-auswahl-von-diversen-produkten-f-r-euer-iphone-und-co-viel-spa-beim-st-bern\"><em>Have you already visited our Amazon Storefront? There you&#039;ll find a hand-picked selection of various products for your iPhone and other devices \u2013 <span class=\"has-inline-color has-vivid-red-color\"><a href=\"https:\/\/www.amazon.de\/shop\/apfelpatientofficial\" class=\"ek-link\" data-wpel-link=\"exclude\" rel=\"follow noopener\" target=\"_self\"><span style=\"text-decoration: underline\" class=\"ek-underline\">enjoy browsing<\/span><\/a> !<\/span><\/em><\/h6>\n\n\n\n<h6 class=\"wp-block-heading translation-block\" id=\"h-der-beitrag-enthalt-partnerlinks\">This post contains <a data-type=\"URL\" data-id=\"https:\/\/www.apfelpatient.de\/partnerprogramm\" href=\"https:\/\/www.apfelpatient.de\/en\/partner-program\" data-wpel-link=\"internal\" target=\"_self\">affiliate links<\/a>.<\/h6>","protected":false},"excerpt":{"rendered":"<p>tvOS 14.5: It was recently reported that Apple is working on \u201cspeakers with screens and cameras\u201d \u2013 in other words, new HomePods.<\/p>","protected":false},"author":2,"featured_media":16128,"comment_status":"closed","ping_status":"closed","sticky":false,"template":"","format":"standard","meta":{"jnews-multi-image_gallery":[],"jnews_single_post":{"subtitle":"","format":"standard","video":"","gallery":"","source_name":"","source_url":"","via_name":"","via_url":"","override":[{"single_blog_custom":"","sidebar":"","second_sidebar":"","share_position":"","share_float_style":"","post_date_format":"","post_date_format_custom":"","post_reading_time_wpm":"","zoom_button_out_step":"1","zoom_button_in_step":"1","number_popup_post":"1"}],"image_override":[{"single_post_thumbnail_size":"","single_post_gallery_size":""}],"trending_post_position":"","trending_post_label":"","sponsored_post_label":"","sponsored_post_name":"","sponsored_post_url":"","sponsored_post_logo":"","sponsored_post_desc":""},"jnews_primary_category":{"id":"9"},"footnotes":""},"categories":[9],"tags":[85,95,576],"class_list":["post-20592","post","type-post","status-publish","format-standard","has-post-thumbnail","hentry","category-news","tag-homepod","tag-tvos","tag-tvos-14-5"],"yoast_head":"<!-- This site is optimized with the Yoast SEO Premium plugin v27.5 (Yoast SEO v27.5) - https:\/\/yoast.com\/product\/yoast-seo-premium-wordpress\/ -->\n<title>Apple f\u00fcgt FaceTime-Framework zu Apple TV &amp; HomePod hinzu<\/title>\n<meta name=\"description\" content=\"tvOS 14.5: Erst k\u00fcrzlich wurde berichtet, dass Apple an &quot;Lautsprechern mit Bildschirmen und Kameras&quot; arbeitet - also an neuen HomePods.\" \/>\n<meta name=\"robots\" content=\"index, follow, max-snippet:-1, max-image-preview:large, max-video-preview:-1\" \/>\n<link rel=\"canonical\" href=\"https:\/\/www.apfelpatient.de\/en\/news\/apple-adds-facetime-framework-to-apple-tv-homepod\" \/>\n<meta property=\"og:locale\" content=\"en_US\" \/>\n<meta property=\"og:type\" content=\"article\" \/>\n<meta property=\"og:title\" content=\"Apple f\u00fcgt FaceTime-Framework zu Apple TV &amp; HomePod hinzu\" \/>\n<meta property=\"og:description\" content=\"tvOS 14.5: Erst k\u00fcrzlich wurde berichtet, dass Apple an &quot;Lautsprechern mit Bildschirmen und Kameras&quot; arbeitet - also an neuen HomePods.\" \/>\n<meta property=\"og:url\" content=\"https:\/\/www.apfelpatient.de\/en\/news\/apple-adds-facetime-framework-to-apple-tv-homepod\" \/>\n<meta property=\"og:site_name\" content=\"Apfelpatient\" \/>\n<meta property=\"article:publisher\" content=\"https:\/\/www.facebook.com\/apfelpatientOfficial\" \/>\n<meta property=\"article:author\" content=\"https:\/\/www.facebook.com\/apfelpatientOfficial\" \/>\n<meta property=\"article:published_time\" content=\"2021-03-22T20:03:35+00:00\" \/>\n<meta property=\"article:modified_time\" content=\"2021-03-22T20:04:10+00:00\" \/>\n<meta property=\"og:image\" content=\"https:\/\/www.apfelpatient.de\/wp-content\/uploads\/2020\/10\/HomePod-Availability_interior-placement_012218.jpg\" \/>\n\t<meta property=\"og:image:width\" content=\"1632\" \/>\n\t<meta property=\"og:image:height\" content=\"1018\" \/>\n\t<meta property=\"og:image:type\" content=\"image\/jpeg\" \/>\n<meta name=\"author\" content=\"Milan\" \/>\n<meta name=\"twitter:card\" content=\"summary_large_image\" \/>\n<meta name=\"twitter:description\" content=\"tvOS 14.5: Erst k\u00fcrzlich wurde berichtet, dass Apple an &quot;Lautsprechern mit Bildschirmen und Kameras&quot; arbeitet - also an neuen HomePods.\" \/>\n<meta name=\"twitter:label1\" content=\"Written by\" \/>\n\t<meta name=\"twitter:data1\" content=\"Milan\" \/>\n\t<meta name=\"twitter:label2\" content=\"Est. reading time\" \/>\n\t<meta name=\"twitter:data2\" content=\"2 minutes\" \/>\n<script type=\"application\/ld+json\" class=\"yoast-schema-graph\">{\"@context\":\"https:\\\/\\\/schema.org\",\"@graph\":[{\"@type\":\"NewsArticle\",\"@id\":\"https:\\\/\\\/www.apfelpatient.de\\\/news\\\/apple-fuegt-facetime-framework-zu-apple-tv-homepod-hinzu#article\",\"isPartOf\":{\"@id\":\"https:\\\/\\\/www.apfelpatient.de\\\/news\\\/apple-fuegt-facetime-framework-zu-apple-tv-homepod-hinzu\"},\"author\":{\"@type\":\"Organization\",\"@id\":\"https:\\\/\\\/www.apfelpatient.de\\\/en\\\/#organization\",\"name\":\"Apfelpatient\",\"url\":\"https:\\\/\\\/www.apfelpatient.de\\\/en\\\/\"},\"headline\":\"Apple f\u00fcgt FaceTime-Framework zu Apple TV &#038; HomePod hinzu\",\"datePublished\":\"2021-03-22T20:03:35+00:00\",\"dateModified\":\"2021-03-22T20:04:10+00:00\",\"mainEntityOfPage\":{\"@id\":\"https:\\\/\\\/www.apfelpatient.de\\\/news\\\/apple-fuegt-facetime-framework-zu-apple-tv-homepod-hinzu\"},\"wordCount\":444,\"publisher\":{\"@type\":\"Organization\",\"@id\":\"https:\\\/\\\/www.apfelpatient.de\\\/en\\\/#organization\",\"name\":\"Apfelpatient\",\"url\":\"https:\\\/\\\/www.apfelpatient.de\\\/en\\\/\"},\"image\":{\"@id\":\"https:\\\/\\\/www.apfelpatient.de\\\/news\\\/apple-fuegt-facetime-framework-zu-apple-tv-homepod-hinzu#primaryimage\"},\"thumbnailUrl\":\"https:\\\/\\\/www.apfelpatient.de\\\/wp-content\\\/uploads\\\/2020\\\/10\\\/HomePod-Availability_interior-placement_012218.jpg\",\"keywords\":[\"HomePod\",\"tvOS\",\"tvOS 14.5\"],\"articleSection\":\"News\",\"inLanguage\":\"en-US\",\"copyrightYear\":\"2021\",\"copyrightHolder\":{\"@id\":\"https:\\\/\\\/www.apfelpatient.de\\\/en\\\/#organization\"}},{\"@type\":\"WebPage\",\"@id\":\"https:\\\/\\\/www.apfelpatient.de\\\/news\\\/apple-fuegt-facetime-framework-zu-apple-tv-homepod-hinzu\",\"url\":\"https:\\\/\\\/www.apfelpatient.de\\\/news\\\/apple-fuegt-facetime-framework-zu-apple-tv-homepod-hinzu\",\"name\":\"Apple f\u00fcgt FaceTime-Framework zu Apple TV & HomePod hinzu\",\"isPartOf\":{\"@id\":\"https:\\\/\\\/www.apfelpatient.de\\\/#website\"},\"primaryImageOfPage\":{\"@id\":\"https:\\\/\\\/www.apfelpatient.de\\\/news\\\/apple-fuegt-facetime-framework-zu-apple-tv-homepod-hinzu#primaryimage\"},\"image\":{\"@id\":\"https:\\\/\\\/www.apfelpatient.de\\\/news\\\/apple-fuegt-facetime-framework-zu-apple-tv-homepod-hinzu#primaryimage\"},\"thumbnailUrl\":\"https:\\\/\\\/www.apfelpatient.de\\\/wp-content\\\/uploads\\\/2020\\\/10\\\/HomePod-Availability_interior-placement_012218.jpg\",\"datePublished\":\"2021-03-22T20:03:35+00:00\",\"dateModified\":\"2021-03-22T20:04:10+00:00\",\"description\":\"tvOS 14.5: Erst k\u00fcrzlich wurde berichtet, dass Apple an \\\"Lautsprechern mit Bildschirmen und Kameras\\\" arbeitet - also an neuen HomePods.\",\"breadcrumb\":{\"@id\":\"https:\\\/\\\/www.apfelpatient.de\\\/news\\\/apple-fuegt-facetime-framework-zu-apple-tv-homepod-hinzu#breadcrumb\"},\"inLanguage\":\"en-US\",\"potentialAction\":[{\"@type\":\"ReadAction\",\"target\":[\"https:\\\/\\\/www.apfelpatient.de\\\/news\\\/apple-fuegt-facetime-framework-zu-apple-tv-homepod-hinzu\"]}]},{\"@type\":\"ImageObject\",\"inLanguage\":\"en-US\",\"@id\":\"https:\\\/\\\/www.apfelpatient.de\\\/news\\\/apple-fuegt-facetime-framework-zu-apple-tv-homepod-hinzu#primaryimage\",\"url\":\"https:\\\/\\\/www.apfelpatient.de\\\/wp-content\\\/uploads\\\/2020\\\/10\\\/HomePod-Availability_interior-placement_012218.jpg\",\"contentUrl\":\"https:\\\/\\\/www.apfelpatient.de\\\/wp-content\\\/uploads\\\/2020\\\/10\\\/HomePod-Availability_interior-placement_012218.jpg\",\"width\":1632,\"height\":1018,\"caption\":\"Bild: Apple\"},{\"@type\":\"BreadcrumbList\",\"@id\":\"https:\\\/\\\/www.apfelpatient.de\\\/news\\\/apple-fuegt-facetime-framework-zu-apple-tv-homepod-hinzu#breadcrumb\",\"itemListElement\":[{\"@type\":\"ListItem\",\"position\":1,\"name\":\"Startseite\",\"item\":\"https:\\\/\\\/www.apfelpatient.de\\\/\"},{\"@type\":\"ListItem\",\"position\":2,\"name\":\"Apple f\u00fcgt FaceTime-Framework zu Apple TV &#038; HomePod hinzu\"}]},{\"@type\":\"WebSite\",\"@id\":\"https:\\\/\\\/www.apfelpatient.de\\\/#website\",\"url\":\"https:\\\/\\\/www.apfelpatient.de\\\/\",\"name\":\"Apfelpatient\",\"description\":\"Alles rund um Apple!\",\"publisher\":{\"@type\":\"Organization\",\"@id\":\"https:\\\/\\\/www.apfelpatient.de\\\/en\\\/#organization\",\"name\":\"Apfelpatient\",\"url\":\"https:\\\/\\\/www.apfelpatient.de\\\/en\\\/\"},\"alternateName\":\"Apfelpatient\",\"potentialAction\":[{\"@type\":\"SearchAction\",\"target\":{\"@type\":\"EntryPoint\",\"urlTemplate\":\"https:\\\/\\\/www.apfelpatient.de\\\/?s={search_term_string}\"},\"query-input\":{\"@type\":\"PropertyValueSpecification\",\"valueRequired\":true,\"valueName\":\"search_term_string\"}}],\"inLanguage\":\"en-US\"},{\"@type\":[\"Person\",\"Organization\"],\"@id\":\"https:\\\/\\\/www.apfelpatient.de\\\/#\\\/schema\\\/person\\\/7dc56ad6c8e9824b76d2c08d4c140e13\",\"name\":\"Milan\",\"logo\":{\"@id\":\"https:\\\/\\\/www.apfelpatient.de\\\/#\\\/schema\\\/person\\\/image\\\/\"},\"description\":\"Hallo und herzlich willkommen auf meinem Technik-Blog! Als gro\u00dfer Apple-Fan berichte ich hier \u00fcber alles, was mit Apple zu tun hat: von den neuesten News und spannenden Ger\u00fcchten \u00fcber hilfreiche Tipps und Tricks bis hin zu ausf\u00fchrlichen Produkttests. Wenn du genauso technikbegeistert bist wie ich, bist du hier genau richtig!\",\"sameAs\":[\"https:\\\/\\\/www.facebook.com\\\/apfelpatientOfficial\",\"https:\\\/\\\/www.linkedin.com\\\/in\\\/milan-jovicic-42aa0231b\"],\"url\":\"https:\\\/\\\/www.apfelpatient.de\\\/en\\\/author\\\/apfeladmin\"}]}<\/script>\n<!-- \/ Yoast SEO Premium plugin. -->","yoast_head_json":{"title":"Apple adds FaceTime framework to Apple TV &amp; HomePod","description":"tvOS 14.5: It was recently reported that Apple is working on &quot;speakers with screens and cameras&quot; - in other words, new HomePods.","robots":{"index":"index","follow":"follow","max-snippet":"max-snippet:-1","max-image-preview":"max-image-preview:large","max-video-preview":"max-video-preview:-1"},"canonical":"https:\/\/www.apfelpatient.de\/en\/news\/apple-adds-facetime-framework-to-apple-tv-homepod","og_locale":"en_US","og_type":"article","og_title":"Apple f\u00fcgt FaceTime-Framework zu Apple TV & HomePod hinzu","og_description":"tvOS 14.5: Erst k\u00fcrzlich wurde berichtet, dass Apple an \"Lautsprechern mit Bildschirmen und Kameras\" arbeitet - also an neuen HomePods.","og_url":"https:\/\/www.apfelpatient.de\/en\/news\/apple-adds-facetime-framework-to-apple-tv-homepod","og_site_name":"Apfelpatient","article_publisher":"https:\/\/www.facebook.com\/apfelpatientOfficial","article_author":"https:\/\/www.facebook.com\/apfelpatientOfficial","article_published_time":"2021-03-22T20:03:35+00:00","article_modified_time":"2021-03-22T20:04:10+00:00","og_image":[{"width":1632,"height":1018,"url":"https:\/\/www.apfelpatient.de\/wp-content\/uploads\/2020\/10\/HomePod-Availability_interior-placement_012218.jpg","type":"image\/jpeg"}],"author":"Milan","twitter_card":"summary_large_image","twitter_description":"tvOS 14.5: Erst k\u00fcrzlich wurde berichtet, dass Apple an \"Lautsprechern mit Bildschirmen und Kameras\" arbeitet - also an neuen HomePods.","twitter_misc":{"Written by":"Milan","Est. reading time":"2 minutes"},"schema":{"@context":"https:\/\/schema.org","@graph":[{"@type":"NewsArticle","@id":"https:\/\/www.apfelpatient.de\/news\/apple-fuegt-facetime-framework-zu-apple-tv-homepod-hinzu#article","isPartOf":{"@id":"https:\/\/www.apfelpatient.de\/news\/apple-fuegt-facetime-framework-zu-apple-tv-homepod-hinzu"},"author":{"@type":"Organization","@id":"https:\/\/www.apfelpatient.de\/en\/#organization","name":"Apfelpatient","url":"https:\/\/www.apfelpatient.de\/en\/"},"headline":"Apple f\u00fcgt FaceTime-Framework zu Apple TV &#038; HomePod hinzu","datePublished":"2021-03-22T20:03:35+00:00","dateModified":"2021-03-22T20:04:10+00:00","mainEntityOfPage":{"@id":"https:\/\/www.apfelpatient.de\/news\/apple-fuegt-facetime-framework-zu-apple-tv-homepod-hinzu"},"wordCount":444,"publisher":{"@type":"Organization","@id":"https:\/\/www.apfelpatient.de\/en\/#organization","name":"Apfelpatient","url":"https:\/\/www.apfelpatient.de\/en\/"},"image":{"@id":"https:\/\/www.apfelpatient.de\/news\/apple-fuegt-facetime-framework-zu-apple-tv-homepod-hinzu#primaryimage"},"thumbnailUrl":"https:\/\/www.apfelpatient.de\/wp-content\/uploads\/2020\/10\/HomePod-Availability_interior-placement_012218.jpg","keywords":["HomePod","tvOS","tvOS 14.5"],"articleSection":"News","inLanguage":"en-US","copyrightYear":"2021","copyrightHolder":{"@id":"https:\/\/www.apfelpatient.de\/en\/#organization"}},{"@type":"WebPage","@id":"https:\/\/www.apfelpatient.de\/news\/apple-fuegt-facetime-framework-zu-apple-tv-homepod-hinzu","url":"https:\/\/www.apfelpatient.de\/news\/apple-fuegt-facetime-framework-zu-apple-tv-homepod-hinzu","name":"Apple adds FaceTime framework to Apple TV &amp; HomePod","isPartOf":{"@id":"https:\/\/www.apfelpatient.de\/#website"},"primaryImageOfPage":{"@id":"https:\/\/www.apfelpatient.de\/news\/apple-fuegt-facetime-framework-zu-apple-tv-homepod-hinzu#primaryimage"},"image":{"@id":"https:\/\/www.apfelpatient.de\/news\/apple-fuegt-facetime-framework-zu-apple-tv-homepod-hinzu#primaryimage"},"thumbnailUrl":"https:\/\/www.apfelpatient.de\/wp-content\/uploads\/2020\/10\/HomePod-Availability_interior-placement_012218.jpg","datePublished":"2021-03-22T20:03:35+00:00","dateModified":"2021-03-22T20:04:10+00:00","description":"tvOS 14.5: It was recently reported that Apple is working on &quot;speakers with screens and cameras&quot; - in other words, new HomePods.","breadcrumb":{"@id":"https:\/\/www.apfelpatient.de\/news\/apple-fuegt-facetime-framework-zu-apple-tv-homepod-hinzu#breadcrumb"},"inLanguage":"en-US","potentialAction":[{"@type":"ReadAction","target":["https:\/\/www.apfelpatient.de\/news\/apple-fuegt-facetime-framework-zu-apple-tv-homepod-hinzu"]}]},{"@type":"ImageObject","inLanguage":"en-US","@id":"https:\/\/www.apfelpatient.de\/news\/apple-fuegt-facetime-framework-zu-apple-tv-homepod-hinzu#primaryimage","url":"https:\/\/www.apfelpatient.de\/wp-content\/uploads\/2020\/10\/HomePod-Availability_interior-placement_012218.jpg","contentUrl":"https:\/\/www.apfelpatient.de\/wp-content\/uploads\/2020\/10\/HomePod-Availability_interior-placement_012218.jpg","width":1632,"height":1018,"caption":"Bild: Apple"},{"@type":"BreadcrumbList","@id":"https:\/\/www.apfelpatient.de\/news\/apple-fuegt-facetime-framework-zu-apple-tv-homepod-hinzu#breadcrumb","itemListElement":[{"@type":"ListItem","position":1,"name":"Startseite","item":"https:\/\/www.apfelpatient.de\/"},{"@type":"ListItem","position":2,"name":"Apple f\u00fcgt FaceTime-Framework zu Apple TV &#038; HomePod hinzu"}]},{"@type":"WebSite","@id":"https:\/\/www.apfelpatient.de\/#website","url":"https:\/\/www.apfelpatient.de\/","name":"apple patient","description":"Everything about Apple!","publisher":{"@type":"Organization","@id":"https:\/\/www.apfelpatient.de\/en\/#organization","name":"Apfelpatient","url":"https:\/\/www.apfelpatient.de\/en\/"},"alternateName":"Apfelpatient","potentialAction":[{"@type":"SearchAction","target":{"@type":"EntryPoint","urlTemplate":"https:\/\/www.apfelpatient.de\/?s={search_term_string}"},"query-input":{"@type":"PropertyValueSpecification","valueRequired":true,"valueName":"search_term_string"}}],"inLanguage":"en-US"},{"@type":["Person","Organization"],"@id":"https:\/\/www.apfelpatient.de\/#\/schema\/person\/7dc56ad6c8e9824b76d2c08d4c140e13","name":"Milan","logo":{"@id":"https:\/\/www.apfelpatient.de\/#\/schema\/person\/image\/"},"description":"Hello and welcome to my technology blog! As a big Apple fan, I report on everything to do with Apple: from the latest news and exciting rumors to helpful tips and tricks and detailed product tests. If you are as enthusiastic about technology as I am, you have come to the right place!","sameAs":["https:\/\/www.facebook.com\/apfelpatientOfficial","https:\/\/www.linkedin.com\/in\/milan-jovicic-42aa0231b"],"url":"https:\/\/www.apfelpatient.de\/en\/author\/apfeladmin"}]}},"_links":{"self":[{"href":"https:\/\/www.apfelpatient.de\/en\/wp-json\/wp\/v2\/posts\/20592","targetHints":{"allow":["GET"]}}],"collection":[{"href":"https:\/\/www.apfelpatient.de\/en\/wp-json\/wp\/v2\/posts"}],"about":[{"href":"https:\/\/www.apfelpatient.de\/en\/wp-json\/wp\/v2\/types\/post"}],"author":[{"embeddable":true,"href":"https:\/\/www.apfelpatient.de\/en\/wp-json\/wp\/v2\/users\/2"}],"replies":[{"embeddable":true,"href":"https:\/\/www.apfelpatient.de\/en\/wp-json\/wp\/v2\/comments?post=20592"}],"version-history":[{"count":0,"href":"https:\/\/www.apfelpatient.de\/en\/wp-json\/wp\/v2\/posts\/20592\/revisions"}],"wp:featuredmedia":[{"embeddable":true,"href":"https:\/\/www.apfelpatient.de\/en\/wp-json\/wp\/v2\/media\/16128"}],"wp:attachment":[{"href":"https:\/\/www.apfelpatient.de\/en\/wp-json\/wp\/v2\/media?parent=20592"}],"wp:term":[{"taxonomy":"category","embeddable":true,"href":"https:\/\/www.apfelpatient.de\/en\/wp-json\/wp\/v2\/categories?post=20592"},{"taxonomy":"post_tag","embeddable":true,"href":"https:\/\/www.apfelpatient.de\/en\/wp-json\/wp\/v2\/tags?post=20592"}],"curies":[{"name":"wp","href":"https:\/\/api.w.org\/{rel}","templated":true}]}}