{"id":20527,"date":"2021-03-20T18:37:34","date_gmt":"2021-03-20T17:37:34","guid":{"rendered":"https:\/\/www.apfelpatient.de\/?p=20527"},"modified":"2021-03-20T18:38:30","modified_gmt":"2021-03-20T17:38:30","slug":"21-5-inch-imac-apple-introduces-further-versions","status":"publish","type":"post","link":"https:\/\/www.apfelpatient.de\/en\/news\/21-5-zoll-imac-apple-stellt-weitere-versionen-ein","title":{"rendered":"21.5-inch iMac: Apple discontinues further versions"},"content":{"rendered":"<p class=\"has-drop-cap\"><strong>After Apple officially discontinued the iMac Pro, the 21.5-inch iMac with Retina 4K display seems to be the next in line to say goodbye.<\/strong><\/p>\n\n\n\n<p>As the US blog MacRumors first <a href=\"https:\/\/www.macrumors.com\/2021\/03\/20\/512gb-1tb-ssd-imac-21-discontinued\/\" target=\"_blank\" rel=\"noreferrer noopener\">discovered<\/a> , the 21.5-inch iMac is now only available with 256GB SSD and 1TB Fusion Drive options. Previously, it was possible to choose 512GB and 1TB SSD options as well. Earlier this month, a person familiar with Apple&#039;s supply chain claimed that the company has stopped producing the 512GB and 1TB SSD configurations of the iMac 4K entirely. Now, those versions are no longer available on Apple&#039;s website. Apple last updated the 21.5-inch iMac line with 8th-generation Intel processors, newer storage options, and improved graphics capabilities in early 2019. The company recently discontinued the original HomePod as well as the iMac Pro. Now that the iMac 4K division is being scaled back, it&#039;s possible that the first Apple Silicon iMac devices will appear sooner than expected.\u00a0<\/p>\n\n\n\n<h3 class=\"wp-block-heading\" id=\"h-apple-nimmt-21-5-zoll-imac-schrittweise-vom-markt\">Apple gradually withdraws 21.5-inch iMac from the market<\/h3>\n\n\n\n\n\n\n\n<p>Rumor has it that Apple is planning to update both the 21-inch and 27-inch iMacs this year. They will feature a brand new design and a new Apple Silicon processor from the M series. Bloomberg reported the following in December:<\/p>\n\n\n\n<blockquote class=\"wp-block-quote is-layout-flow wp-block-quote-is-layout-flow\"><p>Apple is working on successors to the M1 with up to 20 CPU cores, consisting of 16 high-performance and 4 efficiency cores. The company is expected to introduce ARM versions of the higher-end MacBook Pro and entry-level and high-end iMac desktops in 2021.<\/p><\/blockquote>\n\n\n\n<p>While Apple is now gradually removing the 21.5-inch iMac model from the market, the 27-inch device is still available in all options. How long this will last remains to be seen. (Photo by oasisamuel \/ Bigstockphoto)<\/p>\n\n\n\n<ul class=\"wp-block-list\"><li><a href=\"https:\/\/www.apfelpatient.de\/en\/news\/crash-logs-reveal-brand-new-apple-silicon-imac\">Crash logs reveal brand new Apple Silicon iMac<\/a><\/li><\/ul>\n\n\n\n<h6 class=\"wp-block-heading translation-block\" id=\"h-kennt-ihr-schon-unsere-amazon-storefront-dort-findet-ihr-eine-handverlesene-auswahl-von-diversen-produkten-f-r-euer-iphone-und-co-viel-spa-beim-st-bern\"><em>Have you already visited our Amazon Storefront? There you&#039;ll find a hand-picked selection of various products for your iPhone and other devices \u2013 <span class=\"has-inline-color has-vivid-red-color\"><a href=\"https:\/\/www.amazon.de\/shop\/apfelpatientofficial\" class=\"ek-link\" data-wpel-link=\"exclude\" rel=\"follow noopener\" target=\"_self\"><span style=\"text-decoration: underline\" class=\"ek-underline\">enjoy browsing<\/span><\/a> !<\/span><\/em><\/h6>\n\n\n\n<h6 class=\"wp-block-heading translation-block\" id=\"h-der-beitrag-enthalt-partnerlinks\">This post contains <a data-type=\"URL\" data-id=\"https:\/\/www.apfelpatient.de\/partnerprogramm\" href=\"https:\/\/www.apfelpatient.de\/en\/partner-program\" data-wpel-link=\"internal\" target=\"_self\">affiliate links<\/a>.<\/h6>","protected":false},"excerpt":{"rendered":"<p>After Apple officially discontinued the iMac Pro, the 21.5-inch iMac with Retina 4K display seems to be next in line.<\/p>","protected":false},"author":2,"featured_media":20528,"comment_status":"closed","ping_status":"closed","sticky":false,"template":"","format":"standard","meta":{"jnews-multi-image_gallery":[],"jnews_single_post":{"subtitle":"","format":"standard","video":"","gallery":"","source_name":"","source_url":"","via_name":"","via_url":"","override":[{"single_blog_custom":"","sidebar":"","second_sidebar":"","share_position":"","share_float_style":"","post_date_format":"","post_date_format_custom":"","post_reading_time_wpm":"","zoom_button_out_step":"1","zoom_button_in_step":"1","number_popup_post":"1"}],"image_override":[{"single_post_thumbnail_size":"","single_post_gallery_size":""}],"trending_post_position":"","trending_post_label":"","sponsored_post_label":"","sponsored_post_name":"","sponsored_post_url":"","sponsored_post_logo":"","sponsored_post_desc":""},"jnews_primary_category":{"id":"9"},"footnotes":""},"categories":[9],"tags":[72,40],"class_list":["post-20527","post","type-post","status-publish","format-standard","has-post-thumbnail","hentry","category-news","tag-imac","tag-mac"],"yoast_head":"<!-- This site is optimized with the Yoast SEO Premium plugin v27.5 (Yoast SEO v27.5) - https:\/\/yoast.com\/product\/yoast-seo-premium-wordpress\/ -->\n<title>21.5-Zoll iMac: Apple stellt weitere Versionen ein Apfelpatient<\/title>\n<meta name=\"description\" content=\"Nachdem Apple den iMac Pro offiziell eingestellt hat, scheint der 21.5-Zoll iMac mit Retina 4K-Display der n\u00e4chste in der Reihe zu sein.\" \/>\n<meta name=\"robots\" content=\"index, follow, max-snippet:-1, max-image-preview:large, max-video-preview:-1\" \/>\n<link rel=\"canonical\" href=\"https:\/\/www.apfelpatient.de\/en\/news\/21-5-inch-imac-apple-introduces-further-versions\" \/>\n<meta property=\"og:locale\" content=\"en_US\" \/>\n<meta property=\"og:type\" content=\"article\" \/>\n<meta property=\"og:title\" content=\"21.5-Zoll iMac: Apple stellt weitere Versionen ein\" \/>\n<meta property=\"og:description\" content=\"Nachdem Apple den iMac Pro offiziell eingestellt hat, scheint der 21.5-Zoll iMac mit Retina 4K-Display der n\u00e4chste in der Reihe zu sein.\" \/>\n<meta property=\"og:url\" content=\"https:\/\/www.apfelpatient.de\/en\/news\/21-5-inch-imac-apple-introduces-further-versions\" \/>\n<meta property=\"og:site_name\" content=\"Apfelpatient\" \/>\n<meta property=\"article:publisher\" content=\"https:\/\/www.facebook.com\/apfelpatientOfficial\" \/>\n<meta property=\"article:author\" content=\"https:\/\/www.facebook.com\/apfelpatientOfficial\" \/>\n<meta property=\"article:published_time\" content=\"2021-03-20T17:37:34+00:00\" \/>\n<meta property=\"article:modified_time\" content=\"2021-03-20T17:38:30+00:00\" \/>\n<meta property=\"og:image\" content=\"https:\/\/www.apfelpatient.de\/wp-content\/uploads\/2021\/03\/bigstock-Calgary-Alberta-Canada-Dec-400526207.jpg\" \/>\n\t<meta property=\"og:image:width\" content=\"1600\" \/>\n\t<meta property=\"og:image:height\" content=\"1067\" \/>\n\t<meta property=\"og:image:type\" content=\"image\/jpeg\" \/>\n<meta name=\"author\" content=\"Milan\" \/>\n<meta name=\"twitter:card\" content=\"summary_large_image\" \/>\n<meta name=\"twitter:description\" content=\"Nachdem Apple den iMac Pro offiziell eingestellt hat, scheint der 21.5-Zoll iMac mit Retina 4K-Display der n\u00e4chste in der Reihe zu sein.\" \/>\n<meta name=\"twitter:label1\" content=\"Written by\" \/>\n\t<meta name=\"twitter:data1\" content=\"Milan\" \/>\n\t<meta name=\"twitter:label2\" content=\"Est. reading time\" \/>\n\t<meta name=\"twitter:data2\" content=\"2 minutes\" \/>\n<script type=\"application\/ld+json\" class=\"yoast-schema-graph\">{\"@context\":\"https:\\\/\\\/schema.org\",\"@graph\":[{\"@type\":\"NewsArticle\",\"@id\":\"https:\\\/\\\/www.apfelpatient.de\\\/news\\\/21-5-zoll-imac-apple-stellt-weitere-versionen-ein#article\",\"isPartOf\":{\"@id\":\"https:\\\/\\\/www.apfelpatient.de\\\/news\\\/21-5-zoll-imac-apple-stellt-weitere-versionen-ein\"},\"author\":{\"@type\":\"Organization\",\"@id\":\"https:\\\/\\\/www.apfelpatient.de\\\/en\\\/#organization\",\"name\":\"Apfelpatient\",\"url\":\"https:\\\/\\\/www.apfelpatient.de\\\/en\\\/\"},\"headline\":\"21.5-Zoll iMac: Apple stellt weitere Versionen ein\",\"datePublished\":\"2021-03-20T17:37:34+00:00\",\"dateModified\":\"2021-03-20T17:38:30+00:00\",\"mainEntityOfPage\":{\"@id\":\"https:\\\/\\\/www.apfelpatient.de\\\/news\\\/21-5-zoll-imac-apple-stellt-weitere-versionen-ein\"},\"wordCount\":295,\"publisher\":{\"@type\":\"Organization\",\"@id\":\"https:\\\/\\\/www.apfelpatient.de\\\/en\\\/#organization\",\"name\":\"Apfelpatient\",\"url\":\"https:\\\/\\\/www.apfelpatient.de\\\/en\\\/\"},\"image\":{\"@id\":\"https:\\\/\\\/www.apfelpatient.de\\\/news\\\/21-5-zoll-imac-apple-stellt-weitere-versionen-ein#primaryimage\"},\"thumbnailUrl\":\"https:\\\/\\\/www.apfelpatient.de\\\/wp-content\\\/uploads\\\/2021\\\/03\\\/bigstock-Calgary-Alberta-Canada-Dec-400526207.jpg\",\"keywords\":[\"iMac\",\"Mac\"],\"articleSection\":\"News\",\"inLanguage\":\"en-US\",\"copyrightYear\":\"2021\",\"copyrightHolder\":{\"@id\":\"https:\\\/\\\/www.apfelpatient.de\\\/en\\\/#organization\"}},{\"@type\":\"WebPage\",\"@id\":\"https:\\\/\\\/www.apfelpatient.de\\\/news\\\/21-5-zoll-imac-apple-stellt-weitere-versionen-ein\",\"url\":\"https:\\\/\\\/www.apfelpatient.de\\\/news\\\/21-5-zoll-imac-apple-stellt-weitere-versionen-ein\",\"name\":\"21.5-Zoll iMac: Apple stellt weitere Versionen ein Apfelpatient\",\"isPartOf\":{\"@id\":\"https:\\\/\\\/www.apfelpatient.de\\\/#website\"},\"primaryImageOfPage\":{\"@id\":\"https:\\\/\\\/www.apfelpatient.de\\\/news\\\/21-5-zoll-imac-apple-stellt-weitere-versionen-ein#primaryimage\"},\"image\":{\"@id\":\"https:\\\/\\\/www.apfelpatient.de\\\/news\\\/21-5-zoll-imac-apple-stellt-weitere-versionen-ein#primaryimage\"},\"thumbnailUrl\":\"https:\\\/\\\/www.apfelpatient.de\\\/wp-content\\\/uploads\\\/2021\\\/03\\\/bigstock-Calgary-Alberta-Canada-Dec-400526207.jpg\",\"datePublished\":\"2021-03-20T17:37:34+00:00\",\"dateModified\":\"2021-03-20T17:38:30+00:00\",\"description\":\"Nachdem Apple den iMac Pro offiziell eingestellt hat, scheint der 21.5-Zoll iMac mit Retina 4K-Display der n\u00e4chste in der Reihe zu sein.\",\"breadcrumb\":{\"@id\":\"https:\\\/\\\/www.apfelpatient.de\\\/news\\\/21-5-zoll-imac-apple-stellt-weitere-versionen-ein#breadcrumb\"},\"inLanguage\":\"en-US\",\"potentialAction\":[{\"@type\":\"ReadAction\",\"target\":[\"https:\\\/\\\/www.apfelpatient.de\\\/news\\\/21-5-zoll-imac-apple-stellt-weitere-versionen-ein\"]}]},{\"@type\":\"ImageObject\",\"inLanguage\":\"en-US\",\"@id\":\"https:\\\/\\\/www.apfelpatient.de\\\/news\\\/21-5-zoll-imac-apple-stellt-weitere-versionen-ein#primaryimage\",\"url\":\"https:\\\/\\\/www.apfelpatient.de\\\/wp-content\\\/uploads\\\/2021\\\/03\\\/bigstock-Calgary-Alberta-Canada-Dec-400526207.jpg\",\"contentUrl\":\"https:\\\/\\\/www.apfelpatient.de\\\/wp-content\\\/uploads\\\/2021\\\/03\\\/bigstock-Calgary-Alberta-Canada-Dec-400526207.jpg\",\"width\":1600,\"height\":1067,\"caption\":\"Calgary, Alberta, Canada. Dec 17, 2020. Perspective rotated back view of an iMac computer on a wooden table with a white background\"},{\"@type\":\"BreadcrumbList\",\"@id\":\"https:\\\/\\\/www.apfelpatient.de\\\/news\\\/21-5-zoll-imac-apple-stellt-weitere-versionen-ein#breadcrumb\",\"itemListElement\":[{\"@type\":\"ListItem\",\"position\":1,\"name\":\"Startseite\",\"item\":\"https:\\\/\\\/www.apfelpatient.de\\\/\"},{\"@type\":\"ListItem\",\"position\":2,\"name\":\"21.5-Zoll iMac: Apple stellt weitere Versionen ein\"}]},{\"@type\":\"WebSite\",\"@id\":\"https:\\\/\\\/www.apfelpatient.de\\\/#website\",\"url\":\"https:\\\/\\\/www.apfelpatient.de\\\/\",\"name\":\"Apfelpatient\",\"description\":\"Alles rund um Apple!\",\"publisher\":{\"@type\":\"Organization\",\"@id\":\"https:\\\/\\\/www.apfelpatient.de\\\/en\\\/#organization\",\"name\":\"Apfelpatient\",\"url\":\"https:\\\/\\\/www.apfelpatient.de\\\/en\\\/\"},\"alternateName\":\"Apfelpatient\",\"potentialAction\":[{\"@type\":\"SearchAction\",\"target\":{\"@type\":\"EntryPoint\",\"urlTemplate\":\"https:\\\/\\\/www.apfelpatient.de\\\/?s={search_term_string}\"},\"query-input\":{\"@type\":\"PropertyValueSpecification\",\"valueRequired\":true,\"valueName\":\"search_term_string\"}}],\"inLanguage\":\"en-US\"},{\"@type\":[\"Person\",\"Organization\"],\"@id\":\"https:\\\/\\\/www.apfelpatient.de\\\/#\\\/schema\\\/person\\\/35b3ddba5832f2bfc7fff5206d4f6b7b\",\"name\":\"Milan\",\"logo\":{\"@id\":\"https:\\\/\\\/www.apfelpatient.de\\\/#\\\/schema\\\/person\\\/image\\\/\"},\"description\":\"Hallo und herzlich willkommen auf meinem Technik-Blog! Als gro\u00dfer Apple-Fan berichte ich hier \u00fcber alles, was mit Apple zu tun hat: von den neuesten News und spannenden Ger\u00fcchten \u00fcber hilfreiche Tipps und Tricks bis hin zu ausf\u00fchrlichen Produkttests. Wenn du genauso technikbegeistert bist wie ich, bist du hier genau richtig!\",\"sameAs\":[\"https:\\\/\\\/www.facebook.com\\\/apfelpatientOfficial\",\"https:\\\/\\\/www.linkedin.com\\\/in\\\/milan-jovicic-42aa0231b\"],\"url\":\"https:\\\/\\\/www.apfelpatient.de\\\/en\\\/author\\\/apfeladmin\"}]}<\/script>\n<!-- \/ Yoast SEO Premium plugin. -->","yoast_head_json":{"title":"21.5-inch iMac: Apple discontinues further versions Apfelpatient","description":"After Apple officially discontinued the iMac Pro, the 21.5-inch iMac with Retina 4K display seems to be next in line.","robots":{"index":"index","follow":"follow","max-snippet":"max-snippet:-1","max-image-preview":"max-image-preview:large","max-video-preview":"max-video-preview:-1"},"canonical":"https:\/\/www.apfelpatient.de\/en\/news\/21-5-inch-imac-apple-introduces-further-versions","og_locale":"en_US","og_type":"article","og_title":"21.5-Zoll iMac: Apple stellt weitere Versionen ein","og_description":"Nachdem Apple den iMac Pro offiziell eingestellt hat, scheint der 21.5-Zoll iMac mit Retina 4K-Display der n\u00e4chste in der Reihe zu sein.","og_url":"https:\/\/www.apfelpatient.de\/en\/news\/21-5-inch-imac-apple-introduces-further-versions","og_site_name":"Apfelpatient","article_publisher":"https:\/\/www.facebook.com\/apfelpatientOfficial","article_author":"https:\/\/www.facebook.com\/apfelpatientOfficial","article_published_time":"2021-03-20T17:37:34+00:00","article_modified_time":"2021-03-20T17:38:30+00:00","og_image":[{"width":1600,"height":1067,"url":"https:\/\/www.apfelpatient.de\/wp-content\/uploads\/2021\/03\/bigstock-Calgary-Alberta-Canada-Dec-400526207.jpg","type":"image\/jpeg"}],"author":"Milan","twitter_card":"summary_large_image","twitter_description":"Nachdem Apple den iMac Pro offiziell eingestellt hat, scheint der 21.5-Zoll iMac mit Retina 4K-Display der n\u00e4chste in der Reihe zu sein.","twitter_misc":{"Written by":"Milan","Est. reading time":"2 minutes"},"schema":{"@context":"https:\/\/schema.org","@graph":[{"@type":"NewsArticle","@id":"https:\/\/www.apfelpatient.de\/news\/21-5-zoll-imac-apple-stellt-weitere-versionen-ein#article","isPartOf":{"@id":"https:\/\/www.apfelpatient.de\/news\/21-5-zoll-imac-apple-stellt-weitere-versionen-ein"},"author":{"@type":"Organization","@id":"https:\/\/www.apfelpatient.de\/en\/#organization","name":"Apfelpatient","url":"https:\/\/www.apfelpatient.de\/en\/"},"headline":"21.5-Zoll iMac: Apple stellt weitere Versionen ein","datePublished":"2021-03-20T17:37:34+00:00","dateModified":"2021-03-20T17:38:30+00:00","mainEntityOfPage":{"@id":"https:\/\/www.apfelpatient.de\/news\/21-5-zoll-imac-apple-stellt-weitere-versionen-ein"},"wordCount":295,"publisher":{"@type":"Organization","@id":"https:\/\/www.apfelpatient.de\/en\/#organization","name":"Apfelpatient","url":"https:\/\/www.apfelpatient.de\/en\/"},"image":{"@id":"https:\/\/www.apfelpatient.de\/news\/21-5-zoll-imac-apple-stellt-weitere-versionen-ein#primaryimage"},"thumbnailUrl":"https:\/\/www.apfelpatient.de\/wp-content\/uploads\/2021\/03\/bigstock-Calgary-Alberta-Canada-Dec-400526207.jpg","keywords":["iMac","Mac"],"articleSection":"News","inLanguage":"en-US","copyrightYear":"2021","copyrightHolder":{"@id":"https:\/\/www.apfelpatient.de\/en\/#organization"}},{"@type":"WebPage","@id":"https:\/\/www.apfelpatient.de\/news\/21-5-zoll-imac-apple-stellt-weitere-versionen-ein","url":"https:\/\/www.apfelpatient.de\/news\/21-5-zoll-imac-apple-stellt-weitere-versionen-ein","name":"21.5-inch iMac: Apple discontinues further versions Apfelpatient","isPartOf":{"@id":"https:\/\/www.apfelpatient.de\/#website"},"primaryImageOfPage":{"@id":"https:\/\/www.apfelpatient.de\/news\/21-5-zoll-imac-apple-stellt-weitere-versionen-ein#primaryimage"},"image":{"@id":"https:\/\/www.apfelpatient.de\/news\/21-5-zoll-imac-apple-stellt-weitere-versionen-ein#primaryimage"},"thumbnailUrl":"https:\/\/www.apfelpatient.de\/wp-content\/uploads\/2021\/03\/bigstock-Calgary-Alberta-Canada-Dec-400526207.jpg","datePublished":"2021-03-20T17:37:34+00:00","dateModified":"2021-03-20T17:38:30+00:00","description":"After Apple officially discontinued the iMac Pro, the 21.5-inch iMac with Retina 4K display seems to be next in line.","breadcrumb":{"@id":"https:\/\/www.apfelpatient.de\/news\/21-5-zoll-imac-apple-stellt-weitere-versionen-ein#breadcrumb"},"inLanguage":"en-US","potentialAction":[{"@type":"ReadAction","target":["https:\/\/www.apfelpatient.de\/news\/21-5-zoll-imac-apple-stellt-weitere-versionen-ein"]}]},{"@type":"ImageObject","inLanguage":"en-US","@id":"https:\/\/www.apfelpatient.de\/news\/21-5-zoll-imac-apple-stellt-weitere-versionen-ein#primaryimage","url":"https:\/\/www.apfelpatient.de\/wp-content\/uploads\/2021\/03\/bigstock-Calgary-Alberta-Canada-Dec-400526207.jpg","contentUrl":"https:\/\/www.apfelpatient.de\/wp-content\/uploads\/2021\/03\/bigstock-Calgary-Alberta-Canada-Dec-400526207.jpg","width":1600,"height":1067,"caption":"Calgary, Alberta, Canada. Dec 17, 2020. Perspective rotated back view of an iMac computer on a wooden table with a white background"},{"@type":"BreadcrumbList","@id":"https:\/\/www.apfelpatient.de\/news\/21-5-zoll-imac-apple-stellt-weitere-versionen-ein#breadcrumb","itemListElement":[{"@type":"ListItem","position":1,"name":"Startseite","item":"https:\/\/www.apfelpatient.de\/"},{"@type":"ListItem","position":2,"name":"21.5-Zoll iMac: Apple stellt weitere Versionen ein"}]},{"@type":"WebSite","@id":"https:\/\/www.apfelpatient.de\/#website","url":"https:\/\/www.apfelpatient.de\/","name":"apple patient","description":"Everything about Apple!","publisher":{"@type":"Organization","@id":"https:\/\/www.apfelpatient.de\/en\/#organization","name":"Apfelpatient","url":"https:\/\/www.apfelpatient.de\/en\/"},"alternateName":"Apfelpatient","potentialAction":[{"@type":"SearchAction","target":{"@type":"EntryPoint","urlTemplate":"https:\/\/www.apfelpatient.de\/?s={search_term_string}"},"query-input":{"@type":"PropertyValueSpecification","valueRequired":true,"valueName":"search_term_string"}}],"inLanguage":"en-US"},{"@type":["Person","Organization"],"@id":"https:\/\/www.apfelpatient.de\/#\/schema\/person\/35b3ddba5832f2bfc7fff5206d4f6b7b","name":"Milan","logo":{"@id":"https:\/\/www.apfelpatient.de\/#\/schema\/person\/image\/"},"description":"Hello and welcome to my technology blog! As a big Apple fan, I report on everything to do with Apple: from the latest news and exciting rumors to helpful tips and tricks and detailed product tests. If you are as enthusiastic about technology as I am, you have come to the right place!","sameAs":["https:\/\/www.facebook.com\/apfelpatientOfficial","https:\/\/www.linkedin.com\/in\/milan-jovicic-42aa0231b"],"url":"https:\/\/www.apfelpatient.de\/en\/author\/apfeladmin"}]}},"_links":{"self":[{"href":"https:\/\/www.apfelpatient.de\/en\/wp-json\/wp\/v2\/posts\/20527","targetHints":{"allow":["GET"]}}],"collection":[{"href":"https:\/\/www.apfelpatient.de\/en\/wp-json\/wp\/v2\/posts"}],"about":[{"href":"https:\/\/www.apfelpatient.de\/en\/wp-json\/wp\/v2\/types\/post"}],"author":[{"embeddable":true,"href":"https:\/\/www.apfelpatient.de\/en\/wp-json\/wp\/v2\/users\/2"}],"replies":[{"embeddable":true,"href":"https:\/\/www.apfelpatient.de\/en\/wp-json\/wp\/v2\/comments?post=20527"}],"version-history":[{"count":0,"href":"https:\/\/www.apfelpatient.de\/en\/wp-json\/wp\/v2\/posts\/20527\/revisions"}],"wp:featuredmedia":[{"embeddable":true,"href":"https:\/\/www.apfelpatient.de\/en\/wp-json\/wp\/v2\/media\/20528"}],"wp:attachment":[{"href":"https:\/\/www.apfelpatient.de\/en\/wp-json\/wp\/v2\/media?parent=20527"}],"wp:term":[{"taxonomy":"category","embeddable":true,"href":"https:\/\/www.apfelpatient.de\/en\/wp-json\/wp\/v2\/categories?post=20527"},{"taxonomy":"post_tag","embeddable":true,"href":"https:\/\/www.apfelpatient.de\/en\/wp-json\/wp\/v2\/tags?post=20527"}],"curies":[{"name":"wp","href":"https:\/\/api.w.org\/{rel}","templated":true}]}}