{"id":20491,"date":"2021-03-19T15:19:03","date_gmt":"2021-03-19T14:19:03","guid":{"rendered":"https:\/\/www.apfelpatient.de\/?p=20491"},"modified":"2021-03-19T15:19:05","modified_gmt":"2021-03-19T14:19:05","slug":"facebook-is-reportedly-working-on-instagram-for-kids","status":"publish","type":"post","link":"https:\/\/www.apfelpatient.de\/en\/rumors\/facebook-arbeitet-angeblich-an-instagram-for-kids","title":{"rendered":"Facebook is reportedly working on \u201cInstagram for Kids\u201d"},"content":{"rendered":"<p class=\"has-drop-cap\"><strong>Facebook is reportedly working on a new version of Instagram for children under 13.<\/strong><\/p>\n\n\n\n<p>After releasing an update that restricts direct messaging for teens, Instagram may soon launch a new platform for kids. As BuzzFeed News <a href=\"https:\/\/www.buzzfeednews.com\/article\/ryanmac\/facebook-instagram-for-children-under-13\" target=\"_blank\" rel=\"noreferrer noopener\">reported<\/a>, Facebook is working on a new version of the popular social media service aimed at children under 13. According to the report, this new platform was mentioned in an internal company post seen by BuzzFeed News. The post was written by Instagram VP of product Vishal Shah. It states:<\/p>\n\n\n\n<blockquote class=\"wp-block-quote is-layout-flow wp-block-quote-is-layout-flow\"><p>We will build a new Youth pillar within the Community Product Group to focus on two things: (a) accelerating our integrity and privacy work to ensure the safest experience for teens and (b) building a version of Instagram that allows people under 13 to safely use Instagram for the first time.<\/p><\/blockquote>\n\n\n\n<h3 class=\"wp-block-heading\" id=\"h-instagram-for-kids-wie-m-chte-facebook-das-ganze-umsetzen\">Instagram for Kids: How does Facebook want to implement this?<\/h3>\n\n\n\n\n\n\n\n<p>Currently, anyone under the age of 13 is completely prohibited from using Instagram. There is even a dedicated support page for reporting profiles of children under 13 registered on Instagram. Still, the social network wants to reach this target audience somehow. Earlier this week, Instagram added a new restriction that prevents teens under 18 from receiving messages from adults in an effort to protect younger users from illegal content. If an Instagram for kids becomes a reality, it will likely have several restrictions and parental controls. Although Facebook sees an opportunity in reaching children - as the social network is extremely popular with teens - it is unknown how it will benefit from these users. After all, there are laws in several countries that prohibit targeting ads to children. Additionally, companies are prohibited by law from hosting content from users under 13. (Photo by Ink Drop \/ Bigstockphoto)<\/p>\n\n\n\n<ul class=\"wp-block-list\"><li><a href=\"https:\/\/www.apfelpatient.de\/en\/news\/whatsapp-ends-support-for-ios-9\">WhatsApp ends support for iOS 9<\/a><\/li><\/ul>\n\n\n\n<h6 class=\"wp-block-heading translation-block\" id=\"h-kennt-ihr-schon-unsere-amazon-storefront-dort-findet-ihr-eine-handverlesene-auswahl-von-diversen-produkten-f-r-euer-iphone-und-co-viel-spa-beim-st-bern\"><em>Have you already visited our Amazon Storefront? There you&#039;ll find a hand-picked selection of various products for your iPhone and other devices \u2013 <span class=\"has-inline-color has-vivid-red-color\"><a href=\"https:\/\/www.amazon.de\/shop\/apfelpatientofficial\" class=\"ek-link\" data-wpel-link=\"exclude\" rel=\"follow noopener\" target=\"_self\"><span style=\"text-decoration: underline\" class=\"ek-underline\">enjoy browsing<\/span><\/a> !<\/span><\/em><\/h6>\n\n\n\n<h6 class=\"wp-block-heading translation-block\" id=\"h-der-beitrag-enthalt-partnerlinks\">This post contains <a data-type=\"URL\" data-id=\"https:\/\/www.apfelpatient.de\/partnerprogramm\" href=\"https:\/\/www.apfelpatient.de\/en\/partner-program\" data-wpel-link=\"internal\" target=\"_self\">affiliate links<\/a>.<\/h6>","protected":false},"excerpt":{"rendered":"<p>Instagram: Facebook is working on a new version of the popular social media service aimed at children under 13.<\/p>","protected":false},"author":2,"featured_media":15982,"comment_status":"closed","ping_status":"closed","sticky":false,"template":"","format":"standard","meta":{"jnews-multi-image_gallery":[],"jnews_single_post":{"subtitle":"","format":"standard","video":"","gallery":"","source_name":"","source_url":"","via_name":"","via_url":"","override":[{"single_blog_custom":"","sidebar":"","second_sidebar":"","share_position":"","share_float_style":"","post_date_format":"","post_date_format_custom":"","post_reading_time_wpm":"","zoom_button_out_step":"1","zoom_button_in_step":"1","number_popup_post":"1"}],"image_override":[{"single_post_thumbnail_size":"","single_post_gallery_size":""}],"trending_post_position":"","trending_post_label":"","sponsored_post_label":"","sponsored_post_name":"","sponsored_post_url":"","sponsored_post_logo":"","sponsored_post_desc":""},"jnews_primary_category":{"id":"25"},"footnotes":""},"categories":[25],"tags":[142,143,13],"class_list":["post-20491","post","type-post","status-publish","format-standard","has-post-thumbnail","hentry","category-rumors","tag-facebook","tag-instagram","tag-techpatient"],"yoast_head":"<!-- This site is optimized with the Yoast SEO Premium plugin v27.5 (Yoast SEO v27.5) - https:\/\/yoast.com\/product\/yoast-seo-premium-wordpress\/ -->\n<title>Facebook arbeitet angeblich an &quot;Instagram for Kids&quot; Apfelpatient<\/title>\n<meta name=\"description\" content=\"Instagram: Facebook arbeitet an einer neuen Version des beliebten Social Media Dienstes, der sich an Kinder unter 13 Jahren richtet.\" \/>\n<meta name=\"robots\" content=\"index, follow, max-snippet:-1, max-image-preview:large, max-video-preview:-1\" \/>\n<link rel=\"canonical\" href=\"https:\/\/www.apfelpatient.de\/en\/rumors\/facebook-is-reportedly-working-on-instagram-for-kids\" \/>\n<meta property=\"og:locale\" content=\"en_US\" \/>\n<meta property=\"og:type\" content=\"article\" \/>\n<meta property=\"og:title\" content=\"Facebook arbeitet angeblich an &quot;Instagram for Kids&quot;\" \/>\n<meta property=\"og:description\" content=\"Instagram: Facebook arbeitet an einer neuen Version des beliebten Social Media Dienstes, der sich an Kinder unter 13 Jahren richtet.\" \/>\n<meta property=\"og:url\" content=\"https:\/\/www.apfelpatient.de\/en\/rumors\/facebook-is-reportedly-working-on-instagram-for-kids\" \/>\n<meta property=\"og:site_name\" content=\"Apfelpatient\" \/>\n<meta property=\"article:publisher\" content=\"https:\/\/www.facebook.com\/apfelpatientOfficial\" \/>\n<meta property=\"article:author\" content=\"https:\/\/www.facebook.com\/apfelpatientOfficial\" \/>\n<meta property=\"article:published_time\" content=\"2021-03-19T14:19:03+00:00\" \/>\n<meta property=\"article:modified_time\" content=\"2021-03-19T14:19:05+00:00\" \/>\n<meta property=\"og:image\" content=\"https:\/\/www.apfelpatient.de\/wp-content\/uploads\/2020\/10\/bigstock-London-Uk-June-An-Ins-371770837.jpg\" \/>\n\t<meta property=\"og:image:width\" content=\"1600\" \/>\n\t<meta property=\"og:image:height\" content=\"1067\" \/>\n\t<meta property=\"og:image:type\" content=\"image\/jpeg\" \/>\n<meta name=\"author\" content=\"Milan\" \/>\n<meta name=\"twitter:card\" content=\"summary_large_image\" \/>\n<meta name=\"twitter:description\" content=\"Instagram: Facebook arbeitet an einer neuen Version des beliebten Social Media Dienstes, der sich an Kinder unter 13 Jahren richtet.\" \/>\n<meta name=\"twitter:label1\" content=\"Written by\" \/>\n\t<meta name=\"twitter:data1\" content=\"Milan\" \/>\n\t<meta name=\"twitter:label2\" content=\"Est. reading time\" \/>\n\t<meta name=\"twitter:data2\" content=\"2 minutes\" \/>\n<script type=\"application\/ld+json\" class=\"yoast-schema-graph\">{\"@context\":\"https:\\\/\\\/schema.org\",\"@graph\":[{\"@type\":\"NewsArticle\",\"@id\":\"https:\\\/\\\/www.apfelpatient.de\\\/rumors\\\/facebook-arbeitet-angeblich-an-instagram-for-kids#article\",\"isPartOf\":{\"@id\":\"https:\\\/\\\/www.apfelpatient.de\\\/rumors\\\/facebook-arbeitet-angeblich-an-instagram-for-kids\"},\"author\":{\"@type\":\"Organization\",\"@id\":\"https:\\\/\\\/www.apfelpatient.de\\\/en\\\/#organization\",\"name\":\"Apfelpatient\",\"url\":\"https:\\\/\\\/www.apfelpatient.de\\\/en\\\/\"},\"headline\":\"Facebook arbeitet angeblich an &#8222;Instagram for Kids&#8220;\",\"datePublished\":\"2021-03-19T14:19:03+00:00\",\"dateModified\":\"2021-03-19T14:19:05+00:00\",\"mainEntityOfPage\":{\"@id\":\"https:\\\/\\\/www.apfelpatient.de\\\/rumors\\\/facebook-arbeitet-angeblich-an-instagram-for-kids\"},\"wordCount\":342,\"publisher\":{\"@type\":\"Organization\",\"@id\":\"https:\\\/\\\/www.apfelpatient.de\\\/en\\\/#organization\",\"name\":\"Apfelpatient\",\"url\":\"https:\\\/\\\/www.apfelpatient.de\\\/en\\\/\"},\"image\":{\"@id\":\"https:\\\/\\\/www.apfelpatient.de\\\/rumors\\\/facebook-arbeitet-angeblich-an-instagram-for-kids#primaryimage\"},\"thumbnailUrl\":\"https:\\\/\\\/www.apfelpatient.de\\\/wp-content\\\/uploads\\\/2020\\\/10\\\/bigstock-London-Uk-June-An-Ins-371770837.jpg\",\"keywords\":[\"Facebook\",\"Instagram\",\"TechPatient\"],\"articleSection\":\"Rumors\",\"inLanguage\":\"en-US\",\"copyrightYear\":\"2021\",\"copyrightHolder\":{\"@id\":\"https:\\\/\\\/www.apfelpatient.de\\\/en\\\/#organization\"}},{\"@type\":\"WebPage\",\"@id\":\"https:\\\/\\\/www.apfelpatient.de\\\/rumors\\\/facebook-arbeitet-angeblich-an-instagram-for-kids\",\"url\":\"https:\\\/\\\/www.apfelpatient.de\\\/rumors\\\/facebook-arbeitet-angeblich-an-instagram-for-kids\",\"name\":\"Facebook arbeitet angeblich an \\\"Instagram for Kids\\\" Apfelpatient\",\"isPartOf\":{\"@id\":\"https:\\\/\\\/www.apfelpatient.de\\\/#website\"},\"primaryImageOfPage\":{\"@id\":\"https:\\\/\\\/www.apfelpatient.de\\\/rumors\\\/facebook-arbeitet-angeblich-an-instagram-for-kids#primaryimage\"},\"image\":{\"@id\":\"https:\\\/\\\/www.apfelpatient.de\\\/rumors\\\/facebook-arbeitet-angeblich-an-instagram-for-kids#primaryimage\"},\"thumbnailUrl\":\"https:\\\/\\\/www.apfelpatient.de\\\/wp-content\\\/uploads\\\/2020\\\/10\\\/bigstock-London-Uk-June-An-Ins-371770837.jpg\",\"datePublished\":\"2021-03-19T14:19:03+00:00\",\"dateModified\":\"2021-03-19T14:19:05+00:00\",\"description\":\"Instagram: Facebook arbeitet an einer neuen Version des beliebten Social Media Dienstes, der sich an Kinder unter 13 Jahren richtet.\",\"breadcrumb\":{\"@id\":\"https:\\\/\\\/www.apfelpatient.de\\\/rumors\\\/facebook-arbeitet-angeblich-an-instagram-for-kids#breadcrumb\"},\"inLanguage\":\"en-US\",\"potentialAction\":[{\"@type\":\"ReadAction\",\"target\":[\"https:\\\/\\\/www.apfelpatient.de\\\/rumors\\\/facebook-arbeitet-angeblich-an-instagram-for-kids\"]}]},{\"@type\":\"ImageObject\",\"inLanguage\":\"en-US\",\"@id\":\"https:\\\/\\\/www.apfelpatient.de\\\/rumors\\\/facebook-arbeitet-angeblich-an-instagram-for-kids#primaryimage\",\"url\":\"https:\\\/\\\/www.apfelpatient.de\\\/wp-content\\\/uploads\\\/2020\\\/10\\\/bigstock-London-Uk-June-An-Ins-371770837.jpg\",\"contentUrl\":\"https:\\\/\\\/www.apfelpatient.de\\\/wp-content\\\/uploads\\\/2020\\\/10\\\/bigstock-London-Uk-June-An-Ins-371770837.jpg\",\"width\":1600,\"height\":1067,\"caption\":\"LONDON, UK - June 2020: An instagram logo on the screen of a smartphone.\"},{\"@type\":\"BreadcrumbList\",\"@id\":\"https:\\\/\\\/www.apfelpatient.de\\\/rumors\\\/facebook-arbeitet-angeblich-an-instagram-for-kids#breadcrumb\",\"itemListElement\":[{\"@type\":\"ListItem\",\"position\":1,\"name\":\"Startseite\",\"item\":\"https:\\\/\\\/www.apfelpatient.de\\\/\"},{\"@type\":\"ListItem\",\"position\":2,\"name\":\"Facebook arbeitet angeblich an &#8222;Instagram for Kids&#8220;\"}]},{\"@type\":\"WebSite\",\"@id\":\"https:\\\/\\\/www.apfelpatient.de\\\/#website\",\"url\":\"https:\\\/\\\/www.apfelpatient.de\\\/\",\"name\":\"Apfelpatient\",\"description\":\"Alles rund um Apple!\",\"publisher\":{\"@type\":\"Organization\",\"@id\":\"https:\\\/\\\/www.apfelpatient.de\\\/en\\\/#organization\",\"name\":\"Apfelpatient\",\"url\":\"https:\\\/\\\/www.apfelpatient.de\\\/en\\\/\"},\"alternateName\":\"Apfelpatient\",\"potentialAction\":[{\"@type\":\"SearchAction\",\"target\":{\"@type\":\"EntryPoint\",\"urlTemplate\":\"https:\\\/\\\/www.apfelpatient.de\\\/?s={search_term_string}\"},\"query-input\":{\"@type\":\"PropertyValueSpecification\",\"valueRequired\":true,\"valueName\":\"search_term_string\"}}],\"inLanguage\":\"en-US\"},{\"@type\":[\"Person\",\"Organization\"],\"@id\":\"https:\\\/\\\/www.apfelpatient.de\\\/#\\\/schema\\\/person\\\/35b3ddba5832f2bfc7fff5206d4f6b7b\",\"name\":\"Milan\",\"logo\":{\"@id\":\"https:\\\/\\\/www.apfelpatient.de\\\/#\\\/schema\\\/person\\\/image\\\/\"},\"description\":\"Hallo und herzlich willkommen auf meinem Technik-Blog! Als gro\u00dfer Apple-Fan berichte ich hier \u00fcber alles, was mit Apple zu tun hat: von den neuesten News und spannenden Ger\u00fcchten \u00fcber hilfreiche Tipps und Tricks bis hin zu ausf\u00fchrlichen Produkttests. Wenn du genauso technikbegeistert bist wie ich, bist du hier genau richtig!\",\"sameAs\":[\"https:\\\/\\\/www.facebook.com\\\/apfelpatientOfficial\",\"https:\\\/\\\/www.linkedin.com\\\/in\\\/milan-jovicic-42aa0231b\"],\"url\":\"https:\\\/\\\/www.apfelpatient.de\\\/en\\\/author\\\/apfeladmin\"}]}<\/script>\n<!-- \/ Yoast SEO Premium plugin. -->","yoast_head_json":{"title":"Facebook is reportedly working on &quot;Instagram for Kids&quot; Apfelpatient","description":"Instagram: Facebook is working on a new version of the popular social media service aimed at children under 13.","robots":{"index":"index","follow":"follow","max-snippet":"max-snippet:-1","max-image-preview":"max-image-preview:large","max-video-preview":"max-video-preview:-1"},"canonical":"https:\/\/www.apfelpatient.de\/en\/rumors\/facebook-is-reportedly-working-on-instagram-for-kids","og_locale":"en_US","og_type":"article","og_title":"Facebook arbeitet angeblich an \"Instagram for Kids\"","og_description":"Instagram: Facebook arbeitet an einer neuen Version des beliebten Social Media Dienstes, der sich an Kinder unter 13 Jahren richtet.","og_url":"https:\/\/www.apfelpatient.de\/en\/rumors\/facebook-is-reportedly-working-on-instagram-for-kids","og_site_name":"Apfelpatient","article_publisher":"https:\/\/www.facebook.com\/apfelpatientOfficial","article_author":"https:\/\/www.facebook.com\/apfelpatientOfficial","article_published_time":"2021-03-19T14:19:03+00:00","article_modified_time":"2021-03-19T14:19:05+00:00","og_image":[{"width":1600,"height":1067,"url":"https:\/\/www.apfelpatient.de\/wp-content\/uploads\/2020\/10\/bigstock-London-Uk-June-An-Ins-371770837.jpg","type":"image\/jpeg"}],"author":"Milan","twitter_card":"summary_large_image","twitter_description":"Instagram: Facebook arbeitet an einer neuen Version des beliebten Social Media Dienstes, der sich an Kinder unter 13 Jahren richtet.","twitter_misc":{"Written by":"Milan","Est. reading time":"2 minutes"},"schema":{"@context":"https:\/\/schema.org","@graph":[{"@type":"NewsArticle","@id":"https:\/\/www.apfelpatient.de\/rumors\/facebook-arbeitet-angeblich-an-instagram-for-kids#article","isPartOf":{"@id":"https:\/\/www.apfelpatient.de\/rumors\/facebook-arbeitet-angeblich-an-instagram-for-kids"},"author":{"@type":"Organization","@id":"https:\/\/www.apfelpatient.de\/en\/#organization","name":"Apfelpatient","url":"https:\/\/www.apfelpatient.de\/en\/"},"headline":"Facebook arbeitet angeblich an &#8222;Instagram for Kids&#8220;","datePublished":"2021-03-19T14:19:03+00:00","dateModified":"2021-03-19T14:19:05+00:00","mainEntityOfPage":{"@id":"https:\/\/www.apfelpatient.de\/rumors\/facebook-arbeitet-angeblich-an-instagram-for-kids"},"wordCount":342,"publisher":{"@type":"Organization","@id":"https:\/\/www.apfelpatient.de\/en\/#organization","name":"Apfelpatient","url":"https:\/\/www.apfelpatient.de\/en\/"},"image":{"@id":"https:\/\/www.apfelpatient.de\/rumors\/facebook-arbeitet-angeblich-an-instagram-for-kids#primaryimage"},"thumbnailUrl":"https:\/\/www.apfelpatient.de\/wp-content\/uploads\/2020\/10\/bigstock-London-Uk-June-An-Ins-371770837.jpg","keywords":["Facebook","Instagram","TechPatient"],"articleSection":"Rumors","inLanguage":"en-US","copyrightYear":"2021","copyrightHolder":{"@id":"https:\/\/www.apfelpatient.de\/en\/#organization"}},{"@type":"WebPage","@id":"https:\/\/www.apfelpatient.de\/rumors\/facebook-arbeitet-angeblich-an-instagram-for-kids","url":"https:\/\/www.apfelpatient.de\/rumors\/facebook-arbeitet-angeblich-an-instagram-for-kids","name":"Facebook is reportedly working on &quot;Instagram for Kids&quot; Apfelpatient","isPartOf":{"@id":"https:\/\/www.apfelpatient.de\/#website"},"primaryImageOfPage":{"@id":"https:\/\/www.apfelpatient.de\/rumors\/facebook-arbeitet-angeblich-an-instagram-for-kids#primaryimage"},"image":{"@id":"https:\/\/www.apfelpatient.de\/rumors\/facebook-arbeitet-angeblich-an-instagram-for-kids#primaryimage"},"thumbnailUrl":"https:\/\/www.apfelpatient.de\/wp-content\/uploads\/2020\/10\/bigstock-London-Uk-June-An-Ins-371770837.jpg","datePublished":"2021-03-19T14:19:03+00:00","dateModified":"2021-03-19T14:19:05+00:00","description":"Instagram: Facebook is working on a new version of the popular social media service aimed at children under 13.","breadcrumb":{"@id":"https:\/\/www.apfelpatient.de\/rumors\/facebook-arbeitet-angeblich-an-instagram-for-kids#breadcrumb"},"inLanguage":"en-US","potentialAction":[{"@type":"ReadAction","target":["https:\/\/www.apfelpatient.de\/rumors\/facebook-arbeitet-angeblich-an-instagram-for-kids"]}]},{"@type":"ImageObject","inLanguage":"en-US","@id":"https:\/\/www.apfelpatient.de\/rumors\/facebook-arbeitet-angeblich-an-instagram-for-kids#primaryimage","url":"https:\/\/www.apfelpatient.de\/wp-content\/uploads\/2020\/10\/bigstock-London-Uk-June-An-Ins-371770837.jpg","contentUrl":"https:\/\/www.apfelpatient.de\/wp-content\/uploads\/2020\/10\/bigstock-London-Uk-June-An-Ins-371770837.jpg","width":1600,"height":1067,"caption":"LONDON, UK - June 2020: An instagram logo on the screen of a smartphone."},{"@type":"BreadcrumbList","@id":"https:\/\/www.apfelpatient.de\/rumors\/facebook-arbeitet-angeblich-an-instagram-for-kids#breadcrumb","itemListElement":[{"@type":"ListItem","position":1,"name":"Startseite","item":"https:\/\/www.apfelpatient.de\/"},{"@type":"ListItem","position":2,"name":"Facebook arbeitet angeblich an &#8222;Instagram for Kids&#8220;"}]},{"@type":"WebSite","@id":"https:\/\/www.apfelpatient.de\/#website","url":"https:\/\/www.apfelpatient.de\/","name":"apple patient","description":"Everything about Apple!","publisher":{"@type":"Organization","@id":"https:\/\/www.apfelpatient.de\/en\/#organization","name":"Apfelpatient","url":"https:\/\/www.apfelpatient.de\/en\/"},"alternateName":"Apfelpatient","potentialAction":[{"@type":"SearchAction","target":{"@type":"EntryPoint","urlTemplate":"https:\/\/www.apfelpatient.de\/?s={search_term_string}"},"query-input":{"@type":"PropertyValueSpecification","valueRequired":true,"valueName":"search_term_string"}}],"inLanguage":"en-US"},{"@type":["Person","Organization"],"@id":"https:\/\/www.apfelpatient.de\/#\/schema\/person\/35b3ddba5832f2bfc7fff5206d4f6b7b","name":"Milan","logo":{"@id":"https:\/\/www.apfelpatient.de\/#\/schema\/person\/image\/"},"description":"Hello and welcome to my technology blog! As a big Apple fan, I report on everything to do with Apple: from the latest news and exciting rumors to helpful tips and tricks and detailed product tests. If you are as enthusiastic about technology as I am, you have come to the right place!","sameAs":["https:\/\/www.facebook.com\/apfelpatientOfficial","https:\/\/www.linkedin.com\/in\/milan-jovicic-42aa0231b"],"url":"https:\/\/www.apfelpatient.de\/en\/author\/apfeladmin"}]}},"_links":{"self":[{"href":"https:\/\/www.apfelpatient.de\/en\/wp-json\/wp\/v2\/posts\/20491","targetHints":{"allow":["GET"]}}],"collection":[{"href":"https:\/\/www.apfelpatient.de\/en\/wp-json\/wp\/v2\/posts"}],"about":[{"href":"https:\/\/www.apfelpatient.de\/en\/wp-json\/wp\/v2\/types\/post"}],"author":[{"embeddable":true,"href":"https:\/\/www.apfelpatient.de\/en\/wp-json\/wp\/v2\/users\/2"}],"replies":[{"embeddable":true,"href":"https:\/\/www.apfelpatient.de\/en\/wp-json\/wp\/v2\/comments?post=20491"}],"version-history":[{"count":0,"href":"https:\/\/www.apfelpatient.de\/en\/wp-json\/wp\/v2\/posts\/20491\/revisions"}],"wp:featuredmedia":[{"embeddable":true,"href":"https:\/\/www.apfelpatient.de\/en\/wp-json\/wp\/v2\/media\/15982"}],"wp:attachment":[{"href":"https:\/\/www.apfelpatient.de\/en\/wp-json\/wp\/v2\/media?parent=20491"}],"wp:term":[{"taxonomy":"category","embeddable":true,"href":"https:\/\/www.apfelpatient.de\/en\/wp-json\/wp\/v2\/categories?post=20491"},{"taxonomy":"post_tag","embeddable":true,"href":"https:\/\/www.apfelpatient.de\/en\/wp-json\/wp\/v2\/tags?post=20491"}],"curies":[{"name":"wp","href":"https:\/\/api.w.org\/{rel}","templated":true}]}}