{"id":20475,"date":"2021-03-18T22:32:42","date_gmt":"2021-03-18T21:32:42","guid":{"rendered":"https:\/\/www.apfelpatient.de\/?p=20475"},"modified":"2021-03-18T22:32:44","modified_gmt":"2021-03-18T21:32:44","slug":"intel-launches-biased-pc-vs-mac-comparison-website","status":"publish","type":"post","link":"https:\/\/www.apfelpatient.de\/en\/news\/intel-startet-voreingenommene-pc-vs-mac-vergleichswebseite","title":{"rendered":"Intel launches biased &quot;PC vs. Mac&quot; comparison website"},"content":{"rendered":"<p class=\"has-drop-cap\"><strong>As part of its new campaign against M1 Macs, Intel launched a &quot;PC vs. Mac&quot; webpage this week. The webpage is heavily biased in favor of PC devices with Intel chips and makes questionable claims about Apple&#039;s M1 Mac lineup.<\/strong><\/p>\n\n\n\n<p>On the new Intel website <a href=\"https:\/\/www.intel.com\/content\/www\/us\/en\/products\/performance\/gopc.html\" target=\"_blank\" rel=\"noreferrer noopener nofollow\">it is claimed<\/a>that Apple&#039;s M1 Mac benchmarks &quot;don&#039;t translate to real-world use&quot; and that the M1 MacBook&#039;s features &quot;just don&#039;t measure up&quot; when compared to PCs with 11th-generation Intel chips. Intel positions PCs as &quot;more personalized&quot; to meet a user&#039;s &quot;specific hardware and software needs&quot; while the M1 Macs offer &quot;limited&quot; device support, games and programs.\u00a0<\/p>\n\n\n\n<blockquote class=\"wp-block-quote is-layout-flow wp-block-quote-is-layout-flow\"><p>The bottom line is that a PC offers the user choice, something they don&#039;t have with a Mac.<\/p><\/blockquote>\n\n\n\n<p>PCs offer a \u201cfull touchscreen\u201d instead of the \u201climited Mac Touch Bar,\u201d along with \u201c2 for 1 form factor options\u201d while Apple lets customers pay for \u201cmultiple devices and equipment.\u201d&nbsp;<\/p>\n\n\n\n<h3 class=\"wp-block-heading\" id=\"h-pc-vs-mac-anti-apple-silicon-werbekampagne-geht-weiter\">PC vs. Mac: Anti-&quot;Apple Silicon&quot; advertising campaign continues<\/h3>\n\n\n\n\n\n\n\n<p>In addition, the website highlights specific software, such as AI-based content creation tools from Topaz Labs, that are said to be faster on 11th Gen Intel Core chips. It states:<\/p>\n\n\n\n<blockquote class=\"wp-block-quote is-layout-flow wp-block-quote-is-layout-flow\"><p>A PC is built for the user. It can run any software and games the user wants and accommodate all the plug-ins they love. The possibilities are endless with a PC, unlike Apple&#039;s tightly controlled walled garden.<\/p><\/blockquote>\n\n\n\n<p>The new website is part of an existing anti-\u201cApple Silicon\u201d advertising campaign aimed at <a href=\"https:\/\/www.apple.com\/de\/mac\/\" target=\"_blank\" rel=\"noreferrer noopener\">M1 Macs<\/a> A series of ads posted on YouTube feature former &quot;I&#039;m a Mac&quot; actor Justin Long extolling the benefits of Intel-based PC devices. (Photo by deagreez \/ Bigstockphoto)<\/p>\n\n\n\n<ul class=\"wp-block-list\"><li><a href=\"https:\/\/www.apfelpatient.de\/en\/news\/strange-campaign-intel-again-taunts-against-m1-macs\">Strange campaign: Intel once again pokes fun at M1 Macs<\/a><\/li><\/ul>\n\n\n\n<h6 class=\"wp-block-heading translation-block\" id=\"h-kennt-ihr-schon-unsere-amazon-storefront-dort-findet-ihr-eine-handverlesene-auswahl-von-diversen-produkten-f-r-euer-iphone-und-co-viel-spa-beim-st-bern\"><em>Have you already visited our Amazon Storefront? There you&#039;ll find a hand-picked selection of various products for your iPhone and other devices \u2013 <span class=\"has-inline-color has-vivid-red-color\"><a href=\"https:\/\/www.amazon.de\/shop\/apfelpatientofficial\" class=\"ek-link\" data-wpel-link=\"exclude\" rel=\"follow noopener\" target=\"_self\"><span style=\"text-decoration: underline\" class=\"ek-underline\">enjoy browsing<\/span><\/a> !<\/span><\/em><\/h6>\n\n\n\n<h6 class=\"wp-block-heading translation-block\" id=\"h-der-beitrag-enthalt-partnerlinks\">This post contains <a data-type=\"URL\" data-id=\"https:\/\/www.apfelpatient.de\/partnerprogramm\" href=\"https:\/\/www.apfelpatient.de\/en\/partner-program\" data-wpel-link=\"internal\" target=\"_self\">affiliate links<\/a>.<\/h6>","protected":false},"excerpt":{"rendered":"<p>Anti-Apple Silicon Ad Campaign: As part of its new campaign against M1 Macs, Intel launched a \u201cPC vs. Mac\u201d website this week.<\/p>","protected":false},"author":2,"featured_media":20476,"comment_status":"closed","ping_status":"closed","sticky":false,"template":"","format":"standard","meta":{"jnews-multi-image_gallery":[],"jnews_single_post":{"subtitle":"","format":"standard","video":"","gallery":"","source_name":"","source_url":"","via_name":"","via_url":"","override":[{"single_blog_custom":"","sidebar":"","second_sidebar":"","share_position":"","share_float_style":"","post_date_format":"","post_date_format_custom":"","post_reading_time_wpm":"","zoom_button_out_step":"1","zoom_button_in_step":"1","number_popup_post":"1"}],"image_override":[{"single_post_thumbnail_size":"","single_post_gallery_size":""}],"trending_post_position":"","trending_post_label":"","sponsored_post_label":"","sponsored_post_name":"","sponsored_post_url":"","sponsored_post_logo":"","sponsored_post_desc":""},"jnews_primary_category":{"id":"9"},"footnotes":""},"categories":[9],"tags":[420,131,40],"class_list":["post-20475","post","type-post","status-publish","format-standard","has-post-thumbnail","hentry","category-news","tag-apple-silicon","tag-intel","tag-mac"],"yoast_head":"<!-- This site is optimized with the Yoast SEO Premium plugin v27.5 (Yoast SEO v27.5) - https:\/\/yoast.com\/product\/yoast-seo-premium-wordpress\/ -->\n<title>Intel startet voreingenommene &quot;PC vs. Mac&quot;-Vergleichswebseite<\/title>\n<meta name=\"description\" content=\"Anti-Apple-Silicon-Werbekampagne: Als Teil der neuen Kampagne gegen M1-Macs hat Intel diese Woche eine &quot;PC vs. Mac&quot;-Webseite ver\u00f6ffentlicht.\" \/>\n<meta name=\"robots\" content=\"index, follow, max-snippet:-1, max-image-preview:large, max-video-preview:-1\" \/>\n<link rel=\"canonical\" href=\"https:\/\/www.apfelpatient.de\/en\/news\/intel-launches-biased-pc-vs-mac-comparison-website\" \/>\n<meta property=\"og:locale\" content=\"en_US\" \/>\n<meta property=\"og:type\" content=\"article\" \/>\n<meta property=\"og:title\" content=\"Intel startet voreingenommene &quot;PC vs. Mac&quot;-Vergleichswebseite\" \/>\n<meta property=\"og:description\" content=\"Anti-Apple-Silicon-Werbekampagne: Als Teil der neuen Kampagne gegen M1-Macs hat Intel diese Woche eine &quot;PC vs. Mac&quot;-Webseite ver\u00f6ffentlicht.\" \/>\n<meta property=\"og:url\" content=\"https:\/\/www.apfelpatient.de\/en\/news\/intel-launches-biased-pc-vs-mac-comparison-website\" \/>\n<meta property=\"og:site_name\" content=\"Apfelpatient\" \/>\n<meta property=\"article:publisher\" content=\"https:\/\/www.facebook.com\/apfelpatientOfficial\" \/>\n<meta property=\"article:author\" content=\"https:\/\/www.facebook.com\/apfelpatientOfficial\" \/>\n<meta property=\"article:published_time\" content=\"2021-03-18T21:32:42+00:00\" \/>\n<meta property=\"article:modified_time\" content=\"2021-03-18T21:32:44+00:00\" \/>\n<meta property=\"og:image\" content=\"https:\/\/www.apfelpatient.de\/wp-content\/uploads\/2021\/03\/bigstock-Photo-Portrait-Of-Sceptical-Wo-408813656.jpg\" \/>\n\t<meta property=\"og:image:width\" content=\"1600\" \/>\n\t<meta property=\"og:image:height\" content=\"1067\" \/>\n\t<meta property=\"og:image:type\" content=\"image\/jpeg\" \/>\n<meta name=\"author\" content=\"Milan\" \/>\n<meta name=\"twitter:card\" content=\"summary_large_image\" \/>\n<meta name=\"twitter:description\" content=\"Anti-Apple-Silicon-Werbekampagne: Als Teil der neuen Kampagne gegen M1-Macs hat Intel diese Woche eine &quot;PC vs. Mac&quot;-Webseite ver\u00f6ffentlicht.\" \/>\n<meta name=\"twitter:label1\" content=\"Written by\" \/>\n\t<meta name=\"twitter:data1\" content=\"Milan\" \/>\n\t<meta name=\"twitter:label2\" content=\"Est. reading time\" \/>\n\t<meta name=\"twitter:data2\" content=\"2 minutes\" \/>\n<script type=\"application\/ld+json\" class=\"yoast-schema-graph\">{\"@context\":\"https:\\\/\\\/schema.org\",\"@graph\":[{\"@type\":\"NewsArticle\",\"@id\":\"https:\\\/\\\/www.apfelpatient.de\\\/news\\\/intel-startet-voreingenommene-pc-vs-mac-vergleichswebseite#article\",\"isPartOf\":{\"@id\":\"https:\\\/\\\/www.apfelpatient.de\\\/news\\\/intel-startet-voreingenommene-pc-vs-mac-vergleichswebseite\"},\"author\":{\"@type\":\"Organization\",\"@id\":\"https:\\\/\\\/www.apfelpatient.de\\\/en\\\/#organization\",\"name\":\"Apfelpatient\",\"url\":\"https:\\\/\\\/www.apfelpatient.de\\\/en\\\/\"},\"headline\":\"Intel startet voreingenommene &#8222;PC vs. Mac&#8220;-Vergleichswebseite\",\"datePublished\":\"2021-03-18T21:32:42+00:00\",\"dateModified\":\"2021-03-18T21:32:44+00:00\",\"mainEntityOfPage\":{\"@id\":\"https:\\\/\\\/www.apfelpatient.de\\\/news\\\/intel-startet-voreingenommene-pc-vs-mac-vergleichswebseite\"},\"wordCount\":311,\"publisher\":{\"@type\":\"Organization\",\"@id\":\"https:\\\/\\\/www.apfelpatient.de\\\/en\\\/#organization\",\"name\":\"Apfelpatient\",\"url\":\"https:\\\/\\\/www.apfelpatient.de\\\/en\\\/\"},\"image\":{\"@id\":\"https:\\\/\\\/www.apfelpatient.de\\\/news\\\/intel-startet-voreingenommene-pc-vs-mac-vergleichswebseite#primaryimage\"},\"thumbnailUrl\":\"https:\\\/\\\/www.apfelpatient.de\\\/wp-content\\\/uploads\\\/2021\\\/03\\\/bigstock-Photo-Portrait-Of-Sceptical-Wo-408813656.jpg\",\"keywords\":[\"Apple Silicon\",\"Intel\",\"Mac\"],\"articleSection\":\"News\",\"inLanguage\":\"en-US\",\"copyrightYear\":\"2021\",\"copyrightHolder\":{\"@id\":\"https:\\\/\\\/www.apfelpatient.de\\\/en\\\/#organization\"}},{\"@type\":\"WebPage\",\"@id\":\"https:\\\/\\\/www.apfelpatient.de\\\/news\\\/intel-startet-voreingenommene-pc-vs-mac-vergleichswebseite\",\"url\":\"https:\\\/\\\/www.apfelpatient.de\\\/news\\\/intel-startet-voreingenommene-pc-vs-mac-vergleichswebseite\",\"name\":\"Intel startet voreingenommene \\\"PC vs. Mac\\\"-Vergleichswebseite\",\"isPartOf\":{\"@id\":\"https:\\\/\\\/www.apfelpatient.de\\\/#website\"},\"primaryImageOfPage\":{\"@id\":\"https:\\\/\\\/www.apfelpatient.de\\\/news\\\/intel-startet-voreingenommene-pc-vs-mac-vergleichswebseite#primaryimage\"},\"image\":{\"@id\":\"https:\\\/\\\/www.apfelpatient.de\\\/news\\\/intel-startet-voreingenommene-pc-vs-mac-vergleichswebseite#primaryimage\"},\"thumbnailUrl\":\"https:\\\/\\\/www.apfelpatient.de\\\/wp-content\\\/uploads\\\/2021\\\/03\\\/bigstock-Photo-Portrait-Of-Sceptical-Wo-408813656.jpg\",\"datePublished\":\"2021-03-18T21:32:42+00:00\",\"dateModified\":\"2021-03-18T21:32:44+00:00\",\"description\":\"Anti-Apple-Silicon-Werbekampagne: Als Teil der neuen Kampagne gegen M1-Macs hat Intel diese Woche eine \\\"PC vs. Mac\\\"-Webseite ver\u00f6ffentlicht.\",\"breadcrumb\":{\"@id\":\"https:\\\/\\\/www.apfelpatient.de\\\/news\\\/intel-startet-voreingenommene-pc-vs-mac-vergleichswebseite#breadcrumb\"},\"inLanguage\":\"en-US\",\"potentialAction\":[{\"@type\":\"ReadAction\",\"target\":[\"https:\\\/\\\/www.apfelpatient.de\\\/news\\\/intel-startet-voreingenommene-pc-vs-mac-vergleichswebseite\"]}]},{\"@type\":\"ImageObject\",\"inLanguage\":\"en-US\",\"@id\":\"https:\\\/\\\/www.apfelpatient.de\\\/news\\\/intel-startet-voreingenommene-pc-vs-mac-vergleichswebseite#primaryimage\",\"url\":\"https:\\\/\\\/www.apfelpatient.de\\\/wp-content\\\/uploads\\\/2021\\\/03\\\/bigstock-Photo-Portrait-Of-Sceptical-Wo-408813656.jpg\",\"contentUrl\":\"https:\\\/\\\/www.apfelpatient.de\\\/wp-content\\\/uploads\\\/2021\\\/03\\\/bigstock-Photo-Portrait-Of-Sceptical-Wo-408813656.jpg\",\"width\":1600,\"height\":1067,\"caption\":\"Photo portrait of sceptical woman isolated on pastel pink colored background\"},{\"@type\":\"BreadcrumbList\",\"@id\":\"https:\\\/\\\/www.apfelpatient.de\\\/news\\\/intel-startet-voreingenommene-pc-vs-mac-vergleichswebseite#breadcrumb\",\"itemListElement\":[{\"@type\":\"ListItem\",\"position\":1,\"name\":\"Startseite\",\"item\":\"https:\\\/\\\/www.apfelpatient.de\\\/\"},{\"@type\":\"ListItem\",\"position\":2,\"name\":\"Intel startet voreingenommene &#8222;PC vs. Mac&#8220;-Vergleichswebseite\"}]},{\"@type\":\"WebSite\",\"@id\":\"https:\\\/\\\/www.apfelpatient.de\\\/#website\",\"url\":\"https:\\\/\\\/www.apfelpatient.de\\\/\",\"name\":\"Apfelpatient\",\"description\":\"Alles rund um Apple!\",\"publisher\":{\"@type\":\"Organization\",\"@id\":\"https:\\\/\\\/www.apfelpatient.de\\\/en\\\/#organization\",\"name\":\"Apfelpatient\",\"url\":\"https:\\\/\\\/www.apfelpatient.de\\\/en\\\/\"},\"alternateName\":\"Apfelpatient\",\"potentialAction\":[{\"@type\":\"SearchAction\",\"target\":{\"@type\":\"EntryPoint\",\"urlTemplate\":\"https:\\\/\\\/www.apfelpatient.de\\\/?s={search_term_string}\"},\"query-input\":{\"@type\":\"PropertyValueSpecification\",\"valueRequired\":true,\"valueName\":\"search_term_string\"}}],\"inLanguage\":\"en-US\"},{\"@type\":[\"Person\",\"Organization\"],\"@id\":\"https:\\\/\\\/www.apfelpatient.de\\\/#\\\/schema\\\/person\\\/7dc56ad6c8e9824b76d2c08d4c140e13\",\"name\":\"Milan\",\"logo\":{\"@id\":\"https:\\\/\\\/www.apfelpatient.de\\\/#\\\/schema\\\/person\\\/image\\\/\"},\"description\":\"Hallo und herzlich willkommen auf meinem Technik-Blog! Als gro\u00dfer Apple-Fan berichte ich hier \u00fcber alles, was mit Apple zu tun hat: von den neuesten News und spannenden Ger\u00fcchten \u00fcber hilfreiche Tipps und Tricks bis hin zu ausf\u00fchrlichen Produkttests. Wenn du genauso technikbegeistert bist wie ich, bist du hier genau richtig!\",\"sameAs\":[\"https:\\\/\\\/www.facebook.com\\\/apfelpatientOfficial\",\"https:\\\/\\\/www.linkedin.com\\\/in\\\/milan-jovicic-42aa0231b\"],\"url\":\"https:\\\/\\\/www.apfelpatient.de\\\/en\\\/author\\\/apfeladmin\"}]}<\/script>\n<!-- \/ Yoast SEO Premium plugin. -->","yoast_head_json":{"title":"Intel launches biased &quot;PC vs. Mac&quot; comparison website","description":"Anti-Apple Silicon Ad Campaign: As part of the new campaign against M1 Macs, Intel released a &quot;PC vs. Mac&quot; webpage this week.","robots":{"index":"index","follow":"follow","max-snippet":"max-snippet:-1","max-image-preview":"max-image-preview:large","max-video-preview":"max-video-preview:-1"},"canonical":"https:\/\/www.apfelpatient.de\/en\/news\/intel-launches-biased-pc-vs-mac-comparison-website","og_locale":"en_US","og_type":"article","og_title":"Intel startet voreingenommene \"PC vs. Mac\"-Vergleichswebseite","og_description":"Anti-Apple-Silicon-Werbekampagne: Als Teil der neuen Kampagne gegen M1-Macs hat Intel diese Woche eine \"PC vs. Mac\"-Webseite ver\u00f6ffentlicht.","og_url":"https:\/\/www.apfelpatient.de\/en\/news\/intel-launches-biased-pc-vs-mac-comparison-website","og_site_name":"Apfelpatient","article_publisher":"https:\/\/www.facebook.com\/apfelpatientOfficial","article_author":"https:\/\/www.facebook.com\/apfelpatientOfficial","article_published_time":"2021-03-18T21:32:42+00:00","article_modified_time":"2021-03-18T21:32:44+00:00","og_image":[{"width":1600,"height":1067,"url":"https:\/\/www.apfelpatient.de\/wp-content\/uploads\/2021\/03\/bigstock-Photo-Portrait-Of-Sceptical-Wo-408813656.jpg","type":"image\/jpeg"}],"author":"Milan","twitter_card":"summary_large_image","twitter_description":"Anti-Apple-Silicon-Werbekampagne: Als Teil der neuen Kampagne gegen M1-Macs hat Intel diese Woche eine \"PC vs. Mac\"-Webseite ver\u00f6ffentlicht.","twitter_misc":{"Written by":"Milan","Est. reading time":"2 minutes"},"schema":{"@context":"https:\/\/schema.org","@graph":[{"@type":"NewsArticle","@id":"https:\/\/www.apfelpatient.de\/news\/intel-startet-voreingenommene-pc-vs-mac-vergleichswebseite#article","isPartOf":{"@id":"https:\/\/www.apfelpatient.de\/news\/intel-startet-voreingenommene-pc-vs-mac-vergleichswebseite"},"author":{"@type":"Organization","@id":"https:\/\/www.apfelpatient.de\/en\/#organization","name":"Apfelpatient","url":"https:\/\/www.apfelpatient.de\/en\/"},"headline":"Intel startet voreingenommene &#8222;PC vs. Mac&#8220;-Vergleichswebseite","datePublished":"2021-03-18T21:32:42+00:00","dateModified":"2021-03-18T21:32:44+00:00","mainEntityOfPage":{"@id":"https:\/\/www.apfelpatient.de\/news\/intel-startet-voreingenommene-pc-vs-mac-vergleichswebseite"},"wordCount":311,"publisher":{"@type":"Organization","@id":"https:\/\/www.apfelpatient.de\/en\/#organization","name":"Apfelpatient","url":"https:\/\/www.apfelpatient.de\/en\/"},"image":{"@id":"https:\/\/www.apfelpatient.de\/news\/intel-startet-voreingenommene-pc-vs-mac-vergleichswebseite#primaryimage"},"thumbnailUrl":"https:\/\/www.apfelpatient.de\/wp-content\/uploads\/2021\/03\/bigstock-Photo-Portrait-Of-Sceptical-Wo-408813656.jpg","keywords":["Apple Silicon","Intel","Mac"],"articleSection":"News","inLanguage":"en-US","copyrightYear":"2021","copyrightHolder":{"@id":"https:\/\/www.apfelpatient.de\/en\/#organization"}},{"@type":"WebPage","@id":"https:\/\/www.apfelpatient.de\/news\/intel-startet-voreingenommene-pc-vs-mac-vergleichswebseite","url":"https:\/\/www.apfelpatient.de\/news\/intel-startet-voreingenommene-pc-vs-mac-vergleichswebseite","name":"Intel launches biased &quot;PC vs. Mac&quot; comparison website","isPartOf":{"@id":"https:\/\/www.apfelpatient.de\/#website"},"primaryImageOfPage":{"@id":"https:\/\/www.apfelpatient.de\/news\/intel-startet-voreingenommene-pc-vs-mac-vergleichswebseite#primaryimage"},"image":{"@id":"https:\/\/www.apfelpatient.de\/news\/intel-startet-voreingenommene-pc-vs-mac-vergleichswebseite#primaryimage"},"thumbnailUrl":"https:\/\/www.apfelpatient.de\/wp-content\/uploads\/2021\/03\/bigstock-Photo-Portrait-Of-Sceptical-Wo-408813656.jpg","datePublished":"2021-03-18T21:32:42+00:00","dateModified":"2021-03-18T21:32:44+00:00","description":"Anti-Apple Silicon Ad Campaign: As part of the new campaign against M1 Macs, Intel released a &quot;PC vs. Mac&quot; webpage this week.","breadcrumb":{"@id":"https:\/\/www.apfelpatient.de\/news\/intel-startet-voreingenommene-pc-vs-mac-vergleichswebseite#breadcrumb"},"inLanguage":"en-US","potentialAction":[{"@type":"ReadAction","target":["https:\/\/www.apfelpatient.de\/news\/intel-startet-voreingenommene-pc-vs-mac-vergleichswebseite"]}]},{"@type":"ImageObject","inLanguage":"en-US","@id":"https:\/\/www.apfelpatient.de\/news\/intel-startet-voreingenommene-pc-vs-mac-vergleichswebseite#primaryimage","url":"https:\/\/www.apfelpatient.de\/wp-content\/uploads\/2021\/03\/bigstock-Photo-Portrait-Of-Sceptical-Wo-408813656.jpg","contentUrl":"https:\/\/www.apfelpatient.de\/wp-content\/uploads\/2021\/03\/bigstock-Photo-Portrait-Of-Sceptical-Wo-408813656.jpg","width":1600,"height":1067,"caption":"Photo portrait of sceptical woman isolated on pastel pink colored background"},{"@type":"BreadcrumbList","@id":"https:\/\/www.apfelpatient.de\/news\/intel-startet-voreingenommene-pc-vs-mac-vergleichswebseite#breadcrumb","itemListElement":[{"@type":"ListItem","position":1,"name":"Startseite","item":"https:\/\/www.apfelpatient.de\/"},{"@type":"ListItem","position":2,"name":"Intel startet voreingenommene &#8222;PC vs. Mac&#8220;-Vergleichswebseite"}]},{"@type":"WebSite","@id":"https:\/\/www.apfelpatient.de\/#website","url":"https:\/\/www.apfelpatient.de\/","name":"apple patient","description":"Everything about Apple!","publisher":{"@type":"Organization","@id":"https:\/\/www.apfelpatient.de\/en\/#organization","name":"Apfelpatient","url":"https:\/\/www.apfelpatient.de\/en\/"},"alternateName":"Apfelpatient","potentialAction":[{"@type":"SearchAction","target":{"@type":"EntryPoint","urlTemplate":"https:\/\/www.apfelpatient.de\/?s={search_term_string}"},"query-input":{"@type":"PropertyValueSpecification","valueRequired":true,"valueName":"search_term_string"}}],"inLanguage":"en-US"},{"@type":["Person","Organization"],"@id":"https:\/\/www.apfelpatient.de\/#\/schema\/person\/7dc56ad6c8e9824b76d2c08d4c140e13","name":"Milan","logo":{"@id":"https:\/\/www.apfelpatient.de\/#\/schema\/person\/image\/"},"description":"Hello and welcome to my technology blog! As a big Apple fan, I report on everything to do with Apple: from the latest news and exciting rumors to helpful tips and tricks and detailed product tests. If you are as enthusiastic about technology as I am, you have come to the right place!","sameAs":["https:\/\/www.facebook.com\/apfelpatientOfficial","https:\/\/www.linkedin.com\/in\/milan-jovicic-42aa0231b"],"url":"https:\/\/www.apfelpatient.de\/en\/author\/apfeladmin"}]}},"_links":{"self":[{"href":"https:\/\/www.apfelpatient.de\/en\/wp-json\/wp\/v2\/posts\/20475","targetHints":{"allow":["GET"]}}],"collection":[{"href":"https:\/\/www.apfelpatient.de\/en\/wp-json\/wp\/v2\/posts"}],"about":[{"href":"https:\/\/www.apfelpatient.de\/en\/wp-json\/wp\/v2\/types\/post"}],"author":[{"embeddable":true,"href":"https:\/\/www.apfelpatient.de\/en\/wp-json\/wp\/v2\/users\/2"}],"replies":[{"embeddable":true,"href":"https:\/\/www.apfelpatient.de\/en\/wp-json\/wp\/v2\/comments?post=20475"}],"version-history":[{"count":0,"href":"https:\/\/www.apfelpatient.de\/en\/wp-json\/wp\/v2\/posts\/20475\/revisions"}],"wp:featuredmedia":[{"embeddable":true,"href":"https:\/\/www.apfelpatient.de\/en\/wp-json\/wp\/v2\/media\/20476"}],"wp:attachment":[{"href":"https:\/\/www.apfelpatient.de\/en\/wp-json\/wp\/v2\/media?parent=20475"}],"wp:term":[{"taxonomy":"category","embeddable":true,"href":"https:\/\/www.apfelpatient.de\/en\/wp-json\/wp\/v2\/categories?post=20475"},{"taxonomy":"post_tag","embeddable":true,"href":"https:\/\/www.apfelpatient.de\/en\/wp-json\/wp\/v2\/tags?post=20475"}],"curies":[{"name":"wp","href":"https:\/\/api.w.org\/{rel}","templated":true}]}}