{"id":20463,"date":"2021-03-18T16:04:25","date_gmt":"2021-03-18T15:04:25","guid":{"rendered":"https:\/\/www.apfelpatient.de\/?p=20463"},"modified":"2021-03-18T16:04:27","modified_gmt":"2021-03-18T15:04:27","slug":"event-on-march-23rd-apple-deliberately-deceived-leakers","status":"publish","type":"post","link":"https:\/\/www.apfelpatient.de\/en\/rumors\/event-am-23-maerz-apple-hat-leaker-gezielt-getaeuscht","title":{"rendered":"Event on March 23: Apple deliberately deceived leakers"},"content":{"rendered":"<p class=\"has-drop-cap\"><strong>Many well-known and accurate leakers have claimed that an Apple event will take place on March 23rd. Now it seems clear \u2013 Apple wanted to deliberately deceive these leakers.<\/strong><\/p>\n\n\n\n<p>Apple is notoriously a secretive company that prides itself on its ability to surprise and delight its customers. The possibility of leaks reaching the media is in direct contrast to this. It is now becoming increasingly obvious that Apple is on the defensive. Many reputable Apple leakers have reported that an Apple event would take place on March 23. Invitations for an event usually come at least a week beforehand. But March 16 passed with no mention of an event. So what happened? Most leakers have not commented on it so far - except for Jon Prosser. In his <a href=\"https:\/\/www.youtube.com\/watch?v=9ZK3PEPywX0\" target=\"_blank\" rel=\"noreferrer noopener\">latest video<\/a> He claims that Apple deliberately spread false information to promote an event on March 23rd.<\/p>\n\n\n\n<h3 class=\"wp-block-heading\" id=\"h-april-event-umfasst-eine-videoaufzeichnung\">April event includes a video recording<\/h3>\n\n\n\n\n\n\n\n<p>The whole point of the whole thing was to find the leaks within the company. By distributing fake information to a select number of employees, Apple is able to narrow down where the leaks are coming from. Prosser explained that he has a separate source who has been reporting an April event since early February. He decided to ignore this source because every other source stated March 23rd. Apple seems to be cleaning up internally. But what can we expect in April? According to Prosser, the April event will be a pre-recorded video with details on several products that will be released. The &quot;AirTags&quot; and an updated 10.2-inch iPad are expected to be announced. There is a small chance that the &quot;AirPods 3&quot; or the next iPad Pro will also be released at the event. (Image: Apple)<\/p>\n\n\n\n<ul class=\"wp-block-list\"><li><a href=\"https:\/\/www.apfelpatient.de\/en\/rumors\/new-ipad-pro-models-could-appear-in-april\">New iPad Pro models could be released in April<\/a><\/li><\/ul>\n\n\n\n<h6 class=\"wp-block-heading translation-block\" id=\"h-kennt-ihr-schon-unsere-amazon-storefront-dort-findet-ihr-eine-handverlesene-auswahl-von-diversen-produkten-f-r-euer-iphone-und-co-viel-spa-beim-st-bern\"><em>Have you already visited our Amazon Storefront? There you&#039;ll find a hand-picked selection of various products for your iPhone and other devices \u2013 <span class=\"has-inline-color has-vivid-red-color\"><a href=\"https:\/\/www.amazon.de\/shop\/apfelpatientofficial\" class=\"ek-link\" data-wpel-link=\"exclude\" rel=\"follow noopener\" target=\"_self\"><span style=\"text-decoration: underline\" class=\"ek-underline\">enjoy browsing<\/span><\/a> !<\/span><\/em><\/h6>\n\n\n\n<h6 class=\"wp-block-heading translation-block\" id=\"h-der-beitrag-enthalt-partnerlinks\">This post contains <a data-type=\"URL\" data-id=\"https:\/\/www.apfelpatient.de\/partnerprogramm\" href=\"https:\/\/www.apfelpatient.de\/en\/partner-program\" data-wpel-link=\"internal\" target=\"_self\">affiliate links<\/a>.<\/h6>","protected":false},"excerpt":{"rendered":"<p>Apple wanted to deliberately deceive: Many well-known and accurate leakers have claimed that an Apple event will take place on March 23rd.<\/p>","protected":false},"author":2,"featured_media":18907,"comment_status":"closed","ping_status":"closed","sticky":false,"template":"","format":"standard","meta":{"jnews-multi-image_gallery":[],"jnews_single_post":{"subtitle":"","format":"standard","video":"","gallery":"","source_name":"","source_url":"","via_name":"","via_url":"","override":[{"single_blog_custom":"","sidebar":"","second_sidebar":"","share_position":"","share_float_style":"","post_date_format":"","post_date_format_custom":"","post_reading_time_wpm":"","zoom_button_out_step":"1","zoom_button_in_step":"1","number_popup_post":"1"}],"image_override":[{"single_post_thumbnail_size":"","single_post_gallery_size":""}],"trending_post_position":"","trending_post_label":"","sponsored_post_label":"","sponsored_post_name":"","sponsored_post_url":"","sponsored_post_logo":"","sponsored_post_desc":""},"jnews_primary_category":{"id":"9"},"footnotes":""},"categories":[25],"tags":[28,328,86,18,13],"class_list":["post-20463","post","type-post","status-publish","format-standard","has-post-thumbnail","hentry","category-rumors","tag-airpods","tag-airtag","tag-apple-event","tag-ipad","tag-techpatient"],"yoast_head":"<!-- This site is optimized with the Yoast SEO Premium plugin v27.5 (Yoast SEO v27.5) - https:\/\/yoast.com\/product\/yoast-seo-premium-wordpress\/ -->\n<title>Event am 23. M\u00e4rz: Apple hat Leaker gezielt get\u00e4uscht Apfelpatient<\/title>\n<meta name=\"description\" content=\"Apple wollte gezielt t\u00e4uschen: Viele bekannte und treffsichere Leaker haben behauptet, dass am 23. M\u00e4rz ein Apple Event stattfinden wird.\" \/>\n<meta name=\"robots\" content=\"index, follow, max-snippet:-1, max-image-preview:large, max-video-preview:-1\" \/>\n<link rel=\"canonical\" href=\"https:\/\/www.apfelpatient.de\/en\/rumors\/event-on-march-23rd-apple-deliberately-deceived-leakers\" \/>\n<meta property=\"og:locale\" content=\"en_US\" \/>\n<meta property=\"og:type\" content=\"article\" \/>\n<meta property=\"og:title\" content=\"Event am 23. M\u00e4rz: Apple hat Leaker gezielt get\u00e4uscht\" \/>\n<meta property=\"og:description\" content=\"Apple wollte gezielt t\u00e4uschen: Viele bekannte und treffsichere Leaker haben behauptet, dass am 23. M\u00e4rz ein Apple Event stattfinden wird.\" \/>\n<meta property=\"og:url\" content=\"https:\/\/www.apfelpatient.de\/en\/rumors\/event-on-march-23rd-apple-deliberately-deceived-leakers\" \/>\n<meta property=\"og:site_name\" content=\"Apfelpatient\" \/>\n<meta property=\"article:publisher\" content=\"https:\/\/www.facebook.com\/apfelpatientOfficial\" \/>\n<meta property=\"article:author\" content=\"https:\/\/www.facebook.com\/apfelpatientOfficial\" \/>\n<meta property=\"article:published_time\" content=\"2021-03-18T15:04:25+00:00\" \/>\n<meta property=\"article:modified_time\" content=\"2021-03-18T15:04:27+00:00\" \/>\n<meta property=\"og:image\" content=\"https:\/\/www.apfelpatient.de\/wp-content\/uploads\/2021\/01\/apple-park-photo-1-building-trees-scaled.jpg\" \/>\n\t<meta property=\"og:image:width\" content=\"2560\" \/>\n\t<meta property=\"og:image:height\" content=\"1709\" \/>\n\t<meta property=\"og:image:type\" content=\"image\/jpeg\" \/>\n<meta name=\"author\" content=\"Milan\" \/>\n<meta name=\"twitter:card\" content=\"summary_large_image\" \/>\n<meta name=\"twitter:description\" content=\"Apple wollte gezielt t\u00e4uschen: Viele bekannte und treffsichere Leaker haben behauptet, dass am 23. M\u00e4rz ein Apple Event stattfinden wird.\" \/>\n<meta name=\"twitter:label1\" content=\"Written by\" \/>\n\t<meta name=\"twitter:data1\" content=\"Milan\" \/>\n\t<meta name=\"twitter:label2\" content=\"Est. reading time\" \/>\n\t<meta name=\"twitter:data2\" content=\"2 minutes\" \/>\n<script type=\"application\/ld+json\" class=\"yoast-schema-graph\">{\"@context\":\"https:\\\/\\\/schema.org\",\"@graph\":[{\"@type\":\"NewsArticle\",\"@id\":\"https:\\\/\\\/www.apfelpatient.de\\\/rumors\\\/event-am-23-maerz-apple-hat-leaker-gezielt-getaeuscht#article\",\"isPartOf\":{\"@id\":\"https:\\\/\\\/www.apfelpatient.de\\\/rumors\\\/event-am-23-maerz-apple-hat-leaker-gezielt-getaeuscht\"},\"author\":{\"@type\":\"Organization\",\"@id\":\"https:\\\/\\\/www.apfelpatient.de\\\/en\\\/#organization\",\"name\":\"Apfelpatient\",\"url\":\"https:\\\/\\\/www.apfelpatient.de\\\/en\\\/\"},\"headline\":\"Event am 23. M\u00e4rz: Apple hat Leaker gezielt get\u00e4uscht\",\"datePublished\":\"2021-03-18T15:04:25+00:00\",\"dateModified\":\"2021-03-18T15:04:27+00:00\",\"mainEntityOfPage\":{\"@id\":\"https:\\\/\\\/www.apfelpatient.de\\\/rumors\\\/event-am-23-maerz-apple-hat-leaker-gezielt-getaeuscht\"},\"wordCount\":325,\"publisher\":{\"@type\":\"Organization\",\"@id\":\"https:\\\/\\\/www.apfelpatient.de\\\/en\\\/#organization\",\"name\":\"Apfelpatient\",\"url\":\"https:\\\/\\\/www.apfelpatient.de\\\/en\\\/\"},\"image\":{\"@id\":\"https:\\\/\\\/www.apfelpatient.de\\\/rumors\\\/event-am-23-maerz-apple-hat-leaker-gezielt-getaeuscht#primaryimage\"},\"thumbnailUrl\":\"https:\\\/\\\/www.apfelpatient.de\\\/wp-content\\\/uploads\\\/2021\\\/01\\\/apple-park-photo-1-building-trees-scaled.jpg\",\"keywords\":[\"AirPods\",\"AirTags\",\"Apple Event\",\"iPad\",\"TechPatient\"],\"articleSection\":\"Rumors\",\"inLanguage\":\"en-US\",\"copyrightYear\":\"2021\",\"copyrightHolder\":{\"@id\":\"https:\\\/\\\/www.apfelpatient.de\\\/en\\\/#organization\"}},{\"@type\":\"WebPage\",\"@id\":\"https:\\\/\\\/www.apfelpatient.de\\\/rumors\\\/event-am-23-maerz-apple-hat-leaker-gezielt-getaeuscht\",\"url\":\"https:\\\/\\\/www.apfelpatient.de\\\/rumors\\\/event-am-23-maerz-apple-hat-leaker-gezielt-getaeuscht\",\"name\":\"Event am 23. M\u00e4rz: Apple hat Leaker gezielt get\u00e4uscht Apfelpatient\",\"isPartOf\":{\"@id\":\"https:\\\/\\\/www.apfelpatient.de\\\/#website\"},\"primaryImageOfPage\":{\"@id\":\"https:\\\/\\\/www.apfelpatient.de\\\/rumors\\\/event-am-23-maerz-apple-hat-leaker-gezielt-getaeuscht#primaryimage\"},\"image\":{\"@id\":\"https:\\\/\\\/www.apfelpatient.de\\\/rumors\\\/event-am-23-maerz-apple-hat-leaker-gezielt-getaeuscht#primaryimage\"},\"thumbnailUrl\":\"https:\\\/\\\/www.apfelpatient.de\\\/wp-content\\\/uploads\\\/2021\\\/01\\\/apple-park-photo-1-building-trees-scaled.jpg\",\"datePublished\":\"2021-03-18T15:04:25+00:00\",\"dateModified\":\"2021-03-18T15:04:27+00:00\",\"description\":\"Apple wollte gezielt t\u00e4uschen: Viele bekannte und treffsichere Leaker haben behauptet, dass am 23. M\u00e4rz ein Apple Event stattfinden wird.\",\"breadcrumb\":{\"@id\":\"https:\\\/\\\/www.apfelpatient.de\\\/rumors\\\/event-am-23-maerz-apple-hat-leaker-gezielt-getaeuscht#breadcrumb\"},\"inLanguage\":\"en-US\",\"potentialAction\":[{\"@type\":\"ReadAction\",\"target\":[\"https:\\\/\\\/www.apfelpatient.de\\\/rumors\\\/event-am-23-maerz-apple-hat-leaker-gezielt-getaeuscht\"]}]},{\"@type\":\"ImageObject\",\"inLanguage\":\"en-US\",\"@id\":\"https:\\\/\\\/www.apfelpatient.de\\\/rumors\\\/event-am-23-maerz-apple-hat-leaker-gezielt-getaeuscht#primaryimage\",\"url\":\"https:\\\/\\\/www.apfelpatient.de\\\/wp-content\\\/uploads\\\/2021\\\/01\\\/apple-park-photo-1-building-trees-scaled.jpg\",\"contentUrl\":\"https:\\\/\\\/www.apfelpatient.de\\\/wp-content\\\/uploads\\\/2021\\\/01\\\/apple-park-photo-1-building-trees-scaled.jpg\",\"width\":2560,\"height\":1709,\"caption\":\"Bild: Apple\"},{\"@type\":\"BreadcrumbList\",\"@id\":\"https:\\\/\\\/www.apfelpatient.de\\\/rumors\\\/event-am-23-maerz-apple-hat-leaker-gezielt-getaeuscht#breadcrumb\",\"itemListElement\":[{\"@type\":\"ListItem\",\"position\":1,\"name\":\"Startseite\",\"item\":\"https:\\\/\\\/www.apfelpatient.de\\\/\"},{\"@type\":\"ListItem\",\"position\":2,\"name\":\"Event am 23. M\u00e4rz: Apple hat Leaker gezielt get\u00e4uscht\"}]},{\"@type\":\"WebSite\",\"@id\":\"https:\\\/\\\/www.apfelpatient.de\\\/#website\",\"url\":\"https:\\\/\\\/www.apfelpatient.de\\\/\",\"name\":\"Apfelpatient\",\"description\":\"Alles rund um Apple!\",\"publisher\":{\"@type\":\"Organization\",\"@id\":\"https:\\\/\\\/www.apfelpatient.de\\\/en\\\/#organization\",\"name\":\"Apfelpatient\",\"url\":\"https:\\\/\\\/www.apfelpatient.de\\\/en\\\/\"},\"alternateName\":\"Apfelpatient\",\"potentialAction\":[{\"@type\":\"SearchAction\",\"target\":{\"@type\":\"EntryPoint\",\"urlTemplate\":\"https:\\\/\\\/www.apfelpatient.de\\\/?s={search_term_string}\"},\"query-input\":{\"@type\":\"PropertyValueSpecification\",\"valueRequired\":true,\"valueName\":\"search_term_string\"}}],\"inLanguage\":\"en-US\"},{\"@type\":[\"Person\",\"Organization\"],\"@id\":\"https:\\\/\\\/www.apfelpatient.de\\\/#\\\/schema\\\/person\\\/7dc56ad6c8e9824b76d2c08d4c140e13\",\"name\":\"Milan\",\"logo\":{\"@id\":\"https:\\\/\\\/www.apfelpatient.de\\\/#\\\/schema\\\/person\\\/image\\\/\"},\"description\":\"Hallo und herzlich willkommen auf meinem Technik-Blog! Als gro\u00dfer Apple-Fan berichte ich hier \u00fcber alles, was mit Apple zu tun hat: von den neuesten News und spannenden Ger\u00fcchten \u00fcber hilfreiche Tipps und Tricks bis hin zu ausf\u00fchrlichen Produkttests. Wenn du genauso technikbegeistert bist wie ich, bist du hier genau richtig!\",\"sameAs\":[\"https:\\\/\\\/www.facebook.com\\\/apfelpatientOfficial\",\"https:\\\/\\\/www.linkedin.com\\\/in\\\/milan-jovicic-42aa0231b\"],\"url\":\"https:\\\/\\\/www.apfelpatient.de\\\/en\\\/author\\\/apfeladmin\"}]}<\/script>\n<!-- \/ Yoast SEO Premium plugin. -->","yoast_head_json":{"title":"Event on March 23: Apple deliberately deceived leakers Apfelpatient","description":"Apple wanted to deliberately deceive: Many well-known and accurate leakers have claimed that an Apple event will take place on March 23rd.","robots":{"index":"index","follow":"follow","max-snippet":"max-snippet:-1","max-image-preview":"max-image-preview:large","max-video-preview":"max-video-preview:-1"},"canonical":"https:\/\/www.apfelpatient.de\/en\/rumors\/event-on-march-23rd-apple-deliberately-deceived-leakers","og_locale":"en_US","og_type":"article","og_title":"Event am 23. M\u00e4rz: Apple hat Leaker gezielt get\u00e4uscht","og_description":"Apple wollte gezielt t\u00e4uschen: Viele bekannte und treffsichere Leaker haben behauptet, dass am 23. M\u00e4rz ein Apple Event stattfinden wird.","og_url":"https:\/\/www.apfelpatient.de\/en\/rumors\/event-on-march-23rd-apple-deliberately-deceived-leakers","og_site_name":"Apfelpatient","article_publisher":"https:\/\/www.facebook.com\/apfelpatientOfficial","article_author":"https:\/\/www.facebook.com\/apfelpatientOfficial","article_published_time":"2021-03-18T15:04:25+00:00","article_modified_time":"2021-03-18T15:04:27+00:00","og_image":[{"width":2560,"height":1709,"url":"https:\/\/www.apfelpatient.de\/wp-content\/uploads\/2021\/01\/apple-park-photo-1-building-trees-scaled.jpg","type":"image\/jpeg"}],"author":"Milan","twitter_card":"summary_large_image","twitter_description":"Apple wollte gezielt t\u00e4uschen: Viele bekannte und treffsichere Leaker haben behauptet, dass am 23. M\u00e4rz ein Apple Event stattfinden wird.","twitter_misc":{"Written by":"Milan","Est. reading time":"2 minutes"},"schema":{"@context":"https:\/\/schema.org","@graph":[{"@type":"NewsArticle","@id":"https:\/\/www.apfelpatient.de\/rumors\/event-am-23-maerz-apple-hat-leaker-gezielt-getaeuscht#article","isPartOf":{"@id":"https:\/\/www.apfelpatient.de\/rumors\/event-am-23-maerz-apple-hat-leaker-gezielt-getaeuscht"},"author":{"@type":"Organization","@id":"https:\/\/www.apfelpatient.de\/en\/#organization","name":"Apfelpatient","url":"https:\/\/www.apfelpatient.de\/en\/"},"headline":"Event am 23. M\u00e4rz: Apple hat Leaker gezielt get\u00e4uscht","datePublished":"2021-03-18T15:04:25+00:00","dateModified":"2021-03-18T15:04:27+00:00","mainEntityOfPage":{"@id":"https:\/\/www.apfelpatient.de\/rumors\/event-am-23-maerz-apple-hat-leaker-gezielt-getaeuscht"},"wordCount":325,"publisher":{"@type":"Organization","@id":"https:\/\/www.apfelpatient.de\/en\/#organization","name":"Apfelpatient","url":"https:\/\/www.apfelpatient.de\/en\/"},"image":{"@id":"https:\/\/www.apfelpatient.de\/rumors\/event-am-23-maerz-apple-hat-leaker-gezielt-getaeuscht#primaryimage"},"thumbnailUrl":"https:\/\/www.apfelpatient.de\/wp-content\/uploads\/2021\/01\/apple-park-photo-1-building-trees-scaled.jpg","keywords":["AirPods","AirTags","Apple Event","iPad","TechPatient"],"articleSection":"Rumors","inLanguage":"en-US","copyrightYear":"2021","copyrightHolder":{"@id":"https:\/\/www.apfelpatient.de\/en\/#organization"}},{"@type":"WebPage","@id":"https:\/\/www.apfelpatient.de\/rumors\/event-am-23-maerz-apple-hat-leaker-gezielt-getaeuscht","url":"https:\/\/www.apfelpatient.de\/rumors\/event-am-23-maerz-apple-hat-leaker-gezielt-getaeuscht","name":"Event on March 23: Apple deliberately deceived leakers Apfelpatient","isPartOf":{"@id":"https:\/\/www.apfelpatient.de\/#website"},"primaryImageOfPage":{"@id":"https:\/\/www.apfelpatient.de\/rumors\/event-am-23-maerz-apple-hat-leaker-gezielt-getaeuscht#primaryimage"},"image":{"@id":"https:\/\/www.apfelpatient.de\/rumors\/event-am-23-maerz-apple-hat-leaker-gezielt-getaeuscht#primaryimage"},"thumbnailUrl":"https:\/\/www.apfelpatient.de\/wp-content\/uploads\/2021\/01\/apple-park-photo-1-building-trees-scaled.jpg","datePublished":"2021-03-18T15:04:25+00:00","dateModified":"2021-03-18T15:04:27+00:00","description":"Apple wanted to deliberately deceive: Many well-known and accurate leakers have claimed that an Apple event will take place on March 23rd.","breadcrumb":{"@id":"https:\/\/www.apfelpatient.de\/rumors\/event-am-23-maerz-apple-hat-leaker-gezielt-getaeuscht#breadcrumb"},"inLanguage":"en-US","potentialAction":[{"@type":"ReadAction","target":["https:\/\/www.apfelpatient.de\/rumors\/event-am-23-maerz-apple-hat-leaker-gezielt-getaeuscht"]}]},{"@type":"ImageObject","inLanguage":"en-US","@id":"https:\/\/www.apfelpatient.de\/rumors\/event-am-23-maerz-apple-hat-leaker-gezielt-getaeuscht#primaryimage","url":"https:\/\/www.apfelpatient.de\/wp-content\/uploads\/2021\/01\/apple-park-photo-1-building-trees-scaled.jpg","contentUrl":"https:\/\/www.apfelpatient.de\/wp-content\/uploads\/2021\/01\/apple-park-photo-1-building-trees-scaled.jpg","width":2560,"height":1709,"caption":"Bild: Apple"},{"@type":"BreadcrumbList","@id":"https:\/\/www.apfelpatient.de\/rumors\/event-am-23-maerz-apple-hat-leaker-gezielt-getaeuscht#breadcrumb","itemListElement":[{"@type":"ListItem","position":1,"name":"Startseite","item":"https:\/\/www.apfelpatient.de\/"},{"@type":"ListItem","position":2,"name":"Event am 23. M\u00e4rz: Apple hat Leaker gezielt get\u00e4uscht"}]},{"@type":"WebSite","@id":"https:\/\/www.apfelpatient.de\/#website","url":"https:\/\/www.apfelpatient.de\/","name":"apple patient","description":"Everything about Apple!","publisher":{"@type":"Organization","@id":"https:\/\/www.apfelpatient.de\/en\/#organization","name":"Apfelpatient","url":"https:\/\/www.apfelpatient.de\/en\/"},"alternateName":"Apfelpatient","potentialAction":[{"@type":"SearchAction","target":{"@type":"EntryPoint","urlTemplate":"https:\/\/www.apfelpatient.de\/?s={search_term_string}"},"query-input":{"@type":"PropertyValueSpecification","valueRequired":true,"valueName":"search_term_string"}}],"inLanguage":"en-US"},{"@type":["Person","Organization"],"@id":"https:\/\/www.apfelpatient.de\/#\/schema\/person\/7dc56ad6c8e9824b76d2c08d4c140e13","name":"Milan","logo":{"@id":"https:\/\/www.apfelpatient.de\/#\/schema\/person\/image\/"},"description":"Hello and welcome to my technology blog! As a big Apple fan, I report on everything to do with Apple: from the latest news and exciting rumors to helpful tips and tricks and detailed product tests. If you are as enthusiastic about technology as I am, you have come to the right place!","sameAs":["https:\/\/www.facebook.com\/apfelpatientOfficial","https:\/\/www.linkedin.com\/in\/milan-jovicic-42aa0231b"],"url":"https:\/\/www.apfelpatient.de\/en\/author\/apfeladmin"}]}},"_links":{"self":[{"href":"https:\/\/www.apfelpatient.de\/en\/wp-json\/wp\/v2\/posts\/20463","targetHints":{"allow":["GET"]}}],"collection":[{"href":"https:\/\/www.apfelpatient.de\/en\/wp-json\/wp\/v2\/posts"}],"about":[{"href":"https:\/\/www.apfelpatient.de\/en\/wp-json\/wp\/v2\/types\/post"}],"author":[{"embeddable":true,"href":"https:\/\/www.apfelpatient.de\/en\/wp-json\/wp\/v2\/users\/2"}],"replies":[{"embeddable":true,"href":"https:\/\/www.apfelpatient.de\/en\/wp-json\/wp\/v2\/comments?post=20463"}],"version-history":[{"count":0,"href":"https:\/\/www.apfelpatient.de\/en\/wp-json\/wp\/v2\/posts\/20463\/revisions"}],"wp:featuredmedia":[{"embeddable":true,"href":"https:\/\/www.apfelpatient.de\/en\/wp-json\/wp\/v2\/media\/18907"}],"wp:attachment":[{"href":"https:\/\/www.apfelpatient.de\/en\/wp-json\/wp\/v2\/media?parent=20463"}],"wp:term":[{"taxonomy":"category","embeddable":true,"href":"https:\/\/www.apfelpatient.de\/en\/wp-json\/wp\/v2\/categories?post=20463"},{"taxonomy":"post_tag","embeddable":true,"href":"https:\/\/www.apfelpatient.de\/en\/wp-json\/wp\/v2\/tags?post=20463"}],"curies":[{"name":"wp","href":"https:\/\/api.w.org\/{rel}","templated":true}]}}