{"id":20453,"date":"2021-03-18T13:16:50","date_gmt":"2021-03-18T12:16:50","guid":{"rendered":"https:\/\/www.apfelpatient.de\/?p=20453"},"modified":"2021-03-18T13:16:51","modified_gmt":"2021-03-18T12:16:51","slug":"macbook-air-with-miniled-ipad-air-with-oled-planned-for-2022","status":"publish","type":"post","link":"https:\/\/www.apfelpatient.de\/en\/rumors\/macbook-air-mit-miniled-ipad-air-mit-oled-fuer-2022-geplant","title":{"rendered":"MacBook Air with MiniLED &amp; iPad Air with OLED planned for 2022?"},"content":{"rendered":"<p class=\"has-drop-cap\"><strong>Rumors suggest that Apple will soon release a new iPad Pro with a miniLED display, but the company also plans to integrate this technology into other devices in the future.<\/strong>\u00a0<\/p>\n\n\n\n<p>In a new forecast, renowned analyst Ming-Chi Kuo claims that MiniLED displays will be used in the MacBook Air by 2022, while the iPad Air 2022 will have an OLED panel. Kuo points out that although Apple will now use MiniLED displays for the new iPad Pro, other iPad models will switch to OLED displays, starting with the iPad Air next year. MiniLED panels offer the same benefits as OLED, such as deeper blacks \u2013 since the backlight is based on multiple small LEDs \u2013 but they cannot burn in. However, since MiniLED is a more expensive technology, plans <a href=\"https:\/\/www.apple.com\/\" target=\"_blank\" rel=\"noreferrer noopener\">Apple<\/a>to integrate OLED into the cheaper iPads, which include the iPad Air and the entry-level iPad.\u00a0<\/p>\n\n\n\n<h3 class=\"wp-block-heading\" id=\"h-ipad-air-darum-soll-auch-oled-zum-einsatz-kommen\">iPad Air: This is why OLED should also be used<\/h3>\n\n\n\n\n\n\n\n<p>Unlike the iPhone, where Apple had to use a special OLED panel that folds at the bottom, the OLED displays the company will use in the iPad are flat. This means the cost of the new panels will be close to what Apple currently pays for each LCD panel used in the iPad Air. Kuo also claims that the MacBook Air will also get a MiniLED display by 2022, which will also encourage the adoption of this technology. The analyst previously stated that Apple is also working on new, redesigned MacBook Pros with MiniLED that will launch sometime later this year. Bloomberg reported today that the next-generation iPad Pro will launch in April with MiniLED <a href=\"https:\/\/www.apfelpatient.de\/en\/rumors\/new-ipad-pro-models-could-appear-in-april\">appear<\/a> , with only the larger 12.9-inch model receiving the new panel. (Photo by Denys Prykhodov \/ Bigstockphoto)<\/p>\n\n\n\n<h6 class=\"wp-block-heading translation-block\" id=\"h-kennt-ihr-schon-unsere-amazon-storefront-dort-findet-ihr-eine-handverlesene-auswahl-von-diversen-produkten-f-r-euer-iphone-und-co-viel-spa-beim-st-bern\"><em>Have you already visited our Amazon Storefront? There you&#039;ll find a hand-picked selection of various products for your iPhone and other devices \u2013 <span class=\"has-inline-color has-vivid-red-color\"><a href=\"https:\/\/www.amazon.de\/shop\/apfelpatientofficial\" class=\"ek-link\" data-wpel-link=\"exclude\" rel=\"follow noopener\" target=\"_self\"><span style=\"text-decoration: underline\" class=\"ek-underline\">enjoy browsing<\/span><\/a> !<\/span><\/em><\/h6>\n\n\n\n<h6 class=\"wp-block-heading translation-block\" id=\"h-der-beitrag-enthalt-partnerlinks\">This post contains <a data-type=\"URL\" data-id=\"https:\/\/www.apfelpatient.de\/partnerprogramm\" href=\"https:\/\/www.apfelpatient.de\/en\/partner-program\" data-wpel-link=\"internal\" target=\"_self\">affiliate links<\/a>.<\/h6>","protected":false},"excerpt":{"rendered":"<p>Rumors suggest that Apple will soon release a new iPad Pro with a miniLED display. But there&#039;s more to come.<\/p>","protected":false},"author":2,"featured_media":20454,"comment_status":"closed","ping_status":"closed","sticky":false,"template":"","format":"standard","meta":{"jnews-multi-image_gallery":[],"jnews_single_post":{"subtitle":"","format":"standard","video":"","gallery":"","source_name":"","source_url":"","via_name":"","via_url":"","override":[{"single_blog_custom":"","sidebar":"","second_sidebar":"","share_position":"","share_float_style":"","post_date_format":"","post_date_format_custom":"","post_reading_time_wpm":"","zoom_button_out_step":"1","zoom_button_in_step":"1","number_popup_post":"1"}],"image_override":[{"single_post_thumbnail_size":"","single_post_gallery_size":""}],"trending_post_position":"","trending_post_label":"","sponsored_post_label":"","sponsored_post_name":"","sponsored_post_url":"","sponsored_post_logo":"","sponsored_post_desc":""},"jnews_primary_category":{"id":"25"},"footnotes":""},"categories":[25],"tags":[18,40],"class_list":["post-20453","post","type-post","status-publish","format-standard","has-post-thumbnail","hentry","category-rumors","tag-ipad","tag-mac"],"yoast_head":"<!-- This site is optimized with the Yoast SEO Premium plugin v27.5 (Yoast SEO v27.5) - https:\/\/yoast.com\/product\/yoast-seo-premium-wordpress\/ -->\n<title>MacBook Air mit MiniLED &amp; iPad Air mit OLED f\u00fcr 2022 geplant?<\/title>\n<meta name=\"description\" content=\"Ger\u00fcchte deuten darauf hin, dass Apple bald ein neues iPad Pro mit einem MiniLED-Display ver\u00f6ffentlichen wird. Doch es kommt mehr.\" \/>\n<meta name=\"robots\" content=\"index, follow, max-snippet:-1, max-image-preview:large, max-video-preview:-1\" \/>\n<link rel=\"canonical\" href=\"https:\/\/www.apfelpatient.de\/en\/rumors\/macbook-air-with-miniled-ipad-air-with-oled-planned-for-2022\" \/>\n<meta property=\"og:locale\" content=\"en_US\" \/>\n<meta property=\"og:type\" content=\"article\" \/>\n<meta property=\"og:title\" content=\"MacBook Air mit MiniLED &amp; iPad Air mit OLED f\u00fcr 2022 geplant?\" \/>\n<meta property=\"og:description\" content=\"Ger\u00fcchte deuten darauf hin, dass Apple bald ein neues iPad Pro mit einem MiniLED-Display ver\u00f6ffentlichen wird. Doch es kommt mehr.\" \/>\n<meta property=\"og:url\" content=\"https:\/\/www.apfelpatient.de\/en\/rumors\/macbook-air-with-miniled-ipad-air-with-oled-planned-for-2022\" \/>\n<meta property=\"og:site_name\" content=\"Apfelpatient\" \/>\n<meta property=\"article:publisher\" content=\"https:\/\/www.facebook.com\/apfelpatientOfficial\" \/>\n<meta property=\"article:author\" content=\"https:\/\/www.facebook.com\/apfelpatientOfficial\" \/>\n<meta property=\"article:published_time\" content=\"2021-03-18T12:16:50+00:00\" \/>\n<meta property=\"article:modified_time\" content=\"2021-03-18T12:16:51+00:00\" \/>\n<meta property=\"og:image\" content=\"https:\/\/www.apfelpatient.de\/wp-content\/uploads\/2021\/03\/bigstock-203539687.jpg\" \/>\n\t<meta property=\"og:image:width\" content=\"1600\" \/>\n\t<meta property=\"og:image:height\" content=\"1067\" \/>\n\t<meta property=\"og:image:type\" content=\"image\/jpeg\" \/>\n<meta name=\"author\" content=\"Milan\" \/>\n<meta name=\"twitter:card\" content=\"summary_large_image\" \/>\n<meta name=\"twitter:description\" content=\"Ger\u00fcchte deuten darauf hin, dass Apple bald ein neues iPad Pro mit einem MiniLED-Display ver\u00f6ffentlichen wird. Doch es kommt mehr.\" \/>\n<meta name=\"twitter:label1\" content=\"Written by\" \/>\n\t<meta name=\"twitter:data1\" content=\"Milan\" \/>\n\t<meta name=\"twitter:label2\" content=\"Est. reading time\" \/>\n\t<meta name=\"twitter:data2\" content=\"2 minutes\" \/>\n<script type=\"application\/ld+json\" class=\"yoast-schema-graph\">{\"@context\":\"https:\\\/\\\/schema.org\",\"@graph\":[{\"@type\":\"NewsArticle\",\"@id\":\"https:\\\/\\\/www.apfelpatient.de\\\/rumors\\\/macbook-air-mit-miniled-ipad-air-mit-oled-fuer-2022-geplant#article\",\"isPartOf\":{\"@id\":\"https:\\\/\\\/www.apfelpatient.de\\\/rumors\\\/macbook-air-mit-miniled-ipad-air-mit-oled-fuer-2022-geplant\"},\"author\":{\"@type\":\"Organization\",\"@id\":\"https:\\\/\\\/www.apfelpatient.de\\\/en\\\/#organization\",\"name\":\"Apfelpatient\",\"url\":\"https:\\\/\\\/www.apfelpatient.de\\\/en\\\/\"},\"headline\":\"MacBook Air mit MiniLED &#038; iPad Air mit OLED f\u00fcr 2022 geplant?\",\"datePublished\":\"2021-03-18T12:16:50+00:00\",\"dateModified\":\"2021-03-18T12:16:51+00:00\",\"mainEntityOfPage\":{\"@id\":\"https:\\\/\\\/www.apfelpatient.de\\\/rumors\\\/macbook-air-mit-miniled-ipad-air-mit-oled-fuer-2022-geplant\"},\"wordCount\":314,\"publisher\":{\"@type\":\"Organization\",\"@id\":\"https:\\\/\\\/www.apfelpatient.de\\\/en\\\/#organization\",\"name\":\"Apfelpatient\",\"url\":\"https:\\\/\\\/www.apfelpatient.de\\\/en\\\/\"},\"image\":{\"@id\":\"https:\\\/\\\/www.apfelpatient.de\\\/rumors\\\/macbook-air-mit-miniled-ipad-air-mit-oled-fuer-2022-geplant#primaryimage\"},\"thumbnailUrl\":\"https:\\\/\\\/www.apfelpatient.de\\\/wp-content\\\/uploads\\\/2021\\\/03\\\/bigstock-203539687.jpg\",\"keywords\":[\"iPad\",\"Mac\"],\"articleSection\":\"Rumors\",\"inLanguage\":\"en-US\",\"copyrightYear\":\"2021\",\"copyrightHolder\":{\"@id\":\"https:\\\/\\\/www.apfelpatient.de\\\/en\\\/#organization\"}},{\"@type\":\"WebPage\",\"@id\":\"https:\\\/\\\/www.apfelpatient.de\\\/rumors\\\/macbook-air-mit-miniled-ipad-air-mit-oled-fuer-2022-geplant\",\"url\":\"https:\\\/\\\/www.apfelpatient.de\\\/rumors\\\/macbook-air-mit-miniled-ipad-air-mit-oled-fuer-2022-geplant\",\"name\":\"MacBook Air mit MiniLED & iPad Air mit OLED f\u00fcr 2022 geplant?\",\"isPartOf\":{\"@id\":\"https:\\\/\\\/www.apfelpatient.de\\\/#website\"},\"primaryImageOfPage\":{\"@id\":\"https:\\\/\\\/www.apfelpatient.de\\\/rumors\\\/macbook-air-mit-miniled-ipad-air-mit-oled-fuer-2022-geplant#primaryimage\"},\"image\":{\"@id\":\"https:\\\/\\\/www.apfelpatient.de\\\/rumors\\\/macbook-air-mit-miniled-ipad-air-mit-oled-fuer-2022-geplant#primaryimage\"},\"thumbnailUrl\":\"https:\\\/\\\/www.apfelpatient.de\\\/wp-content\\\/uploads\\\/2021\\\/03\\\/bigstock-203539687.jpg\",\"datePublished\":\"2021-03-18T12:16:50+00:00\",\"dateModified\":\"2021-03-18T12:16:51+00:00\",\"description\":\"Ger\u00fcchte deuten darauf hin, dass Apple bald ein neues iPad Pro mit einem MiniLED-Display ver\u00f6ffentlichen wird. Doch es kommt mehr.\",\"breadcrumb\":{\"@id\":\"https:\\\/\\\/www.apfelpatient.de\\\/rumors\\\/macbook-air-mit-miniled-ipad-air-mit-oled-fuer-2022-geplant#breadcrumb\"},\"inLanguage\":\"en-US\",\"potentialAction\":[{\"@type\":\"ReadAction\",\"target\":[\"https:\\\/\\\/www.apfelpatient.de\\\/rumors\\\/macbook-air-mit-miniled-ipad-air-mit-oled-fuer-2022-geplant\"]}]},{\"@type\":\"ImageObject\",\"inLanguage\":\"en-US\",\"@id\":\"https:\\\/\\\/www.apfelpatient.de\\\/rumors\\\/macbook-air-mit-miniled-ipad-air-mit-oled-fuer-2022-geplant#primaryimage\",\"url\":\"https:\\\/\\\/www.apfelpatient.de\\\/wp-content\\\/uploads\\\/2021\\\/03\\\/bigstock-203539687.jpg\",\"contentUrl\":\"https:\\\/\\\/www.apfelpatient.de\\\/wp-content\\\/uploads\\\/2021\\\/03\\\/bigstock-203539687.jpg\",\"width\":1600,\"height\":1067,\"caption\":\"Alushta Russia - June 7 2017: Man with MacBook and iPad Pro with social networking service Twitter on the screen. MacBook and iPad Pro was created and developed by the Apple inc.\"},{\"@type\":\"BreadcrumbList\",\"@id\":\"https:\\\/\\\/www.apfelpatient.de\\\/rumors\\\/macbook-air-mit-miniled-ipad-air-mit-oled-fuer-2022-geplant#breadcrumb\",\"itemListElement\":[{\"@type\":\"ListItem\",\"position\":1,\"name\":\"Startseite\",\"item\":\"https:\\\/\\\/www.apfelpatient.de\\\/\"},{\"@type\":\"ListItem\",\"position\":2,\"name\":\"MacBook Air mit MiniLED &#038; iPad Air mit OLED f\u00fcr 2022 geplant?\"}]},{\"@type\":\"WebSite\",\"@id\":\"https:\\\/\\\/www.apfelpatient.de\\\/#website\",\"url\":\"https:\\\/\\\/www.apfelpatient.de\\\/\",\"name\":\"Apfelpatient\",\"description\":\"Alles rund um Apple!\",\"publisher\":{\"@type\":\"Organization\",\"@id\":\"https:\\\/\\\/www.apfelpatient.de\\\/en\\\/#organization\",\"name\":\"Apfelpatient\",\"url\":\"https:\\\/\\\/www.apfelpatient.de\\\/en\\\/\"},\"alternateName\":\"Apfelpatient\",\"potentialAction\":[{\"@type\":\"SearchAction\",\"target\":{\"@type\":\"EntryPoint\",\"urlTemplate\":\"https:\\\/\\\/www.apfelpatient.de\\\/?s={search_term_string}\"},\"query-input\":{\"@type\":\"PropertyValueSpecification\",\"valueRequired\":true,\"valueName\":\"search_term_string\"}}],\"inLanguage\":\"en-US\"},{\"@type\":[\"Person\",\"Organization\"],\"@id\":\"https:\\\/\\\/www.apfelpatient.de\\\/#\\\/schema\\\/person\\\/35b3ddba5832f2bfc7fff5206d4f6b7b\",\"name\":\"Milan\",\"logo\":{\"@id\":\"https:\\\/\\\/www.apfelpatient.de\\\/#\\\/schema\\\/person\\\/image\\\/\"},\"description\":\"Hallo und herzlich willkommen auf meinem Technik-Blog! Als gro\u00dfer Apple-Fan berichte ich hier \u00fcber alles, was mit Apple zu tun hat: von den neuesten News und spannenden Ger\u00fcchten \u00fcber hilfreiche Tipps und Tricks bis hin zu ausf\u00fchrlichen Produkttests. Wenn du genauso technikbegeistert bist wie ich, bist du hier genau richtig!\",\"sameAs\":[\"https:\\\/\\\/www.facebook.com\\\/apfelpatientOfficial\",\"https:\\\/\\\/www.linkedin.com\\\/in\\\/milan-jovicic-42aa0231b\"],\"url\":\"https:\\\/\\\/www.apfelpatient.de\\\/en\\\/author\\\/apfeladmin\"}]}<\/script>\n<!-- \/ Yoast SEO Premium plugin. -->","yoast_head_json":{"title":"MacBook Air with MiniLED &amp; iPad Air with OLED planned for 2022?","description":"Rumors suggest that Apple will soon release a new iPad Pro with a miniLED display. But there&#039;s more to come.","robots":{"index":"index","follow":"follow","max-snippet":"max-snippet:-1","max-image-preview":"max-image-preview:large","max-video-preview":"max-video-preview:-1"},"canonical":"https:\/\/www.apfelpatient.de\/en\/rumors\/macbook-air-with-miniled-ipad-air-with-oled-planned-for-2022","og_locale":"en_US","og_type":"article","og_title":"MacBook Air mit MiniLED & iPad Air mit OLED f\u00fcr 2022 geplant?","og_description":"Ger\u00fcchte deuten darauf hin, dass Apple bald ein neues iPad Pro mit einem MiniLED-Display ver\u00f6ffentlichen wird. Doch es kommt mehr.","og_url":"https:\/\/www.apfelpatient.de\/en\/rumors\/macbook-air-with-miniled-ipad-air-with-oled-planned-for-2022","og_site_name":"Apfelpatient","article_publisher":"https:\/\/www.facebook.com\/apfelpatientOfficial","article_author":"https:\/\/www.facebook.com\/apfelpatientOfficial","article_published_time":"2021-03-18T12:16:50+00:00","article_modified_time":"2021-03-18T12:16:51+00:00","og_image":[{"width":1600,"height":1067,"url":"https:\/\/www.apfelpatient.de\/wp-content\/uploads\/2021\/03\/bigstock-203539687.jpg","type":"image\/jpeg"}],"author":"Milan","twitter_card":"summary_large_image","twitter_description":"Ger\u00fcchte deuten darauf hin, dass Apple bald ein neues iPad Pro mit einem MiniLED-Display ver\u00f6ffentlichen wird. Doch es kommt mehr.","twitter_misc":{"Written by":"Milan","Est. reading time":"2 minutes"},"schema":{"@context":"https:\/\/schema.org","@graph":[{"@type":"NewsArticle","@id":"https:\/\/www.apfelpatient.de\/rumors\/macbook-air-mit-miniled-ipad-air-mit-oled-fuer-2022-geplant#article","isPartOf":{"@id":"https:\/\/www.apfelpatient.de\/rumors\/macbook-air-mit-miniled-ipad-air-mit-oled-fuer-2022-geplant"},"author":{"@type":"Organization","@id":"https:\/\/www.apfelpatient.de\/en\/#organization","name":"Apfelpatient","url":"https:\/\/www.apfelpatient.de\/en\/"},"headline":"MacBook Air mit MiniLED &#038; iPad Air mit OLED f\u00fcr 2022 geplant?","datePublished":"2021-03-18T12:16:50+00:00","dateModified":"2021-03-18T12:16:51+00:00","mainEntityOfPage":{"@id":"https:\/\/www.apfelpatient.de\/rumors\/macbook-air-mit-miniled-ipad-air-mit-oled-fuer-2022-geplant"},"wordCount":314,"publisher":{"@type":"Organization","@id":"https:\/\/www.apfelpatient.de\/en\/#organization","name":"Apfelpatient","url":"https:\/\/www.apfelpatient.de\/en\/"},"image":{"@id":"https:\/\/www.apfelpatient.de\/rumors\/macbook-air-mit-miniled-ipad-air-mit-oled-fuer-2022-geplant#primaryimage"},"thumbnailUrl":"https:\/\/www.apfelpatient.de\/wp-content\/uploads\/2021\/03\/bigstock-203539687.jpg","keywords":["iPad","Mac"],"articleSection":"Rumors","inLanguage":"en-US","copyrightYear":"2021","copyrightHolder":{"@id":"https:\/\/www.apfelpatient.de\/en\/#organization"}},{"@type":"WebPage","@id":"https:\/\/www.apfelpatient.de\/rumors\/macbook-air-mit-miniled-ipad-air-mit-oled-fuer-2022-geplant","url":"https:\/\/www.apfelpatient.de\/rumors\/macbook-air-mit-miniled-ipad-air-mit-oled-fuer-2022-geplant","name":"MacBook Air with MiniLED &amp; iPad Air with OLED planned for 2022?","isPartOf":{"@id":"https:\/\/www.apfelpatient.de\/#website"},"primaryImageOfPage":{"@id":"https:\/\/www.apfelpatient.de\/rumors\/macbook-air-mit-miniled-ipad-air-mit-oled-fuer-2022-geplant#primaryimage"},"image":{"@id":"https:\/\/www.apfelpatient.de\/rumors\/macbook-air-mit-miniled-ipad-air-mit-oled-fuer-2022-geplant#primaryimage"},"thumbnailUrl":"https:\/\/www.apfelpatient.de\/wp-content\/uploads\/2021\/03\/bigstock-203539687.jpg","datePublished":"2021-03-18T12:16:50+00:00","dateModified":"2021-03-18T12:16:51+00:00","description":"Rumors suggest that Apple will soon release a new iPad Pro with a miniLED display. But there&#039;s more to come.","breadcrumb":{"@id":"https:\/\/www.apfelpatient.de\/rumors\/macbook-air-mit-miniled-ipad-air-mit-oled-fuer-2022-geplant#breadcrumb"},"inLanguage":"en-US","potentialAction":[{"@type":"ReadAction","target":["https:\/\/www.apfelpatient.de\/rumors\/macbook-air-mit-miniled-ipad-air-mit-oled-fuer-2022-geplant"]}]},{"@type":"ImageObject","inLanguage":"en-US","@id":"https:\/\/www.apfelpatient.de\/rumors\/macbook-air-mit-miniled-ipad-air-mit-oled-fuer-2022-geplant#primaryimage","url":"https:\/\/www.apfelpatient.de\/wp-content\/uploads\/2021\/03\/bigstock-203539687.jpg","contentUrl":"https:\/\/www.apfelpatient.de\/wp-content\/uploads\/2021\/03\/bigstock-203539687.jpg","width":1600,"height":1067,"caption":"Alushta Russia - June 7 2017: Man with MacBook and iPad Pro with social networking service Twitter on the screen. MacBook and iPad Pro was created and developed by the Apple inc."},{"@type":"BreadcrumbList","@id":"https:\/\/www.apfelpatient.de\/rumors\/macbook-air-mit-miniled-ipad-air-mit-oled-fuer-2022-geplant#breadcrumb","itemListElement":[{"@type":"ListItem","position":1,"name":"Startseite","item":"https:\/\/www.apfelpatient.de\/"},{"@type":"ListItem","position":2,"name":"MacBook Air mit MiniLED &#038; iPad Air mit OLED f\u00fcr 2022 geplant?"}]},{"@type":"WebSite","@id":"https:\/\/www.apfelpatient.de\/#website","url":"https:\/\/www.apfelpatient.de\/","name":"apple patient","description":"Everything about Apple!","publisher":{"@type":"Organization","@id":"https:\/\/www.apfelpatient.de\/en\/#organization","name":"Apfelpatient","url":"https:\/\/www.apfelpatient.de\/en\/"},"alternateName":"Apfelpatient","potentialAction":[{"@type":"SearchAction","target":{"@type":"EntryPoint","urlTemplate":"https:\/\/www.apfelpatient.de\/?s={search_term_string}"},"query-input":{"@type":"PropertyValueSpecification","valueRequired":true,"valueName":"search_term_string"}}],"inLanguage":"en-US"},{"@type":["Person","Organization"],"@id":"https:\/\/www.apfelpatient.de\/#\/schema\/person\/35b3ddba5832f2bfc7fff5206d4f6b7b","name":"Milan","logo":{"@id":"https:\/\/www.apfelpatient.de\/#\/schema\/person\/image\/"},"description":"Hello and welcome to my technology blog! As a big Apple fan, I report on everything to do with Apple: from the latest news and exciting rumors to helpful tips and tricks and detailed product tests. If you are as enthusiastic about technology as I am, you have come to the right place!","sameAs":["https:\/\/www.facebook.com\/apfelpatientOfficial","https:\/\/www.linkedin.com\/in\/milan-jovicic-42aa0231b"],"url":"https:\/\/www.apfelpatient.de\/en\/author\/apfeladmin"}]}},"_links":{"self":[{"href":"https:\/\/www.apfelpatient.de\/en\/wp-json\/wp\/v2\/posts\/20453","targetHints":{"allow":["GET"]}}],"collection":[{"href":"https:\/\/www.apfelpatient.de\/en\/wp-json\/wp\/v2\/posts"}],"about":[{"href":"https:\/\/www.apfelpatient.de\/en\/wp-json\/wp\/v2\/types\/post"}],"author":[{"embeddable":true,"href":"https:\/\/www.apfelpatient.de\/en\/wp-json\/wp\/v2\/users\/2"}],"replies":[{"embeddable":true,"href":"https:\/\/www.apfelpatient.de\/en\/wp-json\/wp\/v2\/comments?post=20453"}],"version-history":[{"count":0,"href":"https:\/\/www.apfelpatient.de\/en\/wp-json\/wp\/v2\/posts\/20453\/revisions"}],"wp:featuredmedia":[{"embeddable":true,"href":"https:\/\/www.apfelpatient.de\/en\/wp-json\/wp\/v2\/media\/20454"}],"wp:attachment":[{"href":"https:\/\/www.apfelpatient.de\/en\/wp-json\/wp\/v2\/media?parent=20453"}],"wp:term":[{"taxonomy":"category","embeddable":true,"href":"https:\/\/www.apfelpatient.de\/en\/wp-json\/wp\/v2\/categories?post=20453"},{"taxonomy":"post_tag","embeddable":true,"href":"https:\/\/www.apfelpatient.de\/en\/wp-json\/wp\/v2\/tags?post=20453"}],"curies":[{"name":"wp","href":"https:\/\/api.w.org\/{rel}","templated":true}]}}