{"id":20450,"date":"2021-03-18T13:09:43","date_gmt":"2021-03-18T12:09:43","guid":{"rendered":"https:\/\/www.apfelpatient.de\/?p=20450"},"modified":"2021-03-18T13:09:45","modified_gmt":"2021-03-18T12:09:45","slug":"new-ipad-pro-models-could-appear-in-april","status":"publish","type":"post","link":"https:\/\/www.apfelpatient.de\/en\/rumors\/neue-ipad-pro-modelle-koennten-im-april-erscheinen","title":{"rendered":"New iPad Pro models could be released in April"},"content":{"rendered":"<p class=\"has-drop-cap\"><strong>Apple&#039;s next generation iPad Pro is expected to launch in April with a big performance boost, Thunderbolt compatibility, and more.<\/strong><\/p>\n\n\n\n<p>While the 11- and 12.9-inch tablets are expected to adopt the 2020 design, Apple could incorporate new internal technologies such as Thunderbolt connectivity. The faster I\/O protocol has been used in testing and could make it into production models to be compatible with fast external hard drives and displays, according to <a href=\"https:\/\/www.bloomberg.com\/news\/articles\/2021-03-17\/apple-nears-launch-of-new-ipads-after-stay-at-home-sales-boost\" target=\"_blank\" rel=\"noreferrer noopener\">Bloomberg<\/a>Apple is also working on integrating MiniLED technology into the larger 12.9-inch model. The technology offers better local dimming, color reproduction and contrast ratios than traditional LCD screens. In addition, Apple is said to be developing a thinner and lighter entry-level iPad that will be released later this year. Additionally, an update to the iPad mini with a larger screen is planned.<\/p>\n\n\n\n<h3 class=\"wp-block-heading\" id=\"h-ipad-pro-vorstellung-apple-event-im-april\">iPad Pro launch: Apple event in April?<\/h3>\n\n\n\n\n\n\n\n<p>Again, most of Bloomberg&#039;s details reflect months of predictions first published by analyst Ming-Chi Kuo and other industry insiders. In September, Kuo stated that the iPad Pro would be the first Apple device to benefit from MiniLED, while Macotakara claimed in January that the technology would be limited to the larger 12.9-inch model. Just yesterday, DigiTimes <a href=\"https:\/\/www.apfelpatient.de\/en\/rumors\/new-ipad-pro-12-9-supposedly-appears-later\">indicated<\/a>that a MiniLED iPad Pro will not be released until April at the earliest. Now observers believe that Apple will present the devices at an event in April. In the meantime, the well-known analyst Ming-Chi Kuo has also stated that mass production of the devices will start in mid to late April. Accordingly, a presentation next month would be more realistic. Whether this will actually happen remains to be seen, of course. (Photo by Colour59 \/ Bigstockphoto)<\/p>\n\n\n\n<h6 class=\"wp-block-heading translation-block\" id=\"h-kennt-ihr-schon-unsere-amazon-storefront-dort-findet-ihr-eine-handverlesene-auswahl-von-diversen-produkten-f-r-euer-iphone-und-co-viel-spa-beim-st-bern\"><em>Have you already visited our Amazon Storefront? There you&#039;ll find a hand-picked selection of various products for your iPhone and other devices \u2013 <span class=\"has-inline-color has-vivid-red-color\"><a href=\"https:\/\/www.amazon.de\/shop\/apfelpatientofficial\" class=\"ek-link\" data-wpel-link=\"exclude\" rel=\"follow noopener\" target=\"_self\"><span style=\"text-decoration: underline\" class=\"ek-underline\">enjoy browsing<\/span><\/a> !<\/span><\/em><\/h6>\n\n\n\n<h6 class=\"wp-block-heading translation-block\" id=\"h-der-beitrag-enthalt-partnerlinks\">This post contains <a data-type=\"URL\" data-id=\"https:\/\/www.apfelpatient.de\/partnerprogramm\" href=\"https:\/\/www.apfelpatient.de\/en\/partner-program\" data-wpel-link=\"internal\" target=\"_self\">affiliate links<\/a>.<\/h6>","protected":false},"excerpt":{"rendered":"<p>Apple&#039;s next iPad Pro is expected to launch in April with a big performance boost, Thunderbolt compatibility, and more.<\/p>","protected":false},"author":2,"featured_media":18258,"comment_status":"closed","ping_status":"closed","sticky":false,"template":"","format":"standard","meta":{"jnews-multi-image_gallery":[],"jnews_single_post":{"subtitle":"","format":"standard","video":"","gallery":"","source_name":"","source_url":"","via_name":"","via_url":"","override":[{"single_blog_custom":"","sidebar":"","second_sidebar":"","share_position":"","share_float_style":"","post_date_format":"","post_date_format_custom":"","post_reading_time_wpm":"","zoom_button_out_step":"1","zoom_button_in_step":"1","number_popup_post":"1"}],"image_override":[{"single_post_thumbnail_size":"","single_post_gallery_size":""}],"trending_post_position":"","trending_post_label":"","sponsored_post_label":"","sponsored_post_name":"","sponsored_post_url":"","sponsored_post_logo":"","sponsored_post_desc":""},"jnews_primary_category":{"id":"25"},"footnotes":""},"categories":[25],"tags":[18],"class_list":["post-20450","post","type-post","status-publish","format-standard","has-post-thumbnail","hentry","category-rumors","tag-ipad"],"yoast_head":"<!-- This site is optimized with the Yoast SEO Premium plugin v27.5 (Yoast SEO v27.5) - https:\/\/yoast.com\/product\/yoast-seo-premium-wordpress\/ -->\n<title>Neue iPad Pro Modelle k\u00f6nnten im April erscheinen Apfelpatient<\/title>\n<meta name=\"description\" content=\"Apples n\u00e4chstes iPad Pro wird voraussichtlich im April mit einem gro\u00dfen Leistungsschub, Thunderbolt-Kompatibilit\u00e4t und mehr erscheinen.\" \/>\n<meta name=\"robots\" content=\"index, follow, max-snippet:-1, max-image-preview:large, max-video-preview:-1\" \/>\n<link rel=\"canonical\" href=\"https:\/\/www.apfelpatient.de\/en\/rumors\/new-ipad-pro-models-could-appear-in-april\" \/>\n<meta property=\"og:locale\" content=\"en_US\" \/>\n<meta property=\"og:type\" content=\"article\" \/>\n<meta property=\"og:title\" content=\"Neue iPad Pro Modelle k\u00f6nnten im April erscheinen\" \/>\n<meta property=\"og:description\" content=\"Apples n\u00e4chstes iPad Pro wird voraussichtlich im April mit einem gro\u00dfen Leistungsschub, Thunderbolt-Kompatibilit\u00e4t und mehr erscheinen.\" \/>\n<meta property=\"og:url\" content=\"https:\/\/www.apfelpatient.de\/en\/rumors\/new-ipad-pro-models-could-appear-in-april\" \/>\n<meta property=\"og:site_name\" content=\"Apfelpatient\" \/>\n<meta property=\"article:publisher\" content=\"https:\/\/www.facebook.com\/apfelpatientOfficial\" \/>\n<meta property=\"article:author\" content=\"https:\/\/www.facebook.com\/apfelpatientOfficial\" \/>\n<meta property=\"article:published_time\" content=\"2021-03-18T12:09:43+00:00\" \/>\n<meta property=\"article:modified_time\" content=\"2021-03-18T12:09:45+00:00\" \/>\n<meta property=\"og:image\" content=\"https:\/\/www.apfelpatient.de\/wp-content\/uploads\/2021\/01\/bigstock-Wetzlar-Germany-376534726.jpg\" \/>\n\t<meta property=\"og:image:width\" content=\"1600\" \/>\n\t<meta property=\"og:image:height\" content=\"1067\" \/>\n\t<meta property=\"og:image:type\" content=\"image\/jpeg\" \/>\n<meta name=\"author\" content=\"Milan\" \/>\n<meta name=\"twitter:card\" content=\"summary_large_image\" \/>\n<meta name=\"twitter:description\" content=\"Apples n\u00e4chstes iPad Pro wird voraussichtlich im April mit einem gro\u00dfen Leistungsschub, Thunderbolt-Kompatibilit\u00e4t und mehr erscheinen.\" \/>\n<meta name=\"twitter:label1\" content=\"Written by\" \/>\n\t<meta name=\"twitter:data1\" content=\"Milan\" \/>\n\t<meta name=\"twitter:label2\" content=\"Est. reading time\" \/>\n\t<meta name=\"twitter:data2\" content=\"2 minutes\" \/>\n<script type=\"application\/ld+json\" class=\"yoast-schema-graph\">{\"@context\":\"https:\\\/\\\/schema.org\",\"@graph\":[{\"@type\":\"NewsArticle\",\"@id\":\"https:\\\/\\\/www.apfelpatient.de\\\/rumors\\\/neue-ipad-pro-modelle-koennten-im-april-erscheinen#article\",\"isPartOf\":{\"@id\":\"https:\\\/\\\/www.apfelpatient.de\\\/rumors\\\/neue-ipad-pro-modelle-koennten-im-april-erscheinen\"},\"author\":{\"@type\":\"Organization\",\"@id\":\"https:\\\/\\\/www.apfelpatient.de\\\/en\\\/#organization\",\"name\":\"Apfelpatient\",\"url\":\"https:\\\/\\\/www.apfelpatient.de\\\/en\\\/\"},\"headline\":\"Neue iPad Pro Modelle k\u00f6nnten im April erscheinen\",\"datePublished\":\"2021-03-18T12:09:43+00:00\",\"dateModified\":\"2021-03-18T12:09:45+00:00\",\"mainEntityOfPage\":{\"@id\":\"https:\\\/\\\/www.apfelpatient.de\\\/rumors\\\/neue-ipad-pro-modelle-koennten-im-april-erscheinen\"},\"wordCount\":301,\"publisher\":{\"@type\":\"Organization\",\"@id\":\"https:\\\/\\\/www.apfelpatient.de\\\/en\\\/#organization\",\"name\":\"Apfelpatient\",\"url\":\"https:\\\/\\\/www.apfelpatient.de\\\/en\\\/\"},\"image\":{\"@id\":\"https:\\\/\\\/www.apfelpatient.de\\\/rumors\\\/neue-ipad-pro-modelle-koennten-im-april-erscheinen#primaryimage\"},\"thumbnailUrl\":\"https:\\\/\\\/www.apfelpatient.de\\\/wp-content\\\/uploads\\\/2021\\\/01\\\/bigstock-Wetzlar-Germany-376534726.jpg\",\"keywords\":[\"iPad\"],\"articleSection\":\"Rumors\",\"inLanguage\":\"en-US\",\"copyrightYear\":\"2021\",\"copyrightHolder\":{\"@id\":\"https:\\\/\\\/www.apfelpatient.de\\\/en\\\/#organization\"}},{\"@type\":\"WebPage\",\"@id\":\"https:\\\/\\\/www.apfelpatient.de\\\/rumors\\\/neue-ipad-pro-modelle-koennten-im-april-erscheinen\",\"url\":\"https:\\\/\\\/www.apfelpatient.de\\\/rumors\\\/neue-ipad-pro-modelle-koennten-im-april-erscheinen\",\"name\":\"Neue iPad Pro Modelle k\u00f6nnten im April erscheinen Apfelpatient\",\"isPartOf\":{\"@id\":\"https:\\\/\\\/www.apfelpatient.de\\\/#website\"},\"primaryImageOfPage\":{\"@id\":\"https:\\\/\\\/www.apfelpatient.de\\\/rumors\\\/neue-ipad-pro-modelle-koennten-im-april-erscheinen#primaryimage\"},\"image\":{\"@id\":\"https:\\\/\\\/www.apfelpatient.de\\\/rumors\\\/neue-ipad-pro-modelle-koennten-im-april-erscheinen#primaryimage\"},\"thumbnailUrl\":\"https:\\\/\\\/www.apfelpatient.de\\\/wp-content\\\/uploads\\\/2021\\\/01\\\/bigstock-Wetzlar-Germany-376534726.jpg\",\"datePublished\":\"2021-03-18T12:09:43+00:00\",\"dateModified\":\"2021-03-18T12:09:45+00:00\",\"description\":\"Apples n\u00e4chstes iPad Pro wird voraussichtlich im April mit einem gro\u00dfen Leistungsschub, Thunderbolt-Kompatibilit\u00e4t und mehr erscheinen.\",\"breadcrumb\":{\"@id\":\"https:\\\/\\\/www.apfelpatient.de\\\/rumors\\\/neue-ipad-pro-modelle-koennten-im-april-erscheinen#breadcrumb\"},\"inLanguage\":\"en-US\",\"potentialAction\":[{\"@type\":\"ReadAction\",\"target\":[\"https:\\\/\\\/www.apfelpatient.de\\\/rumors\\\/neue-ipad-pro-modelle-koennten-im-april-erscheinen\"]}]},{\"@type\":\"ImageObject\",\"inLanguage\":\"en-US\",\"@id\":\"https:\\\/\\\/www.apfelpatient.de\\\/rumors\\\/neue-ipad-pro-modelle-koennten-im-april-erscheinen#primaryimage\",\"url\":\"https:\\\/\\\/www.apfelpatient.de\\\/wp-content\\\/uploads\\\/2021\\\/01\\\/bigstock-Wetzlar-Germany-376534726.jpg\",\"contentUrl\":\"https:\\\/\\\/www.apfelpatient.de\\\/wp-content\\\/uploads\\\/2021\\\/01\\\/bigstock-Wetzlar-Germany-376534726.jpg\",\"width\":1600,\"height\":1067,\"caption\":\"WETZLAR, GERMANY - 2020-07-10: APPLE The iPad Pro is a tablet computer from the iPad model line from Apple.\"},{\"@type\":\"BreadcrumbList\",\"@id\":\"https:\\\/\\\/www.apfelpatient.de\\\/rumors\\\/neue-ipad-pro-modelle-koennten-im-april-erscheinen#breadcrumb\",\"itemListElement\":[{\"@type\":\"ListItem\",\"position\":1,\"name\":\"Startseite\",\"item\":\"https:\\\/\\\/www.apfelpatient.de\\\/\"},{\"@type\":\"ListItem\",\"position\":2,\"name\":\"Neue iPad Pro Modelle k\u00f6nnten im April erscheinen\"}]},{\"@type\":\"WebSite\",\"@id\":\"https:\\\/\\\/www.apfelpatient.de\\\/#website\",\"url\":\"https:\\\/\\\/www.apfelpatient.de\\\/\",\"name\":\"Apfelpatient\",\"description\":\"Alles rund um Apple!\",\"publisher\":{\"@type\":\"Organization\",\"@id\":\"https:\\\/\\\/www.apfelpatient.de\\\/en\\\/#organization\",\"name\":\"Apfelpatient\",\"url\":\"https:\\\/\\\/www.apfelpatient.de\\\/en\\\/\"},\"alternateName\":\"Apfelpatient\",\"potentialAction\":[{\"@type\":\"SearchAction\",\"target\":{\"@type\":\"EntryPoint\",\"urlTemplate\":\"https:\\\/\\\/www.apfelpatient.de\\\/?s={search_term_string}\"},\"query-input\":{\"@type\":\"PropertyValueSpecification\",\"valueRequired\":true,\"valueName\":\"search_term_string\"}}],\"inLanguage\":\"en-US\"},{\"@type\":[\"Person\",\"Organization\"],\"@id\":\"https:\\\/\\\/www.apfelpatient.de\\\/#\\\/schema\\\/person\\\/35b3ddba5832f2bfc7fff5206d4f6b7b\",\"name\":\"Milan\",\"logo\":{\"@id\":\"https:\\\/\\\/www.apfelpatient.de\\\/#\\\/schema\\\/person\\\/image\\\/\"},\"description\":\"Hallo und herzlich willkommen auf meinem Technik-Blog! Als gro\u00dfer Apple-Fan berichte ich hier \u00fcber alles, was mit Apple zu tun hat: von den neuesten News und spannenden Ger\u00fcchten \u00fcber hilfreiche Tipps und Tricks bis hin zu ausf\u00fchrlichen Produkttests. Wenn du genauso technikbegeistert bist wie ich, bist du hier genau richtig!\",\"sameAs\":[\"https:\\\/\\\/www.facebook.com\\\/apfelpatientOfficial\",\"https:\\\/\\\/www.linkedin.com\\\/in\\\/milan-jovicic-42aa0231b\"],\"url\":\"https:\\\/\\\/www.apfelpatient.de\\\/en\\\/author\\\/apfeladmin\"}]}<\/script>\n<!-- \/ Yoast SEO Premium plugin. -->","yoast_head_json":{"title":"New iPad Pro models could be released in April Apfelpatient","description":"Apple&#039;s next iPad Pro is expected to launch in April with a big performance boost, Thunderbolt compatibility, and more.","robots":{"index":"index","follow":"follow","max-snippet":"max-snippet:-1","max-image-preview":"max-image-preview:large","max-video-preview":"max-video-preview:-1"},"canonical":"https:\/\/www.apfelpatient.de\/en\/rumors\/new-ipad-pro-models-could-appear-in-april","og_locale":"en_US","og_type":"article","og_title":"Neue iPad Pro Modelle k\u00f6nnten im April erscheinen","og_description":"Apples n\u00e4chstes iPad Pro wird voraussichtlich im April mit einem gro\u00dfen Leistungsschub, Thunderbolt-Kompatibilit\u00e4t und mehr erscheinen.","og_url":"https:\/\/www.apfelpatient.de\/en\/rumors\/new-ipad-pro-models-could-appear-in-april","og_site_name":"Apfelpatient","article_publisher":"https:\/\/www.facebook.com\/apfelpatientOfficial","article_author":"https:\/\/www.facebook.com\/apfelpatientOfficial","article_published_time":"2021-03-18T12:09:43+00:00","article_modified_time":"2021-03-18T12:09:45+00:00","og_image":[{"width":1600,"height":1067,"url":"https:\/\/www.apfelpatient.de\/wp-content\/uploads\/2021\/01\/bigstock-Wetzlar-Germany-376534726.jpg","type":"image\/jpeg"}],"author":"Milan","twitter_card":"summary_large_image","twitter_description":"Apples n\u00e4chstes iPad Pro wird voraussichtlich im April mit einem gro\u00dfen Leistungsschub, Thunderbolt-Kompatibilit\u00e4t und mehr erscheinen.","twitter_misc":{"Written by":"Milan","Est. reading time":"2 minutes"},"schema":{"@context":"https:\/\/schema.org","@graph":[{"@type":"NewsArticle","@id":"https:\/\/www.apfelpatient.de\/rumors\/neue-ipad-pro-modelle-koennten-im-april-erscheinen#article","isPartOf":{"@id":"https:\/\/www.apfelpatient.de\/rumors\/neue-ipad-pro-modelle-koennten-im-april-erscheinen"},"author":{"@type":"Organization","@id":"https:\/\/www.apfelpatient.de\/en\/#organization","name":"Apfelpatient","url":"https:\/\/www.apfelpatient.de\/en\/"},"headline":"Neue iPad Pro Modelle k\u00f6nnten im April erscheinen","datePublished":"2021-03-18T12:09:43+00:00","dateModified":"2021-03-18T12:09:45+00:00","mainEntityOfPage":{"@id":"https:\/\/www.apfelpatient.de\/rumors\/neue-ipad-pro-modelle-koennten-im-april-erscheinen"},"wordCount":301,"publisher":{"@type":"Organization","@id":"https:\/\/www.apfelpatient.de\/en\/#organization","name":"Apfelpatient","url":"https:\/\/www.apfelpatient.de\/en\/"},"image":{"@id":"https:\/\/www.apfelpatient.de\/rumors\/neue-ipad-pro-modelle-koennten-im-april-erscheinen#primaryimage"},"thumbnailUrl":"https:\/\/www.apfelpatient.de\/wp-content\/uploads\/2021\/01\/bigstock-Wetzlar-Germany-376534726.jpg","keywords":["iPad"],"articleSection":"Rumors","inLanguage":"en-US","copyrightYear":"2021","copyrightHolder":{"@id":"https:\/\/www.apfelpatient.de\/en\/#organization"}},{"@type":"WebPage","@id":"https:\/\/www.apfelpatient.de\/rumors\/neue-ipad-pro-modelle-koennten-im-april-erscheinen","url":"https:\/\/www.apfelpatient.de\/rumors\/neue-ipad-pro-modelle-koennten-im-april-erscheinen","name":"New iPad Pro models could be released in April Apfelpatient","isPartOf":{"@id":"https:\/\/www.apfelpatient.de\/#website"},"primaryImageOfPage":{"@id":"https:\/\/www.apfelpatient.de\/rumors\/neue-ipad-pro-modelle-koennten-im-april-erscheinen#primaryimage"},"image":{"@id":"https:\/\/www.apfelpatient.de\/rumors\/neue-ipad-pro-modelle-koennten-im-april-erscheinen#primaryimage"},"thumbnailUrl":"https:\/\/www.apfelpatient.de\/wp-content\/uploads\/2021\/01\/bigstock-Wetzlar-Germany-376534726.jpg","datePublished":"2021-03-18T12:09:43+00:00","dateModified":"2021-03-18T12:09:45+00:00","description":"Apple&#039;s next iPad Pro is expected to launch in April with a big performance boost, Thunderbolt compatibility, and more.","breadcrumb":{"@id":"https:\/\/www.apfelpatient.de\/rumors\/neue-ipad-pro-modelle-koennten-im-april-erscheinen#breadcrumb"},"inLanguage":"en-US","potentialAction":[{"@type":"ReadAction","target":["https:\/\/www.apfelpatient.de\/rumors\/neue-ipad-pro-modelle-koennten-im-april-erscheinen"]}]},{"@type":"ImageObject","inLanguage":"en-US","@id":"https:\/\/www.apfelpatient.de\/rumors\/neue-ipad-pro-modelle-koennten-im-april-erscheinen#primaryimage","url":"https:\/\/www.apfelpatient.de\/wp-content\/uploads\/2021\/01\/bigstock-Wetzlar-Germany-376534726.jpg","contentUrl":"https:\/\/www.apfelpatient.de\/wp-content\/uploads\/2021\/01\/bigstock-Wetzlar-Germany-376534726.jpg","width":1600,"height":1067,"caption":"WETZLAR, GERMANY - 2020-07-10: APPLE The iPad Pro is a tablet computer from the iPad model line from Apple."},{"@type":"BreadcrumbList","@id":"https:\/\/www.apfelpatient.de\/rumors\/neue-ipad-pro-modelle-koennten-im-april-erscheinen#breadcrumb","itemListElement":[{"@type":"ListItem","position":1,"name":"Startseite","item":"https:\/\/www.apfelpatient.de\/"},{"@type":"ListItem","position":2,"name":"Neue iPad Pro Modelle k\u00f6nnten im April erscheinen"}]},{"@type":"WebSite","@id":"https:\/\/www.apfelpatient.de\/#website","url":"https:\/\/www.apfelpatient.de\/","name":"apple patient","description":"Everything about Apple!","publisher":{"@type":"Organization","@id":"https:\/\/www.apfelpatient.de\/en\/#organization","name":"Apfelpatient","url":"https:\/\/www.apfelpatient.de\/en\/"},"alternateName":"Apfelpatient","potentialAction":[{"@type":"SearchAction","target":{"@type":"EntryPoint","urlTemplate":"https:\/\/www.apfelpatient.de\/?s={search_term_string}"},"query-input":{"@type":"PropertyValueSpecification","valueRequired":true,"valueName":"search_term_string"}}],"inLanguage":"en-US"},{"@type":["Person","Organization"],"@id":"https:\/\/www.apfelpatient.de\/#\/schema\/person\/35b3ddba5832f2bfc7fff5206d4f6b7b","name":"Milan","logo":{"@id":"https:\/\/www.apfelpatient.de\/#\/schema\/person\/image\/"},"description":"Hello and welcome to my technology blog! As a big Apple fan, I report on everything to do with Apple: from the latest news and exciting rumors to helpful tips and tricks and detailed product tests. If you are as enthusiastic about technology as I am, you have come to the right place!","sameAs":["https:\/\/www.facebook.com\/apfelpatientOfficial","https:\/\/www.linkedin.com\/in\/milan-jovicic-42aa0231b"],"url":"https:\/\/www.apfelpatient.de\/en\/author\/apfeladmin"}]}},"_links":{"self":[{"href":"https:\/\/www.apfelpatient.de\/en\/wp-json\/wp\/v2\/posts\/20450","targetHints":{"allow":["GET"]}}],"collection":[{"href":"https:\/\/www.apfelpatient.de\/en\/wp-json\/wp\/v2\/posts"}],"about":[{"href":"https:\/\/www.apfelpatient.de\/en\/wp-json\/wp\/v2\/types\/post"}],"author":[{"embeddable":true,"href":"https:\/\/www.apfelpatient.de\/en\/wp-json\/wp\/v2\/users\/2"}],"replies":[{"embeddable":true,"href":"https:\/\/www.apfelpatient.de\/en\/wp-json\/wp\/v2\/comments?post=20450"}],"version-history":[{"count":0,"href":"https:\/\/www.apfelpatient.de\/en\/wp-json\/wp\/v2\/posts\/20450\/revisions"}],"wp:featuredmedia":[{"embeddable":true,"href":"https:\/\/www.apfelpatient.de\/en\/wp-json\/wp\/v2\/media\/18258"}],"wp:attachment":[{"href":"https:\/\/www.apfelpatient.de\/en\/wp-json\/wp\/v2\/media?parent=20450"}],"wp:term":[{"taxonomy":"category","embeddable":true,"href":"https:\/\/www.apfelpatient.de\/en\/wp-json\/wp\/v2\/categories?post=20450"},{"taxonomy":"post_tag","embeddable":true,"href":"https:\/\/www.apfelpatient.de\/en\/wp-json\/wp\/v2\/tags?post=20450"}],"curies":[{"name":"wp","href":"https:\/\/api.w.org\/{rel}","templated":true}]}}