{"id":20428,"date":"2021-03-17T13:37:38","date_gmt":"2021-03-17T12:37:38","guid":{"rendered":"https:\/\/www.apfelpatient.de\/?p=20428"},"modified":"2021-03-17T13:37:39","modified_gmt":"2021-03-17T12:37:39","slug":"new-ipad-pro-12-9-supposedly-appears-later","status":"publish","type":"post","link":"https:\/\/www.apfelpatient.de\/en\/rumors\/neues-ipad-pro-12-9-erscheint-angeblich-spaeter","title":{"rendered":"New iPad Pro 12.9\u2033 reportedly released later"},"content":{"rendered":"<p class=\"has-drop-cap\"><strong>Rumors that Apple plans to unveil a new iPad Pro this month have been circulating for weeks. But now there&#039;s a report that suggests a later launch.<\/strong><\/p>\n\n\n\n<p>Originally, there was speculation as to whether Apple would hold an event at the end of March. At the moment, it doesn&#039;t look like that will happen. Now the Taiwanese news site DigiTimes has spoken out and claimed that a new 12.9\u2033 iPad Pro will not be released until the second quarter (from April 1st) at the earliest. <a href=\"https:\/\/www.digitimes.com\/news\/a20210316PD202.html\" target=\"_blank\" rel=\"noreferrer noopener\">report<\/a> highlighted:<\/p>\n\n\n\n<blockquote class=\"wp-block-quote is-layout-flow wp-block-quote-is-layout-flow\" id=\"h-epistar-ist-zum-exklusiven-lieferanten-von-minileds-aufgestiegen-die-im-12-9-zoll-ipad-pro-mit-miniled-hintergrundbeleuchtung-zum-einsatz-kommen-sollen-fast-50-der-entsprechenden-produktionskapazit-ten-sind-f-r-das-tablet-ausgebucht-und-die-massenproduktionen-sollen-im-zweiten-quartal-2021-beginnen-so-die-quellen\"><p>Epistar has become the exclusive supplier of miniLEDs to be used in the 12.9-inch iPad Pro with miniLED backlighting. Nearly 50 percent of the corresponding production capacity is booked for the tablet and mass production is expected to begin in the second quarter of 2021, the sources said.<\/p><\/blockquote>\n\n\n\n<h3 class=\"wp-block-heading\" id=\"h-neues-ipad-pro-12-9-k-nnte-im-n-chsten-monat-erscheinen\">New iPad Pro 12.9\u2033 could be released next month<\/h3>\n\n\n\n\n\n\n\n<p>Last week, DigiTimes claimed that Apple would launch a new iPad Pro by the end of the month <a href=\"https:\/\/www.apfelpatient.de\/en\/rumors\/ipad-pro-2021-is-scheduled-to-be-released-at-the-end-of-march\">introduce<\/a> The device is said to be 12.9 inches in size and have an LCD display with mini-LED backlight. This display technology enables higher brightness, improved contrast ratio and much more. Now the forecast seems to have changed, based on suppliers. In the meantime, YouTuber Jon Prosser has claimed that an event will take place in April. More precise details are to follow. If that is true, the new professional tablet could possibly appear next month. It remains to be seen whether and which details will emerge in the next few days and weeks. (Photo by Denis Rozhnovsky \/ Bigstockphoto)<\/p>\n\n\n\n<h6 class=\"wp-block-heading translation-block\" id=\"h-kennt-ihr-schon-unsere-amazon-storefront-dort-findet-ihr-eine-handverlesene-auswahl-von-diversen-produkten-f-r-euer-iphone-und-co-viel-spa-beim-st-bern\"><em>Have you already visited our Amazon Storefront? There you&#039;ll find a hand-picked selection of various products for your iPhone and other devices \u2013 <span class=\"has-inline-color has-vivid-red-color\"><a href=\"https:\/\/www.amazon.de\/shop\/apfelpatientofficial\" class=\"ek-link\" data-wpel-link=\"exclude\" rel=\"follow noopener\" target=\"_self\"><span style=\"text-decoration: underline\" class=\"ek-underline\">enjoy browsing<\/span><\/a> !<\/span><\/em><\/h6>\n\n\n\n<h6 class=\"wp-block-heading translation-block\" id=\"h-der-beitrag-enthalt-partnerlinks\">This post contains <a data-type=\"URL\" data-id=\"https:\/\/www.apfelpatient.de\/partnerprogramm\" href=\"https:\/\/www.apfelpatient.de\/en\/partner-program\" data-wpel-link=\"internal\" target=\"_self\">affiliate links<\/a>.<\/h6>","protected":false},"excerpt":{"rendered":"<p>But later than expected? Rumors that Apple plans to introduce a new iPad Pro this month have been with us for weeks.<\/p>","protected":false},"author":2,"featured_media":20429,"comment_status":"closed","ping_status":"closed","sticky":false,"template":"","format":"standard","meta":{"jnews-multi-image_gallery":[],"jnews_single_post":{"subtitle":"","format":"standard","video":"","gallery":"","source_name":"","source_url":"","via_name":"","via_url":"","override":[{"single_blog_custom":"","sidebar":"","second_sidebar":"","share_position":"","share_float_style":"","post_date_format":"","post_date_format_custom":"","post_reading_time_wpm":"","zoom_button_out_step":"1","zoom_button_in_step":"1","number_popup_post":"1"}],"image_override":[{"single_post_thumbnail_size":"","single_post_gallery_size":""}],"trending_post_position":"","trending_post_label":"","sponsored_post_label":"","sponsored_post_name":"","sponsored_post_url":"","sponsored_post_logo":"","sponsored_post_desc":""},"jnews_primary_category":{"id":"25"},"footnotes":""},"categories":[25],"tags":[18],"class_list":["post-20428","post","type-post","status-publish","format-standard","has-post-thumbnail","hentry","category-rumors","tag-ipad"],"yoast_head":"<!-- This site is optimized with the Yoast SEO Premium plugin v27.5 (Yoast SEO v27.5) - https:\/\/yoast.com\/product\/yoast-seo-premium-wordpress\/ -->\n<title>Neues iPad Pro 12.9&quot; erscheint angeblich sp\u00e4ter Apfelpatient<\/title>\n<meta name=\"description\" content=\"Doch sp\u00e4ter als erwartet? Ger\u00fcchte, wonach Apple noch in diesem Monat ein neues iPad Pro vorstellen m\u00f6chte, haben uns wochenlang begleitet.\" \/>\n<meta name=\"robots\" content=\"index, follow, max-snippet:-1, max-image-preview:large, max-video-preview:-1\" \/>\n<link rel=\"canonical\" href=\"https:\/\/www.apfelpatient.de\/en\/rumors\/new-ipad-pro-12-9-supposedly-appears-later\" \/>\n<meta property=\"og:locale\" content=\"en_US\" \/>\n<meta property=\"og:type\" content=\"article\" \/>\n<meta property=\"og:title\" content=\"Neues iPad Pro 12.9&quot; erscheint angeblich sp\u00e4ter\" \/>\n<meta property=\"og:description\" content=\"Doch sp\u00e4ter als erwartet? Ger\u00fcchte, wonach Apple noch in diesem Monat ein neues iPad Pro vorstellen m\u00f6chte, haben uns wochenlang begleitet.\" \/>\n<meta property=\"og:url\" content=\"https:\/\/www.apfelpatient.de\/en\/rumors\/new-ipad-pro-12-9-supposedly-appears-later\" \/>\n<meta property=\"og:site_name\" content=\"Apfelpatient\" \/>\n<meta property=\"article:publisher\" content=\"https:\/\/www.facebook.com\/apfelpatientOfficial\" \/>\n<meta property=\"article:author\" content=\"https:\/\/www.facebook.com\/apfelpatientOfficial\" \/>\n<meta property=\"article:published_time\" content=\"2021-03-17T12:37:38+00:00\" \/>\n<meta property=\"article:modified_time\" content=\"2021-03-17T12:37:39+00:00\" \/>\n<meta property=\"og:image\" content=\"https:\/\/www.apfelpatient.de\/wp-content\/uploads\/2021\/03\/bigstock-Uzhgorod-Ukraine-June-399882962-1024x710.jpg\" \/>\n\t<meta property=\"og:image:width\" content=\"1024\" \/>\n\t<meta property=\"og:image:height\" content=\"710\" \/>\n\t<meta property=\"og:image:type\" content=\"image\/jpeg\" \/>\n<meta name=\"author\" content=\"Milan\" \/>\n<meta name=\"twitter:card\" content=\"summary_large_image\" \/>\n<meta name=\"twitter:description\" content=\"Doch sp\u00e4ter als erwartet? Ger\u00fcchte, wonach Apple noch in diesem Monat ein neues iPad Pro vorstellen m\u00f6chte, haben uns wochenlang begleitet.\" \/>\n<meta name=\"twitter:label1\" content=\"Written by\" \/>\n\t<meta name=\"twitter:data1\" content=\"Milan\" \/>\n\t<meta name=\"twitter:label2\" content=\"Est. reading time\" \/>\n\t<meta name=\"twitter:data2\" content=\"2 minutes\" \/>\n<script type=\"application\/ld+json\" class=\"yoast-schema-graph\">{\"@context\":\"https:\\\/\\\/schema.org\",\"@graph\":[{\"@type\":\"NewsArticle\",\"@id\":\"https:\\\/\\\/www.apfelpatient.de\\\/rumors\\\/neues-ipad-pro-12-9-erscheint-angeblich-spaeter#article\",\"isPartOf\":{\"@id\":\"https:\\\/\\\/www.apfelpatient.de\\\/rumors\\\/neues-ipad-pro-12-9-erscheint-angeblich-spaeter\"},\"author\":{\"@type\":\"Organization\",\"@id\":\"https:\\\/\\\/www.apfelpatient.de\\\/en\\\/#organization\",\"name\":\"Apfelpatient\",\"url\":\"https:\\\/\\\/www.apfelpatient.de\\\/en\\\/\"},\"headline\":\"Neues iPad Pro 12.9&#8243; erscheint angeblich sp\u00e4ter\",\"datePublished\":\"2021-03-17T12:37:38+00:00\",\"dateModified\":\"2021-03-17T12:37:39+00:00\",\"mainEntityOfPage\":{\"@id\":\"https:\\\/\\\/www.apfelpatient.de\\\/rumors\\\/neues-ipad-pro-12-9-erscheint-angeblich-spaeter\"},\"wordCount\":263,\"publisher\":{\"@type\":\"Organization\",\"@id\":\"https:\\\/\\\/www.apfelpatient.de\\\/en\\\/#organization\",\"name\":\"Apfelpatient\",\"url\":\"https:\\\/\\\/www.apfelpatient.de\\\/en\\\/\"},\"image\":{\"@id\":\"https:\\\/\\\/www.apfelpatient.de\\\/rumors\\\/neues-ipad-pro-12-9-erscheint-angeblich-spaeter#primaryimage\"},\"thumbnailUrl\":\"https:\\\/\\\/www.apfelpatient.de\\\/wp-content\\\/uploads\\\/2021\\\/03\\\/bigstock-Uzhgorod-Ukraine-June-399882962.jpg\",\"keywords\":[\"iPad\"],\"articleSection\":\"Rumors\",\"inLanguage\":\"en-US\",\"copyrightYear\":\"2021\",\"copyrightHolder\":{\"@id\":\"https:\\\/\\\/www.apfelpatient.de\\\/en\\\/#organization\"}},{\"@type\":\"WebPage\",\"@id\":\"https:\\\/\\\/www.apfelpatient.de\\\/rumors\\\/neues-ipad-pro-12-9-erscheint-angeblich-spaeter\",\"url\":\"https:\\\/\\\/www.apfelpatient.de\\\/rumors\\\/neues-ipad-pro-12-9-erscheint-angeblich-spaeter\",\"name\":\"Neues iPad Pro 12.9\\\" erscheint angeblich sp\u00e4ter Apfelpatient\",\"isPartOf\":{\"@id\":\"https:\\\/\\\/www.apfelpatient.de\\\/#website\"},\"primaryImageOfPage\":{\"@id\":\"https:\\\/\\\/www.apfelpatient.de\\\/rumors\\\/neues-ipad-pro-12-9-erscheint-angeblich-spaeter#primaryimage\"},\"image\":{\"@id\":\"https:\\\/\\\/www.apfelpatient.de\\\/rumors\\\/neues-ipad-pro-12-9-erscheint-angeblich-spaeter#primaryimage\"},\"thumbnailUrl\":\"https:\\\/\\\/www.apfelpatient.de\\\/wp-content\\\/uploads\\\/2021\\\/03\\\/bigstock-Uzhgorod-Ukraine-June-399882962.jpg\",\"datePublished\":\"2021-03-17T12:37:38+00:00\",\"dateModified\":\"2021-03-17T12:37:39+00:00\",\"description\":\"Doch sp\u00e4ter als erwartet? Ger\u00fcchte, wonach Apple noch in diesem Monat ein neues iPad Pro vorstellen m\u00f6chte, haben uns wochenlang begleitet.\",\"breadcrumb\":{\"@id\":\"https:\\\/\\\/www.apfelpatient.de\\\/rumors\\\/neues-ipad-pro-12-9-erscheint-angeblich-spaeter#breadcrumb\"},\"inLanguage\":\"en-US\",\"potentialAction\":[{\"@type\":\"ReadAction\",\"target\":[\"https:\\\/\\\/www.apfelpatient.de\\\/rumors\\\/neues-ipad-pro-12-9-erscheint-angeblich-spaeter\"]}]},{\"@type\":\"ImageObject\",\"inLanguage\":\"en-US\",\"@id\":\"https:\\\/\\\/www.apfelpatient.de\\\/rumors\\\/neues-ipad-pro-12-9-erscheint-angeblich-spaeter#primaryimage\",\"url\":\"https:\\\/\\\/www.apfelpatient.de\\\/wp-content\\\/uploads\\\/2021\\\/03\\\/bigstock-Uzhgorod-Ukraine-June-399882962.jpg\",\"contentUrl\":\"https:\\\/\\\/www.apfelpatient.de\\\/wp-content\\\/uploads\\\/2021\\\/03\\\/bigstock-Uzhgorod-Ukraine-June-399882962.jpg\",\"width\":1600,\"height\":1109,\"caption\":\"Uzhgorod, Ukraine - June 23, 2018: Ipad pro 12.9 inches from Apple inc. on a wooden table.\"},{\"@type\":\"BreadcrumbList\",\"@id\":\"https:\\\/\\\/www.apfelpatient.de\\\/rumors\\\/neues-ipad-pro-12-9-erscheint-angeblich-spaeter#breadcrumb\",\"itemListElement\":[{\"@type\":\"ListItem\",\"position\":1,\"name\":\"Startseite\",\"item\":\"https:\\\/\\\/www.apfelpatient.de\\\/\"},{\"@type\":\"ListItem\",\"position\":2,\"name\":\"Neues iPad Pro 12.9&#8243; erscheint angeblich sp\u00e4ter\"}]},{\"@type\":\"WebSite\",\"@id\":\"https:\\\/\\\/www.apfelpatient.de\\\/#website\",\"url\":\"https:\\\/\\\/www.apfelpatient.de\\\/\",\"name\":\"Apfelpatient\",\"description\":\"Alles rund um Apple!\",\"publisher\":{\"@type\":\"Organization\",\"@id\":\"https:\\\/\\\/www.apfelpatient.de\\\/en\\\/#organization\",\"name\":\"Apfelpatient\",\"url\":\"https:\\\/\\\/www.apfelpatient.de\\\/en\\\/\"},\"alternateName\":\"Apfelpatient\",\"potentialAction\":[{\"@type\":\"SearchAction\",\"target\":{\"@type\":\"EntryPoint\",\"urlTemplate\":\"https:\\\/\\\/www.apfelpatient.de\\\/?s={search_term_string}\"},\"query-input\":{\"@type\":\"PropertyValueSpecification\",\"valueRequired\":true,\"valueName\":\"search_term_string\"}}],\"inLanguage\":\"en-US\"},{\"@type\":[\"Person\",\"Organization\"],\"@id\":\"https:\\\/\\\/www.apfelpatient.de\\\/#\\\/schema\\\/person\\\/35b3ddba5832f2bfc7fff5206d4f6b7b\",\"name\":\"Milan\",\"logo\":{\"@id\":\"https:\\\/\\\/www.apfelpatient.de\\\/#\\\/schema\\\/person\\\/image\\\/\"},\"description\":\"Hallo und herzlich willkommen auf meinem Technik-Blog! Als gro\u00dfer Apple-Fan berichte ich hier \u00fcber alles, was mit Apple zu tun hat: von den neuesten News und spannenden Ger\u00fcchten \u00fcber hilfreiche Tipps und Tricks bis hin zu ausf\u00fchrlichen Produkttests. Wenn du genauso technikbegeistert bist wie ich, bist du hier genau richtig!\",\"sameAs\":[\"https:\\\/\\\/www.facebook.com\\\/apfelpatientOfficial\",\"https:\\\/\\\/www.linkedin.com\\\/in\\\/milan-jovicic-42aa0231b\"],\"url\":\"https:\\\/\\\/www.apfelpatient.de\\\/en\\\/author\\\/apfeladmin\"}]}<\/script>\n<!-- \/ Yoast SEO Premium plugin. -->","yoast_head_json":{"title":"New iPad Pro 12.9&quot; reportedly coming later Apfelpatient","description":"But later than expected? Rumors that Apple plans to introduce a new iPad Pro this month have been with us for weeks.","robots":{"index":"index","follow":"follow","max-snippet":"max-snippet:-1","max-image-preview":"max-image-preview:large","max-video-preview":"max-video-preview:-1"},"canonical":"https:\/\/www.apfelpatient.de\/en\/rumors\/new-ipad-pro-12-9-supposedly-appears-later","og_locale":"en_US","og_type":"article","og_title":"Neues iPad Pro 12.9\" erscheint angeblich sp\u00e4ter","og_description":"Doch sp\u00e4ter als erwartet? Ger\u00fcchte, wonach Apple noch in diesem Monat ein neues iPad Pro vorstellen m\u00f6chte, haben uns wochenlang begleitet.","og_url":"https:\/\/www.apfelpatient.de\/en\/rumors\/new-ipad-pro-12-9-supposedly-appears-later","og_site_name":"Apfelpatient","article_publisher":"https:\/\/www.facebook.com\/apfelpatientOfficial","article_author":"https:\/\/www.facebook.com\/apfelpatientOfficial","article_published_time":"2021-03-17T12:37:38+00:00","article_modified_time":"2021-03-17T12:37:39+00:00","og_image":[{"width":1024,"height":710,"url":"https:\/\/www.apfelpatient.de\/wp-content\/uploads\/2021\/03\/bigstock-Uzhgorod-Ukraine-June-399882962-1024x710.jpg","type":"image\/jpeg"}],"author":"Milan","twitter_card":"summary_large_image","twitter_description":"Doch sp\u00e4ter als erwartet? Ger\u00fcchte, wonach Apple noch in diesem Monat ein neues iPad Pro vorstellen m\u00f6chte, haben uns wochenlang begleitet.","twitter_misc":{"Written by":"Milan","Est. reading time":"2 minutes"},"schema":{"@context":"https:\/\/schema.org","@graph":[{"@type":"NewsArticle","@id":"https:\/\/www.apfelpatient.de\/rumors\/neues-ipad-pro-12-9-erscheint-angeblich-spaeter#article","isPartOf":{"@id":"https:\/\/www.apfelpatient.de\/rumors\/neues-ipad-pro-12-9-erscheint-angeblich-spaeter"},"author":{"@type":"Organization","@id":"https:\/\/www.apfelpatient.de\/en\/#organization","name":"Apfelpatient","url":"https:\/\/www.apfelpatient.de\/en\/"},"headline":"Neues iPad Pro 12.9&#8243; erscheint angeblich sp\u00e4ter","datePublished":"2021-03-17T12:37:38+00:00","dateModified":"2021-03-17T12:37:39+00:00","mainEntityOfPage":{"@id":"https:\/\/www.apfelpatient.de\/rumors\/neues-ipad-pro-12-9-erscheint-angeblich-spaeter"},"wordCount":263,"publisher":{"@type":"Organization","@id":"https:\/\/www.apfelpatient.de\/en\/#organization","name":"Apfelpatient","url":"https:\/\/www.apfelpatient.de\/en\/"},"image":{"@id":"https:\/\/www.apfelpatient.de\/rumors\/neues-ipad-pro-12-9-erscheint-angeblich-spaeter#primaryimage"},"thumbnailUrl":"https:\/\/www.apfelpatient.de\/wp-content\/uploads\/2021\/03\/bigstock-Uzhgorod-Ukraine-June-399882962.jpg","keywords":["iPad"],"articleSection":"Rumors","inLanguage":"en-US","copyrightYear":"2021","copyrightHolder":{"@id":"https:\/\/www.apfelpatient.de\/en\/#organization"}},{"@type":"WebPage","@id":"https:\/\/www.apfelpatient.de\/rumors\/neues-ipad-pro-12-9-erscheint-angeblich-spaeter","url":"https:\/\/www.apfelpatient.de\/rumors\/neues-ipad-pro-12-9-erscheint-angeblich-spaeter","name":"New iPad Pro 12.9&quot; reportedly coming later Apfelpatient","isPartOf":{"@id":"https:\/\/www.apfelpatient.de\/#website"},"primaryImageOfPage":{"@id":"https:\/\/www.apfelpatient.de\/rumors\/neues-ipad-pro-12-9-erscheint-angeblich-spaeter#primaryimage"},"image":{"@id":"https:\/\/www.apfelpatient.de\/rumors\/neues-ipad-pro-12-9-erscheint-angeblich-spaeter#primaryimage"},"thumbnailUrl":"https:\/\/www.apfelpatient.de\/wp-content\/uploads\/2021\/03\/bigstock-Uzhgorod-Ukraine-June-399882962.jpg","datePublished":"2021-03-17T12:37:38+00:00","dateModified":"2021-03-17T12:37:39+00:00","description":"But later than expected? Rumors that Apple plans to introduce a new iPad Pro this month have been with us for weeks.","breadcrumb":{"@id":"https:\/\/www.apfelpatient.de\/rumors\/neues-ipad-pro-12-9-erscheint-angeblich-spaeter#breadcrumb"},"inLanguage":"en-US","potentialAction":[{"@type":"ReadAction","target":["https:\/\/www.apfelpatient.de\/rumors\/neues-ipad-pro-12-9-erscheint-angeblich-spaeter"]}]},{"@type":"ImageObject","inLanguage":"en-US","@id":"https:\/\/www.apfelpatient.de\/rumors\/neues-ipad-pro-12-9-erscheint-angeblich-spaeter#primaryimage","url":"https:\/\/www.apfelpatient.de\/wp-content\/uploads\/2021\/03\/bigstock-Uzhgorod-Ukraine-June-399882962.jpg","contentUrl":"https:\/\/www.apfelpatient.de\/wp-content\/uploads\/2021\/03\/bigstock-Uzhgorod-Ukraine-June-399882962.jpg","width":1600,"height":1109,"caption":"Uzhgorod, Ukraine - June 23, 2018: Ipad pro 12.9 inches from Apple inc. on a wooden table."},{"@type":"BreadcrumbList","@id":"https:\/\/www.apfelpatient.de\/rumors\/neues-ipad-pro-12-9-erscheint-angeblich-spaeter#breadcrumb","itemListElement":[{"@type":"ListItem","position":1,"name":"Startseite","item":"https:\/\/www.apfelpatient.de\/"},{"@type":"ListItem","position":2,"name":"Neues iPad Pro 12.9&#8243; erscheint angeblich sp\u00e4ter"}]},{"@type":"WebSite","@id":"https:\/\/www.apfelpatient.de\/#website","url":"https:\/\/www.apfelpatient.de\/","name":"apple patient","description":"Everything about Apple!","publisher":{"@type":"Organization","@id":"https:\/\/www.apfelpatient.de\/en\/#organization","name":"Apfelpatient","url":"https:\/\/www.apfelpatient.de\/en\/"},"alternateName":"Apfelpatient","potentialAction":[{"@type":"SearchAction","target":{"@type":"EntryPoint","urlTemplate":"https:\/\/www.apfelpatient.de\/?s={search_term_string}"},"query-input":{"@type":"PropertyValueSpecification","valueRequired":true,"valueName":"search_term_string"}}],"inLanguage":"en-US"},{"@type":["Person","Organization"],"@id":"https:\/\/www.apfelpatient.de\/#\/schema\/person\/35b3ddba5832f2bfc7fff5206d4f6b7b","name":"Milan","logo":{"@id":"https:\/\/www.apfelpatient.de\/#\/schema\/person\/image\/"},"description":"Hello and welcome to my technology blog! As a big Apple fan, I report on everything to do with Apple: from the latest news and exciting rumors to helpful tips and tricks and detailed product tests. If you are as enthusiastic about technology as I am, you have come to the right place!","sameAs":["https:\/\/www.facebook.com\/apfelpatientOfficial","https:\/\/www.linkedin.com\/in\/milan-jovicic-42aa0231b"],"url":"https:\/\/www.apfelpatient.de\/en\/author\/apfeladmin"}]}},"_links":{"self":[{"href":"https:\/\/www.apfelpatient.de\/en\/wp-json\/wp\/v2\/posts\/20428","targetHints":{"allow":["GET"]}}],"collection":[{"href":"https:\/\/www.apfelpatient.de\/en\/wp-json\/wp\/v2\/posts"}],"about":[{"href":"https:\/\/www.apfelpatient.de\/en\/wp-json\/wp\/v2\/types\/post"}],"author":[{"embeddable":true,"href":"https:\/\/www.apfelpatient.de\/en\/wp-json\/wp\/v2\/users\/2"}],"replies":[{"embeddable":true,"href":"https:\/\/www.apfelpatient.de\/en\/wp-json\/wp\/v2\/comments?post=20428"}],"version-history":[{"count":0,"href":"https:\/\/www.apfelpatient.de\/en\/wp-json\/wp\/v2\/posts\/20428\/revisions"}],"wp:featuredmedia":[{"embeddable":true,"href":"https:\/\/www.apfelpatient.de\/en\/wp-json\/wp\/v2\/media\/20429"}],"wp:attachment":[{"href":"https:\/\/www.apfelpatient.de\/en\/wp-json\/wp\/v2\/media?parent=20428"}],"wp:term":[{"taxonomy":"category","embeddable":true,"href":"https:\/\/www.apfelpatient.de\/en\/wp-json\/wp\/v2\/categories?post=20428"},{"taxonomy":"post_tag","embeddable":true,"href":"https:\/\/www.apfelpatient.de\/en\/wp-json\/wp\/v2\/tags?post=20428"}],"curies":[{"name":"wp","href":"https:\/\/api.w.org\/{rel}","templated":true}]}}