{"id":20321,"date":"2021-04-13T18:13:15","date_gmt":"2021-04-13T16:13:15","guid":{"rendered":"https:\/\/www.apfelpatient.de\/?p=20321"},"modified":"2021-04-24T23:24:50","modified_gmt":"2021-04-24T21:24:50","slug":"spring-loaded-apple-announces-new-event","status":"publish","type":"post","link":"https:\/\/www.apfelpatient.de\/en\/news\/spring-loaded-apple-kuendigt-neues-event-an","title":{"rendered":"\u201cSpring Loaded\u201d: Apple announces new event"},"content":{"rendered":"<p class=\"has-drop-cap\"><strong>Rumors have already suggested it \u2013 now it&#039;s official. Apple will hold a new event later this month.<\/strong><\/p>\n\n\n\n<p>Apple today announced the first event of the year under the motto &quot;Spring Loaded&quot;. The virtual event is scheduled to take place on April 20th at 7 p.m. in this country. As before, this event will also be held digitally.<\/p>\n\n\n\n<h3 class=\"wp-block-heading\" id=\"h-apple-event-welche-produkte-werden-vorgestellt\">Apple Event: Which products will be presented?<\/h3>\n\n\n\n\n\n\n\n<p>But which products will Apple introduce? If rumors are to be believed, at least new iPad Pro models will be introduced. However, there are also indications that the AirTags will finally see the light of day. There is also the possibility that a new Apple TV could be introduced - that is the general consensus. All in all, this event should be very exciting again. Apple has been allowing all fans to be there live for several years. Whether Mac or Windows PC, iPhone, iPad or Apple TV, there is a suitable solution for all devices. The in-house <a href=\"https:\/\/www.apple.com\/apple-events\/\" target=\"_blank\" rel=\"noreferrer noopener\">homepage<\/a> A live stream is provided. This can be accessed from any device except the Apple TV \u2013 for Windows 10 users, Apple recommends using the Microsoft Edge browser.<\/p>\n\n\n\n<figure class=\"wp-block-image size-large\"><img decoding=\"async\" width=\"611\" height=\"1024\" src=\"https:\/\/www.apfelpatient.de\/wp-content\/uploads\/2021\/04\/IMG_3221-611x1024.jpg\" alt=\"Spring Loaded Event\" class=\"wp-image-21240\" srcset=\"https:\/\/www.apfelpatient.de\/wp-content\/uploads\/2021\/04\/IMG_3221-611x1024.jpg 611w, https:\/\/www.apfelpatient.de\/wp-content\/uploads\/2021\/04\/IMG_3221-179x300.jpg 179w, https:\/\/www.apfelpatient.de\/wp-content\/uploads\/2021\/04\/IMG_3221-768x1287.jpg 768w, https:\/\/www.apfelpatient.de\/wp-content\/uploads\/2021\/04\/IMG_3221-917x1536.jpg 917w, https:\/\/www.apfelpatient.de\/wp-content\/uploads\/2021\/04\/IMG_3221-750x1257.jpg 750w, https:\/\/www.apfelpatient.de\/wp-content\/uploads\/2021\/04\/IMG_3221.jpg 1100w\" sizes=\"(max-width: 611px) 100vw, 611px\" \/><figcaption>Image: Apple<\/figcaption><\/figure>\n\n\n\n<h3 class=\"wp-block-heading\" id=\"h-so-k-nnt-ihr-das-apple-online-event-ansehen\">How to watch the Apple online event<\/h3>\n\n\n\n<p>The stream can be accessed via Safari on iPhone, iPad &amp; iPod touch \u2013 alternatively, registered developers can watch via the official WWDC app \u2013 a developer account is required. There is also a stream available on YouTube. Owners of an Apple TV can easily start the event via the \u201cApple Events\u201d application. Of course, there is also the option of watching the event at a later date. Apple has been offering the \u201cPast Apple Events\u201d section on its own event page for several years \u2013 this is updated on the same evening. The whole thing is also available on Apple\u2019s in-house <a href=\"https:\/\/www.youtube.com\/user\/Apple\" target=\"_blank\" rel=\"noreferrer noopener\">YouTube channel<\/a> If you don\u2019t want to miss anything, you should <a href=\"https:\/\/apps.apple.com\/de\/app\/apfelpatient-news\/id1517273672\" target=\"_blank\" rel=\"noreferrer noopener\">download our app<\/a> and activate push notifications. In our separate event section you will find all relevant articles about the first event of the year - we look forward to seeing you. (Image: Apple)<\/p>\n\n\n\n<h6 class=\"wp-block-heading translation-block\" id=\"h-kennt-ihr-schon-unsere-amazon-storefront-dort-findet-ihr-eine-handverlesene-auswahl-von-diversen-produkten-f-r-euer-iphone-und-co-viel-spa-beim-st-bern\"><em>Have you already visited our Amazon Storefront? There you&#039;ll find a hand-picked selection of various products for your iPhone and other devices \u2013 <span class=\"has-inline-color has-vivid-red-color\"><a href=\"https:\/\/www.amazon.de\/shop\/apfelpatientofficial\" class=\"ek-link\" data-wpel-link=\"exclude\" rel=\"follow noopener\" target=\"_self\"><span style=\"text-decoration: underline\" class=\"ek-underline\">enjoy browsing<\/span><\/a> !<\/span><\/em><\/h6>\n\n\n\n<h6 class=\"wp-block-heading translation-block\" id=\"h-der-beitrag-enthalt-partnerlinks\">This post contains <a data-type=\"URL\" data-id=\"https:\/\/www.apfelpatient.de\/partnerprogramm\" href=\"https:\/\/www.apfelpatient.de\/en\/partner-program\" data-wpel-link=\"internal\" target=\"_self\">affiliate links<\/a>.<\/h6>","protected":false},"excerpt":{"rendered":"<p>Rumors have already suggested it \u2013 now it&#039;s official. Apple will hold a new event later this month.<\/p>","protected":false},"author":2,"featured_media":21241,"comment_status":"closed","ping_status":"closed","sticky":false,"template":"","format":"standard","meta":{"jnews-multi-image_gallery":[],"jnews_single_post":{"subtitle":"","format":"standard","video":"","gallery":"","source_name":"","source_url":"","via_name":"","via_url":"","override":[{"single_blog_custom":"","sidebar":"","second_sidebar":"","share_position":"","share_float_style":"","post_date_format":"","post_date_format_custom":"","post_reading_time_wpm":"","zoom_button_out_step":"1","zoom_button_in_step":"1","number_popup_post":"1"}],"image_override":[{"single_post_thumbnail_size":"","single_post_gallery_size":""}],"trending_post_position":"","trending_post_label":"","sponsored_post_label":"","sponsored_post_name":"","sponsored_post_url":"","sponsored_post_logo":"","sponsored_post_desc":""},"jnews_primary_category":{"id":"9"},"footnotes":""},"categories":[9],"tags":[328,86,156,18],"class_list":["post-20321","post","type-post","status-publish","format-standard","has-post-thumbnail","hentry","category-news","tag-airtag","tag-apple-event","tag-apple-tv","tag-ipad"],"yoast_head":"<!-- This site is optimized with the Yoast SEO Premium plugin v27.5 (Yoast SEO v27.5) - https:\/\/yoast.com\/product\/yoast-seo-premium-wordpress\/ -->\n<title>&quot;Spring Loaded&quot;: Apple k\u00fcndigt neues Event an Apfelpatient<\/title>\n<meta name=\"description\" content=\"Ger\u00fcchte haben es bereits in Aussicht gestellt - nun ist es offiziell. Apple wird noch in diesem Monat ein neues Event veranstalten.\" \/>\n<meta name=\"robots\" content=\"index, follow, max-snippet:-1, max-image-preview:large, max-video-preview:-1\" \/>\n<link rel=\"canonical\" href=\"https:\/\/www.apfelpatient.de\/en\/news\/spring-loaded-apple-announces-new-event\" \/>\n<meta property=\"og:locale\" content=\"en_US\" \/>\n<meta property=\"og:type\" content=\"article\" \/>\n<meta property=\"og:title\" content=\"&quot;Spring Loaded&quot;: Apple k\u00fcndigt neues Event an\" \/>\n<meta property=\"og:description\" content=\"Ger\u00fcchte haben es bereits in Aussicht gestellt - nun ist es offiziell. Apple wird noch in diesem Monat ein neues Event veranstalten.\" \/>\n<meta property=\"og:url\" content=\"https:\/\/www.apfelpatient.de\/en\/news\/spring-loaded-apple-announces-new-event\" \/>\n<meta property=\"og:site_name\" content=\"Apfelpatient\" \/>\n<meta property=\"article:publisher\" content=\"https:\/\/www.facebook.com\/apfelpatientOfficial\" \/>\n<meta property=\"article:author\" content=\"https:\/\/www.facebook.com\/apfelpatientOfficial\" \/>\n<meta property=\"article:published_time\" content=\"2021-04-13T16:13:15+00:00\" \/>\n<meta property=\"article:modified_time\" content=\"2021-04-24T21:24:50+00:00\" \/>\n<meta property=\"og:image\" content=\"https:\/\/www.apfelpatient.de\/wp-content\/uploads\/2021\/04\/E45EA866-BA48-42A5-B69B-178D4D0BD1B3.png\" \/>\n\t<meta property=\"og:image:width\" content=\"1200\" \/>\n\t<meta property=\"og:image:height\" content=\"675\" \/>\n\t<meta property=\"og:image:type\" content=\"image\/png\" \/>\n<meta name=\"author\" content=\"Milan\" \/>\n<meta name=\"twitter:card\" content=\"summary_large_image\" \/>\n<meta name=\"twitter:description\" content=\"Ger\u00fcchte haben es bereits in Aussicht gestellt - nun ist es offiziell. Apple wird noch in diesem Monat ein neues Event veranstalten.\" \/>\n<meta name=\"twitter:label1\" content=\"Written by\" \/>\n\t<meta name=\"twitter:data1\" content=\"Milan\" \/>\n\t<meta name=\"twitter:label2\" content=\"Est. reading time\" \/>\n\t<meta name=\"twitter:data2\" content=\"2 minutes\" \/>\n<script type=\"application\/ld+json\" class=\"yoast-schema-graph\">{\"@context\":\"https:\\\/\\\/schema.org\",\"@graph\":[{\"@type\":\"NewsArticle\",\"@id\":\"https:\\\/\\\/www.apfelpatient.de\\\/news\\\/spring-loaded-apple-kuendigt-neues-event-an#article\",\"isPartOf\":{\"@id\":\"https:\\\/\\\/www.apfelpatient.de\\\/news\\\/spring-loaded-apple-kuendigt-neues-event-an\"},\"author\":{\"@type\":\"Organization\",\"@id\":\"https:\\\/\\\/www.apfelpatient.de\\\/en\\\/#organization\",\"name\":\"Apfelpatient\",\"url\":\"https:\\\/\\\/www.apfelpatient.de\\\/en\\\/\"},\"headline\":\"&#8222;Spring Loaded&#8220;: Apple k\u00fcndigt neues Event an\",\"datePublished\":\"2021-04-13T16:13:15+00:00\",\"dateModified\":\"2021-04-24T21:24:50+00:00\",\"mainEntityOfPage\":{\"@id\":\"https:\\\/\\\/www.apfelpatient.de\\\/news\\\/spring-loaded-apple-kuendigt-neues-event-an\"},\"wordCount\":367,\"publisher\":{\"@type\":\"Organization\",\"@id\":\"https:\\\/\\\/www.apfelpatient.de\\\/en\\\/#organization\",\"name\":\"Apfelpatient\",\"url\":\"https:\\\/\\\/www.apfelpatient.de\\\/en\\\/\"},\"image\":{\"@id\":\"https:\\\/\\\/www.apfelpatient.de\\\/news\\\/spring-loaded-apple-kuendigt-neues-event-an#primaryimage\"},\"thumbnailUrl\":\"https:\\\/\\\/www.apfelpatient.de\\\/wp-content\\\/uploads\\\/2021\\\/04\\\/E45EA866-BA48-42A5-B69B-178D4D0BD1B3.png\",\"keywords\":[\"AirTags\",\"Apple Event\",\"Apple TV\",\"iPad\"],\"articleSection\":\"News\",\"inLanguage\":\"en-US\",\"copyrightYear\":\"2021\",\"copyrightHolder\":{\"@id\":\"https:\\\/\\\/www.apfelpatient.de\\\/en\\\/#organization\"}},{\"@type\":\"WebPage\",\"@id\":\"https:\\\/\\\/www.apfelpatient.de\\\/news\\\/spring-loaded-apple-kuendigt-neues-event-an\",\"url\":\"https:\\\/\\\/www.apfelpatient.de\\\/news\\\/spring-loaded-apple-kuendigt-neues-event-an\",\"name\":\"\\\"Spring Loaded\\\": Apple k\u00fcndigt neues Event an Apfelpatient\",\"isPartOf\":{\"@id\":\"https:\\\/\\\/www.apfelpatient.de\\\/#website\"},\"primaryImageOfPage\":{\"@id\":\"https:\\\/\\\/www.apfelpatient.de\\\/news\\\/spring-loaded-apple-kuendigt-neues-event-an#primaryimage\"},\"image\":{\"@id\":\"https:\\\/\\\/www.apfelpatient.de\\\/news\\\/spring-loaded-apple-kuendigt-neues-event-an#primaryimage\"},\"thumbnailUrl\":\"https:\\\/\\\/www.apfelpatient.de\\\/wp-content\\\/uploads\\\/2021\\\/04\\\/E45EA866-BA48-42A5-B69B-178D4D0BD1B3.png\",\"datePublished\":\"2021-04-13T16:13:15+00:00\",\"dateModified\":\"2021-04-24T21:24:50+00:00\",\"description\":\"Ger\u00fcchte haben es bereits in Aussicht gestellt - nun ist es offiziell. Apple wird noch in diesem Monat ein neues Event veranstalten.\",\"breadcrumb\":{\"@id\":\"https:\\\/\\\/www.apfelpatient.de\\\/news\\\/spring-loaded-apple-kuendigt-neues-event-an#breadcrumb\"},\"inLanguage\":\"en-US\",\"potentialAction\":[{\"@type\":\"ReadAction\",\"target\":[\"https:\\\/\\\/www.apfelpatient.de\\\/news\\\/spring-loaded-apple-kuendigt-neues-event-an\"]}]},{\"@type\":\"ImageObject\",\"inLanguage\":\"en-US\",\"@id\":\"https:\\\/\\\/www.apfelpatient.de\\\/news\\\/spring-loaded-apple-kuendigt-neues-event-an#primaryimage\",\"url\":\"https:\\\/\\\/www.apfelpatient.de\\\/wp-content\\\/uploads\\\/2021\\\/04\\\/E45EA866-BA48-42A5-B69B-178D4D0BD1B3.png\",\"contentUrl\":\"https:\\\/\\\/www.apfelpatient.de\\\/wp-content\\\/uploads\\\/2021\\\/04\\\/E45EA866-BA48-42A5-B69B-178D4D0BD1B3.png\",\"width\":1200,\"height\":675,\"caption\":\"Bild: Apple\"},{\"@type\":\"BreadcrumbList\",\"@id\":\"https:\\\/\\\/www.apfelpatient.de\\\/news\\\/spring-loaded-apple-kuendigt-neues-event-an#breadcrumb\",\"itemListElement\":[{\"@type\":\"ListItem\",\"position\":1,\"name\":\"Startseite\",\"item\":\"https:\\\/\\\/www.apfelpatient.de\\\/\"},{\"@type\":\"ListItem\",\"position\":2,\"name\":\"&#8222;Spring Loaded&#8220;: Apple k\u00fcndigt neues Event an\"}]},{\"@type\":\"WebSite\",\"@id\":\"https:\\\/\\\/www.apfelpatient.de\\\/#website\",\"url\":\"https:\\\/\\\/www.apfelpatient.de\\\/\",\"name\":\"Apfelpatient\",\"description\":\"Alles rund um Apple!\",\"publisher\":{\"@type\":\"Organization\",\"@id\":\"https:\\\/\\\/www.apfelpatient.de\\\/en\\\/#organization\",\"name\":\"Apfelpatient\",\"url\":\"https:\\\/\\\/www.apfelpatient.de\\\/en\\\/\"},\"alternateName\":\"Apfelpatient\",\"potentialAction\":[{\"@type\":\"SearchAction\",\"target\":{\"@type\":\"EntryPoint\",\"urlTemplate\":\"https:\\\/\\\/www.apfelpatient.de\\\/?s={search_term_string}\"},\"query-input\":{\"@type\":\"PropertyValueSpecification\",\"valueRequired\":true,\"valueName\":\"search_term_string\"}}],\"inLanguage\":\"en-US\"},{\"@type\":[\"Person\",\"Organization\"],\"@id\":\"https:\\\/\\\/www.apfelpatient.de\\\/#\\\/schema\\\/person\\\/35b3ddba5832f2bfc7fff5206d4f6b7b\",\"name\":\"Milan\",\"logo\":{\"@id\":\"https:\\\/\\\/www.apfelpatient.de\\\/#\\\/schema\\\/person\\\/image\\\/\"},\"description\":\"Hallo und herzlich willkommen auf meinem Technik-Blog! Als gro\u00dfer Apple-Fan berichte ich hier \u00fcber alles, was mit Apple zu tun hat: von den neuesten News und spannenden Ger\u00fcchten \u00fcber hilfreiche Tipps und Tricks bis hin zu ausf\u00fchrlichen Produkttests. Wenn du genauso technikbegeistert bist wie ich, bist du hier genau richtig!\",\"sameAs\":[\"https:\\\/\\\/www.facebook.com\\\/apfelpatientOfficial\",\"https:\\\/\\\/www.linkedin.com\\\/in\\\/milan-jovicic-42aa0231b\"],\"url\":\"https:\\\/\\\/www.apfelpatient.de\\\/en\\\/author\\\/apfeladmin\"}]}<\/script>\n<!-- \/ Yoast SEO Premium plugin. -->","yoast_head_json":{"title":"&quot;Spring Loaded&quot;: Apple announces new event Apfelpatient","description":"Rumors have already suggested it - now it&#039;s official. Apple will hold a new event later this month.","robots":{"index":"index","follow":"follow","max-snippet":"max-snippet:-1","max-image-preview":"max-image-preview:large","max-video-preview":"max-video-preview:-1"},"canonical":"https:\/\/www.apfelpatient.de\/en\/news\/spring-loaded-apple-announces-new-event","og_locale":"en_US","og_type":"article","og_title":"\"Spring Loaded\": Apple k\u00fcndigt neues Event an","og_description":"Ger\u00fcchte haben es bereits in Aussicht gestellt - nun ist es offiziell. Apple wird noch in diesem Monat ein neues Event veranstalten.","og_url":"https:\/\/www.apfelpatient.de\/en\/news\/spring-loaded-apple-announces-new-event","og_site_name":"Apfelpatient","article_publisher":"https:\/\/www.facebook.com\/apfelpatientOfficial","article_author":"https:\/\/www.facebook.com\/apfelpatientOfficial","article_published_time":"2021-04-13T16:13:15+00:00","article_modified_time":"2021-04-24T21:24:50+00:00","og_image":[{"width":1200,"height":675,"url":"https:\/\/www.apfelpatient.de\/wp-content\/uploads\/2021\/04\/E45EA866-BA48-42A5-B69B-178D4D0BD1B3.png","type":"image\/png"}],"author":"Milan","twitter_card":"summary_large_image","twitter_description":"Ger\u00fcchte haben es bereits in Aussicht gestellt - nun ist es offiziell. Apple wird noch in diesem Monat ein neues Event veranstalten.","twitter_misc":{"Written by":"Milan","Est. reading time":"2 minutes"},"schema":{"@context":"https:\/\/schema.org","@graph":[{"@type":"NewsArticle","@id":"https:\/\/www.apfelpatient.de\/news\/spring-loaded-apple-kuendigt-neues-event-an#article","isPartOf":{"@id":"https:\/\/www.apfelpatient.de\/news\/spring-loaded-apple-kuendigt-neues-event-an"},"author":{"@type":"Organization","@id":"https:\/\/www.apfelpatient.de\/en\/#organization","name":"Apfelpatient","url":"https:\/\/www.apfelpatient.de\/en\/"},"headline":"&#8222;Spring Loaded&#8220;: Apple k\u00fcndigt neues Event an","datePublished":"2021-04-13T16:13:15+00:00","dateModified":"2021-04-24T21:24:50+00:00","mainEntityOfPage":{"@id":"https:\/\/www.apfelpatient.de\/news\/spring-loaded-apple-kuendigt-neues-event-an"},"wordCount":367,"publisher":{"@type":"Organization","@id":"https:\/\/www.apfelpatient.de\/en\/#organization","name":"Apfelpatient","url":"https:\/\/www.apfelpatient.de\/en\/"},"image":{"@id":"https:\/\/www.apfelpatient.de\/news\/spring-loaded-apple-kuendigt-neues-event-an#primaryimage"},"thumbnailUrl":"https:\/\/www.apfelpatient.de\/wp-content\/uploads\/2021\/04\/E45EA866-BA48-42A5-B69B-178D4D0BD1B3.png","keywords":["AirTags","Apple Event","Apple TV","iPad"],"articleSection":"News","inLanguage":"en-US","copyrightYear":"2021","copyrightHolder":{"@id":"https:\/\/www.apfelpatient.de\/en\/#organization"}},{"@type":"WebPage","@id":"https:\/\/www.apfelpatient.de\/news\/spring-loaded-apple-kuendigt-neues-event-an","url":"https:\/\/www.apfelpatient.de\/news\/spring-loaded-apple-kuendigt-neues-event-an","name":"&quot;Spring Loaded&quot;: Apple announces new event Apfelpatient","isPartOf":{"@id":"https:\/\/www.apfelpatient.de\/#website"},"primaryImageOfPage":{"@id":"https:\/\/www.apfelpatient.de\/news\/spring-loaded-apple-kuendigt-neues-event-an#primaryimage"},"image":{"@id":"https:\/\/www.apfelpatient.de\/news\/spring-loaded-apple-kuendigt-neues-event-an#primaryimage"},"thumbnailUrl":"https:\/\/www.apfelpatient.de\/wp-content\/uploads\/2021\/04\/E45EA866-BA48-42A5-B69B-178D4D0BD1B3.png","datePublished":"2021-04-13T16:13:15+00:00","dateModified":"2021-04-24T21:24:50+00:00","description":"Rumors have already suggested it - now it&#039;s official. Apple will hold a new event later this month.","breadcrumb":{"@id":"https:\/\/www.apfelpatient.de\/news\/spring-loaded-apple-kuendigt-neues-event-an#breadcrumb"},"inLanguage":"en-US","potentialAction":[{"@type":"ReadAction","target":["https:\/\/www.apfelpatient.de\/news\/spring-loaded-apple-kuendigt-neues-event-an"]}]},{"@type":"ImageObject","inLanguage":"en-US","@id":"https:\/\/www.apfelpatient.de\/news\/spring-loaded-apple-kuendigt-neues-event-an#primaryimage","url":"https:\/\/www.apfelpatient.de\/wp-content\/uploads\/2021\/04\/E45EA866-BA48-42A5-B69B-178D4D0BD1B3.png","contentUrl":"https:\/\/www.apfelpatient.de\/wp-content\/uploads\/2021\/04\/E45EA866-BA48-42A5-B69B-178D4D0BD1B3.png","width":1200,"height":675,"caption":"Bild: Apple"},{"@type":"BreadcrumbList","@id":"https:\/\/www.apfelpatient.de\/news\/spring-loaded-apple-kuendigt-neues-event-an#breadcrumb","itemListElement":[{"@type":"ListItem","position":1,"name":"Startseite","item":"https:\/\/www.apfelpatient.de\/"},{"@type":"ListItem","position":2,"name":"&#8222;Spring Loaded&#8220;: Apple k\u00fcndigt neues Event an"}]},{"@type":"WebSite","@id":"https:\/\/www.apfelpatient.de\/#website","url":"https:\/\/www.apfelpatient.de\/","name":"apple patient","description":"Everything about Apple!","publisher":{"@type":"Organization","@id":"https:\/\/www.apfelpatient.de\/en\/#organization","name":"Apfelpatient","url":"https:\/\/www.apfelpatient.de\/en\/"},"alternateName":"Apfelpatient","potentialAction":[{"@type":"SearchAction","target":{"@type":"EntryPoint","urlTemplate":"https:\/\/www.apfelpatient.de\/?s={search_term_string}"},"query-input":{"@type":"PropertyValueSpecification","valueRequired":true,"valueName":"search_term_string"}}],"inLanguage":"en-US"},{"@type":["Person","Organization"],"@id":"https:\/\/www.apfelpatient.de\/#\/schema\/person\/35b3ddba5832f2bfc7fff5206d4f6b7b","name":"Milan","logo":{"@id":"https:\/\/www.apfelpatient.de\/#\/schema\/person\/image\/"},"description":"Hello and welcome to my technology blog! As a big Apple fan, I report on everything to do with Apple: from the latest news and exciting rumors to helpful tips and tricks and detailed product tests. If you are as enthusiastic about technology as I am, you have come to the right place!","sameAs":["https:\/\/www.facebook.com\/apfelpatientOfficial","https:\/\/www.linkedin.com\/in\/milan-jovicic-42aa0231b"],"url":"https:\/\/www.apfelpatient.de\/en\/author\/apfeladmin"}]}},"_links":{"self":[{"href":"https:\/\/www.apfelpatient.de\/en\/wp-json\/wp\/v2\/posts\/20321","targetHints":{"allow":["GET"]}}],"collection":[{"href":"https:\/\/www.apfelpatient.de\/en\/wp-json\/wp\/v2\/posts"}],"about":[{"href":"https:\/\/www.apfelpatient.de\/en\/wp-json\/wp\/v2\/types\/post"}],"author":[{"embeddable":true,"href":"https:\/\/www.apfelpatient.de\/en\/wp-json\/wp\/v2\/users\/2"}],"replies":[{"embeddable":true,"href":"https:\/\/www.apfelpatient.de\/en\/wp-json\/wp\/v2\/comments?post=20321"}],"version-history":[{"count":0,"href":"https:\/\/www.apfelpatient.de\/en\/wp-json\/wp\/v2\/posts\/20321\/revisions"}],"wp:featuredmedia":[{"embeddable":true,"href":"https:\/\/www.apfelpatient.de\/en\/wp-json\/wp\/v2\/media\/21241"}],"wp:attachment":[{"href":"https:\/\/www.apfelpatient.de\/en\/wp-json\/wp\/v2\/media?parent=20321"}],"wp:term":[{"taxonomy":"category","embeddable":true,"href":"https:\/\/www.apfelpatient.de\/en\/wp-json\/wp\/v2\/categories?post=20321"},{"taxonomy":"post_tag","embeddable":true,"href":"https:\/\/www.apfelpatient.de\/en\/wp-json\/wp\/v2\/tags?post=20321"}],"curies":[{"name":"wp","href":"https:\/\/api.w.org\/{rel}","templated":true}]}}