{"id":20312,"date":"2021-03-13T11:43:04","date_gmt":"2021-03-13T10:43:04","guid":{"rendered":"https:\/\/www.apfelpatient.de\/?p=20312"},"modified":"2021-03-13T11:48:34","modified_gmt":"2021-03-13T10:48:34","slug":"while-supplies-last-apple-is-discontinuing-the-homepod","status":"publish","type":"post","link":"https:\/\/www.apfelpatient.de\/en\/news\/solange-der-vorrat-reicht-apple-stellt-den-homepod-ein","title":{"rendered":"While supplies last: Apple is discontinuing the HomePod"},"content":{"rendered":"<p class=\"has-drop-cap\"><strong>The HomePod, introduced four years ago, is now to be discontinued in favor of the HomePod mini. Apple has now officially confirmed this.<\/strong><\/p>\n\n\n\n<p>The classic HomePod is said to have never sold well due to its price. Now it is to be discontinued in favor of the mini version, reports <a href=\"https:\/\/techcrunch.com\/2021\/03\/12\/apple-discontinues-original-homepod-will-focus-on-mini\/\" target=\"_blank\" rel=\"noreferrer noopener\">TechCrunch<\/a>. Apple hoped that the high-quality sound would give the HomePod an edge over competing products. But sales of the classic model remained lackluster, as there are many cheaper alternatives. The HomePod mini offers all the features that the classic HomePod has. Unlike its big brother, however, the mini version is significantly cheaper. Although the mini device cannot keep up with the classic version in terms of sound, the small smart speaker is very popular. For this reason, Apple has decided to discontinue the classic Siri speaker. In a statement to TechCrunch, the company explained that the HomePod will continue to be available through the Apple Online Store and Apple retail stores - while supplies last.<\/p>\n\n\n\n<h3 class=\"wp-block-heading\" id=\"h-bye-bye-homepod-hierzulande-noch-erh-ltlich\">Bye Bye HomePod: Still available in this country<\/h3>\n\n\n\n\n\n\n\n<blockquote class=\"wp-block-quote is-layout-flow wp-block-quote-is-layout-flow\" id=\"h-der-homepod-mini-ist-seit-seinem-deb-t-im-letzten-herbst-ein-hit-und-bietet-den-kunden-erstaunlichen-klang-einen-intelligenten-assistenten-und-eine-intelligente-haussteuerung-f-r-nur-99-us-dollar-wir-konzentrieren-unsere-bem-hungen-auf-den-homepod-mini-wir-stellen-den-originalen-homepod-ein-er-wird-weiterhin-ber-den-apple-online-store-die-apple-retail-stores-und-die-autorisierten-apple-h-ndler-erh-ltlich-sein-solange-der-vorrat-reicht-apple-wird-homepod-kunden-mit-software-updates-sowie-service-und-support-ber-apple-care-versorgen\"><p>HomePod mini has been a hit since its debut last fall, giving customers amazing sound, a smart assistant, and smart home control for just $99. We&#039;re focusing our efforts on HomePod mini. We&#039;re discontinuing the original HomePod, but it will continue to be available through the Apple Online Store, Apple retail stores, and Apple Authorized Resellers while supplies last. Apple will provide HomePod customers with software updates and service and support through Apple Care.<\/p><\/blockquote>\n\n\n\n<p>A change was already noticeable in the Apple Online Store on Thursday. For example, the black version is no longer available in the USA. At that time there was speculation as to whether a successor would be released. However, according to the latest information, this is not the case. Anyone who still wants to buy the classic smart speaker should act quickly. Both the white and black versions are still available in this country. (Image: Apple)<\/p>\n\n\n\n<ul class=\"wp-block-list\"><li><a href=\"https:\/\/www.apfelpatient.de\/en\/tips-tricks\/homepod-how-to-start-ambient-sounds-2\">HomePod: How to start ambient sounds<\/a><\/li><\/ul>\n\n\n\n<h6 class=\"wp-block-heading translation-block\" id=\"h-kennt-ihr-schon-unsere-amazon-storefront-dort-findet-ihr-eine-handverlesene-auswahl-von-diversen-produkten-f-r-euer-iphone-und-co-viel-spa-beim-st-bern\"><em>Have you already visited our Amazon Storefront? There you&#039;ll find a hand-picked selection of various products for your iPhone and other devices \u2013 <span class=\"has-inline-color has-vivid-red-color\"><a href=\"https:\/\/www.amazon.de\/shop\/apfelpatientofficial\" class=\"ek-link\" data-wpel-link=\"exclude\" rel=\"follow noopener\" target=\"_self\"><span style=\"text-decoration: underline\" class=\"ek-underline\">enjoy browsing<\/span><\/a> !<\/span><\/em><\/h6>\n\n\n\n<h6 class=\"wp-block-heading translation-block\" id=\"h-der-beitrag-enthalt-partnerlinks\">This post contains <a data-type=\"URL\" data-id=\"https:\/\/www.apfelpatient.de\/partnerprogramm\" href=\"https:\/\/www.apfelpatient.de\/en\/partner-program\" data-wpel-link=\"internal\" target=\"_self\">affiliate links<\/a>.<\/h6>","protected":false},"excerpt":{"rendered":"<p>The HomePod, introduced four years ago, is now to be discontinued in favor of the HomePod mini. Apple has now officially confirmed this.<\/p>","protected":false},"author":2,"featured_media":16089,"comment_status":"closed","ping_status":"closed","sticky":false,"template":"","format":"standard","meta":{"jnews-multi-image_gallery":[],"jnews_single_post":{"subtitle":"","format":"standard","video":"","gallery":"","source_name":"","source_url":"","via_name":"","via_url":"","override":[{"single_blog_custom":"","sidebar":"","second_sidebar":"","share_position":"","share_float_style":"","post_date_format":"","post_date_format_custom":"","post_reading_time_wpm":"","zoom_button_out_step":"1","zoom_button_in_step":"1","number_popup_post":"1"}],"image_override":[{"single_post_thumbnail_size":"","single_post_gallery_size":""}],"trending_post_position":"","trending_post_label":"","sponsored_post_label":"","sponsored_post_name":"","sponsored_post_url":"","sponsored_post_logo":"","sponsored_post_desc":""},"jnews_primary_category":{"id":"9"},"footnotes":""},"categories":[9],"tags":[85],"class_list":["post-20312","post","type-post","status-publish","format-standard","has-post-thumbnail","hentry","category-news","tag-homepod"],"yoast_head":"<!-- This site is optimized with the Yoast SEO Premium plugin v27.5 (Yoast SEO v27.5) - https:\/\/yoast.com\/product\/yoast-seo-premium-wordpress\/ -->\n<title>Solange der Vorrat reicht: Apple stellt den HomePod ein Apfelpatient<\/title>\n<meta name=\"description\" content=\"Der vor vier Jahren eingef\u00fchrte HomePod soll nun zu Gunsten des HomePod mini eingestellt werden. Das hat Apple nun offiziell best\u00e4tigt.\" \/>\n<meta name=\"robots\" content=\"index, follow, max-snippet:-1, max-image-preview:large, max-video-preview:-1\" \/>\n<link rel=\"canonical\" href=\"https:\/\/www.apfelpatient.de\/en\/news\/while-supplies-last-apple-is-discontinuing-the-homepod\" \/>\n<meta property=\"og:locale\" content=\"en_US\" \/>\n<meta property=\"og:type\" content=\"article\" \/>\n<meta property=\"og:title\" content=\"Solange der Vorrat reicht: Apple stellt den HomePod ein\" \/>\n<meta property=\"og:description\" content=\"Der vor vier Jahren eingef\u00fchrte HomePod soll nun zu Gunsten des HomePod mini eingestellt werden. Das hat Apple nun offiziell best\u00e4tigt.\" \/>\n<meta property=\"og:url\" content=\"https:\/\/www.apfelpatient.de\/en\/news\/while-supplies-last-apple-is-discontinuing-the-homepod\" \/>\n<meta property=\"og:site_name\" content=\"Apfelpatient\" \/>\n<meta property=\"article:publisher\" content=\"https:\/\/www.facebook.com\/apfelpatientOfficial\" \/>\n<meta property=\"article:author\" content=\"https:\/\/www.facebook.com\/apfelpatientOfficial\" \/>\n<meta property=\"article:published_time\" content=\"2021-03-13T10:43:04+00:00\" \/>\n<meta property=\"article:modified_time\" content=\"2021-03-13T10:48:34+00:00\" \/>\n<meta property=\"og:image\" content=\"https:\/\/www.apfelpatient.de\/wp-content\/uploads\/2020\/10\/Multi-Room-audio-Apple-HomePod_white_05292018.jpg\" \/>\n\t<meta property=\"og:image:width\" content=\"1632\" \/>\n\t<meta property=\"og:image:height\" content=\"1021\" \/>\n\t<meta property=\"og:image:type\" content=\"image\/jpeg\" \/>\n<meta name=\"author\" content=\"Milan\" \/>\n<meta name=\"twitter:card\" content=\"summary_large_image\" \/>\n<meta name=\"twitter:description\" content=\"Der vor vier Jahren eingef\u00fchrte HomePod soll nun zu Gunsten des HomePod mini eingestellt werden. Das hat Apple nun offiziell best\u00e4tigt.\" \/>\n<meta name=\"twitter:label1\" content=\"Written by\" \/>\n\t<meta name=\"twitter:data1\" content=\"Milan\" \/>\n\t<meta name=\"twitter:label2\" content=\"Est. reading time\" \/>\n\t<meta name=\"twitter:data2\" content=\"2 minutes\" \/>\n<script type=\"application\/ld+json\" class=\"yoast-schema-graph\">{\"@context\":\"https:\\\/\\\/schema.org\",\"@graph\":[{\"@type\":\"NewsArticle\",\"@id\":\"https:\\\/\\\/www.apfelpatient.de\\\/news\\\/solange-der-vorrat-reicht-apple-stellt-den-homepod-ein#article\",\"isPartOf\":{\"@id\":\"https:\\\/\\\/www.apfelpatient.de\\\/news\\\/solange-der-vorrat-reicht-apple-stellt-den-homepod-ein\"},\"author\":{\"@type\":\"Organization\",\"@id\":\"https:\\\/\\\/www.apfelpatient.de\\\/en\\\/#organization\",\"name\":\"Apfelpatient\",\"url\":\"https:\\\/\\\/www.apfelpatient.de\\\/en\\\/\"},\"headline\":\"Solange der Vorrat reicht: Apple stellt den HomePod ein\",\"datePublished\":\"2021-03-13T10:43:04+00:00\",\"dateModified\":\"2021-03-13T10:48:34+00:00\",\"mainEntityOfPage\":{\"@id\":\"https:\\\/\\\/www.apfelpatient.de\\\/news\\\/solange-der-vorrat-reicht-apple-stellt-den-homepod-ein\"},\"wordCount\":355,\"publisher\":{\"@type\":\"Organization\",\"@id\":\"https:\\\/\\\/www.apfelpatient.de\\\/en\\\/#organization\",\"name\":\"Apfelpatient\",\"url\":\"https:\\\/\\\/www.apfelpatient.de\\\/en\\\/\"},\"image\":{\"@id\":\"https:\\\/\\\/www.apfelpatient.de\\\/news\\\/solange-der-vorrat-reicht-apple-stellt-den-homepod-ein#primaryimage\"},\"thumbnailUrl\":\"https:\\\/\\\/www.apfelpatient.de\\\/wp-content\\\/uploads\\\/2020\\\/10\\\/Multi-Room-audio-Apple-HomePod_white_05292018.jpg\",\"keywords\":[\"HomePod\"],\"articleSection\":\"News\",\"inLanguage\":\"en-US\",\"copyrightYear\":\"2021\",\"copyrightHolder\":{\"@id\":\"https:\\\/\\\/www.apfelpatient.de\\\/en\\\/#organization\"}},{\"@type\":\"WebPage\",\"@id\":\"https:\\\/\\\/www.apfelpatient.de\\\/news\\\/solange-der-vorrat-reicht-apple-stellt-den-homepod-ein\",\"url\":\"https:\\\/\\\/www.apfelpatient.de\\\/news\\\/solange-der-vorrat-reicht-apple-stellt-den-homepod-ein\",\"name\":\"Solange der Vorrat reicht: Apple stellt den HomePod ein Apfelpatient\",\"isPartOf\":{\"@id\":\"https:\\\/\\\/www.apfelpatient.de\\\/#website\"},\"primaryImageOfPage\":{\"@id\":\"https:\\\/\\\/www.apfelpatient.de\\\/news\\\/solange-der-vorrat-reicht-apple-stellt-den-homepod-ein#primaryimage\"},\"image\":{\"@id\":\"https:\\\/\\\/www.apfelpatient.de\\\/news\\\/solange-der-vorrat-reicht-apple-stellt-den-homepod-ein#primaryimage\"},\"thumbnailUrl\":\"https:\\\/\\\/www.apfelpatient.de\\\/wp-content\\\/uploads\\\/2020\\\/10\\\/Multi-Room-audio-Apple-HomePod_white_05292018.jpg\",\"datePublished\":\"2021-03-13T10:43:04+00:00\",\"dateModified\":\"2021-03-13T10:48:34+00:00\",\"description\":\"Der vor vier Jahren eingef\u00fchrte HomePod soll nun zu Gunsten des HomePod mini eingestellt werden. Das hat Apple nun offiziell best\u00e4tigt.\",\"breadcrumb\":{\"@id\":\"https:\\\/\\\/www.apfelpatient.de\\\/news\\\/solange-der-vorrat-reicht-apple-stellt-den-homepod-ein#breadcrumb\"},\"inLanguage\":\"en-US\",\"potentialAction\":[{\"@type\":\"ReadAction\",\"target\":[\"https:\\\/\\\/www.apfelpatient.de\\\/news\\\/solange-der-vorrat-reicht-apple-stellt-den-homepod-ein\"]}]},{\"@type\":\"ImageObject\",\"inLanguage\":\"en-US\",\"@id\":\"https:\\\/\\\/www.apfelpatient.de\\\/news\\\/solange-der-vorrat-reicht-apple-stellt-den-homepod-ein#primaryimage\",\"url\":\"https:\\\/\\\/www.apfelpatient.de\\\/wp-content\\\/uploads\\\/2020\\\/10\\\/Multi-Room-audio-Apple-HomePod_white_05292018.jpg\",\"contentUrl\":\"https:\\\/\\\/www.apfelpatient.de\\\/wp-content\\\/uploads\\\/2020\\\/10\\\/Multi-Room-audio-Apple-HomePod_white_05292018.jpg\",\"width\":1632,\"height\":1021,\"caption\":\"Bild: Apple\"},{\"@type\":\"BreadcrumbList\",\"@id\":\"https:\\\/\\\/www.apfelpatient.de\\\/news\\\/solange-der-vorrat-reicht-apple-stellt-den-homepod-ein#breadcrumb\",\"itemListElement\":[{\"@type\":\"ListItem\",\"position\":1,\"name\":\"Startseite\",\"item\":\"https:\\\/\\\/www.apfelpatient.de\\\/\"},{\"@type\":\"ListItem\",\"position\":2,\"name\":\"Solange der Vorrat reicht: Apple stellt den HomePod ein\"}]},{\"@type\":\"WebSite\",\"@id\":\"https:\\\/\\\/www.apfelpatient.de\\\/#website\",\"url\":\"https:\\\/\\\/www.apfelpatient.de\\\/\",\"name\":\"Apfelpatient\",\"description\":\"Alles rund um Apple!\",\"publisher\":{\"@type\":\"Organization\",\"@id\":\"https:\\\/\\\/www.apfelpatient.de\\\/en\\\/#organization\",\"name\":\"Apfelpatient\",\"url\":\"https:\\\/\\\/www.apfelpatient.de\\\/en\\\/\"},\"alternateName\":\"Apfelpatient\",\"potentialAction\":[{\"@type\":\"SearchAction\",\"target\":{\"@type\":\"EntryPoint\",\"urlTemplate\":\"https:\\\/\\\/www.apfelpatient.de\\\/?s={search_term_string}\"},\"query-input\":{\"@type\":\"PropertyValueSpecification\",\"valueRequired\":true,\"valueName\":\"search_term_string\"}}],\"inLanguage\":\"en-US\"},{\"@type\":[\"Person\",\"Organization\"],\"@id\":\"https:\\\/\\\/www.apfelpatient.de\\\/#\\\/schema\\\/person\\\/35b3ddba5832f2bfc7fff5206d4f6b7b\",\"name\":\"Milan\",\"logo\":{\"@id\":\"https:\\\/\\\/www.apfelpatient.de\\\/#\\\/schema\\\/person\\\/image\\\/\"},\"description\":\"Hallo und herzlich willkommen auf meinem Technik-Blog! Als gro\u00dfer Apple-Fan berichte ich hier \u00fcber alles, was mit Apple zu tun hat: von den neuesten News und spannenden Ger\u00fcchten \u00fcber hilfreiche Tipps und Tricks bis hin zu ausf\u00fchrlichen Produkttests. Wenn du genauso technikbegeistert bist wie ich, bist du hier genau richtig!\",\"sameAs\":[\"https:\\\/\\\/www.facebook.com\\\/apfelpatientOfficial\",\"https:\\\/\\\/www.linkedin.com\\\/in\\\/milan-jovicic-42aa0231b\"],\"url\":\"https:\\\/\\\/www.apfelpatient.de\\\/en\\\/author\\\/apfeladmin\"}]}<\/script>\n<!-- \/ Yoast SEO Premium plugin. -->","yoast_head_json":{"title":"While supplies last: Apple is discontinuing the HomePod Apfelpatient","description":"The HomePod, introduced four years ago, is now to be discontinued in favor of the HomePod mini. Apple has now officially confirmed this.","robots":{"index":"index","follow":"follow","max-snippet":"max-snippet:-1","max-image-preview":"max-image-preview:large","max-video-preview":"max-video-preview:-1"},"canonical":"https:\/\/www.apfelpatient.de\/en\/news\/while-supplies-last-apple-is-discontinuing-the-homepod","og_locale":"en_US","og_type":"article","og_title":"Solange der Vorrat reicht: Apple stellt den HomePod ein","og_description":"Der vor vier Jahren eingef\u00fchrte HomePod soll nun zu Gunsten des HomePod mini eingestellt werden. Das hat Apple nun offiziell best\u00e4tigt.","og_url":"https:\/\/www.apfelpatient.de\/en\/news\/while-supplies-last-apple-is-discontinuing-the-homepod","og_site_name":"Apfelpatient","article_publisher":"https:\/\/www.facebook.com\/apfelpatientOfficial","article_author":"https:\/\/www.facebook.com\/apfelpatientOfficial","article_published_time":"2021-03-13T10:43:04+00:00","article_modified_time":"2021-03-13T10:48:34+00:00","og_image":[{"width":1632,"height":1021,"url":"https:\/\/www.apfelpatient.de\/wp-content\/uploads\/2020\/10\/Multi-Room-audio-Apple-HomePod_white_05292018.jpg","type":"image\/jpeg"}],"author":"Milan","twitter_card":"summary_large_image","twitter_description":"Der vor vier Jahren eingef\u00fchrte HomePod soll nun zu Gunsten des HomePod mini eingestellt werden. Das hat Apple nun offiziell best\u00e4tigt.","twitter_misc":{"Written by":"Milan","Est. reading time":"2 minutes"},"schema":{"@context":"https:\/\/schema.org","@graph":[{"@type":"NewsArticle","@id":"https:\/\/www.apfelpatient.de\/news\/solange-der-vorrat-reicht-apple-stellt-den-homepod-ein#article","isPartOf":{"@id":"https:\/\/www.apfelpatient.de\/news\/solange-der-vorrat-reicht-apple-stellt-den-homepod-ein"},"author":{"@type":"Organization","@id":"https:\/\/www.apfelpatient.de\/en\/#organization","name":"Apfelpatient","url":"https:\/\/www.apfelpatient.de\/en\/"},"headline":"Solange der Vorrat reicht: Apple stellt den HomePod ein","datePublished":"2021-03-13T10:43:04+00:00","dateModified":"2021-03-13T10:48:34+00:00","mainEntityOfPage":{"@id":"https:\/\/www.apfelpatient.de\/news\/solange-der-vorrat-reicht-apple-stellt-den-homepod-ein"},"wordCount":355,"publisher":{"@type":"Organization","@id":"https:\/\/www.apfelpatient.de\/en\/#organization","name":"Apfelpatient","url":"https:\/\/www.apfelpatient.de\/en\/"},"image":{"@id":"https:\/\/www.apfelpatient.de\/news\/solange-der-vorrat-reicht-apple-stellt-den-homepod-ein#primaryimage"},"thumbnailUrl":"https:\/\/www.apfelpatient.de\/wp-content\/uploads\/2020\/10\/Multi-Room-audio-Apple-HomePod_white_05292018.jpg","keywords":["HomePod"],"articleSection":"News","inLanguage":"en-US","copyrightYear":"2021","copyrightHolder":{"@id":"https:\/\/www.apfelpatient.de\/en\/#organization"}},{"@type":"WebPage","@id":"https:\/\/www.apfelpatient.de\/news\/solange-der-vorrat-reicht-apple-stellt-den-homepod-ein","url":"https:\/\/www.apfelpatient.de\/news\/solange-der-vorrat-reicht-apple-stellt-den-homepod-ein","name":"While supplies last: Apple is discontinuing the HomePod Apfelpatient","isPartOf":{"@id":"https:\/\/www.apfelpatient.de\/#website"},"primaryImageOfPage":{"@id":"https:\/\/www.apfelpatient.de\/news\/solange-der-vorrat-reicht-apple-stellt-den-homepod-ein#primaryimage"},"image":{"@id":"https:\/\/www.apfelpatient.de\/news\/solange-der-vorrat-reicht-apple-stellt-den-homepod-ein#primaryimage"},"thumbnailUrl":"https:\/\/www.apfelpatient.de\/wp-content\/uploads\/2020\/10\/Multi-Room-audio-Apple-HomePod_white_05292018.jpg","datePublished":"2021-03-13T10:43:04+00:00","dateModified":"2021-03-13T10:48:34+00:00","description":"The HomePod, introduced four years ago, is now to be discontinued in favor of the HomePod mini. Apple has now officially confirmed this.","breadcrumb":{"@id":"https:\/\/www.apfelpatient.de\/news\/solange-der-vorrat-reicht-apple-stellt-den-homepod-ein#breadcrumb"},"inLanguage":"en-US","potentialAction":[{"@type":"ReadAction","target":["https:\/\/www.apfelpatient.de\/news\/solange-der-vorrat-reicht-apple-stellt-den-homepod-ein"]}]},{"@type":"ImageObject","inLanguage":"en-US","@id":"https:\/\/www.apfelpatient.de\/news\/solange-der-vorrat-reicht-apple-stellt-den-homepod-ein#primaryimage","url":"https:\/\/www.apfelpatient.de\/wp-content\/uploads\/2020\/10\/Multi-Room-audio-Apple-HomePod_white_05292018.jpg","contentUrl":"https:\/\/www.apfelpatient.de\/wp-content\/uploads\/2020\/10\/Multi-Room-audio-Apple-HomePod_white_05292018.jpg","width":1632,"height":1021,"caption":"Bild: Apple"},{"@type":"BreadcrumbList","@id":"https:\/\/www.apfelpatient.de\/news\/solange-der-vorrat-reicht-apple-stellt-den-homepod-ein#breadcrumb","itemListElement":[{"@type":"ListItem","position":1,"name":"Startseite","item":"https:\/\/www.apfelpatient.de\/"},{"@type":"ListItem","position":2,"name":"Solange der Vorrat reicht: Apple stellt den HomePod ein"}]},{"@type":"WebSite","@id":"https:\/\/www.apfelpatient.de\/#website","url":"https:\/\/www.apfelpatient.de\/","name":"apple patient","description":"Everything about Apple!","publisher":{"@type":"Organization","@id":"https:\/\/www.apfelpatient.de\/en\/#organization","name":"Apfelpatient","url":"https:\/\/www.apfelpatient.de\/en\/"},"alternateName":"Apfelpatient","potentialAction":[{"@type":"SearchAction","target":{"@type":"EntryPoint","urlTemplate":"https:\/\/www.apfelpatient.de\/?s={search_term_string}"},"query-input":{"@type":"PropertyValueSpecification","valueRequired":true,"valueName":"search_term_string"}}],"inLanguage":"en-US"},{"@type":["Person","Organization"],"@id":"https:\/\/www.apfelpatient.de\/#\/schema\/person\/35b3ddba5832f2bfc7fff5206d4f6b7b","name":"Milan","logo":{"@id":"https:\/\/www.apfelpatient.de\/#\/schema\/person\/image\/"},"description":"Hello and welcome to my technology blog! As a big Apple fan, I report on everything to do with Apple: from the latest news and exciting rumors to helpful tips and tricks and detailed product tests. If you are as enthusiastic about technology as I am, you have come to the right place!","sameAs":["https:\/\/www.facebook.com\/apfelpatientOfficial","https:\/\/www.linkedin.com\/in\/milan-jovicic-42aa0231b"],"url":"https:\/\/www.apfelpatient.de\/en\/author\/apfeladmin"}]}},"_links":{"self":[{"href":"https:\/\/www.apfelpatient.de\/en\/wp-json\/wp\/v2\/posts\/20312","targetHints":{"allow":["GET"]}}],"collection":[{"href":"https:\/\/www.apfelpatient.de\/en\/wp-json\/wp\/v2\/posts"}],"about":[{"href":"https:\/\/www.apfelpatient.de\/en\/wp-json\/wp\/v2\/types\/post"}],"author":[{"embeddable":true,"href":"https:\/\/www.apfelpatient.de\/en\/wp-json\/wp\/v2\/users\/2"}],"replies":[{"embeddable":true,"href":"https:\/\/www.apfelpatient.de\/en\/wp-json\/wp\/v2\/comments?post=20312"}],"version-history":[{"count":0,"href":"https:\/\/www.apfelpatient.de\/en\/wp-json\/wp\/v2\/posts\/20312\/revisions"}],"wp:featuredmedia":[{"embeddable":true,"href":"https:\/\/www.apfelpatient.de\/en\/wp-json\/wp\/v2\/media\/16089"}],"wp:attachment":[{"href":"https:\/\/www.apfelpatient.de\/en\/wp-json\/wp\/v2\/media?parent=20312"}],"wp:term":[{"taxonomy":"category","embeddable":true,"href":"https:\/\/www.apfelpatient.de\/en\/wp-json\/wp\/v2\/categories?post=20312"},{"taxonomy":"post_tag","embeddable":true,"href":"https:\/\/www.apfelpatient.de\/en\/wp-json\/wp\/v2\/tags?post=20312"}],"curies":[{"name":"wp","href":"https:\/\/api.w.org\/{rel}","templated":true}]}}