{"id":20232,"date":"2021-03-10T13:31:17","date_gmt":"2021-03-10T12:31:17","guid":{"rendered":"https:\/\/www.apfelpatient.de\/?p=20232"},"modified":"2021-03-10T13:31:18","modified_gmt":"2021-03-10T12:31:18","slug":"macbook-pro-2021-mass-production-to-be-postponed","status":"publish","type":"post","link":"https:\/\/www.apfelpatient.de\/en\/rumors\/macbook-pro-2021-massenproduktion-soll-verschoben-werden","title":{"rendered":"MacBook Pro 2021: Mass production to be postponed"},"content":{"rendered":"<p class=\"has-drop-cap\"><strong>We have already read several rumors that Apple is working on a MacBook Pro with a brand new design. Now a report has been published that is consistent with previous statements.<\/strong><\/p>\n\n\n\n<p>Apple plans to introduce a brand new MacBook Pro in 14- and 16-inch sizes this year. The devices are to be powered by Apple Silicon and set new standards. Nikkei Asia has now published a report that is in line with a forecast by analyst Ming-Chi Kuo. In the <a href=\"https:\/\/asia.nikkei.com\/Business\/Technology\/Apple-slashes-planned-iPhone-12-mini-production-for-1H\" target=\"_blank\" rel=\"noreferrer noopener\">report<\/a>, which focuses on Apple&#039;s cutting of iPhone 12 orders from suppliers, the news site briefly mentioned that Apple has postponed mass production of the two new MacBooks from May or June to the second half of the year.<\/p>\n\n\n\n<h3 class=\"wp-block-heading\" id=\"h-macbook-pro-2021-neues-design-mehr-anschl-sse\">MacBook Pro 2021: New design &amp; more ports<\/h3>\n\n\n\n\n\n\n\n<blockquote class=\"wp-block-quote is-layout-flow wp-block-quote-is-layout-flow\"><p>Meanwhile, Apple has changed plans to begin mass production of two new MacBooks. The new schedule calls for the second half of the year. The two MacBooks will feature the Apple Silicon processor.<\/p><\/blockquote>\n\n\n\n<p>The second half of the year begins in July. This means there should still be enough time for Apple&#039;s suppliers to ramp up production for a later market launch. In addition to the Apple Silicon processor, the devices will have an LCD display with mini-LED backlighting and more ports, according to Apple analyst Ming-Chi Kuo. This means that the devices will have an SD slot, HDMI port and MagSafe. Physical function keys are expected to replace the Touch Bar. According to several reports, the devices will be presented in autumn 2021. (Photo by Ekaterina79 \/ Bigstockphoto)<\/p>\n\n\n\n<ul class=\"wp-block-list\"><li><a href=\"https:\/\/www.apfelpatient.de\/en\/rumors\/ipad-macbook-models-with-oled-further-details-emerged\">iPad &amp; MacBook models with OLED: More details emerge<\/a><\/li><\/ul>\n\n\n\n<h6 class=\"wp-block-heading translation-block\" id=\"h-kennt-ihr-schon-unsere-amazon-storefront-dort-findet-ihr-eine-handverlesene-auswahl-von-diversen-produkten-f-r-euer-iphone-und-co-viel-spa-beim-st-bern\"><em>Have you already visited our Amazon Storefront? There you&#039;ll find a hand-picked selection of various products for your iPhone and other devices \u2013 <span class=\"has-inline-color has-vivid-red-color\"><a href=\"https:\/\/www.amazon.de\/shop\/apfelpatientofficial\" class=\"ek-link\" data-wpel-link=\"exclude\" rel=\"follow noopener\" target=\"_self\"><span style=\"text-decoration: underline\" class=\"ek-underline\">enjoy browsing<\/span><\/a> !<\/span><\/em><\/h6>\n\n\n\n\n\n<h6 class=\"wp-block-heading translation-block\" id=\"h-der-beitrag-enthalt-partnerlinks\">This post contains <a data-type=\"URL\" data-id=\"https:\/\/www.apfelpatient.de\/partnerprogramm\" href=\"https:\/\/www.apfelpatient.de\/en\/partner-program\" data-wpel-link=\"internal\" target=\"_self\">affiliate links<\/a>.<\/h6>","protected":false},"excerpt":{"rendered":"<p>MacBook Pro 2021: We have already read several rumors that Apple is working on a MacBook Pro with a brand new design. <\/p>","protected":false},"author":2,"featured_media":20233,"comment_status":"closed","ping_status":"closed","sticky":false,"template":"","format":"standard","meta":{"jnews-multi-image_gallery":[],"jnews_single_post":{"subtitle":"","format":"standard","video":"","gallery":"","source_name":"","source_url":"","via_name":"","via_url":"","override":[{"single_blog_custom":"","sidebar":"","second_sidebar":"","share_position":"","share_float_style":"","post_date_format":"","post_date_format_custom":"","post_reading_time_wpm":"","zoom_button_out_step":"1","zoom_button_in_step":"1","number_popup_post":"1"}],"image_override":[{"single_post_thumbnail_size":"","single_post_gallery_size":""}],"trending_post_position":"","trending_post_label":"","sponsored_post_label":"","sponsored_post_name":"","sponsored_post_url":"","sponsored_post_logo":"","sponsored_post_desc":""},"jnews_primary_category":{"id":"25"},"footnotes":""},"categories":[25],"tags":[40,50],"class_list":["post-20232","post","type-post","status-publish","format-standard","has-post-thumbnail","hentry","category-rumors","tag-mac","tag-macbook-pro"],"yoast_head":"<!-- This site is optimized with the Yoast SEO Premium plugin v27.5 (Yoast SEO v27.5) - https:\/\/yoast.com\/product\/yoast-seo-premium-wordpress\/ -->\n<title>MacBook Pro 2021: Massenproduktion soll verschoben werden<\/title>\n<meta name=\"description\" content=\"MacBook Pro 2021: Ger\u00fcchte, wonach Apple an einem MacBook Pro in brandneuem Design arbeitet, haben wir bereits mehrfach gelesen.\" \/>\n<meta name=\"robots\" content=\"index, follow, max-snippet:-1, max-image-preview:large, max-video-preview:-1\" \/>\n<link rel=\"canonical\" href=\"https:\/\/www.apfelpatient.de\/en\/rumors\/macbook-pro-2021-mass-production-to-be-postponed\" \/>\n<meta property=\"og:locale\" content=\"en_US\" \/>\n<meta property=\"og:type\" content=\"article\" \/>\n<meta property=\"og:title\" content=\"MacBook Pro 2021: Massenproduktion soll verschoben werden\" \/>\n<meta property=\"og:description\" content=\"MacBook Pro 2021: Ger\u00fcchte, wonach Apple an einem MacBook Pro in brandneuem Design arbeitet, haben wir bereits mehrfach gelesen.\" \/>\n<meta property=\"og:url\" content=\"https:\/\/www.apfelpatient.de\/en\/rumors\/macbook-pro-2021-mass-production-to-be-postponed\" \/>\n<meta property=\"og:site_name\" content=\"Apfelpatient\" \/>\n<meta property=\"article:publisher\" content=\"https:\/\/www.facebook.com\/apfelpatientOfficial\" \/>\n<meta property=\"article:author\" content=\"https:\/\/www.facebook.com\/apfelpatientOfficial\" \/>\n<meta property=\"article:published_time\" content=\"2021-03-10T12:31:17+00:00\" \/>\n<meta property=\"article:modified_time\" content=\"2021-03-10T12:31:18+00:00\" \/>\n<meta property=\"og:image\" content=\"https:\/\/www.apfelpatient.de\/wp-content\/uploads\/2021\/03\/bigstock-Tambov-Russian-Federation-J-392672816.jpg\" \/>\n\t<meta property=\"og:image:width\" content=\"1600\" \/>\n\t<meta property=\"og:image:height\" content=\"1067\" \/>\n\t<meta property=\"og:image:type\" content=\"image\/jpeg\" \/>\n<meta name=\"author\" content=\"Milan\" \/>\n<meta name=\"twitter:card\" content=\"summary_large_image\" \/>\n<meta name=\"twitter:description\" content=\"MacBook Pro 2021: Ger\u00fcchte, wonach Apple an einem MacBook Pro in brandneuem Design arbeitet, haben wir bereits mehrfach gelesen.\" \/>\n<meta name=\"twitter:label1\" content=\"Written by\" \/>\n\t<meta name=\"twitter:data1\" content=\"Milan\" \/>\n\t<meta name=\"twitter:label2\" content=\"Est. reading time\" \/>\n\t<meta name=\"twitter:data2\" content=\"2 minutes\" \/>\n<script type=\"application\/ld+json\" class=\"yoast-schema-graph\">{\"@context\":\"https:\\\/\\\/schema.org\",\"@graph\":[{\"@type\":\"NewsArticle\",\"@id\":\"https:\\\/\\\/www.apfelpatient.de\\\/rumors\\\/macbook-pro-2021-massenproduktion-soll-verschoben-werden#article\",\"isPartOf\":{\"@id\":\"https:\\\/\\\/www.apfelpatient.de\\\/rumors\\\/macbook-pro-2021-massenproduktion-soll-verschoben-werden\"},\"author\":{\"@type\":\"Organization\",\"@id\":\"https:\\\/\\\/www.apfelpatient.de\\\/en\\\/#organization\",\"name\":\"Apfelpatient\",\"url\":\"https:\\\/\\\/www.apfelpatient.de\\\/en\\\/\"},\"headline\":\"MacBook Pro 2021: Massenproduktion soll verschoben werden\",\"datePublished\":\"2021-03-10T12:31:17+00:00\",\"dateModified\":\"2021-03-10T12:31:18+00:00\",\"mainEntityOfPage\":{\"@id\":\"https:\\\/\\\/www.apfelpatient.de\\\/rumors\\\/macbook-pro-2021-massenproduktion-soll-verschoben-werden\"},\"wordCount\":280,\"publisher\":{\"@type\":\"Organization\",\"@id\":\"https:\\\/\\\/www.apfelpatient.de\\\/en\\\/#organization\",\"name\":\"Apfelpatient\",\"url\":\"https:\\\/\\\/www.apfelpatient.de\\\/en\\\/\"},\"image\":{\"@id\":\"https:\\\/\\\/www.apfelpatient.de\\\/rumors\\\/macbook-pro-2021-massenproduktion-soll-verschoben-werden#primaryimage\"},\"thumbnailUrl\":\"https:\\\/\\\/www.apfelpatient.de\\\/wp-content\\\/uploads\\\/2021\\\/03\\\/bigstock-Tambov-Russian-Federation-J-392672816.jpg\",\"keywords\":[\"Mac\",\"MacBook Pro\"],\"articleSection\":\"Rumors\",\"inLanguage\":\"en-US\",\"copyrightYear\":\"2021\",\"copyrightHolder\":{\"@id\":\"https:\\\/\\\/www.apfelpatient.de\\\/en\\\/#organization\"}},{\"@type\":\"WebPage\",\"@id\":\"https:\\\/\\\/www.apfelpatient.de\\\/rumors\\\/macbook-pro-2021-massenproduktion-soll-verschoben-werden\",\"url\":\"https:\\\/\\\/www.apfelpatient.de\\\/rumors\\\/macbook-pro-2021-massenproduktion-soll-verschoben-werden\",\"name\":\"MacBook Pro 2021: Massenproduktion soll verschoben werden\",\"isPartOf\":{\"@id\":\"https:\\\/\\\/www.apfelpatient.de\\\/#website\"},\"primaryImageOfPage\":{\"@id\":\"https:\\\/\\\/www.apfelpatient.de\\\/rumors\\\/macbook-pro-2021-massenproduktion-soll-verschoben-werden#primaryimage\"},\"image\":{\"@id\":\"https:\\\/\\\/www.apfelpatient.de\\\/rumors\\\/macbook-pro-2021-massenproduktion-soll-verschoben-werden#primaryimage\"},\"thumbnailUrl\":\"https:\\\/\\\/www.apfelpatient.de\\\/wp-content\\\/uploads\\\/2021\\\/03\\\/bigstock-Tambov-Russian-Federation-J-392672816.jpg\",\"datePublished\":\"2021-03-10T12:31:17+00:00\",\"dateModified\":\"2021-03-10T12:31:18+00:00\",\"description\":\"MacBook Pro 2021: Ger\u00fcchte, wonach Apple an einem MacBook Pro in brandneuem Design arbeitet, haben wir bereits mehrfach gelesen.\",\"breadcrumb\":{\"@id\":\"https:\\\/\\\/www.apfelpatient.de\\\/rumors\\\/macbook-pro-2021-massenproduktion-soll-verschoben-werden#breadcrumb\"},\"inLanguage\":\"en-US\",\"potentialAction\":[{\"@type\":\"ReadAction\",\"target\":[\"https:\\\/\\\/www.apfelpatient.de\\\/rumors\\\/macbook-pro-2021-massenproduktion-soll-verschoben-werden\"]}]},{\"@type\":\"ImageObject\",\"inLanguage\":\"en-US\",\"@id\":\"https:\\\/\\\/www.apfelpatient.de\\\/rumors\\\/macbook-pro-2021-massenproduktion-soll-verschoben-werden#primaryimage\",\"url\":\"https:\\\/\\\/www.apfelpatient.de\\\/wp-content\\\/uploads\\\/2021\\\/03\\\/bigstock-Tambov-Russian-Federation-J-392672816.jpg\",\"contentUrl\":\"https:\\\/\\\/www.apfelpatient.de\\\/wp-content\\\/uploads\\\/2021\\\/03\\\/bigstock-Tambov-Russian-Federation-J-392672816.jpg\",\"width\":1600,\"height\":1067,\"caption\":\"Tambov, Russian Federation - July 09, 2020 Unboxing new MacBook Pro.\"},{\"@type\":\"BreadcrumbList\",\"@id\":\"https:\\\/\\\/www.apfelpatient.de\\\/rumors\\\/macbook-pro-2021-massenproduktion-soll-verschoben-werden#breadcrumb\",\"itemListElement\":[{\"@type\":\"ListItem\",\"position\":1,\"name\":\"Startseite\",\"item\":\"https:\\\/\\\/www.apfelpatient.de\\\/\"},{\"@type\":\"ListItem\",\"position\":2,\"name\":\"MacBook Pro 2021: Massenproduktion soll verschoben werden\"}]},{\"@type\":\"WebSite\",\"@id\":\"https:\\\/\\\/www.apfelpatient.de\\\/#website\",\"url\":\"https:\\\/\\\/www.apfelpatient.de\\\/\",\"name\":\"Apfelpatient\",\"description\":\"Alles rund um Apple!\",\"publisher\":{\"@type\":\"Organization\",\"@id\":\"https:\\\/\\\/www.apfelpatient.de\\\/en\\\/#organization\",\"name\":\"Apfelpatient\",\"url\":\"https:\\\/\\\/www.apfelpatient.de\\\/en\\\/\"},\"alternateName\":\"Apfelpatient\",\"potentialAction\":[{\"@type\":\"SearchAction\",\"target\":{\"@type\":\"EntryPoint\",\"urlTemplate\":\"https:\\\/\\\/www.apfelpatient.de\\\/?s={search_term_string}\"},\"query-input\":{\"@type\":\"PropertyValueSpecification\",\"valueRequired\":true,\"valueName\":\"search_term_string\"}}],\"inLanguage\":\"en-US\"},{\"@type\":[\"Person\",\"Organization\"],\"@id\":\"https:\\\/\\\/www.apfelpatient.de\\\/#\\\/schema\\\/person\\\/35b3ddba5832f2bfc7fff5206d4f6b7b\",\"name\":\"Milan\",\"logo\":{\"@id\":\"https:\\\/\\\/www.apfelpatient.de\\\/#\\\/schema\\\/person\\\/image\\\/\"},\"description\":\"Hallo und herzlich willkommen auf meinem Technik-Blog! Als gro\u00dfer Apple-Fan berichte ich hier \u00fcber alles, was mit Apple zu tun hat: von den neuesten News und spannenden Ger\u00fcchten \u00fcber hilfreiche Tipps und Tricks bis hin zu ausf\u00fchrlichen Produkttests. Wenn du genauso technikbegeistert bist wie ich, bist du hier genau richtig!\",\"sameAs\":[\"https:\\\/\\\/www.facebook.com\\\/apfelpatientOfficial\",\"https:\\\/\\\/www.linkedin.com\\\/in\\\/milan-jovicic-42aa0231b\"],\"url\":\"https:\\\/\\\/www.apfelpatient.de\\\/en\\\/author\\\/apfeladmin\"}]}<\/script>\n<!-- \/ Yoast SEO Premium plugin. -->","yoast_head_json":{"title":"MacBook Pro 2021: Mass production to be postponed","description":"MacBook Pro 2021: We have already read several rumors that Apple is working on a MacBook Pro with a brand new design.","robots":{"index":"index","follow":"follow","max-snippet":"max-snippet:-1","max-image-preview":"max-image-preview:large","max-video-preview":"max-video-preview:-1"},"canonical":"https:\/\/www.apfelpatient.de\/en\/rumors\/macbook-pro-2021-mass-production-to-be-postponed","og_locale":"en_US","og_type":"article","og_title":"MacBook Pro 2021: Massenproduktion soll verschoben werden","og_description":"MacBook Pro 2021: Ger\u00fcchte, wonach Apple an einem MacBook Pro in brandneuem Design arbeitet, haben wir bereits mehrfach gelesen.","og_url":"https:\/\/www.apfelpatient.de\/en\/rumors\/macbook-pro-2021-mass-production-to-be-postponed","og_site_name":"Apfelpatient","article_publisher":"https:\/\/www.facebook.com\/apfelpatientOfficial","article_author":"https:\/\/www.facebook.com\/apfelpatientOfficial","article_published_time":"2021-03-10T12:31:17+00:00","article_modified_time":"2021-03-10T12:31:18+00:00","og_image":[{"width":1600,"height":1067,"url":"https:\/\/www.apfelpatient.de\/wp-content\/uploads\/2021\/03\/bigstock-Tambov-Russian-Federation-J-392672816.jpg","type":"image\/jpeg"}],"author":"Milan","twitter_card":"summary_large_image","twitter_description":"MacBook Pro 2021: Ger\u00fcchte, wonach Apple an einem MacBook Pro in brandneuem Design arbeitet, haben wir bereits mehrfach gelesen.","twitter_misc":{"Written by":"Milan","Est. reading time":"2 minutes"},"schema":{"@context":"https:\/\/schema.org","@graph":[{"@type":"NewsArticle","@id":"https:\/\/www.apfelpatient.de\/rumors\/macbook-pro-2021-massenproduktion-soll-verschoben-werden#article","isPartOf":{"@id":"https:\/\/www.apfelpatient.de\/rumors\/macbook-pro-2021-massenproduktion-soll-verschoben-werden"},"author":{"@type":"Organization","@id":"https:\/\/www.apfelpatient.de\/en\/#organization","name":"Apfelpatient","url":"https:\/\/www.apfelpatient.de\/en\/"},"headline":"MacBook Pro 2021: Massenproduktion soll verschoben werden","datePublished":"2021-03-10T12:31:17+00:00","dateModified":"2021-03-10T12:31:18+00:00","mainEntityOfPage":{"@id":"https:\/\/www.apfelpatient.de\/rumors\/macbook-pro-2021-massenproduktion-soll-verschoben-werden"},"wordCount":280,"publisher":{"@type":"Organization","@id":"https:\/\/www.apfelpatient.de\/en\/#organization","name":"Apfelpatient","url":"https:\/\/www.apfelpatient.de\/en\/"},"image":{"@id":"https:\/\/www.apfelpatient.de\/rumors\/macbook-pro-2021-massenproduktion-soll-verschoben-werden#primaryimage"},"thumbnailUrl":"https:\/\/www.apfelpatient.de\/wp-content\/uploads\/2021\/03\/bigstock-Tambov-Russian-Federation-J-392672816.jpg","keywords":["Mac","MacBook Pro"],"articleSection":"Rumors","inLanguage":"en-US","copyrightYear":"2021","copyrightHolder":{"@id":"https:\/\/www.apfelpatient.de\/en\/#organization"}},{"@type":"WebPage","@id":"https:\/\/www.apfelpatient.de\/rumors\/macbook-pro-2021-massenproduktion-soll-verschoben-werden","url":"https:\/\/www.apfelpatient.de\/rumors\/macbook-pro-2021-massenproduktion-soll-verschoben-werden","name":"MacBook Pro 2021: Mass production to be postponed","isPartOf":{"@id":"https:\/\/www.apfelpatient.de\/#website"},"primaryImageOfPage":{"@id":"https:\/\/www.apfelpatient.de\/rumors\/macbook-pro-2021-massenproduktion-soll-verschoben-werden#primaryimage"},"image":{"@id":"https:\/\/www.apfelpatient.de\/rumors\/macbook-pro-2021-massenproduktion-soll-verschoben-werden#primaryimage"},"thumbnailUrl":"https:\/\/www.apfelpatient.de\/wp-content\/uploads\/2021\/03\/bigstock-Tambov-Russian-Federation-J-392672816.jpg","datePublished":"2021-03-10T12:31:17+00:00","dateModified":"2021-03-10T12:31:18+00:00","description":"MacBook Pro 2021: We have already read several rumors that Apple is working on a MacBook Pro with a brand new design.","breadcrumb":{"@id":"https:\/\/www.apfelpatient.de\/rumors\/macbook-pro-2021-massenproduktion-soll-verschoben-werden#breadcrumb"},"inLanguage":"en-US","potentialAction":[{"@type":"ReadAction","target":["https:\/\/www.apfelpatient.de\/rumors\/macbook-pro-2021-massenproduktion-soll-verschoben-werden"]}]},{"@type":"ImageObject","inLanguage":"en-US","@id":"https:\/\/www.apfelpatient.de\/rumors\/macbook-pro-2021-massenproduktion-soll-verschoben-werden#primaryimage","url":"https:\/\/www.apfelpatient.de\/wp-content\/uploads\/2021\/03\/bigstock-Tambov-Russian-Federation-J-392672816.jpg","contentUrl":"https:\/\/www.apfelpatient.de\/wp-content\/uploads\/2021\/03\/bigstock-Tambov-Russian-Federation-J-392672816.jpg","width":1600,"height":1067,"caption":"Tambov, Russian Federation - July 09, 2020 Unboxing new MacBook Pro."},{"@type":"BreadcrumbList","@id":"https:\/\/www.apfelpatient.de\/rumors\/macbook-pro-2021-massenproduktion-soll-verschoben-werden#breadcrumb","itemListElement":[{"@type":"ListItem","position":1,"name":"Startseite","item":"https:\/\/www.apfelpatient.de\/"},{"@type":"ListItem","position":2,"name":"MacBook Pro 2021: Massenproduktion soll verschoben werden"}]},{"@type":"WebSite","@id":"https:\/\/www.apfelpatient.de\/#website","url":"https:\/\/www.apfelpatient.de\/","name":"apple patient","description":"Everything about Apple!","publisher":{"@type":"Organization","@id":"https:\/\/www.apfelpatient.de\/en\/#organization","name":"Apfelpatient","url":"https:\/\/www.apfelpatient.de\/en\/"},"alternateName":"Apfelpatient","potentialAction":[{"@type":"SearchAction","target":{"@type":"EntryPoint","urlTemplate":"https:\/\/www.apfelpatient.de\/?s={search_term_string}"},"query-input":{"@type":"PropertyValueSpecification","valueRequired":true,"valueName":"search_term_string"}}],"inLanguage":"en-US"},{"@type":["Person","Organization"],"@id":"https:\/\/www.apfelpatient.de\/#\/schema\/person\/35b3ddba5832f2bfc7fff5206d4f6b7b","name":"Milan","logo":{"@id":"https:\/\/www.apfelpatient.de\/#\/schema\/person\/image\/"},"description":"Hello and welcome to my technology blog! As a big Apple fan, I report on everything to do with Apple: from the latest news and exciting rumors to helpful tips and tricks and detailed product tests. If you are as enthusiastic about technology as I am, you have come to the right place!","sameAs":["https:\/\/www.facebook.com\/apfelpatientOfficial","https:\/\/www.linkedin.com\/in\/milan-jovicic-42aa0231b"],"url":"https:\/\/www.apfelpatient.de\/en\/author\/apfeladmin"}]}},"_links":{"self":[{"href":"https:\/\/www.apfelpatient.de\/en\/wp-json\/wp\/v2\/posts\/20232","targetHints":{"allow":["GET"]}}],"collection":[{"href":"https:\/\/www.apfelpatient.de\/en\/wp-json\/wp\/v2\/posts"}],"about":[{"href":"https:\/\/www.apfelpatient.de\/en\/wp-json\/wp\/v2\/types\/post"}],"author":[{"embeddable":true,"href":"https:\/\/www.apfelpatient.de\/en\/wp-json\/wp\/v2\/users\/2"}],"replies":[{"embeddable":true,"href":"https:\/\/www.apfelpatient.de\/en\/wp-json\/wp\/v2\/comments?post=20232"}],"version-history":[{"count":0,"href":"https:\/\/www.apfelpatient.de\/en\/wp-json\/wp\/v2\/posts\/20232\/revisions"}],"wp:featuredmedia":[{"embeddable":true,"href":"https:\/\/www.apfelpatient.de\/en\/wp-json\/wp\/v2\/media\/20233"}],"wp:attachment":[{"href":"https:\/\/www.apfelpatient.de\/en\/wp-json\/wp\/v2\/media?parent=20232"}],"wp:term":[{"taxonomy":"category","embeddable":true,"href":"https:\/\/www.apfelpatient.de\/en\/wp-json\/wp\/v2\/categories?post=20232"},{"taxonomy":"post_tag","embeddable":true,"href":"https:\/\/www.apfelpatient.de\/en\/wp-json\/wp\/v2\/tags?post=20232"}],"curies":[{"name":"wp","href":"https:\/\/api.w.org\/{rel}","templated":true}]}}